{"id":163874,"date":"2024-04-30T20:20:28","date_gmt":"2024-05-01T00:20:28","guid":{"rendered":"https:\/\/news.canadamotorjobs.com\/?p=163874"},"modified":"2024-04-30T20:28:55","modified_gmt":"2024-05-01T00:28:55","slug":"la-citroen-traction-a-90-ans","status":"publish","type":"post","link":"https:\/\/news.canadamotorjobs.com\/fr\/la-citroen-traction-a-90-ans\/","title":{"rendered":"La Citro\u00ebn Traction a 90 ans"},"content":{"rendered":"<\/p>\n<p>La <a href=\"https:\/\/annuelauto.ca\/double-anniversaire-pour-la-citroen-2-cv-75-ans-en-france-et-70-ans-au-canada\/\" target=\"_blank\" rel=\"noopener noreferrer\">Citro\u00ebn<\/a> Traction\u00a0avant a 90\u00a0ans. Cette ic\u00f4ne de l\u2019histoire de l\u2019automobile a r\u00e9volutionn\u00e9 l\u2019industrie fran\u00e7aise sans \u00eatre r\u00e9volutionnaire. Apr\u00e8s tout, elle n\u2019a pas \u00e9t\u00e9 la premi\u00e8re voiture de s\u00e9rie \u00e0 avoir des roues avant motrices, ni un ch\u00e2ssis monocoque, ni des freins hydrauliques, ni m\u00eame une suspension ind\u00e9pendante aux quatre roues. En revanche, elle a \u00e9t\u00e9 la premi\u00e8re \u00e0 r\u00e9unir ces technologies dans un produit de grande diffusion, avec succ\u00e8s de surcro\u00eet.<\/p>\n<p>Elle a fait ses d\u00e9buts en grande pompe le 18 avril 1934 lorsqu\u2019<a href=\"https:\/\/annuelauto.ca\/5-fevrier-1878-naissance-dandre-citroen\/\" target=\"_blank\" rel=\"noopener noreferrer\">Andr\u00e9 Citro\u00ebn<\/a>, fondateur de la marque aux deux chevrons, la d\u00e9voile dans le magasin-phare de la marque sur la place de l\u2019Europe, \u00e0 Paris. Inspir\u00e9e des voitures profil\u00e9es de son \u00e9poque, sa silhouette a\u00e9rodynamique caract\u00e9ristique dessin\u00e9e par Flaminio Bertoni en a fait un mod\u00e8le embl\u00e9matique de Citro\u00ebn; un mod\u00e8le qui a travers\u00e9 les \u00e9poques.<\/p>\n<p>Lors de son lancement, on l\u2019appelle simplement <a href=\"https:\/\/annuelauto.ca\/citroen-spacetourer-type-holidays-le-choix-des-campeurs-passionnes-par-le-celebre-type-h\/\" target=\"_blank\" rel=\"noopener noreferrer\">Citro\u00ebn<\/a> \u00ab\u00a07\u00a0\u00bb, en r\u00e9f\u00e9rence \u00e0 la puissance fiscale (7\u00a0ch) de son 4-cylindres d\u2019entr\u00e9e de gamme. \u00c0 ses d\u00e9buts, cette voiture est d\u00e9clin\u00e9e en trois versions (7A, 7B et 7\u00a0Sport) avec un choix de carrosseries et diverses motorisations\u00a0: la premi\u00e8re ann\u00e9e, des 4-cylindres de 1,3, 1,5 et 1,9\u00a0L qui d\u00e9veloppent respectivement 32, 35 et 46\u00a0ch. Ces cotes \u00e9volueront naturellement au fil des ans. Les moteurs aussi, d\u2019autant plus qu\u2019il y aura aussi des Traction 11 anim\u00e9es par des 4-cylindres plus puissants, les 15, qui vont b\u00e9n\u00e9ficier d\u2019un 6-cylindres plus costaud, sans oublier la mythique 22 de 1934 dot\u00e9e d\u2019un V8, qui ne d\u00e9passera cependant pas le stade de prototype.<\/p>\n<p>Malgr\u00e9 les probl\u00e8mes de mise au point du d\u00e9but, qui seront corrig\u00e9s relativement vite, les Fran\u00e7ais adopteront la Traction \u00e0 cause de son comportement routier confortable, ce qui lui vaudra le surnom de \u00ab\u00a0Reine de la route\u00a0\u00bb. Plusieurs \u00e9volutions technologiques qu\u2019on lui fera subir lui en donneront un autre\u00a0: la \u00ab\u00a0voiture aux 100 brevets\u00a0\u00bb.<\/p>\n<p>Au cours des trois d\u00e9cennies de son existence, elle sera fabriqu\u00e9e principalement \u00e0 l\u2019usine Citro\u00ebn de Javel \u00e0 Paris, berceau de la marque, mais aussi \u00e0 Slough en Angleterre, \u00e0 Forest en Belgique et \u00e0 Cologne en Allemagne. Pas moins de 759\u00a0123 exemplaires de la Traction seront fabriqu\u00e9s avant son retrait de la production, en juillet 1957.<\/p>\n<p>Une ironie du sort emp\u00eachera toutefois Andr\u00e9 Citro\u00ebn d\u2019\u00eatre t\u00e9moin de son succ\u00e8s. D\u2019abord, l\u2019ann\u00e9e de son lancement, son entreprise est accul\u00e9e \u00e0 la faillite. Reprise par Michelin, son principal cr\u00e9ancier, Citro\u00ebn est forc\u00e9 de d\u00e9missionner. Puis, le 3\u00a0juillet\u00a01935, \u00e0 57\u00a0ans, ce g\u00e9nie du marketing est emport\u00e9 par un cancer.<\/p>\n<p><\/p>\n<div class='avia-iframe-wrap'><iframe loading=\"lazy\" title=\"T\u00e9moignage du Qu\u00e9bec pour les 90 ans de la Traction avant\" width=\"1333\" height=\"1000\" src=\"https:\/\/www.youtube.com\/embed\/4XelIbS9Jqc?feature=oembed\" frameborder=\"0\" allow=\"accelerometer; autoplay; clipboard-write; encrypted-media; gyroscope; picture-in-picture; web-share\" referrerpolicy=\"strict-origin-when-cross-origin\" allowfullscreen><\/iframe><\/div>\n<p>\nEn perdurant, la Traction va naturellement marquer les esprits de plusieurs g\u00e9n\u00e9rations en devenant une vedette du septi\u00e8me art. Dans le cin\u00e9ma fran\u00e7ais, elle a sert \u00e0 toutes les sauces : aux membres de la R\u00e9sistance sous l&#8217;Occupation autant qu\u2019\u00e0 officiers de la Gestapo, sans oublier les policiers et les gangsters de l\u2019Apr\u00e8s-guerre. Sa notori\u00e9t\u00e9 lui fera aussi franchir les fronti\u00e8res. Pour preuve, Steven Spielberg lui accordera un r\u00f4le dans <em>Indiana Jones et la derni\u00e8re croisade<\/em>, en 1989, o\u00f9 l\u2019on voit un \u00e9l\u00e9gant cabriolet Traction 11 L\u00e9g\u00e8re servant \u00e0 Harrisson Ford et Sean Connery dans une poursuite les opposant \u00e0 deux avions de la Luftwaffe !<\/p>\n<p>Les d\u00e9cennies passent, la passion demeure et ce 90e anniversaire devient le pr\u00e9texte de nombreuses c\u00e9l\u00e9brations, en France notamment. Ainsi, les 6 et 7 avril derniers, le Club des Tractions avant de Bretagne organisait une exposition dans le cadre du Salon R\u00e9tro passion de Rennes. Si vous avez rat\u00e9 cet \u00e9v\u00e9nement, vous avez un rendez-vous du 9 au 11 mai prochains. Dans le cadre de l&#8217;\u00e9v\u00e9nement \u00ab <em><a href=\"https:\/\/90ansdelatraction.com\/\" target=\"_blank\" rel=\"noopener noreferrer\">90 ans de la Traction<\/a><\/em> \u00bb, le club <a href=\"http:\/\/www.la-traction-universelle.org\/\" target=\"_blank\" rel=\"noopener noreferrer\">La Traction universelle<\/a> entend r\u00e9unir plus de 1 000 au circuit de Charade situ\u00e9 pr\u00e8s de Clermont-Ferrand, dans le Puy-de-D\u00f4me. Cet \u00e9v\u00e9nement qui se veut grandiose, quatre Qu\u00e9b\u00e9cois propri\u00e9taires de Traction de longue date \u2014 Jean-Claude Taquet, Martin Manville, Kosta Soufoulis et Richard Boudrias \u2014 ont voulu l\u2019annoncer dans la vid\u00e9o sympathique ci-haut qui est diffus\u00e9e sur YouTube ! \u00c7a donne le go\u00fbt d\u2019y \u00eatre, n\u2019est-ce pas ?<\/p>\n<p><em>Photos : Citro\u00ebn<\/em><\/p>\n<p>Le texte <a rel=\"nofollow\" href=\"https:\/\/annuelauto.ca\/la-citroen-traction-a-90-ans\/\">La Citro\u00ebn Traction a 90 ans<\/a> provient de <a rel=\"nofollow\" href=\"https:\/\/annuelauto.ca\">L&#8217;annuel de l&#8217;automobile &#8211; Actualit\u00e9 automobile<\/a><\/p>\n<p><\/p>\n","protected":false},"excerpt":{"rendered":"<p>La Citro\u00ebn Traction\u00a0avant a 90\u00a0ans. Cette ic\u00f4ne de l\u2019histoire de l\u2019automobile a r\u00e9volutionn\u00e9 l\u2019industrie fran\u00e7aise sans \u00eatre r\u00e9volutionnaire. Apr\u00e8s tout, elle n\u2019a pas \u00e9t\u00e9 la premi\u00e8re voiture de s\u00e9rie \u00e0 avoir des roues avant motrices, ni un ch\u00e2ssis monocoque, ni des freins hydrauliques, ni m\u00eame une suspension ind\u00e9pendante aux quatre roues. En revanche, elle a [&hellip;]<\/p>\n","protected":false},"author":8,"featured_media":163876,"comment_status":"close","ping_status":"closed","sticky":false,"template":"","format":"standard","meta":{"_monsterinsights_skip_tracking":false,"_monsterinsights_sitenote_active":false,"_monsterinsights_sitenote_note":"","_monsterinsights_sitenote_category":0,"footnotes":""},"categories":[101],"tags":[],"yoast_head":"<!-- This site is optimized with the Yoast SEO plugin v23.2 - https:\/\/yoast.com\/wordpress\/plugins\/seo\/ -->\n<title>La Citro\u00ebn Traction a 90 ans - CanadaMotorJobs.com<\/title>\n<meta name=\"description\" content=\"La Citro\u00ebn Traction a 90 ans - Benoit Charette - Annuel automobile - CanadaMotorJobs.com.\" \/>\n<meta name=\"robots\" content=\"index, follow, max-snippet:-1, max-image-preview:large, max-video-preview:-1\" \/>\n<meta property=\"og:locale\" content=\"fr_CA\" \/>\n<meta property=\"og:type\" content=\"article\" \/>\n<meta property=\"og:title\" content=\"La Citro\u00ebn Traction a 90 ans - CanadaMotorJobs.com\" \/>\n<meta property=\"og:description\" content=\"La Citro\u00ebn Traction a 90 ans - Benoit Charette - Annuel automobile - CanadaMotorJobs.com.\" \/>\n<meta property=\"og:url\" content=\"https:\/\/news.canadamotorjobs.com\/fr\/la-citroen-traction-a-90-ans\/\" \/>\n<meta property=\"og:site_name\" content=\"CanadaMotorJobs.com\" \/>\n<meta property=\"article:publisher\" content=\"https:\/\/www.facebook.com\/canadamotorjobs\/\" \/>\n<meta property=\"article:published_time\" content=\"2024-05-01T00:20:28+00:00\" \/>\n<meta property=\"article:modified_time\" content=\"2024-05-01T00:28:55+00:00\" \/>\n<meta property=\"og:image\" content=\"https:\/\/news.canadamotorjobs.com\/wp-content\/uploads\/2024\/04\/Citroen-Traction-90e-anniversaire_1.jpg\" \/>\n\t<meta property=\"og:image:width\" content=\"1024\" \/>\n\t<meta property=\"og:image:height\" content=\"683\" \/>\n\t<meta property=\"og:image:type\" content=\"image\/jpeg\" \/>\n<meta name=\"author\" content=\"Benoit Charette\" \/>\n<meta name=\"twitter:card\" content=\"summary_large_image\" \/>\n<meta name=\"twitter:creator\" content=\"@canadamotorjobs\" \/>\n<meta name=\"twitter:site\" content=\"@canadamotorjobs\" \/>\n<meta name=\"twitter:label1\" content=\"\u00c9crit par\" \/>\n\t<meta name=\"twitter:data1\" content=\"Benoit Charette\" \/>\n\t<meta name=\"twitter:label2\" content=\"Estimation du temps de lecture\" \/>\n\t<meta name=\"twitter:data2\" content=\"4 minutes\" \/>\n<!-- \/ Yoast SEO plugin. -->","yoast_head_json":{"title":"La Citro\u00ebn Traction a 90 ans - CanadaMotorJobs.com","description":"La Citro\u00ebn Traction a 90 ans - Benoit Charette - Annuel automobile - CanadaMotorJobs.com.","robots":{"index":"index","follow":"follow","max-snippet":"max-snippet:-1","max-image-preview":"max-image-preview:large","max-video-preview":"max-video-preview:-1"},"og_locale":"fr_CA","og_type":"article","og_title":"La Citro\u00ebn Traction a 90 ans - CanadaMotorJobs.com","og_description":"La Citro\u00ebn Traction a 90 ans - Benoit Charette - Annuel automobile - CanadaMotorJobs.com.","og_url":"https:\/\/news.canadamotorjobs.com\/fr\/la-citroen-traction-a-90-ans\/","og_site_name":"CanadaMotorJobs.com","article_publisher":"https:\/\/www.facebook.com\/canadamotorjobs\/","article_published_time":"2024-05-01T00:20:28+00:00","article_modified_time":"2024-05-01T00:28:55+00:00","og_image":[{"width":1024,"height":683,"url":"https:\/\/news.canadamotorjobs.com\/wp-content\/uploads\/2024\/04\/Citroen-Traction-90e-anniversaire_1.jpg","type":"image\/jpeg"}],"author":"Benoit Charette","twitter_card":"summary_large_image","twitter_creator":"@canadamotorjobs","twitter_site":"@canadamotorjobs","twitter_misc":{"\u00c9crit par":"Benoit Charette","Estimation du temps de lecture":"4 minutes"},"schema":{"@context":"https:\/\/schema.org","@graph":[{"@type":"Article","@id":"https:\/\/news.canadamotorjobs.com\/fr\/la-citroen-traction-a-90-ans\/#article","isPartOf":{"@id":"https:\/\/news.canadamotorjobs.com\/fr\/la-citroen-traction-a-90-ans\/"},"author":{"name":"Benoit Charette","@id":"https:\/\/news.canadamotorjobs.com\/#\/schema\/person\/51793d1f87d44011d7bcc2ed99269a90"},"headline":"La Citro\u00ebn Traction a 90 ans","datePublished":"2024-05-01T00:20:28+00:00","dateModified":"2024-05-01T00:28:55+00:00","mainEntityOfPage":{"@id":"https:\/\/news.canadamotorjobs.com\/fr\/la-citroen-traction-a-90-ans\/"},"wordCount":773,"publisher":{"@id":"https:\/\/news.canadamotorjobs.com\/#organization"},"image":{"@id":"https:\/\/news.canadamotorjobs.com\/fr\/la-citroen-traction-a-90-ans\/#primaryimage"},"thumbnailUrl":"https:\/\/news.canadamotorjobs.com\/wp-content\/uploads\/2024\/04\/Citroen-Traction-90e-anniversaire_1.jpg","articleSection":["Annuel automobile"],"inLanguage":"fr-CA"},{"@type":"WebPage","@id":"https:\/\/news.canadamotorjobs.com\/fr\/la-citroen-traction-a-90-ans\/","url":"https:\/\/news.canadamotorjobs.com\/fr\/la-citroen-traction-a-90-ans\/","name":"La Citro\u00ebn Traction a 90 ans - CanadaMotorJobs.com","isPartOf":{"@id":"https:\/\/news.canadamotorjobs.com\/#website"},"primaryImageOfPage":{"@id":"https:\/\/news.canadamotorjobs.com\/fr\/la-citroen-traction-a-90-ans\/#primaryimage"},"image":{"@id":"https:\/\/news.canadamotorjobs.com\/fr\/la-citroen-traction-a-90-ans\/#primaryimage"},"thumbnailUrl":"https:\/\/news.canadamotorjobs.com\/wp-content\/uploads\/2024\/04\/Citroen-Traction-90e-anniversaire_1.jpg","datePublished":"2024-05-01T00:20:28+00:00","dateModified":"2024-05-01T00:28:55+00:00","description":"La Citro\u00ebn Traction a 90 ans - Benoit Charette - Annuel automobile - CanadaMotorJobs.com.","breadcrumb":{"@id":"https:\/\/news.canadamotorjobs.com\/fr\/la-citroen-traction-a-90-ans\/#breadcrumb"},"inLanguage":"fr-CA","potentialAction":[{"@type":"ReadAction","target":["https:\/\/news.canadamotorjobs.com\/fr\/la-citroen-traction-a-90-ans\/"]}]},{"@type":"ImageObject","inLanguage":"fr-CA","@id":"https:\/\/news.canadamotorjobs.com\/fr\/la-citroen-traction-a-90-ans\/#primaryimage","url":"https:\/\/news.canadamotorjobs.com\/wp-content\/uploads\/2024\/04\/Citroen-Traction-90e-anniversaire_1.jpg","contentUrl":"https:\/\/news.canadamotorjobs.com\/wp-content\/uploads\/2024\/04\/Citroen-Traction-90e-anniversaire_1.jpg","width":1024,"height":683},{"@type":"BreadcrumbList","@id":"https:\/\/news.canadamotorjobs.com\/fr\/la-citroen-traction-a-90-ans\/#breadcrumb","itemListElement":[{"@type":"ListItem","position":1,"name":"Home","item":"https:\/\/news.canadamotorjobs.com\/fr\/blog\/"},{"@type":"ListItem","position":2,"name":"La Citro\u00ebn Traction a 90 ans"}]},{"@type":"WebSite","@id":"https:\/\/news.canadamotorjobs.com\/#website","url":"https:\/\/news.canadamotorjobs.com\/","name":"CanadaMotorJobs.com","description":"Automotive Jobs","publisher":{"@id":"https:\/\/news.canadamotorjobs.com\/#organization"},"potentialAction":[{"@type":"SearchAction","target":{"@type":"EntryPoint","urlTemplate":"https:\/\/news.canadamotorjobs.com\/?s={search_term_string}"},"query-input":"required name=search_term_string"}],"inLanguage":"fr-CA"},{"@type":"Organization","@id":"https:\/\/news.canadamotorjobs.com\/#organization","name":"Canada Motor Jobs","url":"https:\/\/news.canadamotorjobs.com\/","logo":{"@type":"ImageObject","inLanguage":"fr-CA","@id":"https:\/\/news.canadamotorjobs.com\/#\/schema\/logo\/image\/","url":"https:\/\/news.canadamotorjobs.com\/wp-content\/uploads\/2022\/10\/logo-canada-motor-jobs-1.png","contentUrl":"https:\/\/news.canadamotorjobs.com\/wp-content\/uploads\/2022\/10\/logo-canada-motor-jobs-1.png","width":800,"height":400,"caption":"Canada Motor Jobs"},"image":{"@id":"https:\/\/news.canadamotorjobs.com\/#\/schema\/logo\/image\/"},"sameAs":["https:\/\/www.facebook.com\/canadamotorjobs\/","https:\/\/x.com\/canadamotorjobs","https:\/\/www.instagram.com\/canadamotorjobs\/","https:\/\/www.linkedin.com\/company\/canadamotorjobs"]},{"@type":"Person","@id":"https:\/\/news.canadamotorjobs.com\/#\/schema\/person\/51793d1f87d44011d7bcc2ed99269a90","name":"Benoit Charette","image":{"@type":"ImageObject","inLanguage":"fr-CA","@id":"https:\/\/news.canadamotorjobs.com\/#\/schema\/person\/image\/","url":"https:\/\/secure.gravatar.com\/avatar\/45f3d2eebcccd909668d7ce7ea7267b6?s=96&d=mm&r=g","contentUrl":"https:\/\/secure.gravatar.com\/avatar\/45f3d2eebcccd909668d7ce7ea7267b6?s=96&d=mm&r=g","caption":"Benoit Charette"},"description":"Benoit Charette \/ Propri\u00e9taire et r\u00e9dacteur en chef Benoit Charette pratique le journalisme automobile depuis bient\u00f4t 30 ans. Il a fait ses classes au c\u00f4t\u00e9 de Daniel H\u00e9raud et au Carnet de route de 1992 \u00e0 2001. Il est fondateur, copropri\u00e9taire et r\u00e9dacteur en chef de L\u2019Annuel de l\u2019automobile, qu\u2019il publie depuis 2001. Il a anim\u00e9 les \u00e9missions RPM et RPM+ sur V et les L\u00e9gendes de la route sur Historia. \u00c0 la radio depuis 1986, il reprend l\u2019antenne cette ann\u00e9e sur les ondes de Cogeco et participe pour la deuxi\u00e8me ann\u00e9e \u00e0 l\u2019\u00e9mission Passion Auto sur RDS en plus de mettre en ligne le site Web officiel de L\u2019Annuel de l\u2019automobile sur annuelauto.ca.","sameAs":["https:\/\/annuelauto.ca\/"],"url":"https:\/\/news.canadamotorjobs.com\/fr\/author\/benoit-charette\/"}]}},"_links":{"self":[{"href":"https:\/\/news.canadamotorjobs.com\/fr\/wp-json\/wp\/v2\/posts\/163874"}],"collection":[{"href":"https:\/\/news.canadamotorjobs.com\/fr\/wp-json\/wp\/v2\/posts"}],"about":[{"href":"https:\/\/news.canadamotorjobs.com\/fr\/wp-json\/wp\/v2\/types\/post"}],"author":[{"embeddable":true,"href":"https:\/\/news.canadamotorjobs.com\/fr\/wp-json\/wp\/v2\/users\/8"}],"replies":[{"embeddable":true,"href":"https:\/\/news.canadamotorjobs.com\/fr\/wp-json\/wp\/v2\/comments?post=163874"}],"version-history":[{"count":2,"href":"https:\/\/news.canadamotorjobs.com\/fr\/wp-json\/wp\/v2\/posts\/163874\/revisions"}],"predecessor-version":[{"id":163878,"href":"https:\/\/news.canadamotorjobs.com\/fr\/wp-json\/wp\/v2\/posts\/163874\/revisions\/163878"}],"wp:featuredmedia":[{"embeddable":true,"href":"https:\/\/news.canadamotorjobs.com\/fr\/wp-json\/wp\/v2\/media\/163876"}],"wp:attachment":[{"href":"https:\/\/news.canadamotorjobs.com\/fr\/wp-json\/wp\/v2\/media?parent=163874"}],"wp:term":[{"taxonomy":"category","embeddable":true,"href":"https:\/\/news.canadamotorjobs.com\/fr\/wp-json\/wp\/v2\/categories?post=163874"},{"taxonomy":"post_tag","embeddable":true,"href":"https:\/\/news.canadamotorjobs.com\/fr\/wp-json\/wp\/v2\/tags?post=163874"}],"curies":[{"name":"wp","href":"https:\/\/api.w.org\/{rel}","templated":true}]}}