{"id":163759,"date":"2024-04-29T15:50:59","date_gmt":"2024-04-29T19:50:59","guid":{"rendered":"https:\/\/news.canadamotorjobs.com\/?p=163759"},"modified":"2024-04-29T16:01:26","modified_gmt":"2024-04-29T20:01:26","slug":"volkswagen-id-code-01-avatar-au-volant","status":"publish","type":"post","link":"https:\/\/news.canadamotorjobs.com\/fr\/volkswagen-id-code-01-avatar-au-volant\/","title":{"rendered":"Volkswagen ID Code 01: avatar au volant"},"content":{"rendered":"<\/p>\n<p style=\"font-weight: 400\">Volkswagen est une <a href=\"https:\/\/annuelauto.ca\/mazda-presente-la-ez-6-electrique-en-chine\/\">autre marque bien aim\u00e9e<\/a> chez nous qui tente pr\u00e9sentement la grande s\u00e9duction en Chine. Et \u00e7a passe par un concept de VUS tout \u00e9lectrique appel\u00e9 ID Code 01 qui tranche visiblement avec la tradition de design du groupe allemand. Et qui, aussi, pr\u00e9figure l\u2019allure des v\u00e9hicules Volkswagen \u00e0 venir chez nous \u00e9galement.<\/p>\n<p><\/p>\n<p style=\"font-weight: 400\">Et pourtant, ce n\u2019est pas le design du ID Code 01 qui est le plus spectaculaire\u2026 Mais parlons-en quand m\u00eame, pour fixer le d\u00e9cor. Il s\u2019agit du concept d\u2019un VUS compact \u00e9lectrique, somme toute assez normal, si ce n\u2019est que sa forme tr\u00e8s effil\u00e9e n\u2019a pas grand-chose \u00e0 voir avec les ID 4 et autres ID Buzz\u2026 Disons qu\u2019on est plus proche d\u2019un Porsche Macan que d\u2019un Tiguan, quoi.<\/p>\n<p><\/p>\n<p style=\"font-weight: 400\">Comme le v\u00e9hicule est \u00e9lectrique, sa calandre est pleine. Pas de grille. M\u00eame ses phares sont encastr\u00e9s dans le bouclier avant. En fait, Volkswagen dit avoir utilis\u00e9 par moins de 967 DEL pour cr\u00e9er deux bandes lumineuses qu\u2019il appelle des \u00abyeux 3D\u00bb. Les DEL peuvent s\u2019ajuster pour donner l\u2019impression qu\u2019ils regardent dans une direction ou une autre.<\/p>\n<p><\/p>\n<p style=\"font-weight: 400\">Et la calandre, elle, peut en fait s\u2019illuminer et afficher de l\u2019information. Les pi\u00e9tons ou les autres automobilistes pourraient y voir des \u00e9mojis, des infos sur la m\u00e9t\u00e9o, ou autre chose.<\/p>\n<h3>ID Code 01 en r\u00e9alit\u00e9 augment\u00e9e<\/h3>\n<p><\/p>\n<p style=\"font-weight: 400\">\u00c0 l\u2019int\u00e9rieur, le v\u00e9hicule a un style assez \u00e9clat\u00e9, mais comme c\u2019est un concept, c\u2019est difficile de dire \u00e0 quel point des \u00e9l\u00e9ments comme un volant plat \u00e0 deux poign\u00e9es va r\u00e9ellement influencer le design des v\u00e9hicules mis sur la route par le groupe allemand.<\/p>\n<p><\/p>\n<p style=\"font-weight: 400\">Surtout, le pare-brise du ID Code agit comme une surface pour de la r\u00e9alit\u00e9 augment\u00e9e, rien de moins. VW dit pouvoir afficher un avatar humain, avec lequel le conducteur pourra dialoguer. L\u2019avatar va m\u00eame pouvoir conduire le v\u00e9hicule, puisqu\u2019il est dot\u00e9 d\u2019une conduite autonome de niveau 4.<\/p>\n<p><\/p>\n<p style=\"font-weight: 400\">\u00c7a permettra aux occupants \u00e0 l\u2019avant de retourner leurs si\u00e8ges \u00e0 180 degr\u00e9s, pour piquer un brin de jasette avec les gens sur la banquette. Car, oui, il y a \u00e7a aussi \u00e0 bord du ID Code.<\/p>\n<p>\n<span style=\"font-weight: 400\">Apr\u00e8s \u00e7a, la question, \u00e9videmment, est de savoir si tout \u00e7a finira par \u00eatre mis en march\u00e9\u2026 Disons qu\u2019on a des gros doutes.<\/span><\/p>\n<p>Le texte <a rel=\"nofollow\" href=\"https:\/\/annuelauto.ca\/volkswagen-id-code-01-avatar-au-volant\/\">Volkswagen ID Code 01: avatar au volant<\/a> provient de <a rel=\"nofollow\" href=\"https:\/\/annuelauto.ca\">L&#8217;annuel de l&#8217;automobile &#8211; Actualit\u00e9 automobile<\/a><\/p>\n<p><\/p>\n","protected":false},"excerpt":{"rendered":"<p>Volkswagen est une autre marque bien aim\u00e9e chez nous qui tente pr\u00e9sentement la grande s\u00e9duction en Chine. Et \u00e7a passe par un concept de VUS tout \u00e9lectrique appel\u00e9 ID Code 01 qui tranche visiblement avec la tradition de design du groupe allemand. Et qui, aussi, pr\u00e9figure l\u2019allure des v\u00e9hicules Volkswagen \u00e0 venir chez nous \u00e9galement. [&hellip;]<\/p>\n","protected":false},"author":8,"featured_media":163761,"comment_status":"close","ping_status":"closed","sticky":false,"template":"","format":"standard","meta":{"_monsterinsights_skip_tracking":false,"_monsterinsights_sitenote_active":false,"_monsterinsights_sitenote_note":"","_monsterinsights_sitenote_category":0,"footnotes":""},"categories":[101],"tags":[],"yoast_head":"<!-- This site is optimized with the Yoast SEO plugin v23.2 - https:\/\/yoast.com\/wordpress\/plugins\/seo\/ -->\n<title>Volkswagen ID Code 01: avatar au volant - CanadaMotorJobs.com<\/title>\n<meta name=\"description\" content=\"Volkswagen ID Code 01: avatar au volant - Benoit Charette - Annuel automobile - CanadaMotorJobs.com.\" \/>\n<meta name=\"robots\" content=\"index, follow, max-snippet:-1, max-image-preview:large, max-video-preview:-1\" \/>\n<meta property=\"og:locale\" content=\"fr_CA\" \/>\n<meta property=\"og:type\" content=\"article\" \/>\n<meta property=\"og:title\" content=\"Volkswagen ID Code 01: avatar au volant - CanadaMotorJobs.com\" \/>\n<meta property=\"og:description\" content=\"Volkswagen ID Code 01: avatar au volant - Benoit Charette - Annuel automobile - CanadaMotorJobs.com.\" \/>\n<meta property=\"og:url\" content=\"https:\/\/news.canadamotorjobs.com\/fr\/volkswagen-id-code-01-avatar-au-volant\/\" \/>\n<meta property=\"og:site_name\" content=\"CanadaMotorJobs.com\" \/>\n<meta property=\"article:publisher\" content=\"https:\/\/www.facebook.com\/canadamotorjobs\/\" \/>\n<meta property=\"article:published_time\" content=\"2024-04-29T19:50:59+00:00\" \/>\n<meta property=\"article:modified_time\" content=\"2024-04-29T20:01:26+00:00\" \/>\n<meta property=\"og:image\" content=\"https:\/\/news.canadamotorjobs.com\/wp-content\/uploads\/2024\/04\/DB2024AU00662_small.jpg\" \/>\n\t<meta property=\"og:image:width\" content=\"1024\" \/>\n\t<meta property=\"og:image:height\" content=\"683\" \/>\n\t<meta property=\"og:image:type\" content=\"image\/jpeg\" \/>\n<meta name=\"author\" content=\"Benoit Charette\" \/>\n<meta name=\"twitter:card\" content=\"summary_large_image\" \/>\n<meta name=\"twitter:creator\" content=\"@canadamotorjobs\" \/>\n<meta name=\"twitter:site\" content=\"@canadamotorjobs\" \/>\n<meta name=\"twitter:label1\" content=\"\u00c9crit par\" \/>\n\t<meta name=\"twitter:data1\" content=\"Benoit Charette\" \/>\n\t<meta name=\"twitter:label2\" content=\"Estimation du temps de lecture\" \/>\n\t<meta name=\"twitter:data2\" content=\"2 minutes\" \/>\n<!-- \/ Yoast SEO plugin. -->","yoast_head_json":{"title":"Volkswagen ID Code 01: avatar au volant - CanadaMotorJobs.com","description":"Volkswagen ID Code 01: avatar au volant - Benoit Charette - Annuel automobile - CanadaMotorJobs.com.","robots":{"index":"index","follow":"follow","max-snippet":"max-snippet:-1","max-image-preview":"max-image-preview:large","max-video-preview":"max-video-preview:-1"},"og_locale":"fr_CA","og_type":"article","og_title":"Volkswagen ID Code 01: avatar au volant - CanadaMotorJobs.com","og_description":"Volkswagen ID Code 01: avatar au volant - Benoit Charette - Annuel automobile - CanadaMotorJobs.com.","og_url":"https:\/\/news.canadamotorjobs.com\/fr\/volkswagen-id-code-01-avatar-au-volant\/","og_site_name":"CanadaMotorJobs.com","article_publisher":"https:\/\/www.facebook.com\/canadamotorjobs\/","article_published_time":"2024-04-29T19:50:59+00:00","article_modified_time":"2024-04-29T20:01:26+00:00","og_image":[{"width":1024,"height":683,"url":"https:\/\/news.canadamotorjobs.com\/wp-content\/uploads\/2024\/04\/DB2024AU00662_small.jpg","type":"image\/jpeg"}],"author":"Benoit Charette","twitter_card":"summary_large_image","twitter_creator":"@canadamotorjobs","twitter_site":"@canadamotorjobs","twitter_misc":{"\u00c9crit par":"Benoit Charette","Estimation du temps de lecture":"2 minutes"},"schema":{"@context":"https:\/\/schema.org","@graph":[{"@type":"Article","@id":"https:\/\/news.canadamotorjobs.com\/fr\/volkswagen-id-code-01-avatar-au-volant\/#article","isPartOf":{"@id":"https:\/\/news.canadamotorjobs.com\/fr\/volkswagen-id-code-01-avatar-au-volant\/"},"author":{"name":"Benoit Charette","@id":"https:\/\/news.canadamotorjobs.com\/#\/schema\/person\/51793d1f87d44011d7bcc2ed99269a90"},"headline":"Volkswagen ID Code 01: avatar au volant","datePublished":"2024-04-29T19:50:59+00:00","dateModified":"2024-04-29T20:01:26+00:00","mainEntityOfPage":{"@id":"https:\/\/news.canadamotorjobs.com\/fr\/volkswagen-id-code-01-avatar-au-volant\/"},"wordCount":433,"publisher":{"@id":"https:\/\/news.canadamotorjobs.com\/#organization"},"image":{"@id":"https:\/\/news.canadamotorjobs.com\/fr\/volkswagen-id-code-01-avatar-au-volant\/#primaryimage"},"thumbnailUrl":"https:\/\/news.canadamotorjobs.com\/wp-content\/uploads\/2024\/04\/DB2024AU00662_small.jpg","articleSection":["Annuel automobile"],"inLanguage":"fr-CA"},{"@type":"WebPage","@id":"https:\/\/news.canadamotorjobs.com\/fr\/volkswagen-id-code-01-avatar-au-volant\/","url":"https:\/\/news.canadamotorjobs.com\/fr\/volkswagen-id-code-01-avatar-au-volant\/","name":"Volkswagen ID Code 01: avatar au volant - CanadaMotorJobs.com","isPartOf":{"@id":"https:\/\/news.canadamotorjobs.com\/#website"},"primaryImageOfPage":{"@id":"https:\/\/news.canadamotorjobs.com\/fr\/volkswagen-id-code-01-avatar-au-volant\/#primaryimage"},"image":{"@id":"https:\/\/news.canadamotorjobs.com\/fr\/volkswagen-id-code-01-avatar-au-volant\/#primaryimage"},"thumbnailUrl":"https:\/\/news.canadamotorjobs.com\/wp-content\/uploads\/2024\/04\/DB2024AU00662_small.jpg","datePublished":"2024-04-29T19:50:59+00:00","dateModified":"2024-04-29T20:01:26+00:00","description":"Volkswagen ID Code 01: avatar au volant - Benoit Charette - Annuel automobile - CanadaMotorJobs.com.","breadcrumb":{"@id":"https:\/\/news.canadamotorjobs.com\/fr\/volkswagen-id-code-01-avatar-au-volant\/#breadcrumb"},"inLanguage":"fr-CA","potentialAction":[{"@type":"ReadAction","target":["https:\/\/news.canadamotorjobs.com\/fr\/volkswagen-id-code-01-avatar-au-volant\/"]}]},{"@type":"ImageObject","inLanguage":"fr-CA","@id":"https:\/\/news.canadamotorjobs.com\/fr\/volkswagen-id-code-01-avatar-au-volant\/#primaryimage","url":"https:\/\/news.canadamotorjobs.com\/wp-content\/uploads\/2024\/04\/DB2024AU00662_small.jpg","contentUrl":"https:\/\/news.canadamotorjobs.com\/wp-content\/uploads\/2024\/04\/DB2024AU00662_small.jpg","width":1024,"height":683},{"@type":"BreadcrumbList","@id":"https:\/\/news.canadamotorjobs.com\/fr\/volkswagen-id-code-01-avatar-au-volant\/#breadcrumb","itemListElement":[{"@type":"ListItem","position":1,"name":"Home","item":"https:\/\/news.canadamotorjobs.com\/fr\/blog\/"},{"@type":"ListItem","position":2,"name":"Volkswagen ID Code 01: avatar au volant"}]},{"@type":"WebSite","@id":"https:\/\/news.canadamotorjobs.com\/#website","url":"https:\/\/news.canadamotorjobs.com\/","name":"CanadaMotorJobs.com","description":"Automotive Jobs","publisher":{"@id":"https:\/\/news.canadamotorjobs.com\/#organization"},"potentialAction":[{"@type":"SearchAction","target":{"@type":"EntryPoint","urlTemplate":"https:\/\/news.canadamotorjobs.com\/?s={search_term_string}"},"query-input":"required name=search_term_string"}],"inLanguage":"fr-CA"},{"@type":"Organization","@id":"https:\/\/news.canadamotorjobs.com\/#organization","name":"Canada Motor Jobs","url":"https:\/\/news.canadamotorjobs.com\/","logo":{"@type":"ImageObject","inLanguage":"fr-CA","@id":"https:\/\/news.canadamotorjobs.com\/#\/schema\/logo\/image\/","url":"https:\/\/news.canadamotorjobs.com\/wp-content\/uploads\/2022\/10\/logo-canada-motor-jobs-1.png","contentUrl":"https:\/\/news.canadamotorjobs.com\/wp-content\/uploads\/2022\/10\/logo-canada-motor-jobs-1.png","width":800,"height":400,"caption":"Canada Motor Jobs"},"image":{"@id":"https:\/\/news.canadamotorjobs.com\/#\/schema\/logo\/image\/"},"sameAs":["https:\/\/www.facebook.com\/canadamotorjobs\/","https:\/\/x.com\/canadamotorjobs","https:\/\/www.instagram.com\/canadamotorjobs\/","https:\/\/www.linkedin.com\/company\/canadamotorjobs"]},{"@type":"Person","@id":"https:\/\/news.canadamotorjobs.com\/#\/schema\/person\/51793d1f87d44011d7bcc2ed99269a90","name":"Benoit Charette","image":{"@type":"ImageObject","inLanguage":"fr-CA","@id":"https:\/\/news.canadamotorjobs.com\/#\/schema\/person\/image\/","url":"https:\/\/secure.gravatar.com\/avatar\/45f3d2eebcccd909668d7ce7ea7267b6?s=96&d=mm&r=g","contentUrl":"https:\/\/secure.gravatar.com\/avatar\/45f3d2eebcccd909668d7ce7ea7267b6?s=96&d=mm&r=g","caption":"Benoit Charette"},"description":"Benoit Charette \/ Propri\u00e9taire et r\u00e9dacteur en chef Benoit Charette pratique le journalisme automobile depuis bient\u00f4t 30 ans. Il a fait ses classes au c\u00f4t\u00e9 de Daniel H\u00e9raud et au Carnet de route de 1992 \u00e0 2001. Il est fondateur, copropri\u00e9taire et r\u00e9dacteur en chef de L\u2019Annuel de l\u2019automobile, qu\u2019il publie depuis 2001. Il a anim\u00e9 les \u00e9missions RPM et RPM+ sur V et les L\u00e9gendes de la route sur Historia. \u00c0 la radio depuis 1986, il reprend l\u2019antenne cette ann\u00e9e sur les ondes de Cogeco et participe pour la deuxi\u00e8me ann\u00e9e \u00e0 l\u2019\u00e9mission Passion Auto sur RDS en plus de mettre en ligne le site Web officiel de L\u2019Annuel de l\u2019automobile sur annuelauto.ca.","sameAs":["https:\/\/annuelauto.ca\/"],"url":"https:\/\/news.canadamotorjobs.com\/fr\/author\/benoit-charette\/"}]}},"_links":{"self":[{"href":"https:\/\/news.canadamotorjobs.com\/fr\/wp-json\/wp\/v2\/posts\/163759"}],"collection":[{"href":"https:\/\/news.canadamotorjobs.com\/fr\/wp-json\/wp\/v2\/posts"}],"about":[{"href":"https:\/\/news.canadamotorjobs.com\/fr\/wp-json\/wp\/v2\/types\/post"}],"author":[{"embeddable":true,"href":"https:\/\/news.canadamotorjobs.com\/fr\/wp-json\/wp\/v2\/users\/8"}],"replies":[{"embeddable":true,"href":"https:\/\/news.canadamotorjobs.com\/fr\/wp-json\/wp\/v2\/comments?post=163759"}],"version-history":[{"count":2,"href":"https:\/\/news.canadamotorjobs.com\/fr\/wp-json\/wp\/v2\/posts\/163759\/revisions"}],"predecessor-version":[{"id":163763,"href":"https:\/\/news.canadamotorjobs.com\/fr\/wp-json\/wp\/v2\/posts\/163759\/revisions\/163763"}],"wp:featuredmedia":[{"embeddable":true,"href":"https:\/\/news.canadamotorjobs.com\/fr\/wp-json\/wp\/v2\/media\/163761"}],"wp:attachment":[{"href":"https:\/\/news.canadamotorjobs.com\/fr\/wp-json\/wp\/v2\/media?parent=163759"}],"wp:term":[{"taxonomy":"category","embeddable":true,"href":"https:\/\/news.canadamotorjobs.com\/fr\/wp-json\/wp\/v2\/categories?post=163759"},{"taxonomy":"post_tag","embeddable":true,"href":"https:\/\/news.canadamotorjobs.com\/fr\/wp-json\/wp\/v2\/tags?post=163759"}],"curies":[{"name":"wp","href":"https:\/\/api.w.org\/{rel}","templated":true}]}}