{"id":163740,"date":"2024-04-29T14:06:34","date_gmt":"2024-04-29T18:06:34","guid":{"rendered":"https:\/\/news.canadamotorjobs.com\/?p=163740"},"modified":"2024-04-29T14:16:38","modified_gmt":"2024-04-29T18:16:38","slug":"stellantis-a-annonce-larret-de-la-production-du-pick-up-ram-1500-classic-pour-le-marche-canadien","status":"publish","type":"post","link":"https:\/\/news.canadamotorjobs.com\/fr\/stellantis-a-annonce-larret-de-la-production-du-pick-up-ram-1500-classic-pour-le-marche-canadien\/","title":{"rendered":"Stellantis a annonc\u00e9 l\u2019arr\u00eat de la production du pick-up Ram 1500 Classic pour le march\u00e9 canadien."},"content":{"rendered":"<\/p>\n<p>Stellantis a indiqu\u00e9 dans un communiqu\u00e9 de presse que les inventaires actuel de camions de l&#8217;ann\u00e9e mod\u00e8le 2023 sera vendu jusqu&#8217;en 2024. \u00a0La production du Ram 1500 Classic se poursuivra aux \u00c9tats-Unis et au Mexique, a pr\u00e9cis\u00e9 Stellantis.<\/p>\n<h3>Le Ram 1500 Classic existe depuis si longtemps qu&#8217;on l&#8217;appelait autrefois Dodge.<\/h3>\n<p>\nAu Canada, Ram continuera \u00e0 proposer le Ram 1500, le Ram Heavy Duty, le Ram Chassis Cab et le Ram ProMaster. Le Ram 1500 Classic existe depuis si longtemps qu&#8217;on l&#8217;appelait autrefois Dodge. Ram est devenu une division distincte en 2010.<\/p>\n<h3>Premier mod\u00e8le en 2008<\/h3>\n<p>\nLe pick-up Classic, lanc\u00e9 en 2008 lors d&#8217;un rassemblement de b\u00e9tail dans les rues du centre-ville de D\u00e9troit, a permis \u00e0 Ram de se s\u00e9parer de Dodge en 2009 et de r\u00e9sister \u00e0 la faillite de sa soci\u00e9t\u00e9 m\u00e8re et \u00e0 la COVID-19.<\/p>\n<h3>De loin le mod\u00e8le le plus vendu<\/h3>\n<p>\nNous sommes actuelle \u00e0 la 4<sup>e<\/sup> g\u00e9n\u00e9ration du Classic 1500 connu \u00e0 l\u2019interne sous le nom de code DS. C\u2019est aussi le mod\u00e8le le plus abordable et pr\u00e8s de 80 % des mod\u00e8les vendus au Canada sont des Classic. Il est si populaire qu\u2019\u00e0 l\u2019arriv\u00e9e du nouveau Ram DT en 2019, Ram a laiss\u00e9 le DS sur la route.<\/p>\n<h3>Une forte diff\u00e9rence de prix<\/h3>\n<p>\nLe Ram 1500 Classic 2023 commence \u00e0 47 440 $, tandis que le Ram 1500 2024 commence \u00e0 54 115 $. Les prix incluent les frais de livraison. La longue carri\u00e8re du Classic est probablement sur le point de s&#8217;achever aux \u00c9tats-Unis \u00e9galement. Dans le contrat qu&#8217;elle a sign\u00e9 avec l&#8217;United Auto Workers \u00e0 l&#8217;automne 2023, Stellantis a accept\u00e9 de continuer \u00e0 construire le Classic \u00e0 Warren, dans le Michigan, seulement jusqu&#8217;en 2024. Les responsables de Ram ne veulent pas dire si le camion a un avenir au-del\u00e0 de cette date.<\/p>\n<p>\u00a0<\/p>\n<p>Avec des renseignements d\u2019Automotive News Canada<\/p>\n<p>Le texte <a rel=\"nofollow\" href=\"https:\/\/annuelauto.ca\/stellantis-a-annonce-larret-de-la-production-du-pick-up-ram-1500-classic-pour-le-marche-canadien\/\">Stellantis a annonc\u00e9 l\u2019arr\u00eat de la production du pick-up Ram 1500 Classic pour le march\u00e9 canadien.<\/a> provient de <a rel=\"nofollow\" href=\"https:\/\/annuelauto.ca\">L&#8217;annuel de l&#8217;automobile &#8211; Actualit\u00e9 automobile<\/a><\/p>\n<p><\/p>\n","protected":false},"excerpt":{"rendered":"<p>Stellantis a indiqu\u00e9 dans un communiqu\u00e9 de presse que les inventaires actuel de camions de l&#8217;ann\u00e9e mod\u00e8le 2023 sera vendu jusqu&#8217;en 2024. \u00a0La production du Ram 1500 Classic se poursuivra aux \u00c9tats-Unis et au Mexique, a pr\u00e9cis\u00e9 Stellantis. Le Ram 1500 Classic existe depuis si longtemps qu&#8217;on l&#8217;appelait autrefois Dodge. Au Canada, Ram continuera \u00e0 [&hellip;]<\/p>\n","protected":false},"author":8,"featured_media":163742,"comment_status":"close","ping_status":"closed","sticky":false,"template":"","format":"standard","meta":{"_monsterinsights_skip_tracking":false,"_monsterinsights_sitenote_active":false,"_monsterinsights_sitenote_note":"","_monsterinsights_sitenote_category":0,"footnotes":""},"categories":[101],"tags":[],"yoast_head":"<!-- This site is optimized with the Yoast SEO plugin v23.2 - https:\/\/yoast.com\/wordpress\/plugins\/seo\/ -->\n<title>Stellantis a annonc\u00e9 l\u2019arr\u00eat de la production du pick-up Ram 1500 Classic pour le march\u00e9 canadien. - CanadaMotorJobs.com<\/title>\n<meta name=\"description\" content=\"Stellantis a annonc\u00e9 l\u2019arr\u00eat de la production du pick-up Ram 1500 Classic pour le march\u00e9 canadien. - Benoit Charette - Annuel automobile - CanadaMotorJobs.com.\" \/>\n<meta name=\"robots\" content=\"index, follow, max-snippet:-1, max-image-preview:large, max-video-preview:-1\" \/>\n<meta property=\"og:locale\" content=\"fr_CA\" \/>\n<meta property=\"og:type\" content=\"article\" \/>\n<meta property=\"og:title\" content=\"Stellantis a annonc\u00e9 l\u2019arr\u00eat de la production du pick-up Ram 1500 Classic pour le march\u00e9 canadien. - CanadaMotorJobs.com\" \/>\n<meta property=\"og:description\" content=\"Stellantis a annonc\u00e9 l\u2019arr\u00eat de la production du pick-up Ram 1500 Classic pour le march\u00e9 canadien. - Benoit Charette - Annuel automobile - CanadaMotorJobs.com.\" \/>\n<meta property=\"og:url\" content=\"https:\/\/news.canadamotorjobs.com\/fr\/stellantis-a-annonce-larret-de-la-production-du-pick-up-ram-1500-classic-pour-le-marche-canadien\/\" \/>\n<meta property=\"og:site_name\" content=\"CanadaMotorJobs.com\" \/>\n<meta property=\"article:publisher\" content=\"https:\/\/www.facebook.com\/canadamotorjobs\/\" \/>\n<meta property=\"article:published_time\" content=\"2024-04-29T18:06:34+00:00\" \/>\n<meta property=\"article:modified_time\" content=\"2024-04-29T18:16:38+00:00\" \/>\n<meta property=\"og:image\" content=\"https:\/\/news.canadamotorjobs.com\/wp-content\/uploads\/2024\/04\/RAM-1500-Classic-Night-Edition-gris-f01.jpg\" \/>\n\t<meta property=\"og:image:width\" content=\"1024\" \/>\n\t<meta property=\"og:image:height\" content=\"768\" \/>\n\t<meta property=\"og:image:type\" content=\"image\/jpeg\" \/>\n<meta name=\"author\" content=\"Benoit Charette\" \/>\n<meta name=\"twitter:card\" content=\"summary_large_image\" \/>\n<meta name=\"twitter:creator\" content=\"@canadamotorjobs\" \/>\n<meta name=\"twitter:site\" content=\"@canadamotorjobs\" \/>\n<meta name=\"twitter:label1\" content=\"\u00c9crit par\" \/>\n\t<meta name=\"twitter:data1\" content=\"Benoit Charette\" \/>\n\t<meta name=\"twitter:label2\" content=\"Estimation du temps de lecture\" \/>\n\t<meta name=\"twitter:data2\" content=\"2 minutes\" \/>\n<!-- \/ Yoast SEO plugin. -->","yoast_head_json":{"title":"Stellantis a annonc\u00e9 l\u2019arr\u00eat de la production du pick-up Ram 1500 Classic pour le march\u00e9 canadien. - CanadaMotorJobs.com","description":"Stellantis a annonc\u00e9 l\u2019arr\u00eat de la production du pick-up Ram 1500 Classic pour le march\u00e9 canadien. - Benoit Charette - Annuel automobile - CanadaMotorJobs.com.","robots":{"index":"index","follow":"follow","max-snippet":"max-snippet:-1","max-image-preview":"max-image-preview:large","max-video-preview":"max-video-preview:-1"},"og_locale":"fr_CA","og_type":"article","og_title":"Stellantis a annonc\u00e9 l\u2019arr\u00eat de la production du pick-up Ram 1500 Classic pour le march\u00e9 canadien. - CanadaMotorJobs.com","og_description":"Stellantis a annonc\u00e9 l\u2019arr\u00eat de la production du pick-up Ram 1500 Classic pour le march\u00e9 canadien. - Benoit Charette - Annuel automobile - CanadaMotorJobs.com.","og_url":"https:\/\/news.canadamotorjobs.com\/fr\/stellantis-a-annonce-larret-de-la-production-du-pick-up-ram-1500-classic-pour-le-marche-canadien\/","og_site_name":"CanadaMotorJobs.com","article_publisher":"https:\/\/www.facebook.com\/canadamotorjobs\/","article_published_time":"2024-04-29T18:06:34+00:00","article_modified_time":"2024-04-29T18:16:38+00:00","og_image":[{"width":1024,"height":768,"url":"https:\/\/news.canadamotorjobs.com\/wp-content\/uploads\/2024\/04\/RAM-1500-Classic-Night-Edition-gris-f01.jpg","type":"image\/jpeg"}],"author":"Benoit Charette","twitter_card":"summary_large_image","twitter_creator":"@canadamotorjobs","twitter_site":"@canadamotorjobs","twitter_misc":{"\u00c9crit par":"Benoit Charette","Estimation du temps de lecture":"2 minutes"},"schema":{"@context":"https:\/\/schema.org","@graph":[{"@type":"Article","@id":"https:\/\/news.canadamotorjobs.com\/fr\/stellantis-a-annonce-larret-de-la-production-du-pick-up-ram-1500-classic-pour-le-marche-canadien\/#article","isPartOf":{"@id":"https:\/\/news.canadamotorjobs.com\/fr\/stellantis-a-annonce-larret-de-la-production-du-pick-up-ram-1500-classic-pour-le-marche-canadien\/"},"author":{"name":"Benoit Charette","@id":"https:\/\/news.canadamotorjobs.com\/#\/schema\/person\/51793d1f87d44011d7bcc2ed99269a90"},"headline":"Stellantis a annonc\u00e9 l\u2019arr\u00eat de la production du pick-up Ram 1500 Classic pour le march\u00e9 canadien.","datePublished":"2024-04-29T18:06:34+00:00","dateModified":"2024-04-29T18:16:38+00:00","mainEntityOfPage":{"@id":"https:\/\/news.canadamotorjobs.com\/fr\/stellantis-a-annonce-larret-de-la-production-du-pick-up-ram-1500-classic-pour-le-marche-canadien\/"},"wordCount":349,"publisher":{"@id":"https:\/\/news.canadamotorjobs.com\/#organization"},"image":{"@id":"https:\/\/news.canadamotorjobs.com\/fr\/stellantis-a-annonce-larret-de-la-production-du-pick-up-ram-1500-classic-pour-le-marche-canadien\/#primaryimage"},"thumbnailUrl":"https:\/\/news.canadamotorjobs.com\/wp-content\/uploads\/2024\/04\/RAM-1500-Classic-Night-Edition-gris-f01.jpg","articleSection":["Annuel automobile"],"inLanguage":"fr-CA"},{"@type":"WebPage","@id":"https:\/\/news.canadamotorjobs.com\/fr\/stellantis-a-annonce-larret-de-la-production-du-pick-up-ram-1500-classic-pour-le-marche-canadien\/","url":"https:\/\/news.canadamotorjobs.com\/fr\/stellantis-a-annonce-larret-de-la-production-du-pick-up-ram-1500-classic-pour-le-marche-canadien\/","name":"Stellantis a annonc\u00e9 l\u2019arr\u00eat de la production du pick-up Ram 1500 Classic pour le march\u00e9 canadien. - CanadaMotorJobs.com","isPartOf":{"@id":"https:\/\/news.canadamotorjobs.com\/#website"},"primaryImageOfPage":{"@id":"https:\/\/news.canadamotorjobs.com\/fr\/stellantis-a-annonce-larret-de-la-production-du-pick-up-ram-1500-classic-pour-le-marche-canadien\/#primaryimage"},"image":{"@id":"https:\/\/news.canadamotorjobs.com\/fr\/stellantis-a-annonce-larret-de-la-production-du-pick-up-ram-1500-classic-pour-le-marche-canadien\/#primaryimage"},"thumbnailUrl":"https:\/\/news.canadamotorjobs.com\/wp-content\/uploads\/2024\/04\/RAM-1500-Classic-Night-Edition-gris-f01.jpg","datePublished":"2024-04-29T18:06:34+00:00","dateModified":"2024-04-29T18:16:38+00:00","description":"Stellantis a annonc\u00e9 l\u2019arr\u00eat de la production du pick-up Ram 1500 Classic pour le march\u00e9 canadien. - Benoit Charette - Annuel automobile - CanadaMotorJobs.com.","breadcrumb":{"@id":"https:\/\/news.canadamotorjobs.com\/fr\/stellantis-a-annonce-larret-de-la-production-du-pick-up-ram-1500-classic-pour-le-marche-canadien\/#breadcrumb"},"inLanguage":"fr-CA","potentialAction":[{"@type":"ReadAction","target":["https:\/\/news.canadamotorjobs.com\/fr\/stellantis-a-annonce-larret-de-la-production-du-pick-up-ram-1500-classic-pour-le-marche-canadien\/"]}]},{"@type":"ImageObject","inLanguage":"fr-CA","@id":"https:\/\/news.canadamotorjobs.com\/fr\/stellantis-a-annonce-larret-de-la-production-du-pick-up-ram-1500-classic-pour-le-marche-canadien\/#primaryimage","url":"https:\/\/news.canadamotorjobs.com\/wp-content\/uploads\/2024\/04\/RAM-1500-Classic-Night-Edition-gris-f01.jpg","contentUrl":"https:\/\/news.canadamotorjobs.com\/wp-content\/uploads\/2024\/04\/RAM-1500-Classic-Night-Edition-gris-f01.jpg","width":1024,"height":768},{"@type":"BreadcrumbList","@id":"https:\/\/news.canadamotorjobs.com\/fr\/stellantis-a-annonce-larret-de-la-production-du-pick-up-ram-1500-classic-pour-le-marche-canadien\/#breadcrumb","itemListElement":[{"@type":"ListItem","position":1,"name":"Home","item":"https:\/\/news.canadamotorjobs.com\/fr\/blog\/"},{"@type":"ListItem","position":2,"name":"Stellantis a annonc\u00e9 l\u2019arr\u00eat de la production du pick-up Ram 1500 Classic pour le march\u00e9 canadien."}]},{"@type":"WebSite","@id":"https:\/\/news.canadamotorjobs.com\/#website","url":"https:\/\/news.canadamotorjobs.com\/","name":"CanadaMotorJobs.com","description":"Automotive Jobs","publisher":{"@id":"https:\/\/news.canadamotorjobs.com\/#organization"},"potentialAction":[{"@type":"SearchAction","target":{"@type":"EntryPoint","urlTemplate":"https:\/\/news.canadamotorjobs.com\/?s={search_term_string}"},"query-input":"required name=search_term_string"}],"inLanguage":"fr-CA"},{"@type":"Organization","@id":"https:\/\/news.canadamotorjobs.com\/#organization","name":"Canada Motor Jobs","url":"https:\/\/news.canadamotorjobs.com\/","logo":{"@type":"ImageObject","inLanguage":"fr-CA","@id":"https:\/\/news.canadamotorjobs.com\/#\/schema\/logo\/image\/","url":"https:\/\/news.canadamotorjobs.com\/wp-content\/uploads\/2022\/10\/logo-canada-motor-jobs-1.png","contentUrl":"https:\/\/news.canadamotorjobs.com\/wp-content\/uploads\/2022\/10\/logo-canada-motor-jobs-1.png","width":800,"height":400,"caption":"Canada Motor Jobs"},"image":{"@id":"https:\/\/news.canadamotorjobs.com\/#\/schema\/logo\/image\/"},"sameAs":["https:\/\/www.facebook.com\/canadamotorjobs\/","https:\/\/x.com\/canadamotorjobs","https:\/\/www.instagram.com\/canadamotorjobs\/","https:\/\/www.linkedin.com\/company\/canadamotorjobs"]},{"@type":"Person","@id":"https:\/\/news.canadamotorjobs.com\/#\/schema\/person\/51793d1f87d44011d7bcc2ed99269a90","name":"Benoit Charette","image":{"@type":"ImageObject","inLanguage":"fr-CA","@id":"https:\/\/news.canadamotorjobs.com\/#\/schema\/person\/image\/","url":"https:\/\/secure.gravatar.com\/avatar\/45f3d2eebcccd909668d7ce7ea7267b6?s=96&d=mm&r=g","contentUrl":"https:\/\/secure.gravatar.com\/avatar\/45f3d2eebcccd909668d7ce7ea7267b6?s=96&d=mm&r=g","caption":"Benoit Charette"},"description":"Benoit Charette \/ Propri\u00e9taire et r\u00e9dacteur en chef Benoit Charette pratique le journalisme automobile depuis bient\u00f4t 30 ans. Il a fait ses classes au c\u00f4t\u00e9 de Daniel H\u00e9raud et au Carnet de route de 1992 \u00e0 2001. Il est fondateur, copropri\u00e9taire et r\u00e9dacteur en chef de L\u2019Annuel de l\u2019automobile, qu\u2019il publie depuis 2001. Il a anim\u00e9 les \u00e9missions RPM et RPM+ sur V et les L\u00e9gendes de la route sur Historia. \u00c0 la radio depuis 1986, il reprend l\u2019antenne cette ann\u00e9e sur les ondes de Cogeco et participe pour la deuxi\u00e8me ann\u00e9e \u00e0 l\u2019\u00e9mission Passion Auto sur RDS en plus de mettre en ligne le site Web officiel de L\u2019Annuel de l\u2019automobile sur annuelauto.ca.","sameAs":["https:\/\/annuelauto.ca\/"],"url":"https:\/\/news.canadamotorjobs.com\/fr\/author\/benoit-charette\/"}]}},"_links":{"self":[{"href":"https:\/\/news.canadamotorjobs.com\/fr\/wp-json\/wp\/v2\/posts\/163740"}],"collection":[{"href":"https:\/\/news.canadamotorjobs.com\/fr\/wp-json\/wp\/v2\/posts"}],"about":[{"href":"https:\/\/news.canadamotorjobs.com\/fr\/wp-json\/wp\/v2\/types\/post"}],"author":[{"embeddable":true,"href":"https:\/\/news.canadamotorjobs.com\/fr\/wp-json\/wp\/v2\/users\/8"}],"replies":[{"embeddable":true,"href":"https:\/\/news.canadamotorjobs.com\/fr\/wp-json\/wp\/v2\/comments?post=163740"}],"version-history":[{"count":2,"href":"https:\/\/news.canadamotorjobs.com\/fr\/wp-json\/wp\/v2\/posts\/163740\/revisions"}],"predecessor-version":[{"id":163744,"href":"https:\/\/news.canadamotorjobs.com\/fr\/wp-json\/wp\/v2\/posts\/163740\/revisions\/163744"}],"wp:featuredmedia":[{"embeddable":true,"href":"https:\/\/news.canadamotorjobs.com\/fr\/wp-json\/wp\/v2\/media\/163742"}],"wp:attachment":[{"href":"https:\/\/news.canadamotorjobs.com\/fr\/wp-json\/wp\/v2\/media?parent=163740"}],"wp:term":[{"taxonomy":"category","embeddable":true,"href":"https:\/\/news.canadamotorjobs.com\/fr\/wp-json\/wp\/v2\/categories?post=163740"},{"taxonomy":"post_tag","embeddable":true,"href":"https:\/\/news.canadamotorjobs.com\/fr\/wp-json\/wp\/v2\/tags?post=163740"}],"curies":[{"name":"wp","href":"https:\/\/api.w.org\/{rel}","templated":true}]}}