{"id":163721,"date":"2024-04-29T13:44:43","date_gmt":"2024-04-29T17:44:43","guid":{"rendered":"https:\/\/news.canadamotorjobs.com\/?p=163721"},"modified":"2024-04-29T13:48:09","modified_gmt":"2024-04-29T17:48:09","slug":"ford-perd-plus-dun-milliard-de-dollars-sur-les-vehicules-electriques-au-premier-trimestre","status":"publish","type":"post","link":"https:\/\/news.canadamotorjobs.com\/fr\/ford-perd-plus-dun-milliard-de-dollars-sur-les-vehicules-electriques-au-premier-trimestre\/","title":{"rendered":"Ford perd plus d\u2019un milliard de dollars sur les v\u00e9hicules \u00e9lectriques au premier trimestre"},"content":{"rendered":"<\/p>\n<p>Ford a partag\u00e9 ses r\u00e9sultats financiers pour le premier trimestre de 2024, et c&#8217;est un peu un sac m\u00e9lang\u00e9, avec des performances variables dans les trois divisions du constructeur automobile. Alors que les secteurs Ford Pro et Ford Blue ont engrang\u00e9 beaucoup d&#8217;argent, la division \u00e9lectrique Model e reste un trou noir financier, avec une perte de 1,3 milliard de dollars entre janvier et mars. C&#8217;est environ le double de ce que le Blue Oval a perdu au cours du premier trimestre de 2023.<\/p>\n<h3>Un plus petit march\u00e9 pour les V\u00c9S aux \u00c9tats-Unis<\/h3>\n<p>\nLe constructeur automobile bas\u00e9 \u00e0 Dearborn attribue ces pertes au d\u00e9clin du march\u00e9 des v\u00e9hicules \u00e9lectriques, mettant en avant une &#8220;pression significative sur les prix \u00e0 l&#8217;\u00e9chelle de l&#8217;industrie&#8221; et une baisse des ventes. Pour rester comp\u00e9titif et attirer les clients dans les salles d&#8217;exposition, Ford a d\u00fb r\u00e9duire encore davantage les prix de la Mustang Mach-E et du F-150 Lightning, en diminuant les profits sur leurs prix de vente. En cons\u00e9quence, Ford a perdu plus de 130 000 dollars sur chaque VE vendu au premier trimestre.<\/p>\n<h3>Un foss\u00e9 qui continue de se creuser<\/h3>\n<p>\nCependant, les pertes ne s&#8217;arr\u00eatent pas l\u00e0, le constructeur automobile anticipant des pertes d&#8217;EBIT (b\u00e9n\u00e9fices avant int\u00e9r\u00eats et imp\u00f4ts) comprises entre 5 et 5,5 milliards de dollars pour la division \u00e9lectrique. Les ventes de v\u00e9hicules \u00e9lectriques ont baiss\u00e9 dans l&#8217;ensemble, plusieurs marques &#8211; dont Mercedes, General Motors et Jaguar Land Rover &#8211; repensent leurs strat\u00e9gies en mati\u00e8re de V\u00c9S. Les ventes d&#8217;hybrides et de PHEV restent fortes. Les ventes de v\u00e9hicules hybrides de Ford ont augment\u00e9 de 36 %, et les ventes annuelles de hybrides devraient augmenter de 40 %. Le Maverick \u00e9tait le v\u00e9hicule hybride le plus vendu en Am\u00e9rique au premier trimestre de 2024.<\/p>\n<h3>D\u2019autres divisions se portent mieux<\/h3>\n<p>\nPar ailleurs, la division Ford Pro (v\u00e9hicules commerciaux et entreprises) a \u00e9t\u00e9 le plus gros pourvoyeur de fonds pour le constructeur automobile, affichant un EBIT de 3 milliards de dollars. Les revenus de cette division ont augment\u00e9 de 36 % pour atteindre 18 milliards de dollars au premier trimestre. Les ventes sont plus fortes que jamais, avec 409 000 v\u00e9hicules Ford Pro vendus (USA), ce qui repr\u00e9sente une augmentation de 21 %. Quant \u00e0 Ford Blue ( division des moteurs \u00e0 combustion interne), l&#8217;EBIT, les revenus et les ventes en gros trimestrielles ont diminu\u00e9 pour le premier trimestre. Cependant, le constructeur automobile note que les livraisons du F-150 2024 ont d\u00e9j\u00e0 commenc\u00e9. Avec un EBIT d&#8217;environ 900 millions de dollars et un chiffre d&#8217;affaires de segment de 21,8 milliards de dollars, Ford Blue est rest\u00e9 rentable pour le dernier trimestre.<\/p>\n<p>Avec des renseignements de Carbuzz<\/p>\n<p>\u00a0<\/p>\n<p>Le texte <a rel=\"nofollow\" href=\"https:\/\/annuelauto.ca\/ford-perd-plus-dun-milliard-de-dollars-sur-les-vehicules-electriques-au-premier-trimestre\/\">Ford perd plus d\u2019un milliard de dollars sur les v\u00e9hicules \u00e9lectriques au premier trimestre<\/a> provient de <a rel=\"nofollow\" href=\"https:\/\/annuelauto.ca\">L&#8217;annuel de l&#8217;automobile &#8211; Actualit\u00e9 automobile<\/a><\/p>\n<p><\/p>\n","protected":false},"excerpt":{"rendered":"<p>Ford a partag\u00e9 ses r\u00e9sultats financiers pour le premier trimestre de 2024, et c&#8217;est un peu un sac m\u00e9lang\u00e9, avec des performances variables dans les trois divisions du constructeur automobile. Alors que les secteurs Ford Pro et Ford Blue ont engrang\u00e9 beaucoup d&#8217;argent, la division \u00e9lectrique Model e reste un trou noir financier, avec une [&hellip;]<\/p>\n","protected":false},"author":8,"featured_media":163723,"comment_status":"close","ping_status":"closed","sticky":false,"template":"","format":"standard","meta":{"_monsterinsights_skip_tracking":false,"_monsterinsights_sitenote_active":false,"_monsterinsights_sitenote_note":"","_monsterinsights_sitenote_category":0,"footnotes":""},"categories":[101],"tags":[],"yoast_head":"<!-- This site is optimized with the Yoast SEO plugin v23.2 - https:\/\/yoast.com\/wordpress\/plugins\/seo\/ -->\n<title>Ford perd plus d\u2019un milliard de dollars sur les v\u00e9hicules \u00e9lectriques au premier trimestre - CanadaMotorJobs.com<\/title>\n<meta name=\"description\" content=\"Ford perd plus d\u2019un milliard de dollars sur les v\u00e9hicules \u00e9lectriques au premier trimestre - Benoit Charette - Annuel automobile - CanadaMotorJobs.com.\" \/>\n<meta name=\"robots\" content=\"index, follow, max-snippet:-1, max-image-preview:large, max-video-preview:-1\" \/>\n<meta property=\"og:locale\" content=\"fr_CA\" \/>\n<meta property=\"og:type\" content=\"article\" \/>\n<meta property=\"og:title\" content=\"Ford perd plus d\u2019un milliard de dollars sur les v\u00e9hicules \u00e9lectriques au premier trimestre - CanadaMotorJobs.com\" \/>\n<meta property=\"og:description\" content=\"Ford perd plus d\u2019un milliard de dollars sur les v\u00e9hicules \u00e9lectriques au premier trimestre - Benoit Charette - Annuel automobile - CanadaMotorJobs.com.\" \/>\n<meta property=\"og:url\" content=\"https:\/\/news.canadamotorjobs.com\/fr\/ford-perd-plus-dun-milliard-de-dollars-sur-les-vehicules-electriques-au-premier-trimestre\/\" \/>\n<meta property=\"og:site_name\" content=\"CanadaMotorJobs.com\" \/>\n<meta property=\"article:publisher\" content=\"https:\/\/www.facebook.com\/canadamotorjobs\/\" \/>\n<meta property=\"article:published_time\" content=\"2024-04-29T17:44:43+00:00\" \/>\n<meta property=\"article:modified_time\" content=\"2024-04-29T17:48:09+00:00\" \/>\n<meta property=\"og:image\" content=\"https:\/\/news.canadamotorjobs.com\/wp-content\/uploads\/2024\/04\/2021-ford-mustang-mach-e-e4x-112-1625066619.jpg\" \/>\n\t<meta property=\"og:image:width\" content=\"980\" \/>\n\t<meta property=\"og:image:height\" content=\"600\" \/>\n\t<meta property=\"og:image:type\" content=\"image\/jpeg\" \/>\n<meta name=\"author\" content=\"Benoit Charette\" \/>\n<meta name=\"twitter:card\" content=\"summary_large_image\" \/>\n<meta name=\"twitter:creator\" content=\"@canadamotorjobs\" \/>\n<meta name=\"twitter:site\" content=\"@canadamotorjobs\" \/>\n<meta name=\"twitter:label1\" content=\"\u00c9crit par\" \/>\n\t<meta name=\"twitter:data1\" content=\"Benoit Charette\" \/>\n\t<meta name=\"twitter:label2\" content=\"Estimation du temps de lecture\" \/>\n\t<meta name=\"twitter:data2\" content=\"2 minutes\" \/>\n<!-- \/ Yoast SEO plugin. -->","yoast_head_json":{"title":"Ford perd plus d\u2019un milliard de dollars sur les v\u00e9hicules \u00e9lectriques au premier trimestre - CanadaMotorJobs.com","description":"Ford perd plus d\u2019un milliard de dollars sur les v\u00e9hicules \u00e9lectriques au premier trimestre - Benoit Charette - Annuel automobile - CanadaMotorJobs.com.","robots":{"index":"index","follow":"follow","max-snippet":"max-snippet:-1","max-image-preview":"max-image-preview:large","max-video-preview":"max-video-preview:-1"},"og_locale":"fr_CA","og_type":"article","og_title":"Ford perd plus d\u2019un milliard de dollars sur les v\u00e9hicules \u00e9lectriques au premier trimestre - CanadaMotorJobs.com","og_description":"Ford perd plus d\u2019un milliard de dollars sur les v\u00e9hicules \u00e9lectriques au premier trimestre - Benoit Charette - Annuel automobile - CanadaMotorJobs.com.","og_url":"https:\/\/news.canadamotorjobs.com\/fr\/ford-perd-plus-dun-milliard-de-dollars-sur-les-vehicules-electriques-au-premier-trimestre\/","og_site_name":"CanadaMotorJobs.com","article_publisher":"https:\/\/www.facebook.com\/canadamotorjobs\/","article_published_time":"2024-04-29T17:44:43+00:00","article_modified_time":"2024-04-29T17:48:09+00:00","og_image":[{"width":980,"height":600,"url":"https:\/\/news.canadamotorjobs.com\/wp-content\/uploads\/2024\/04\/2021-ford-mustang-mach-e-e4x-112-1625066619.jpg","type":"image\/jpeg"}],"author":"Benoit Charette","twitter_card":"summary_large_image","twitter_creator":"@canadamotorjobs","twitter_site":"@canadamotorjobs","twitter_misc":{"\u00c9crit par":"Benoit Charette","Estimation du temps de lecture":"2 minutes"},"schema":{"@context":"https:\/\/schema.org","@graph":[{"@type":"Article","@id":"https:\/\/news.canadamotorjobs.com\/fr\/ford-perd-plus-dun-milliard-de-dollars-sur-les-vehicules-electriques-au-premier-trimestre\/#article","isPartOf":{"@id":"https:\/\/news.canadamotorjobs.com\/fr\/ford-perd-plus-dun-milliard-de-dollars-sur-les-vehicules-electriques-au-premier-trimestre\/"},"author":{"name":"Benoit Charette","@id":"https:\/\/news.canadamotorjobs.com\/#\/schema\/person\/51793d1f87d44011d7bcc2ed99269a90"},"headline":"Ford perd plus d\u2019un milliard de dollars sur les v\u00e9hicules \u00e9lectriques au premier trimestre","datePublished":"2024-04-29T17:44:43+00:00","dateModified":"2024-04-29T17:48:09+00:00","mainEntityOfPage":{"@id":"https:\/\/news.canadamotorjobs.com\/fr\/ford-perd-plus-dun-milliard-de-dollars-sur-les-vehicules-electriques-au-premier-trimestre\/"},"wordCount":498,"publisher":{"@id":"https:\/\/news.canadamotorjobs.com\/#organization"},"image":{"@id":"https:\/\/news.canadamotorjobs.com\/fr\/ford-perd-plus-dun-milliard-de-dollars-sur-les-vehicules-electriques-au-premier-trimestre\/#primaryimage"},"thumbnailUrl":"https:\/\/news.canadamotorjobs.com\/wp-content\/uploads\/2024\/04\/2021-ford-mustang-mach-e-e4x-112-1625066619.jpg","articleSection":["Annuel automobile"],"inLanguage":"fr-CA"},{"@type":"WebPage","@id":"https:\/\/news.canadamotorjobs.com\/fr\/ford-perd-plus-dun-milliard-de-dollars-sur-les-vehicules-electriques-au-premier-trimestre\/","url":"https:\/\/news.canadamotorjobs.com\/fr\/ford-perd-plus-dun-milliard-de-dollars-sur-les-vehicules-electriques-au-premier-trimestre\/","name":"Ford perd plus d\u2019un milliard de dollars sur les v\u00e9hicules \u00e9lectriques au premier trimestre - CanadaMotorJobs.com","isPartOf":{"@id":"https:\/\/news.canadamotorjobs.com\/#website"},"primaryImageOfPage":{"@id":"https:\/\/news.canadamotorjobs.com\/fr\/ford-perd-plus-dun-milliard-de-dollars-sur-les-vehicules-electriques-au-premier-trimestre\/#primaryimage"},"image":{"@id":"https:\/\/news.canadamotorjobs.com\/fr\/ford-perd-plus-dun-milliard-de-dollars-sur-les-vehicules-electriques-au-premier-trimestre\/#primaryimage"},"thumbnailUrl":"https:\/\/news.canadamotorjobs.com\/wp-content\/uploads\/2024\/04\/2021-ford-mustang-mach-e-e4x-112-1625066619.jpg","datePublished":"2024-04-29T17:44:43+00:00","dateModified":"2024-04-29T17:48:09+00:00","description":"Ford perd plus d\u2019un milliard de dollars sur les v\u00e9hicules \u00e9lectriques au premier trimestre - Benoit Charette - Annuel automobile - CanadaMotorJobs.com.","breadcrumb":{"@id":"https:\/\/news.canadamotorjobs.com\/fr\/ford-perd-plus-dun-milliard-de-dollars-sur-les-vehicules-electriques-au-premier-trimestre\/#breadcrumb"},"inLanguage":"fr-CA","potentialAction":[{"@type":"ReadAction","target":["https:\/\/news.canadamotorjobs.com\/fr\/ford-perd-plus-dun-milliard-de-dollars-sur-les-vehicules-electriques-au-premier-trimestre\/"]}]},{"@type":"ImageObject","inLanguage":"fr-CA","@id":"https:\/\/news.canadamotorjobs.com\/fr\/ford-perd-plus-dun-milliard-de-dollars-sur-les-vehicules-electriques-au-premier-trimestre\/#primaryimage","url":"https:\/\/news.canadamotorjobs.com\/wp-content\/uploads\/2024\/04\/2021-ford-mustang-mach-e-e4x-112-1625066619.jpg","contentUrl":"https:\/\/news.canadamotorjobs.com\/wp-content\/uploads\/2024\/04\/2021-ford-mustang-mach-e-e4x-112-1625066619.jpg","width":980,"height":600},{"@type":"BreadcrumbList","@id":"https:\/\/news.canadamotorjobs.com\/fr\/ford-perd-plus-dun-milliard-de-dollars-sur-les-vehicules-electriques-au-premier-trimestre\/#breadcrumb","itemListElement":[{"@type":"ListItem","position":1,"name":"Home","item":"https:\/\/news.canadamotorjobs.com\/fr\/blog\/"},{"@type":"ListItem","position":2,"name":"Ford perd plus d\u2019un milliard de dollars sur les v\u00e9hicules \u00e9lectriques au premier trimestre"}]},{"@type":"WebSite","@id":"https:\/\/news.canadamotorjobs.com\/#website","url":"https:\/\/news.canadamotorjobs.com\/","name":"CanadaMotorJobs.com","description":"Automotive Jobs","publisher":{"@id":"https:\/\/news.canadamotorjobs.com\/#organization"},"potentialAction":[{"@type":"SearchAction","target":{"@type":"EntryPoint","urlTemplate":"https:\/\/news.canadamotorjobs.com\/?s={search_term_string}"},"query-input":"required name=search_term_string"}],"inLanguage":"fr-CA"},{"@type":"Organization","@id":"https:\/\/news.canadamotorjobs.com\/#organization","name":"Canada Motor Jobs","url":"https:\/\/news.canadamotorjobs.com\/","logo":{"@type":"ImageObject","inLanguage":"fr-CA","@id":"https:\/\/news.canadamotorjobs.com\/#\/schema\/logo\/image\/","url":"https:\/\/news.canadamotorjobs.com\/wp-content\/uploads\/2022\/10\/logo-canada-motor-jobs-1.png","contentUrl":"https:\/\/news.canadamotorjobs.com\/wp-content\/uploads\/2022\/10\/logo-canada-motor-jobs-1.png","width":800,"height":400,"caption":"Canada Motor Jobs"},"image":{"@id":"https:\/\/news.canadamotorjobs.com\/#\/schema\/logo\/image\/"},"sameAs":["https:\/\/www.facebook.com\/canadamotorjobs\/","https:\/\/x.com\/canadamotorjobs","https:\/\/www.instagram.com\/canadamotorjobs\/","https:\/\/www.linkedin.com\/company\/canadamotorjobs"]},{"@type":"Person","@id":"https:\/\/news.canadamotorjobs.com\/#\/schema\/person\/51793d1f87d44011d7bcc2ed99269a90","name":"Benoit Charette","image":{"@type":"ImageObject","inLanguage":"fr-CA","@id":"https:\/\/news.canadamotorjobs.com\/#\/schema\/person\/image\/","url":"https:\/\/secure.gravatar.com\/avatar\/45f3d2eebcccd909668d7ce7ea7267b6?s=96&d=mm&r=g","contentUrl":"https:\/\/secure.gravatar.com\/avatar\/45f3d2eebcccd909668d7ce7ea7267b6?s=96&d=mm&r=g","caption":"Benoit Charette"},"description":"Benoit Charette \/ Propri\u00e9taire et r\u00e9dacteur en chef Benoit Charette pratique le journalisme automobile depuis bient\u00f4t 30 ans. Il a fait ses classes au c\u00f4t\u00e9 de Daniel H\u00e9raud et au Carnet de route de 1992 \u00e0 2001. Il est fondateur, copropri\u00e9taire et r\u00e9dacteur en chef de L\u2019Annuel de l\u2019automobile, qu\u2019il publie depuis 2001. Il a anim\u00e9 les \u00e9missions RPM et RPM+ sur V et les L\u00e9gendes de la route sur Historia. \u00c0 la radio depuis 1986, il reprend l\u2019antenne cette ann\u00e9e sur les ondes de Cogeco et participe pour la deuxi\u00e8me ann\u00e9e \u00e0 l\u2019\u00e9mission Passion Auto sur RDS en plus de mettre en ligne le site Web officiel de L\u2019Annuel de l\u2019automobile sur annuelauto.ca.","sameAs":["https:\/\/annuelauto.ca\/"],"url":"https:\/\/news.canadamotorjobs.com\/fr\/author\/benoit-charette\/"}]}},"_links":{"self":[{"href":"https:\/\/news.canadamotorjobs.com\/fr\/wp-json\/wp\/v2\/posts\/163721"}],"collection":[{"href":"https:\/\/news.canadamotorjobs.com\/fr\/wp-json\/wp\/v2\/posts"}],"about":[{"href":"https:\/\/news.canadamotorjobs.com\/fr\/wp-json\/wp\/v2\/types\/post"}],"author":[{"embeddable":true,"href":"https:\/\/news.canadamotorjobs.com\/fr\/wp-json\/wp\/v2\/users\/8"}],"replies":[{"embeddable":true,"href":"https:\/\/news.canadamotorjobs.com\/fr\/wp-json\/wp\/v2\/comments?post=163721"}],"version-history":[{"count":2,"href":"https:\/\/news.canadamotorjobs.com\/fr\/wp-json\/wp\/v2\/posts\/163721\/revisions"}],"predecessor-version":[{"id":163725,"href":"https:\/\/news.canadamotorjobs.com\/fr\/wp-json\/wp\/v2\/posts\/163721\/revisions\/163725"}],"wp:featuredmedia":[{"embeddable":true,"href":"https:\/\/news.canadamotorjobs.com\/fr\/wp-json\/wp\/v2\/media\/163723"}],"wp:attachment":[{"href":"https:\/\/news.canadamotorjobs.com\/fr\/wp-json\/wp\/v2\/media?parent=163721"}],"wp:term":[{"taxonomy":"category","embeddable":true,"href":"https:\/\/news.canadamotorjobs.com\/fr\/wp-json\/wp\/v2\/categories?post=163721"},{"taxonomy":"post_tag","embeddable":true,"href":"https:\/\/news.canadamotorjobs.com\/fr\/wp-json\/wp\/v2\/tags?post=163721"}],"curies":[{"name":"wp","href":"https:\/\/api.w.org\/{rel}","templated":true}]}}