{"id":163592,"date":"2024-04-26T14:35:17","date_gmt":"2024-04-26T18:35:17","guid":{"rendered":"https:\/\/news.canadamotorjobs.com\/?p=163592"},"modified":"2024-04-26T14:44:09","modified_gmt":"2024-04-26T18:44:09","slug":"nissan-ariya-e-4orce-2024","status":"publish","type":"post","link":"https:\/\/news.canadamotorjobs.com\/fr\/nissan-ariya-e-4orce-2024\/","title":{"rendered":"Nissan Ariya e-4orce 2024"},"content":{"rendered":"<\/p>\n<p>Cambrigde, Ontario. Saviez-vous qu\u2019il est possible de faire Londres-Paris en moins d\u2019une heure en voiture. C\u2019est vrai si vous \u00eates en Ontario. Nissan a invit\u00e9 des journalistes \u00e0 faire le tour de l\u2019Europe en 300 km en traversant neuf villes ontarienne. Nous avons pris la route le matin \u00e0 Cambridge pour terminer notre p\u00e9riple \u00e0 Paris en passant par Vienna, Sparta, Lisbon, Stratford et Copenhagen. Tout cela dans le but de tester l\u2019autonomie du Nissan Ariya e-4orce 2024. Un parcours de 300 km en milieu agricole sur des chemins de campagne \u00e0 une vitesse qui d\u00e9passait rarement les 80 km\/h. Nous nous sommes amus\u00e9s \u00e0 jouer les \u00e9lectromobilistes, l\u2019espace d\u2019une journ\u00e9e avec des r\u00e9sultats \u00e9tonnants.<\/p>\n<h3>Le profil de l\u2019outil de travail<\/h3>\n<p>\nCe VUS qui fait environ le m\u00eame format qu\u2019un Rogue est d\u2019abord arriv\u00e9 en version \u00e0 roues motrices avant. Le moteur unique offre 238 chevaux et 221 lb-pi de couples avec une autonomie qui fait 465 km. Le e-4orce ajoute un deuxi\u00e8me moteur qui fait grimper la puissance \u00e0 389 chevaux et 442 lb-pi de couple. La traction int\u00e9grale vous fait perdre un peu d\u2019autonomie, mais vous avez encore 438 km et nous avons la preuve que cela peut aller encore plus loin si vous avez l\u2019\u00e9conomie d\u2019\u00e9nergie en t\u00eate.<\/p>\n<h3>Un d\u00e9part en douceur<\/h3>\n<p>\nNissan avait d\u00e9cid\u00e9 de remettre des prix \u00e0 ceux qui pr\u00e9senterait la plus faible consommation d\u2019\u00e9nergie. Nous avons pris le d\u00e9part sans tambour, ni trompette du Langdon Hall \u00e0 Cambridge. L\u2019id\u00e9e est de surveiller la consommation d\u2019\u00e9nergie pour qu\u2019elle soit presque nul, pas de climatiseur, pas de chauffage. Nous avons mis la e-step r\u00e9g\u00e9n\u00e9rative en marche et le d\u00e9part \u00e9tait donn\u00e9. Ne croyez pas que nous avons retard\u00e9 la circulation. Mon coll\u00e8gue Anthony Lemonde et moi sommes arriv\u00e9 les premiers (15 minutes avant tout le monde) pour le lunch et \u00e0 nouveau premier \u00e0 la fin de la journ\u00e9e au petit bistro de Paris. Nous avons m\u00eame pris le temps de faire un petit d\u00e9tour \u00e0 Port Bruce sur les rives du Lac Ontario pour des photos. Nous avons observ\u00e9 les limites de vitesses partout o\u00f9 nous \u00e9tions. Nous avons parcouru 300 km avec une moyenne de 16,6 kWh aux 100 km et il restait encore 170 km d\u2019autonomie \u00e0 notre arriv\u00e9e. Ce qui veut dire que techniquement, nous aurions \u00e9t\u00e9 en mesure de faire 470 km sur une charge. Nous avons du m\u00eame coup remport\u00e9 le d\u00e9fi de la journ\u00e9e et termin\u00e9 au premier rang avec la plus petite consommation moyenne de la journ\u00e9e. Le coll\u00e8gue Alain Kuhn Von Kuhnenfeld a termin\u00e9 deuxi\u00e8me \u00e0 16,7 kWh de moyenne et Dominic Boucher 3<sup>e<\/sup> \u00e0 16,9 kWh aux 100 km. Voici la preuve que les qu\u00e9b\u00e9cois savent faire en mati\u00e8re de conduite \u00e9conomique.<\/p>\n<h3>Une douce transition<\/h3>\n<p>\nCe que j\u2019ai le plus appr\u00e9ci\u00e9 de l\u2019Ariya est sa transition tout en douceur entre le monde \u00e0 essence et le monde \u00e9lectrique. Contrairement \u00e0 certains mod\u00e8les qui donnent l\u2019impression de prendre place dans un vaisseau spatial, l\u2019Ariya est comme tous les autres VUS, moins le bruit du moteur qui dispara\u00eet. Nous avons utilis\u00e9 le bouton e-step, qui augmente le freinage r\u00e9g\u00e9n\u00e9ratif, toute la journ\u00e9e. En rel\u00e2chant l&#8217;acc\u00e9l\u00e9rateur \u00e0 l&#8217;approche de chaque virage, <a href=\"https:\/\/annuelauto.ca\/nissan-ariya\/\">l&#8217;ARIYA<\/a> a ralenti juste assez \u00e0 l&#8217;entr\u00e9e pour se glisser dans le virage sans toucher aux freins pour red\u00e9coller en douceur, un bon petit truc pour \u00e9tirer son autonomie. Les si\u00e8ges z\u00e9ro gravit\u00e9 son confortable et nous avons appr\u00e9ci\u00e9 la console centrale coulissante qui permet aux conducteurs de tous les gabarits de bien ajuster sa position de conduite. Si l\u2019Ariya est confortable et silencieuse, elle n\u2019est pas sportif. M\u00eame s\u2019il acc\u00e9l\u00e8re de 0 \u00e0 100 km\/h en un peu plus de 5 secondes, il s&#8217;incline sensiblement lorsque vous la conduisez rapidement dans les virages et penche vers l&#8217;avant dans les situations de freinage d&#8217;urgence. Nissan a \u00e9galement pris une d\u00e9cision \u00e9trange concernant les freins r\u00e9g\u00e9n\u00e9ratifs de l&#8217;Ariya. Elle dispose d&#8217;un mode qui ralentit la voiture par freinage r\u00e9g\u00e9n\u00e9ratif lorsque l&#8217;on l\u00e8ve la p\u00e9dale d&#8217;acc\u00e9l\u00e9rateur. Mais contrairement \u00e0 de nombreux autres VE, il ne s&#8217;agit pas d&#8217;un mode de conduite \u00e0 une seule p\u00e9dale, car le freinage r\u00e9g\u00e9n\u00e9ratif s&#8217;arr\u00eate soudainement autour de 10 km\/h. Vous devez utiliser les freins pour un\u00a0 arr\u00eat complet<\/p>\n<h3>Les prix<\/h3>\n<p>\nNotre mod\u00e8le \u00e0 l\u2019essai frisait les 70\u00a0000$, mais comme le mod\u00e8le d\u2019entr\u00e9e de gamme est \u00e0 59\u00a0995 $, vous aurez droit aux deux subventions \u00e0 l\u2019achat, soit 12\u00a0000$.<\/p>\n<h3>La technologie<\/h3>\n<p>\nLes \u00e9crans de 12,3 pouces du combin\u00e9 d&#8217;instruments sont suffisamment grands pour les standards d&#8217;aujourd&#8217;hui, mais le logiciel qui les alimente sont un peu lent. En outre, il est difficile et peu intuitif de trouver ce que l&#8217;on veut dans les diff\u00e9rents menus \u00e0 l&#8217;\u00e9cran. La connectivit\u00e9 sans fil pour Apple CarPlay est de s\u00e9rie, mais Android Auto ne fonctionne qu&#8217;avec un fil. Les commandes vocales de l&#8217;Ariya sont \u00e9galement difficiles \u00e0 comprendre, et entrer une destination de navigation de cette mani\u00e8re est un exercice de frustration. L&#8217;Ariya est \u00e9quip\u00e9e du syst\u00e8me Nissan ProPilot 2.0 qui permet de conduire les mains libres sur les autoroutes cartographi\u00e9es dans certaines conditions, et il fait un bon travail en ralentissant et en acc\u00e9l\u00e9rant en douceur tout en gardant l&#8217;Ariya bien centr\u00e9 dans sa voie. Sur les routes non cartographi\u00e9e comme la plupart des routes secondaires de notre trajet, le mode mains libres se d\u00e9sactive.<\/p>\n<h3>Conclusion<\/h3>\n<p>\nSilencieux et confortable, l\u2019Ariya est id\u00e9al pour les routes secondaires et les tours en ville. Il n\u2019offre toutefois pas l\u2019exp\u00e9rience plus moderne comme le Kia EV6, le Hyundai Ioniq 5 ou 6 ou le Volks ID4. Vous avez l\u2019impression d\u2019\u00eatre quelques ann\u00e9es derri\u00e8re dans l\u2019Ariya.<\/p>\n<p>\u00a0<\/p>\n<h3>Forces<\/h3>\n<p>\nConfortable et rassurant sur la route<\/p>\n<p>Design int\u00e9rieur moderne<\/p>\n<p>Nombreuses aides \u00e0 la conduite de s\u00e9rie<\/p>\n<p>\u00a0<\/p>\n<h3>Faiblesses<\/h3>\n<p>\nPas de v\u00e9ritable conduite \u00e0 une p\u00e9dale<\/p>\n<p>Taux de charge rapide DC plus lent que la moyenne<\/p>\n<p>Peu d\u2019espace de rangements dans le v\u00e9hicule<\/p>\n<p>Le texte <a rel=\"nofollow\" href=\"https:\/\/annuelauto.ca\/nissan-ariya-e-4orce-2024\/\">Nissan Ariya e-4orce 2024<\/a> provient de <a rel=\"nofollow\" href=\"https:\/\/annuelauto.ca\">L&#8217;annuel de l&#8217;automobile &#8211; Actualit\u00e9 automobile<\/a><\/p>\n<p><\/p>\n","protected":false},"excerpt":{"rendered":"<p>Cambrigde, Ontario. Saviez-vous qu\u2019il est possible de faire Londres-Paris en moins d\u2019une heure en voiture. C\u2019est vrai si vous \u00eates en Ontario. Nissan a invit\u00e9 des journalistes \u00e0 faire le tour de l\u2019Europe en 300 km en traversant neuf villes ontarienne. Nous avons pris la route le matin \u00e0 Cambridge pour terminer notre p\u00e9riple \u00e0 [&hellip;]<\/p>\n","protected":false},"author":8,"featured_media":163594,"comment_status":"close","ping_status":"closed","sticky":false,"template":"","format":"standard","meta":{"_monsterinsights_skip_tracking":false,"_monsterinsights_sitenote_active":false,"_monsterinsights_sitenote_note":"","_monsterinsights_sitenote_category":0,"footnotes":""},"categories":[101],"tags":[],"yoast_head":"<!-- This site is optimized with the Yoast SEO plugin v23.2 - https:\/\/yoast.com\/wordpress\/plugins\/seo\/ -->\n<title>Nissan Ariya e-4orce 2024 - CanadaMotorJobs.com<\/title>\n<meta name=\"description\" content=\"Nissan Ariya e-4orce 2024 - Benoit Charette - Annuel automobile - CanadaMotorJobs.com.\" \/>\n<meta name=\"robots\" content=\"index, follow, max-snippet:-1, max-image-preview:large, max-video-preview:-1\" \/>\n<meta property=\"og:locale\" content=\"fr_CA\" \/>\n<meta property=\"og:type\" content=\"article\" \/>\n<meta property=\"og:title\" content=\"Nissan Ariya e-4orce 2024 - CanadaMotorJobs.com\" \/>\n<meta property=\"og:description\" content=\"Nissan Ariya e-4orce 2024 - Benoit Charette - Annuel automobile - CanadaMotorJobs.com.\" \/>\n<meta property=\"og:url\" content=\"https:\/\/news.canadamotorjobs.com\/fr\/nissan-ariya-e-4orce-2024\/\" \/>\n<meta property=\"og:site_name\" content=\"CanadaMotorJobs.com\" \/>\n<meta property=\"article:publisher\" content=\"https:\/\/www.facebook.com\/canadamotorjobs\/\" \/>\n<meta property=\"article:published_time\" content=\"2024-04-26T18:35:17+00:00\" \/>\n<meta property=\"article:modified_time\" content=\"2024-04-26T18:44:09+00:00\" \/>\n<meta property=\"og:image\" content=\"https:\/\/news.canadamotorjobs.com\/wp-content\/uploads\/2024\/04\/IMG_7926.jpg\" \/>\n\t<meta property=\"og:image:width\" content=\"1067\" \/>\n\t<meta property=\"og:image:height\" content=\"800\" \/>\n\t<meta property=\"og:image:type\" content=\"image\/jpeg\" \/>\n<meta name=\"author\" content=\"Benoit Charette\" \/>\n<meta name=\"twitter:card\" content=\"summary_large_image\" \/>\n<meta name=\"twitter:creator\" content=\"@canadamotorjobs\" \/>\n<meta name=\"twitter:site\" content=\"@canadamotorjobs\" \/>\n<meta name=\"twitter:label1\" content=\"\u00c9crit par\" \/>\n\t<meta name=\"twitter:data1\" content=\"Benoit Charette\" \/>\n\t<meta name=\"twitter:label2\" content=\"Estimation du temps de lecture\" \/>\n\t<meta name=\"twitter:data2\" content=\"5 minutes\" \/>\n<!-- \/ Yoast SEO plugin. -->","yoast_head_json":{"title":"Nissan Ariya e-4orce 2024 - CanadaMotorJobs.com","description":"Nissan Ariya e-4orce 2024 - Benoit Charette - Annuel automobile - CanadaMotorJobs.com.","robots":{"index":"index","follow":"follow","max-snippet":"max-snippet:-1","max-image-preview":"max-image-preview:large","max-video-preview":"max-video-preview:-1"},"og_locale":"fr_CA","og_type":"article","og_title":"Nissan Ariya e-4orce 2024 - CanadaMotorJobs.com","og_description":"Nissan Ariya e-4orce 2024 - Benoit Charette - Annuel automobile - CanadaMotorJobs.com.","og_url":"https:\/\/news.canadamotorjobs.com\/fr\/nissan-ariya-e-4orce-2024\/","og_site_name":"CanadaMotorJobs.com","article_publisher":"https:\/\/www.facebook.com\/canadamotorjobs\/","article_published_time":"2024-04-26T18:35:17+00:00","article_modified_time":"2024-04-26T18:44:09+00:00","og_image":[{"width":1067,"height":800,"url":"https:\/\/news.canadamotorjobs.com\/wp-content\/uploads\/2024\/04\/IMG_7926.jpg","type":"image\/jpeg"}],"author":"Benoit Charette","twitter_card":"summary_large_image","twitter_creator":"@canadamotorjobs","twitter_site":"@canadamotorjobs","twitter_misc":{"\u00c9crit par":"Benoit Charette","Estimation du temps de lecture":"5 minutes"},"schema":{"@context":"https:\/\/schema.org","@graph":[{"@type":"Article","@id":"https:\/\/news.canadamotorjobs.com\/fr\/nissan-ariya-e-4orce-2024\/#article","isPartOf":{"@id":"https:\/\/news.canadamotorjobs.com\/fr\/nissan-ariya-e-4orce-2024\/"},"author":{"name":"Benoit Charette","@id":"https:\/\/news.canadamotorjobs.com\/#\/schema\/person\/51793d1f87d44011d7bcc2ed99269a90"},"headline":"Nissan Ariya e-4orce 2024","datePublished":"2024-04-26T18:35:17+00:00","dateModified":"2024-04-26T18:44:09+00:00","mainEntityOfPage":{"@id":"https:\/\/news.canadamotorjobs.com\/fr\/nissan-ariya-e-4orce-2024\/"},"wordCount":1087,"publisher":{"@id":"https:\/\/news.canadamotorjobs.com\/#organization"},"image":{"@id":"https:\/\/news.canadamotorjobs.com\/fr\/nissan-ariya-e-4orce-2024\/#primaryimage"},"thumbnailUrl":"https:\/\/news.canadamotorjobs.com\/wp-content\/uploads\/2024\/04\/IMG_7926.jpg","articleSection":["Annuel automobile"],"inLanguage":"fr-CA"},{"@type":"WebPage","@id":"https:\/\/news.canadamotorjobs.com\/fr\/nissan-ariya-e-4orce-2024\/","url":"https:\/\/news.canadamotorjobs.com\/fr\/nissan-ariya-e-4orce-2024\/","name":"Nissan Ariya e-4orce 2024 - CanadaMotorJobs.com","isPartOf":{"@id":"https:\/\/news.canadamotorjobs.com\/#website"},"primaryImageOfPage":{"@id":"https:\/\/news.canadamotorjobs.com\/fr\/nissan-ariya-e-4orce-2024\/#primaryimage"},"image":{"@id":"https:\/\/news.canadamotorjobs.com\/fr\/nissan-ariya-e-4orce-2024\/#primaryimage"},"thumbnailUrl":"https:\/\/news.canadamotorjobs.com\/wp-content\/uploads\/2024\/04\/IMG_7926.jpg","datePublished":"2024-04-26T18:35:17+00:00","dateModified":"2024-04-26T18:44:09+00:00","description":"Nissan Ariya e-4orce 2024 - Benoit Charette - Annuel automobile - CanadaMotorJobs.com.","breadcrumb":{"@id":"https:\/\/news.canadamotorjobs.com\/fr\/nissan-ariya-e-4orce-2024\/#breadcrumb"},"inLanguage":"fr-CA","potentialAction":[{"@type":"ReadAction","target":["https:\/\/news.canadamotorjobs.com\/fr\/nissan-ariya-e-4orce-2024\/"]}]},{"@type":"ImageObject","inLanguage":"fr-CA","@id":"https:\/\/news.canadamotorjobs.com\/fr\/nissan-ariya-e-4orce-2024\/#primaryimage","url":"https:\/\/news.canadamotorjobs.com\/wp-content\/uploads\/2024\/04\/IMG_7926.jpg","contentUrl":"https:\/\/news.canadamotorjobs.com\/wp-content\/uploads\/2024\/04\/IMG_7926.jpg","width":1067,"height":800},{"@type":"BreadcrumbList","@id":"https:\/\/news.canadamotorjobs.com\/fr\/nissan-ariya-e-4orce-2024\/#breadcrumb","itemListElement":[{"@type":"ListItem","position":1,"name":"Home","item":"https:\/\/news.canadamotorjobs.com\/fr\/blog\/"},{"@type":"ListItem","position":2,"name":"Nissan Ariya e-4orce 2024"}]},{"@type":"WebSite","@id":"https:\/\/news.canadamotorjobs.com\/#website","url":"https:\/\/news.canadamotorjobs.com\/","name":"CanadaMotorJobs.com","description":"Automotive Jobs","publisher":{"@id":"https:\/\/news.canadamotorjobs.com\/#organization"},"potentialAction":[{"@type":"SearchAction","target":{"@type":"EntryPoint","urlTemplate":"https:\/\/news.canadamotorjobs.com\/?s={search_term_string}"},"query-input":"required name=search_term_string"}],"inLanguage":"fr-CA"},{"@type":"Organization","@id":"https:\/\/news.canadamotorjobs.com\/#organization","name":"Canada Motor Jobs","url":"https:\/\/news.canadamotorjobs.com\/","logo":{"@type":"ImageObject","inLanguage":"fr-CA","@id":"https:\/\/news.canadamotorjobs.com\/#\/schema\/logo\/image\/","url":"https:\/\/news.canadamotorjobs.com\/wp-content\/uploads\/2022\/10\/logo-canada-motor-jobs-1.png","contentUrl":"https:\/\/news.canadamotorjobs.com\/wp-content\/uploads\/2022\/10\/logo-canada-motor-jobs-1.png","width":800,"height":400,"caption":"Canada Motor Jobs"},"image":{"@id":"https:\/\/news.canadamotorjobs.com\/#\/schema\/logo\/image\/"},"sameAs":["https:\/\/www.facebook.com\/canadamotorjobs\/","https:\/\/x.com\/canadamotorjobs","https:\/\/www.instagram.com\/canadamotorjobs\/","https:\/\/www.linkedin.com\/company\/canadamotorjobs"]},{"@type":"Person","@id":"https:\/\/news.canadamotorjobs.com\/#\/schema\/person\/51793d1f87d44011d7bcc2ed99269a90","name":"Benoit Charette","image":{"@type":"ImageObject","inLanguage":"fr-CA","@id":"https:\/\/news.canadamotorjobs.com\/#\/schema\/person\/image\/","url":"https:\/\/secure.gravatar.com\/avatar\/45f3d2eebcccd909668d7ce7ea7267b6?s=96&d=mm&r=g","contentUrl":"https:\/\/secure.gravatar.com\/avatar\/45f3d2eebcccd909668d7ce7ea7267b6?s=96&d=mm&r=g","caption":"Benoit Charette"},"description":"Benoit Charette \/ Propri\u00e9taire et r\u00e9dacteur en chef Benoit Charette pratique le journalisme automobile depuis bient\u00f4t 30 ans. Il a fait ses classes au c\u00f4t\u00e9 de Daniel H\u00e9raud et au Carnet de route de 1992 \u00e0 2001. Il est fondateur, copropri\u00e9taire et r\u00e9dacteur en chef de L\u2019Annuel de l\u2019automobile, qu\u2019il publie depuis 2001. Il a anim\u00e9 les \u00e9missions RPM et RPM+ sur V et les L\u00e9gendes de la route sur Historia. \u00c0 la radio depuis 1986, il reprend l\u2019antenne cette ann\u00e9e sur les ondes de Cogeco et participe pour la deuxi\u00e8me ann\u00e9e \u00e0 l\u2019\u00e9mission Passion Auto sur RDS en plus de mettre en ligne le site Web officiel de L\u2019Annuel de l\u2019automobile sur annuelauto.ca.","sameAs":["https:\/\/annuelauto.ca\/"],"url":"https:\/\/news.canadamotorjobs.com\/fr\/author\/benoit-charette\/"}]}},"_links":{"self":[{"href":"https:\/\/news.canadamotorjobs.com\/fr\/wp-json\/wp\/v2\/posts\/163592"}],"collection":[{"href":"https:\/\/news.canadamotorjobs.com\/fr\/wp-json\/wp\/v2\/posts"}],"about":[{"href":"https:\/\/news.canadamotorjobs.com\/fr\/wp-json\/wp\/v2\/types\/post"}],"author":[{"embeddable":true,"href":"https:\/\/news.canadamotorjobs.com\/fr\/wp-json\/wp\/v2\/users\/8"}],"replies":[{"embeddable":true,"href":"https:\/\/news.canadamotorjobs.com\/fr\/wp-json\/wp\/v2\/comments?post=163592"}],"version-history":[{"count":2,"href":"https:\/\/news.canadamotorjobs.com\/fr\/wp-json\/wp\/v2\/posts\/163592\/revisions"}],"predecessor-version":[{"id":163596,"href":"https:\/\/news.canadamotorjobs.com\/fr\/wp-json\/wp\/v2\/posts\/163592\/revisions\/163596"}],"wp:featuredmedia":[{"embeddable":true,"href":"https:\/\/news.canadamotorjobs.com\/fr\/wp-json\/wp\/v2\/media\/163594"}],"wp:attachment":[{"href":"https:\/\/news.canadamotorjobs.com\/fr\/wp-json\/wp\/v2\/media?parent=163592"}],"wp:term":[{"taxonomy":"category","embeddable":true,"href":"https:\/\/news.canadamotorjobs.com\/fr\/wp-json\/wp\/v2\/categories?post=163592"},{"taxonomy":"post_tag","embeddable":true,"href":"https:\/\/news.canadamotorjobs.com\/fr\/wp-json\/wp\/v2\/tags?post=163592"}],"curies":[{"name":"wp","href":"https:\/\/api.w.org\/{rel}","templated":true}]}}