{"id":163527,"date":"2024-04-25T06:46:09","date_gmt":"2024-04-25T10:46:09","guid":{"rendered":"https:\/\/news.canadamotorjobs.com\/?p=163527"},"modified":"2024-04-25T06:46:51","modified_gmt":"2024-04-25T10:46:51","slug":"mazda-presente-la-ez-6-electrique-en-chine","status":"publish","type":"post","link":"https:\/\/news.canadamotorjobs.com\/fr\/mazda-presente-la-ez-6-electrique-en-chine\/","title":{"rendered":"Mazda pr\u00e9sente la EZ-6 \u00e9lectrique en Chine"},"content":{"rendered":"<\/p>\n<p>La nouvelle berline, qui devrait succ\u00e9der \u00e0 la Mazda6 en Chine, proposera des options enti\u00e8rement \u00e9lectriques et des prolongateurs d&#8217;autonomie.<\/p>\n<h3>En premi\u00e8re au Salon de l\u2019auto de P\u00e9kin<\/h3>\n<p>\nLes photos montrent une berline de taille moyenne avec une silhouette a\u00e9rodynamique et des feux arri\u00e8re \u00e0 DEL sur toute la largeur. Consid\u00e9r\u00e9 comme le successeur potentiel de la Mazda6 (Atenza), le mod\u00e8le de taille moyenne pourrait \u00eatre limit\u00e9 au march\u00e9 chinois.<\/p>\n<h3>Deux lancements en 2024<\/h3>\n<p>\nChangan Mazda a d\u00e9j\u00e0 annonc\u00e9 deux lancements pour 2024, dont les noms de code internes sont J90A (enti\u00e8rement \u00e9lectrique) et J90A-REEV (prolongateur d&#8217;autonomie). Ils seront suivis par les J90K et J90K-REEV en 2025, ce qui permettra d&#8217;\u00e9toffer la gamme locale. Mazda a d\u00e9pos\u00e9 les noms EZ-6 et EZ-60 en Chine, le premier \u00e9tant un concurrent s\u00e9rieux pour la future berline \u00e9lectrique et le second \u00e9tant probablement r\u00e9serv\u00e9 \u00e0 un VUS \u00e9lectrique.<\/p>\n<h3>Une plateforme \u00e0 double fonction<\/h3>\n<p>\nLa plateforme est compatible avec des groupes motopropulseurs enti\u00e8rement \u00e9lectriques et \u00e0 prolongateur d&#8217;autonomie, ce dernier utilisant un moteur \u00e0 essence quatre cylindres de 1,5 litre comme prolongateur d&#8217;autonomie. En Europe, le constructeur a r\u00e9cemment d\u00e9pos\u00e9 la marque Mazda 6e, alimentant ainsi les rumeurs sur une nouvelle g\u00e9n\u00e9ration de la berline de taille moyenne. On ne sait pas encore si ce mod\u00e8le sera li\u00e9 \u00e0 la berline de Changan ou s&#8217;il s&#8217;agira d&#8217;une offre distincte con\u00e7ue pour les march\u00e9s occidentaux.<\/p>\n<h3>Pas de date de commercialisation<\/h3>\n<p>\nChangan Mazda n&#8217;a pas fourni de date pr\u00e9cise pour le lancement de la nouvelle berline, se contentant d&#8217;indiquer qu&#8217;elle sera \u00ab bient\u00f4t \u00bb. Toutefois, lors de la 2024 Changan Automobile Global Partner Conference en janvier dernier, le pr\u00e9sident Zhu Huarong a confirm\u00e9 que la EV serait d\u00e9voil\u00e9e lors du 2024 Beijing Auto Show, qui ouvre ses aujourd\u2019hui. La gamme actuelle de Changan Mazda en Chine se compose des Mazda3, CX-30, CX-50 et CX-5..<\/p>\n<p>\u00a0<\/p>\n<p>Avec des renseignements de Carscoops<\/p>\n<p>Le texte <a rel=\"nofollow\" href=\"https:\/\/annuelauto.ca\/mazda-presente-la-ez-6-electrique-en-chine\/\">Mazda pr\u00e9sente la EZ-6 \u00e9lectrique en Chine<\/a> provient de <a rel=\"nofollow\" href=\"https:\/\/annuelauto.ca\">L&#8217;annuel de l&#8217;automobile &#8211; Actualit\u00e9 automobile<\/a><\/p>\n<p><\/p>\n","protected":false},"excerpt":{"rendered":"<p>La nouvelle berline, qui devrait succ\u00e9der \u00e0 la Mazda6 en Chine, proposera des options enti\u00e8rement \u00e9lectriques et des prolongateurs d&#8217;autonomie. En premi\u00e8re au Salon de l\u2019auto de P\u00e9kin Les photos montrent une berline de taille moyenne avec une silhouette a\u00e9rodynamique et des feux arri\u00e8re \u00e0 DEL sur toute la largeur. Consid\u00e9r\u00e9 comme le successeur potentiel [&hellip;]<\/p>\n","protected":false},"author":8,"featured_media":163529,"comment_status":"close","ping_status":"closed","sticky":false,"template":"","format":"standard","meta":{"_monsterinsights_skip_tracking":false,"_monsterinsights_sitenote_active":false,"_monsterinsights_sitenote_note":"","_monsterinsights_sitenote_category":0,"footnotes":""},"categories":[101],"tags":[],"yoast_head":"<!-- This site is optimized with the Yoast SEO plugin v23.2 - https:\/\/yoast.com\/wordpress\/plugins\/seo\/ -->\n<title>Mazda pr\u00e9sente la EZ-6 \u00e9lectrique en Chine - CanadaMotorJobs.com<\/title>\n<meta name=\"description\" content=\"Mazda pr\u00e9sente la EZ-6 \u00e9lectrique en Chine - Benoit Charette - Annuel automobile - CanadaMotorJobs.com.\" \/>\n<meta name=\"robots\" content=\"index, follow, max-snippet:-1, max-image-preview:large, max-video-preview:-1\" \/>\n<meta property=\"og:locale\" content=\"fr_CA\" \/>\n<meta property=\"og:type\" content=\"article\" \/>\n<meta property=\"og:title\" content=\"Mazda pr\u00e9sente la EZ-6 \u00e9lectrique en Chine - CanadaMotorJobs.com\" \/>\n<meta property=\"og:description\" content=\"Mazda pr\u00e9sente la EZ-6 \u00e9lectrique en Chine - Benoit Charette - Annuel automobile - CanadaMotorJobs.com.\" \/>\n<meta property=\"og:url\" content=\"https:\/\/news.canadamotorjobs.com\/fr\/mazda-presente-la-ez-6-electrique-en-chine\/\" \/>\n<meta property=\"og:site_name\" content=\"CanadaMotorJobs.com\" \/>\n<meta property=\"article:publisher\" content=\"https:\/\/www.facebook.com\/canadamotorjobs\/\" \/>\n<meta property=\"article:published_time\" content=\"2024-04-25T10:46:09+00:00\" \/>\n<meta property=\"article:modified_time\" content=\"2024-04-25T10:46:51+00:00\" \/>\n<meta property=\"og:image\" content=\"https:\/\/news.canadamotorjobs.com\/wp-content\/uploads\/2024\/04\/2025-Mazda-EZ-6-17.jpg\" \/>\n\t<meta property=\"og:image:width\" content=\"1668\" \/>\n\t<meta property=\"og:image:height\" content=\"1112\" \/>\n\t<meta property=\"og:image:type\" content=\"image\/jpeg\" \/>\n<meta name=\"author\" content=\"Benoit Charette\" \/>\n<meta name=\"twitter:card\" content=\"summary_large_image\" \/>\n<meta name=\"twitter:creator\" content=\"@canadamotorjobs\" \/>\n<meta name=\"twitter:site\" content=\"@canadamotorjobs\" \/>\n<meta name=\"twitter:label1\" content=\"\u00c9crit par\" \/>\n\t<meta name=\"twitter:data1\" content=\"Benoit Charette\" \/>\n\t<meta name=\"twitter:label2\" content=\"Estimation du temps de lecture\" \/>\n\t<meta name=\"twitter:data2\" content=\"2 minutes\" \/>\n<!-- \/ Yoast SEO plugin. -->","yoast_head_json":{"title":"Mazda pr\u00e9sente la EZ-6 \u00e9lectrique en Chine - CanadaMotorJobs.com","description":"Mazda pr\u00e9sente la EZ-6 \u00e9lectrique en Chine - Benoit Charette - Annuel automobile - CanadaMotorJobs.com.","robots":{"index":"index","follow":"follow","max-snippet":"max-snippet:-1","max-image-preview":"max-image-preview:large","max-video-preview":"max-video-preview:-1"},"og_locale":"fr_CA","og_type":"article","og_title":"Mazda pr\u00e9sente la EZ-6 \u00e9lectrique en Chine - CanadaMotorJobs.com","og_description":"Mazda pr\u00e9sente la EZ-6 \u00e9lectrique en Chine - Benoit Charette - Annuel automobile - CanadaMotorJobs.com.","og_url":"https:\/\/news.canadamotorjobs.com\/fr\/mazda-presente-la-ez-6-electrique-en-chine\/","og_site_name":"CanadaMotorJobs.com","article_publisher":"https:\/\/www.facebook.com\/canadamotorjobs\/","article_published_time":"2024-04-25T10:46:09+00:00","article_modified_time":"2024-04-25T10:46:51+00:00","og_image":[{"width":1668,"height":1112,"url":"https:\/\/news.canadamotorjobs.com\/wp-content\/uploads\/2024\/04\/2025-Mazda-EZ-6-17.jpg","type":"image\/jpeg"}],"author":"Benoit Charette","twitter_card":"summary_large_image","twitter_creator":"@canadamotorjobs","twitter_site":"@canadamotorjobs","twitter_misc":{"\u00c9crit par":"Benoit Charette","Estimation du temps de lecture":"2 minutes"},"schema":{"@context":"https:\/\/schema.org","@graph":[{"@type":"Article","@id":"https:\/\/news.canadamotorjobs.com\/fr\/mazda-presente-la-ez-6-electrique-en-chine\/#article","isPartOf":{"@id":"https:\/\/news.canadamotorjobs.com\/fr\/mazda-presente-la-ez-6-electrique-en-chine\/"},"author":{"name":"Benoit Charette","@id":"https:\/\/news.canadamotorjobs.com\/#\/schema\/person\/51793d1f87d44011d7bcc2ed99269a90"},"headline":"Mazda pr\u00e9sente la EZ-6 \u00e9lectrique en Chine","datePublished":"2024-04-25T10:46:09+00:00","dateModified":"2024-04-25T10:46:51+00:00","mainEntityOfPage":{"@id":"https:\/\/news.canadamotorjobs.com\/fr\/mazda-presente-la-ez-6-electrique-en-chine\/"},"wordCount":368,"publisher":{"@id":"https:\/\/news.canadamotorjobs.com\/#organization"},"image":{"@id":"https:\/\/news.canadamotorjobs.com\/fr\/mazda-presente-la-ez-6-electrique-en-chine\/#primaryimage"},"thumbnailUrl":"https:\/\/news.canadamotorjobs.com\/wp-content\/uploads\/2024\/04\/2025-Mazda-EZ-6-17.jpg","articleSection":["Annuel automobile"],"inLanguage":"fr-CA"},{"@type":"WebPage","@id":"https:\/\/news.canadamotorjobs.com\/fr\/mazda-presente-la-ez-6-electrique-en-chine\/","url":"https:\/\/news.canadamotorjobs.com\/fr\/mazda-presente-la-ez-6-electrique-en-chine\/","name":"Mazda pr\u00e9sente la EZ-6 \u00e9lectrique en Chine - CanadaMotorJobs.com","isPartOf":{"@id":"https:\/\/news.canadamotorjobs.com\/#website"},"primaryImageOfPage":{"@id":"https:\/\/news.canadamotorjobs.com\/fr\/mazda-presente-la-ez-6-electrique-en-chine\/#primaryimage"},"image":{"@id":"https:\/\/news.canadamotorjobs.com\/fr\/mazda-presente-la-ez-6-electrique-en-chine\/#primaryimage"},"thumbnailUrl":"https:\/\/news.canadamotorjobs.com\/wp-content\/uploads\/2024\/04\/2025-Mazda-EZ-6-17.jpg","datePublished":"2024-04-25T10:46:09+00:00","dateModified":"2024-04-25T10:46:51+00:00","description":"Mazda pr\u00e9sente la EZ-6 \u00e9lectrique en Chine - Benoit Charette - Annuel automobile - CanadaMotorJobs.com.","breadcrumb":{"@id":"https:\/\/news.canadamotorjobs.com\/fr\/mazda-presente-la-ez-6-electrique-en-chine\/#breadcrumb"},"inLanguage":"fr-CA","potentialAction":[{"@type":"ReadAction","target":["https:\/\/news.canadamotorjobs.com\/fr\/mazda-presente-la-ez-6-electrique-en-chine\/"]}]},{"@type":"ImageObject","inLanguage":"fr-CA","@id":"https:\/\/news.canadamotorjobs.com\/fr\/mazda-presente-la-ez-6-electrique-en-chine\/#primaryimage","url":"https:\/\/news.canadamotorjobs.com\/wp-content\/uploads\/2024\/04\/2025-Mazda-EZ-6-17.jpg","contentUrl":"https:\/\/news.canadamotorjobs.com\/wp-content\/uploads\/2024\/04\/2025-Mazda-EZ-6-17.jpg","width":1668,"height":1112},{"@type":"BreadcrumbList","@id":"https:\/\/news.canadamotorjobs.com\/fr\/mazda-presente-la-ez-6-electrique-en-chine\/#breadcrumb","itemListElement":[{"@type":"ListItem","position":1,"name":"Home","item":"https:\/\/news.canadamotorjobs.com\/fr\/blog\/"},{"@type":"ListItem","position":2,"name":"Mazda pr\u00e9sente la EZ-6 \u00e9lectrique en Chine"}]},{"@type":"WebSite","@id":"https:\/\/news.canadamotorjobs.com\/#website","url":"https:\/\/news.canadamotorjobs.com\/","name":"CanadaMotorJobs.com","description":"Automotive Jobs","publisher":{"@id":"https:\/\/news.canadamotorjobs.com\/#organization"},"potentialAction":[{"@type":"SearchAction","target":{"@type":"EntryPoint","urlTemplate":"https:\/\/news.canadamotorjobs.com\/?s={search_term_string}"},"query-input":"required name=search_term_string"}],"inLanguage":"fr-CA"},{"@type":"Organization","@id":"https:\/\/news.canadamotorjobs.com\/#organization","name":"Canada Motor Jobs","url":"https:\/\/news.canadamotorjobs.com\/","logo":{"@type":"ImageObject","inLanguage":"fr-CA","@id":"https:\/\/news.canadamotorjobs.com\/#\/schema\/logo\/image\/","url":"https:\/\/news.canadamotorjobs.com\/wp-content\/uploads\/2022\/10\/logo-canada-motor-jobs-1.png","contentUrl":"https:\/\/news.canadamotorjobs.com\/wp-content\/uploads\/2022\/10\/logo-canada-motor-jobs-1.png","width":800,"height":400,"caption":"Canada Motor Jobs"},"image":{"@id":"https:\/\/news.canadamotorjobs.com\/#\/schema\/logo\/image\/"},"sameAs":["https:\/\/www.facebook.com\/canadamotorjobs\/","https:\/\/x.com\/canadamotorjobs","https:\/\/www.instagram.com\/canadamotorjobs\/","https:\/\/www.linkedin.com\/company\/canadamotorjobs"]},{"@type":"Person","@id":"https:\/\/news.canadamotorjobs.com\/#\/schema\/person\/51793d1f87d44011d7bcc2ed99269a90","name":"Benoit Charette","image":{"@type":"ImageObject","inLanguage":"fr-CA","@id":"https:\/\/news.canadamotorjobs.com\/#\/schema\/person\/image\/","url":"https:\/\/secure.gravatar.com\/avatar\/45f3d2eebcccd909668d7ce7ea7267b6?s=96&d=mm&r=g","contentUrl":"https:\/\/secure.gravatar.com\/avatar\/45f3d2eebcccd909668d7ce7ea7267b6?s=96&d=mm&r=g","caption":"Benoit Charette"},"description":"Benoit Charette \/ Propri\u00e9taire et r\u00e9dacteur en chef Benoit Charette pratique le journalisme automobile depuis bient\u00f4t 30 ans. Il a fait ses classes au c\u00f4t\u00e9 de Daniel H\u00e9raud et au Carnet de route de 1992 \u00e0 2001. Il est fondateur, copropri\u00e9taire et r\u00e9dacteur en chef de L\u2019Annuel de l\u2019automobile, qu\u2019il publie depuis 2001. Il a anim\u00e9 les \u00e9missions RPM et RPM+ sur V et les L\u00e9gendes de la route sur Historia. \u00c0 la radio depuis 1986, il reprend l\u2019antenne cette ann\u00e9e sur les ondes de Cogeco et participe pour la deuxi\u00e8me ann\u00e9e \u00e0 l\u2019\u00e9mission Passion Auto sur RDS en plus de mettre en ligne le site Web officiel de L\u2019Annuel de l\u2019automobile sur annuelauto.ca.","sameAs":["https:\/\/annuelauto.ca\/"],"url":"https:\/\/news.canadamotorjobs.com\/fr\/author\/benoit-charette\/"}]}},"_links":{"self":[{"href":"https:\/\/news.canadamotorjobs.com\/fr\/wp-json\/wp\/v2\/posts\/163527"}],"collection":[{"href":"https:\/\/news.canadamotorjobs.com\/fr\/wp-json\/wp\/v2\/posts"}],"about":[{"href":"https:\/\/news.canadamotorjobs.com\/fr\/wp-json\/wp\/v2\/types\/post"}],"author":[{"embeddable":true,"href":"https:\/\/news.canadamotorjobs.com\/fr\/wp-json\/wp\/v2\/users\/8"}],"replies":[{"embeddable":true,"href":"https:\/\/news.canadamotorjobs.com\/fr\/wp-json\/wp\/v2\/comments?post=163527"}],"version-history":[{"count":2,"href":"https:\/\/news.canadamotorjobs.com\/fr\/wp-json\/wp\/v2\/posts\/163527\/revisions"}],"predecessor-version":[{"id":163531,"href":"https:\/\/news.canadamotorjobs.com\/fr\/wp-json\/wp\/v2\/posts\/163527\/revisions\/163531"}],"wp:featuredmedia":[{"embeddable":true,"href":"https:\/\/news.canadamotorjobs.com\/fr\/wp-json\/wp\/v2\/media\/163529"}],"wp:attachment":[{"href":"https:\/\/news.canadamotorjobs.com\/fr\/wp-json\/wp\/v2\/media?parent=163527"}],"wp:term":[{"taxonomy":"category","embeddable":true,"href":"https:\/\/news.canadamotorjobs.com\/fr\/wp-json\/wp\/v2\/categories?post=163527"},{"taxonomy":"post_tag","embeddable":true,"href":"https:\/\/news.canadamotorjobs.com\/fr\/wp-json\/wp\/v2\/tags?post=163527"}],"curies":[{"name":"wp","href":"https:\/\/api.w.org\/{rel}","templated":true}]}}