{"id":163481,"date":"2024-04-24T13:11:55","date_gmt":"2024-04-24T17:11:55","guid":{"rendered":"https:\/\/news.canadamotorjobs.com\/?p=163481"},"modified":"2024-04-24T13:18:13","modified_gmt":"2024-04-24T17:18:13","slug":"la-nsx-dayrton-senna-est-a-vendre-pour-pres-de-1-m","status":"publish","type":"post","link":"https:\/\/news.canadamotorjobs.com\/fr\/la-nsx-dayrton-senna-est-a-vendre-pour-pres-de-1-m\/","title":{"rendered":"La NSX d\u2019Ayrton Senna est \u00e0 vendre pour pr\u00e8s de 1\u00a0M$"},"content":{"rendered":"<\/p>\n<p>La Honda <a href=\"https:\/\/annuelauto.ca\/la-honda-nsx-pourrait-faire-un-retour-en-modele-electrique\/\" target=\"_blank\" rel=\"noopener noreferrer\">NSX<\/a> 1991 rouge Formula qu\u2019a conduit la l\u00e9gende de la F1 et triple champion du monde, <a href=\"https:\/\/annuelauto.ca\/21-mars-1960-naissance-de-ayrton-senna\/\" target=\"_blank\" rel=\"noopener noreferrer\">Ayrton Senna<\/a> est \u00e0 vendre au Royaume-Uni et Robert McFagan, son propri\u00e9taire, esp\u00e8re en tirer 500\u00a0000\u00a0\u00a3 (environ 850\u00a0000\u00a0$).<\/p>\n<p>Dans le communiqu\u00e9 publi\u00e9 cette semaine par Auto Trader, la plate-forme internet sur laquelle cette biplace est offerte, on apprend que Senna l\u2019a utilis\u00e9e fr\u00e9quemment durant ses s\u00e9jours au Portugal. Des photos prises \u00e0 cette \u00e9poque le montrent d\u2019ailleurs lavant cette voiture.<\/p>\n<p>Dans un blogue consacr\u00e9 \u00e0 cette voiture, McFagan ajoute que cette NSX (un mod\u00e8le vendu en Europe sous la banni\u00e8re Honda plut\u00f4t qu\u2019Acura) \u00e9tait la propri\u00e9t\u00e9 de Honda Portugal et qu\u2019elle est demeur\u00e9e \u00e0 la disposition Senna alors qu\u2019il \u00e9tait associ\u00e9 \u00e0 McLaren, puis \u00e0 Williams.<\/p>\n<p>\u00c0 l\u2019\u00e9poque, lui seul aurait conduit cette voiture qu\u2019on voit d\u2019ailleurs dans le film biographique \u00ab\u00a0<em>Racing is in my Blood<\/em>\u00a0\u00bb de 1992, dans lequel Senna s\u2019amuse \u00e0 la faire patiner.<\/p>\n<p>Senna poss\u00e9dait deux autres NSX\u00a0: une noire qu\u2019il a conduite au Br\u00e9sil et une deuxi\u00e8me NSX noire que lui avait achet\u00e9 Antonio Braga, son g\u00e9rant.<\/p>\n<h3><strong>Achet\u00e9e au Portugal<\/strong><\/h3>\n<p>\nRobert McFagan a fait l\u2019acquisition de la NSX rouge en 2013 du concessionnaire Honda de Faro, au Portugal, lors d&#8217;un voyage. C\u2019est le concessionnaire qui desservait Senna lors de ses s\u00e9jours en Algarve durant les \u00e9preuves europ\u00e9ennes des championnats de F1.<\/p>\n<p>Depuis son acquisition, cette NSX tr\u00f4ne fi\u00e8rement dans le domaine que poss\u00e8de McFagan dans l&#8217;East Sussex. \u00ab\u00a0\u00c9tant moi-m\u00eame un grand passionn\u00e9 de Senna, dit-il, j&#8217;ai \u00e9t\u00e9 ravi de pouvoir mettre la main sur cette voiture. Ce fut un r\u00e9el plaisir de poss\u00e9der ce qui est l\u2019une des voitures les plus c\u00e9l\u00e8bres appartenant \u00e0 une v\u00e9ritable l\u00e9gende sportive et le plaisir de conduire la voiture de Senna ne dispara\u00eet jamais.\u00a0\u00bb<\/p>\n<p>La NSX de Senna est dot\u00e9e du V6 tout aluminium de 3\u00a0L log\u00e9 en position centrale. Ce moteur qui produit 270\u00a0ch et 210\u00a0lb-pi de couple permet d\u2019atteindre une vitesse de pointe d\u2019environ 265\u00a0km\/h, en plus de franchir les 100\u00a0km\/h en 6\u00a0secondes et des poussi\u00e8res.<\/p>\n<h3><strong>De 180 000 $ \u00e0 850 000 $ en 10 ans<\/strong><span style=\"text-decoration: underline\"><strong><br \/>\n<\/strong><\/span><\/h3>\n<p>\nDans son blogue, McFagan affirme que, depuis son acquisition, il a parcouru 13 795 kilom\u00e8tres avec cette NSX. Aujourd&#8217;hui, son odom\u00e8tre affiche 62 900 kilom\u00e8tres. Fait \u00e0 noter, en 2013, le propri\u00e9taire pr\u00e9c\u00e9dent l\u2019offrait sur eBay pour la somme de 180 000 $ !<\/p>\n<p>Rappelons qu\u2019Ayrton Senna est consid\u00e9r\u00e9 comme l\u2019un des plus grands pilotes de tous les temps. Il a domin\u00e9 la sc\u00e8ne de la Formule 1 \u00e0 la fin des ann\u00e9es 80 et au d\u00e9but des ann\u00e9es 90, remportant un total de 41 courses et r\u00e9alisant un tripl\u00e9 de titres mondiaux avec McLaren. <a href=\"https:\/\/annuelauto.ca\/1er-mai-1994-ayrton-senna-trouve-la-mort-au-circuit-dimola\/\" target=\"_blank\" rel=\"noopener noreferrer\">Senna a perdu la vie tragiquement \u00e0 Imola lors du Grand Prix de Saint-Marin<\/a>, le 1er mai 1994.<\/p>\n<p>Dans le cadre du 25e anniversaire du d\u00e9c\u00e8s de Senna, en 2019, cette Honda NSX rouge a \u00e9t\u00e9 transport\u00e9e sur le circuit d&#8217;Imola, en Italie, et conduite par Giancarlo Minardi devant une foule dense.<\/p>\n<p><em>Photos : Robert McFagan<\/em><\/p>\n<p>Le texte <a rel=\"nofollow\" href=\"https:\/\/annuelauto.ca\/la-nsx-dayrton-senna-est-a-vendre-pour-pres-de-1-m\/\">La NSX d\u2019Ayrton Senna est \u00e0 vendre pour pr\u00e8s de 1\u00a0M$<\/a> provient de <a rel=\"nofollow\" href=\"https:\/\/annuelauto.ca\">L&#8217;annuel de l&#8217;automobile &#8211; Actualit\u00e9 automobile<\/a><\/p>\n<p><\/p>\n","protected":false},"excerpt":{"rendered":"<p>La Honda NSX 1991 rouge Formula qu\u2019a conduit la l\u00e9gende de la F1 et triple champion du monde, Ayrton Senna est \u00e0 vendre au Royaume-Uni et Robert McFagan, son propri\u00e9taire, esp\u00e8re en tirer 500\u00a0000\u00a0\u00a3 (environ 850\u00a0000\u00a0$). Dans le communiqu\u00e9 publi\u00e9 cette semaine par Auto Trader, la plate-forme internet sur laquelle cette biplace est offerte, on [&hellip;]<\/p>\n","protected":false},"author":8,"featured_media":163483,"comment_status":"close","ping_status":"closed","sticky":false,"template":"","format":"standard","meta":{"_monsterinsights_skip_tracking":false,"_monsterinsights_sitenote_active":false,"_monsterinsights_sitenote_note":"","_monsterinsights_sitenote_category":0,"footnotes":""},"categories":[101],"tags":[],"yoast_head":"<!-- This site is optimized with the Yoast SEO plugin v23.2 - https:\/\/yoast.com\/wordpress\/plugins\/seo\/ -->\n<title>La NSX d\u2019Ayrton Senna est \u00e0 vendre pour pr\u00e8s de 1\u00a0M$ - CanadaMotorJobs.com<\/title>\n<meta name=\"description\" content=\"La NSX d\u2019Ayrton Senna est \u00e0 vendre pour pr\u00e8s de 1\u00a0M$ - Benoit Charette - Annuel automobile - CanadaMotorJobs.com.\" \/>\n<meta name=\"robots\" content=\"index, follow, max-snippet:-1, max-image-preview:large, max-video-preview:-1\" \/>\n<meta property=\"og:locale\" content=\"fr_CA\" \/>\n<meta property=\"og:type\" content=\"article\" \/>\n<meta property=\"og:title\" content=\"La NSX d\u2019Ayrton Senna est \u00e0 vendre pour pr\u00e8s de 1\u00a0M$ - CanadaMotorJobs.com\" \/>\n<meta property=\"og:description\" content=\"La NSX d\u2019Ayrton Senna est \u00e0 vendre pour pr\u00e8s de 1\u00a0M$ - Benoit Charette - Annuel automobile - CanadaMotorJobs.com.\" \/>\n<meta property=\"og:url\" content=\"https:\/\/news.canadamotorjobs.com\/fr\/la-nsx-dayrton-senna-est-a-vendre-pour-pres-de-1-m\/\" \/>\n<meta property=\"og:site_name\" content=\"CanadaMotorJobs.com\" \/>\n<meta property=\"article:publisher\" content=\"https:\/\/www.facebook.com\/canadamotorjobs\/\" \/>\n<meta property=\"article:published_time\" content=\"2024-04-24T17:11:55+00:00\" \/>\n<meta property=\"article:modified_time\" content=\"2024-04-24T17:18:13+00:00\" \/>\n<meta property=\"og:image\" content=\"https:\/\/news.canadamotorjobs.com\/wp-content\/uploads\/2024\/04\/Honda-NSX-1991-ex-Senna_7.jpg\" \/>\n\t<meta property=\"og:image:width\" content=\"1024\" \/>\n\t<meta property=\"og:image:height\" content=\"683\" \/>\n\t<meta property=\"og:image:type\" content=\"image\/jpeg\" \/>\n<meta name=\"author\" content=\"Benoit Charette\" \/>\n<meta name=\"twitter:card\" content=\"summary_large_image\" \/>\n<meta name=\"twitter:creator\" content=\"@canadamotorjobs\" \/>\n<meta name=\"twitter:site\" content=\"@canadamotorjobs\" \/>\n<meta name=\"twitter:label1\" content=\"\u00c9crit par\" \/>\n\t<meta name=\"twitter:data1\" content=\"Benoit Charette\" \/>\n\t<meta name=\"twitter:label2\" content=\"Estimation du temps de lecture\" \/>\n\t<meta name=\"twitter:data2\" content=\"3 minutes\" \/>\n<!-- \/ Yoast SEO plugin. -->","yoast_head_json":{"title":"La NSX d\u2019Ayrton Senna est \u00e0 vendre pour pr\u00e8s de 1\u00a0M$ - CanadaMotorJobs.com","description":"La NSX d\u2019Ayrton Senna est \u00e0 vendre pour pr\u00e8s de 1\u00a0M$ - Benoit Charette - Annuel automobile - CanadaMotorJobs.com.","robots":{"index":"index","follow":"follow","max-snippet":"max-snippet:-1","max-image-preview":"max-image-preview:large","max-video-preview":"max-video-preview:-1"},"og_locale":"fr_CA","og_type":"article","og_title":"La NSX d\u2019Ayrton Senna est \u00e0 vendre pour pr\u00e8s de 1\u00a0M$ - CanadaMotorJobs.com","og_description":"La NSX d\u2019Ayrton Senna est \u00e0 vendre pour pr\u00e8s de 1\u00a0M$ - Benoit Charette - Annuel automobile - CanadaMotorJobs.com.","og_url":"https:\/\/news.canadamotorjobs.com\/fr\/la-nsx-dayrton-senna-est-a-vendre-pour-pres-de-1-m\/","og_site_name":"CanadaMotorJobs.com","article_publisher":"https:\/\/www.facebook.com\/canadamotorjobs\/","article_published_time":"2024-04-24T17:11:55+00:00","article_modified_time":"2024-04-24T17:18:13+00:00","og_image":[{"width":1024,"height":683,"url":"https:\/\/news.canadamotorjobs.com\/wp-content\/uploads\/2024\/04\/Honda-NSX-1991-ex-Senna_7.jpg","type":"image\/jpeg"}],"author":"Benoit Charette","twitter_card":"summary_large_image","twitter_creator":"@canadamotorjobs","twitter_site":"@canadamotorjobs","twitter_misc":{"\u00c9crit par":"Benoit Charette","Estimation du temps de lecture":"3 minutes"},"schema":{"@context":"https:\/\/schema.org","@graph":[{"@type":"Article","@id":"https:\/\/news.canadamotorjobs.com\/fr\/la-nsx-dayrton-senna-est-a-vendre-pour-pres-de-1-m\/#article","isPartOf":{"@id":"https:\/\/news.canadamotorjobs.com\/fr\/la-nsx-dayrton-senna-est-a-vendre-pour-pres-de-1-m\/"},"author":{"name":"Benoit Charette","@id":"https:\/\/news.canadamotorjobs.com\/#\/schema\/person\/51793d1f87d44011d7bcc2ed99269a90"},"headline":"La NSX d\u2019Ayrton Senna est \u00e0 vendre pour pr\u00e8s de 1\u00a0M$","datePublished":"2024-04-24T17:11:55+00:00","dateModified":"2024-04-24T17:18:13+00:00","mainEntityOfPage":{"@id":"https:\/\/news.canadamotorjobs.com\/fr\/la-nsx-dayrton-senna-est-a-vendre-pour-pres-de-1-m\/"},"wordCount":565,"publisher":{"@id":"https:\/\/news.canadamotorjobs.com\/#organization"},"image":{"@id":"https:\/\/news.canadamotorjobs.com\/fr\/la-nsx-dayrton-senna-est-a-vendre-pour-pres-de-1-m\/#primaryimage"},"thumbnailUrl":"https:\/\/news.canadamotorjobs.com\/wp-content\/uploads\/2024\/04\/Honda-NSX-1991-ex-Senna_7.jpg","articleSection":["Annuel automobile"],"inLanguage":"fr-CA"},{"@type":"WebPage","@id":"https:\/\/news.canadamotorjobs.com\/fr\/la-nsx-dayrton-senna-est-a-vendre-pour-pres-de-1-m\/","url":"https:\/\/news.canadamotorjobs.com\/fr\/la-nsx-dayrton-senna-est-a-vendre-pour-pres-de-1-m\/","name":"La NSX d\u2019Ayrton Senna est \u00e0 vendre pour pr\u00e8s de 1\u00a0M$ - CanadaMotorJobs.com","isPartOf":{"@id":"https:\/\/news.canadamotorjobs.com\/#website"},"primaryImageOfPage":{"@id":"https:\/\/news.canadamotorjobs.com\/fr\/la-nsx-dayrton-senna-est-a-vendre-pour-pres-de-1-m\/#primaryimage"},"image":{"@id":"https:\/\/news.canadamotorjobs.com\/fr\/la-nsx-dayrton-senna-est-a-vendre-pour-pres-de-1-m\/#primaryimage"},"thumbnailUrl":"https:\/\/news.canadamotorjobs.com\/wp-content\/uploads\/2024\/04\/Honda-NSX-1991-ex-Senna_7.jpg","datePublished":"2024-04-24T17:11:55+00:00","dateModified":"2024-04-24T17:18:13+00:00","description":"La NSX d\u2019Ayrton Senna est \u00e0 vendre pour pr\u00e8s de 1\u00a0M$ - Benoit Charette - Annuel automobile - CanadaMotorJobs.com.","breadcrumb":{"@id":"https:\/\/news.canadamotorjobs.com\/fr\/la-nsx-dayrton-senna-est-a-vendre-pour-pres-de-1-m\/#breadcrumb"},"inLanguage":"fr-CA","potentialAction":[{"@type":"ReadAction","target":["https:\/\/news.canadamotorjobs.com\/fr\/la-nsx-dayrton-senna-est-a-vendre-pour-pres-de-1-m\/"]}]},{"@type":"ImageObject","inLanguage":"fr-CA","@id":"https:\/\/news.canadamotorjobs.com\/fr\/la-nsx-dayrton-senna-est-a-vendre-pour-pres-de-1-m\/#primaryimage","url":"https:\/\/news.canadamotorjobs.com\/wp-content\/uploads\/2024\/04\/Honda-NSX-1991-ex-Senna_7.jpg","contentUrl":"https:\/\/news.canadamotorjobs.com\/wp-content\/uploads\/2024\/04\/Honda-NSX-1991-ex-Senna_7.jpg","width":1024,"height":683},{"@type":"BreadcrumbList","@id":"https:\/\/news.canadamotorjobs.com\/fr\/la-nsx-dayrton-senna-est-a-vendre-pour-pres-de-1-m\/#breadcrumb","itemListElement":[{"@type":"ListItem","position":1,"name":"Home","item":"https:\/\/news.canadamotorjobs.com\/fr\/blog\/"},{"@type":"ListItem","position":2,"name":"La NSX d\u2019Ayrton Senna est \u00e0 vendre pour pr\u00e8s de 1\u00a0M$"}]},{"@type":"WebSite","@id":"https:\/\/news.canadamotorjobs.com\/#website","url":"https:\/\/news.canadamotorjobs.com\/","name":"CanadaMotorJobs.com","description":"Automotive Jobs","publisher":{"@id":"https:\/\/news.canadamotorjobs.com\/#organization"},"potentialAction":[{"@type":"SearchAction","target":{"@type":"EntryPoint","urlTemplate":"https:\/\/news.canadamotorjobs.com\/?s={search_term_string}"},"query-input":"required name=search_term_string"}],"inLanguage":"fr-CA"},{"@type":"Organization","@id":"https:\/\/news.canadamotorjobs.com\/#organization","name":"Canada Motor Jobs","url":"https:\/\/news.canadamotorjobs.com\/","logo":{"@type":"ImageObject","inLanguage":"fr-CA","@id":"https:\/\/news.canadamotorjobs.com\/#\/schema\/logo\/image\/","url":"https:\/\/news.canadamotorjobs.com\/wp-content\/uploads\/2022\/10\/logo-canada-motor-jobs-1.png","contentUrl":"https:\/\/news.canadamotorjobs.com\/wp-content\/uploads\/2022\/10\/logo-canada-motor-jobs-1.png","width":800,"height":400,"caption":"Canada Motor Jobs"},"image":{"@id":"https:\/\/news.canadamotorjobs.com\/#\/schema\/logo\/image\/"},"sameAs":["https:\/\/www.facebook.com\/canadamotorjobs\/","https:\/\/x.com\/canadamotorjobs","https:\/\/www.instagram.com\/canadamotorjobs\/","https:\/\/www.linkedin.com\/company\/canadamotorjobs"]},{"@type":"Person","@id":"https:\/\/news.canadamotorjobs.com\/#\/schema\/person\/51793d1f87d44011d7bcc2ed99269a90","name":"Benoit Charette","image":{"@type":"ImageObject","inLanguage":"fr-CA","@id":"https:\/\/news.canadamotorjobs.com\/#\/schema\/person\/image\/","url":"https:\/\/secure.gravatar.com\/avatar\/45f3d2eebcccd909668d7ce7ea7267b6?s=96&d=mm&r=g","contentUrl":"https:\/\/secure.gravatar.com\/avatar\/45f3d2eebcccd909668d7ce7ea7267b6?s=96&d=mm&r=g","caption":"Benoit Charette"},"description":"Benoit Charette \/ Propri\u00e9taire et r\u00e9dacteur en chef Benoit Charette pratique le journalisme automobile depuis bient\u00f4t 30 ans. Il a fait ses classes au c\u00f4t\u00e9 de Daniel H\u00e9raud et au Carnet de route de 1992 \u00e0 2001. Il est fondateur, copropri\u00e9taire et r\u00e9dacteur en chef de L\u2019Annuel de l\u2019automobile, qu\u2019il publie depuis 2001. Il a anim\u00e9 les \u00e9missions RPM et RPM+ sur V et les L\u00e9gendes de la route sur Historia. \u00c0 la radio depuis 1986, il reprend l\u2019antenne cette ann\u00e9e sur les ondes de Cogeco et participe pour la deuxi\u00e8me ann\u00e9e \u00e0 l\u2019\u00e9mission Passion Auto sur RDS en plus de mettre en ligne le site Web officiel de L\u2019Annuel de l\u2019automobile sur annuelauto.ca.","sameAs":["https:\/\/annuelauto.ca\/"],"url":"https:\/\/news.canadamotorjobs.com\/fr\/author\/benoit-charette\/"}]}},"_links":{"self":[{"href":"https:\/\/news.canadamotorjobs.com\/fr\/wp-json\/wp\/v2\/posts\/163481"}],"collection":[{"href":"https:\/\/news.canadamotorjobs.com\/fr\/wp-json\/wp\/v2\/posts"}],"about":[{"href":"https:\/\/news.canadamotorjobs.com\/fr\/wp-json\/wp\/v2\/types\/post"}],"author":[{"embeddable":true,"href":"https:\/\/news.canadamotorjobs.com\/fr\/wp-json\/wp\/v2\/users\/8"}],"replies":[{"embeddable":true,"href":"https:\/\/news.canadamotorjobs.com\/fr\/wp-json\/wp\/v2\/comments?post=163481"}],"version-history":[{"count":2,"href":"https:\/\/news.canadamotorjobs.com\/fr\/wp-json\/wp\/v2\/posts\/163481\/revisions"}],"predecessor-version":[{"id":163485,"href":"https:\/\/news.canadamotorjobs.com\/fr\/wp-json\/wp\/v2\/posts\/163481\/revisions\/163485"}],"wp:featuredmedia":[{"embeddable":true,"href":"https:\/\/news.canadamotorjobs.com\/fr\/wp-json\/wp\/v2\/media\/163483"}],"wp:attachment":[{"href":"https:\/\/news.canadamotorjobs.com\/fr\/wp-json\/wp\/v2\/media?parent=163481"}],"wp:term":[{"taxonomy":"category","embeddable":true,"href":"https:\/\/news.canadamotorjobs.com\/fr\/wp-json\/wp\/v2\/categories?post=163481"},{"taxonomy":"post_tag","embeddable":true,"href":"https:\/\/news.canadamotorjobs.com\/fr\/wp-json\/wp\/v2\/tags?post=163481"}],"curies":[{"name":"wp","href":"https:\/\/api.w.org\/{rel}","templated":true}]}}