{"id":163435,"date":"2024-04-24T07:12:18","date_gmt":"2024-04-24T11:12:18","guid":{"rendered":"https:\/\/news.canadamotorjobs.com\/?p=163435"},"modified":"2024-04-24T07:15:00","modified_gmt":"2024-04-24T11:15:00","slug":"dodge-hornet-vhr","status":"publish","type":"post","link":"https:\/\/news.canadamotorjobs.com\/fr\/dodge-hornet-vhr\/","title":{"rendered":"Dodge Hornet VHR"},"content":{"rendered":"<\/p>\n<p>\u00c7a y est. Dodge a enfin son premier v\u00e9hicule \u00e9lectrique. Le Hornet VHR est une version hybride rechargeable (d\u2019o\u00f9 le \u00abVHR\u00bb) du petit Hornet, qui est \u00e0 mi-chemin entre une familiale compacte et un VUS. C\u2019est la grande nouveaut\u00e9 de cette ann\u00e9e pour ce mod\u00e8le, et il vient en prime avec un badge R\/T, g\u00e9n\u00e9ralement r\u00e9serv\u00e9 aux versions les plus dynamiques des v\u00e9hicules de la marque Dodge.<\/p>\n<p>Dodge appelle son Hornet un \u00ab\u00a0v\u00e9hicule \u00e9lectrifi\u00e9\u00a0\u00bb pour jouer un peu sur les mots et attirer ceux qui pensaient que le groupe Chrysler avait un peu abandonn\u00e9 sa marque la plus bas de gamme. Parce que jusqu\u2019\u00e0 tout r\u00e9cemment, on ne donnait pas cher \u2013\u00a0au propre comme au figur\u00e9 \u2013 pour la marque Dodge. Dans les tribulations qui ont men\u00e9 au rachat du groupe Fiat-Chrysler par Peugeot-Citro\u00ebn, pour former le groupe Stellantis, il y a eu des rumeurs qu\u2019on ne garderait que les marques Jeep et Ram, puis on a ajout\u00e9 la marque Chrysler, et finalement, on a aussi gard\u00e9 la marque Dodge.<\/p>\n<p>L\u00e0, Dodge a son Hornet branchable, et elle aura aussi le Charger BEV plus tard cette ann\u00e9e, qui est pr\u00e9sent\u00e9 comme le premier muscle car \u00e9lectrique de l\u2019histoire de l\u2019automobile. C\u2019est pas rien.<\/p>\n<p>Et si on se fie au Hornet VHR R\/T, \u00e7a promet d\u2019\u00eatre un v\u00e9hicule assez polarisant, merci. Le Hornet est anim\u00e9 par un moteur turbo de 1,3 litre qui est jumel\u00e9 \u00e0 un moteur \u00e9lectrique bon pour 50 km d\u2019autonomie par charge. Les deux ensemble, ils produisent une puissance de 285 chevaux et un couple de 383 livres-pied.<\/p>\n<p>En principe, c\u2019est une assez bonne puissance. Mais comme on a souvent surtout le moteur \u00e9lectrique, on ne l\u2019utilise pas si souvent. Le moteur \u00e9lectrique \u00e0 lui seul fait l\u2019\u00e9quivalent de 120 chevaux (90 kW). Et quand on utilise les deux moteurs, le v\u00e9hicule ne sait pas sur quel pied danser. C\u2019est peut-\u00eatre la faute \u00e0 la bo\u00eete de transmission \u00e0 six rapports, qui a elle-m\u00eame de la mis\u00e8re \u00e0 tomber sur le bon rapport au bon moment. \u00c7a cr\u00e9e un flou dans la conduite, quand on a besoin d\u2019acc\u00e9l\u00e9rer, pour d\u00e9passer sur l\u2019autoroute, par exemple.<\/p>\n<p>En fait, le Hornet VHR est tout saut un v\u00e9hicule sportif. Pour \u00e7a, il faut vraiment aller voir du c\u00f4t\u00e9 du Tonale, chez Alfa Romeo. On en reparlera de celui-l\u00e0. Le Hornet a une suspension qui n\u2019est pas calibr\u00e9e pour bien prendre en charge tout le poids de ses deux m\u00e9caniques.<\/p>\n<p>Il est lourd, il freine parfois un peu paresseusement et il a tendance \u00e0 prendre les virages comme un Dodge d\u2019il y a 25 ans. \u00c7a tangue beaucoup, et \u00e7a sous-vire en masse.<\/p>\n<p>C\u2019est dommage, car quand on le conduit au quotidien, le Hornet est un hybride branchable \u00e9tonnamment plaisant. 50 km par charge, ce n\u2019est pas beaucoup, mais \u00e7a se recharge quand m\u00eame assez vite, et durant mon essai, j\u2019ai r\u00e9ussi \u00e0 maintenir une consommation moyenne de 1,6 litre aux 100 kilom\u00e8tres, en le branchant le plus souvent possible. Sur la semaine, \u00e7a m\u2019a co\u00fbt\u00e9 7$ en recharge sur les bornes du Circuit \u00e9lectrique, et 16$ d\u2019essence \u00e0 la pompe.<\/p>\n<p>Il y a une journ\u00e9e l\u00e0-dedans o\u00f9 je n\u2019ai pas pu me brancher, et durant cette journ\u00e9e-l\u00e0, la consommation a grimp\u00e9 \u00e0 8,5 l\/100 km. Ce qui ferait du Hornet un hybride tr\u00e8s normal, de ce c\u00f4t\u00e9-l\u00e0. On recommande donc de le brancher le plus souvent possible.<\/p>\n<p>\u00c0 l\u2019int\u00e9rieur, on n\u2019a pas l\u2019impression d\u2019\u00eatre dans un v\u00e9hicule Dodge. De l\u2019ext\u00e9trieur aussi, en fait. Le R\/T a droit \u00e0 un logo \u00e0 deux diagonales rouges, plut\u00f4t qu\u2019au logo Dodge classique, et \u00e7a attire le regard de bien des gens qui n\u2019ach\u00e8teraient pas un Dodge.<\/p>\n<p>\u00c0 bord, les commandes sont nombreuses, et l\u2019ergonomie m\u2019appara\u00eet excellente, \u00e0 part deux d\u00e9tails. La commande des essuie-glace est mal configur\u00e9e, et au d\u00e9but, on ne comprend pas trop comment op\u00e9rer l\u2019essuie-glace arri\u00e8re. Et Dodge a laiss\u00e9 trop peu d\u2019espace entre la p\u00e9dale de frein et l\u2019acc\u00e9l\u00e9rateur, si bien qu\u2019on accroche souvent les deux p\u00e9dales sans le vouloir.<\/p>\n<p>Ce sont des d\u00e9tails, cela dit. Dodge n\u2019a pas \u00e0 \u00eatre g\u00ean\u00e9e d\u2019offrir le Hornet en version hybride branchable. Il a seulement le malheur de co\u00fbter 49\u00a0000 $ apr\u00e8s rabais, ce qui est un peu cher pour ce mod\u00e8le, mais en m\u00eame temps, tous les hybrides rechargeables co\u00fbtent cher.<\/p>\n<p>Si celui-l\u00e0 pouvait co\u00fbter un peu moins cher, ce serait un sacr\u00e9 bon coup. Il donne h\u00e2te de voir la Charger BEV, en tout cas\u2026<\/p>\n<p>\u00a0<\/p>\n<p>\u00a0<\/p>\n<p>-30-<\/p>\n<p>Le texte <a rel=\"nofollow\" href=\"https:\/\/annuelauto.ca\/dodge-hornet-vhr\/\">Dodge Hornet VHR<\/a> provient de <a rel=\"nofollow\" href=\"https:\/\/annuelauto.ca\">L&#8217;annuel de l&#8217;automobile &#8211; Actualit\u00e9 automobile<\/a><\/p>\n<p><\/p>\n","protected":false},"excerpt":{"rendered":"<p>\u00c7a y est. Dodge a enfin son premier v\u00e9hicule \u00e9lectrique. Le Hornet VHR est une version hybride rechargeable (d\u2019o\u00f9 le \u00abVHR\u00bb) du petit Hornet, qui est \u00e0 mi-chemin entre une familiale compacte et un VUS. C\u2019est la grande nouveaut\u00e9 de cette ann\u00e9e pour ce mod\u00e8le, et il vient en prime avec un badge R\/T, g\u00e9n\u00e9ralement [&hellip;]<\/p>\n","protected":false},"author":8,"featured_media":163437,"comment_status":"close","ping_status":"closed","sticky":false,"template":"","format":"standard","meta":{"_monsterinsights_skip_tracking":false,"_monsterinsights_sitenote_active":false,"_monsterinsights_sitenote_note":"","_monsterinsights_sitenote_category":0,"footnotes":""},"categories":[101],"tags":[],"yoast_head":"<!-- This site is optimized with the Yoast SEO plugin v23.2 - https:\/\/yoast.com\/wordpress\/plugins\/seo\/ -->\n<title>Dodge Hornet VHR - CanadaMotorJobs.com<\/title>\n<meta name=\"description\" content=\"Dodge Hornet VHR - Benoit Charette - Annuel automobile - CanadaMotorJobs.com.\" \/>\n<meta name=\"robots\" content=\"index, follow, max-snippet:-1, max-image-preview:large, max-video-preview:-1\" \/>\n<meta property=\"og:locale\" content=\"fr_CA\" \/>\n<meta property=\"og:type\" content=\"article\" \/>\n<meta property=\"og:title\" content=\"Dodge Hornet VHR - CanadaMotorJobs.com\" \/>\n<meta property=\"og:description\" content=\"Dodge Hornet VHR - Benoit Charette - Annuel automobile - CanadaMotorJobs.com.\" \/>\n<meta property=\"og:url\" content=\"https:\/\/news.canadamotorjobs.com\/fr\/dodge-hornet-vhr\/\" \/>\n<meta property=\"og:site_name\" content=\"CanadaMotorJobs.com\" \/>\n<meta property=\"article:publisher\" content=\"https:\/\/www.facebook.com\/canadamotorjobs\/\" \/>\n<meta property=\"article:published_time\" content=\"2024-04-24T11:12:18+00:00\" \/>\n<meta property=\"article:modified_time\" content=\"2024-04-24T11:15:00+00:00\" \/>\n<meta property=\"og:image\" content=\"https:\/\/news.canadamotorjobs.com\/wp-content\/uploads\/2024\/04\/DG024_004HN.jpg\" \/>\n\t<meta property=\"og:image:width\" content=\"1423\" \/>\n\t<meta property=\"og:image:height\" content=\"800\" \/>\n\t<meta property=\"og:image:type\" content=\"image\/jpeg\" \/>\n<meta name=\"author\" content=\"Benoit Charette\" \/>\n<meta name=\"twitter:card\" content=\"summary_large_image\" \/>\n<meta name=\"twitter:creator\" content=\"@canadamotorjobs\" \/>\n<meta name=\"twitter:site\" content=\"@canadamotorjobs\" \/>\n<meta name=\"twitter:label1\" content=\"\u00c9crit par\" \/>\n\t<meta name=\"twitter:data1\" content=\"Benoit Charette\" \/>\n\t<meta name=\"twitter:label2\" content=\"Estimation du temps de lecture\" \/>\n\t<meta name=\"twitter:data2\" content=\"4 minutes\" \/>\n<!-- \/ Yoast SEO plugin. -->","yoast_head_json":{"title":"Dodge Hornet VHR - CanadaMotorJobs.com","description":"Dodge Hornet VHR - Benoit Charette - Annuel automobile - CanadaMotorJobs.com.","robots":{"index":"index","follow":"follow","max-snippet":"max-snippet:-1","max-image-preview":"max-image-preview:large","max-video-preview":"max-video-preview:-1"},"og_locale":"fr_CA","og_type":"article","og_title":"Dodge Hornet VHR - CanadaMotorJobs.com","og_description":"Dodge Hornet VHR - Benoit Charette - Annuel automobile - CanadaMotorJobs.com.","og_url":"https:\/\/news.canadamotorjobs.com\/fr\/dodge-hornet-vhr\/","og_site_name":"CanadaMotorJobs.com","article_publisher":"https:\/\/www.facebook.com\/canadamotorjobs\/","article_published_time":"2024-04-24T11:12:18+00:00","article_modified_time":"2024-04-24T11:15:00+00:00","og_image":[{"width":1423,"height":800,"url":"https:\/\/news.canadamotorjobs.com\/wp-content\/uploads\/2024\/04\/DG024_004HN.jpg","type":"image\/jpeg"}],"author":"Benoit Charette","twitter_card":"summary_large_image","twitter_creator":"@canadamotorjobs","twitter_site":"@canadamotorjobs","twitter_misc":{"\u00c9crit par":"Benoit Charette","Estimation du temps de lecture":"4 minutes"},"schema":{"@context":"https:\/\/schema.org","@graph":[{"@type":"Article","@id":"https:\/\/news.canadamotorjobs.com\/fr\/dodge-hornet-vhr\/#article","isPartOf":{"@id":"https:\/\/news.canadamotorjobs.com\/fr\/dodge-hornet-vhr\/"},"author":{"name":"Benoit Charette","@id":"https:\/\/news.canadamotorjobs.com\/#\/schema\/person\/51793d1f87d44011d7bcc2ed99269a90"},"headline":"Dodge Hornet VHR","datePublished":"2024-04-24T11:12:18+00:00","dateModified":"2024-04-24T11:15:00+00:00","mainEntityOfPage":{"@id":"https:\/\/news.canadamotorjobs.com\/fr\/dodge-hornet-vhr\/"},"wordCount":832,"publisher":{"@id":"https:\/\/news.canadamotorjobs.com\/#organization"},"image":{"@id":"https:\/\/news.canadamotorjobs.com\/fr\/dodge-hornet-vhr\/#primaryimage"},"thumbnailUrl":"https:\/\/news.canadamotorjobs.com\/wp-content\/uploads\/2024\/04\/DG024_004HN.jpg","articleSection":["Annuel automobile"],"inLanguage":"fr-CA"},{"@type":"WebPage","@id":"https:\/\/news.canadamotorjobs.com\/fr\/dodge-hornet-vhr\/","url":"https:\/\/news.canadamotorjobs.com\/fr\/dodge-hornet-vhr\/","name":"Dodge Hornet VHR - CanadaMotorJobs.com","isPartOf":{"@id":"https:\/\/news.canadamotorjobs.com\/#website"},"primaryImageOfPage":{"@id":"https:\/\/news.canadamotorjobs.com\/fr\/dodge-hornet-vhr\/#primaryimage"},"image":{"@id":"https:\/\/news.canadamotorjobs.com\/fr\/dodge-hornet-vhr\/#primaryimage"},"thumbnailUrl":"https:\/\/news.canadamotorjobs.com\/wp-content\/uploads\/2024\/04\/DG024_004HN.jpg","datePublished":"2024-04-24T11:12:18+00:00","dateModified":"2024-04-24T11:15:00+00:00","description":"Dodge Hornet VHR - Benoit Charette - Annuel automobile - CanadaMotorJobs.com.","breadcrumb":{"@id":"https:\/\/news.canadamotorjobs.com\/fr\/dodge-hornet-vhr\/#breadcrumb"},"inLanguage":"fr-CA","potentialAction":[{"@type":"ReadAction","target":["https:\/\/news.canadamotorjobs.com\/fr\/dodge-hornet-vhr\/"]}]},{"@type":"ImageObject","inLanguage":"fr-CA","@id":"https:\/\/news.canadamotorjobs.com\/fr\/dodge-hornet-vhr\/#primaryimage","url":"https:\/\/news.canadamotorjobs.com\/wp-content\/uploads\/2024\/04\/DG024_004HN.jpg","contentUrl":"https:\/\/news.canadamotorjobs.com\/wp-content\/uploads\/2024\/04\/DG024_004HN.jpg","width":1423,"height":800},{"@type":"BreadcrumbList","@id":"https:\/\/news.canadamotorjobs.com\/fr\/dodge-hornet-vhr\/#breadcrumb","itemListElement":[{"@type":"ListItem","position":1,"name":"Home","item":"https:\/\/news.canadamotorjobs.com\/fr\/blog\/"},{"@type":"ListItem","position":2,"name":"Dodge Hornet VHR"}]},{"@type":"WebSite","@id":"https:\/\/news.canadamotorjobs.com\/#website","url":"https:\/\/news.canadamotorjobs.com\/","name":"CanadaMotorJobs.com","description":"Automotive Jobs","publisher":{"@id":"https:\/\/news.canadamotorjobs.com\/#organization"},"potentialAction":[{"@type":"SearchAction","target":{"@type":"EntryPoint","urlTemplate":"https:\/\/news.canadamotorjobs.com\/?s={search_term_string}"},"query-input":"required name=search_term_string"}],"inLanguage":"fr-CA"},{"@type":"Organization","@id":"https:\/\/news.canadamotorjobs.com\/#organization","name":"Canada Motor Jobs","url":"https:\/\/news.canadamotorjobs.com\/","logo":{"@type":"ImageObject","inLanguage":"fr-CA","@id":"https:\/\/news.canadamotorjobs.com\/#\/schema\/logo\/image\/","url":"https:\/\/news.canadamotorjobs.com\/wp-content\/uploads\/2022\/10\/logo-canada-motor-jobs-1.png","contentUrl":"https:\/\/news.canadamotorjobs.com\/wp-content\/uploads\/2022\/10\/logo-canada-motor-jobs-1.png","width":800,"height":400,"caption":"Canada Motor Jobs"},"image":{"@id":"https:\/\/news.canadamotorjobs.com\/#\/schema\/logo\/image\/"},"sameAs":["https:\/\/www.facebook.com\/canadamotorjobs\/","https:\/\/x.com\/canadamotorjobs","https:\/\/www.instagram.com\/canadamotorjobs\/","https:\/\/www.linkedin.com\/company\/canadamotorjobs"]},{"@type":"Person","@id":"https:\/\/news.canadamotorjobs.com\/#\/schema\/person\/51793d1f87d44011d7bcc2ed99269a90","name":"Benoit Charette","image":{"@type":"ImageObject","inLanguage":"fr-CA","@id":"https:\/\/news.canadamotorjobs.com\/#\/schema\/person\/image\/","url":"https:\/\/secure.gravatar.com\/avatar\/45f3d2eebcccd909668d7ce7ea7267b6?s=96&d=mm&r=g","contentUrl":"https:\/\/secure.gravatar.com\/avatar\/45f3d2eebcccd909668d7ce7ea7267b6?s=96&d=mm&r=g","caption":"Benoit Charette"},"description":"Benoit Charette \/ Propri\u00e9taire et r\u00e9dacteur en chef Benoit Charette pratique le journalisme automobile depuis bient\u00f4t 30 ans. Il a fait ses classes au c\u00f4t\u00e9 de Daniel H\u00e9raud et au Carnet de route de 1992 \u00e0 2001. Il est fondateur, copropri\u00e9taire et r\u00e9dacteur en chef de L\u2019Annuel de l\u2019automobile, qu\u2019il publie depuis 2001. Il a anim\u00e9 les \u00e9missions RPM et RPM+ sur V et les L\u00e9gendes de la route sur Historia. \u00c0 la radio depuis 1986, il reprend l\u2019antenne cette ann\u00e9e sur les ondes de Cogeco et participe pour la deuxi\u00e8me ann\u00e9e \u00e0 l\u2019\u00e9mission Passion Auto sur RDS en plus de mettre en ligne le site Web officiel de L\u2019Annuel de l\u2019automobile sur annuelauto.ca.","sameAs":["https:\/\/annuelauto.ca\/"],"url":"https:\/\/news.canadamotorjobs.com\/fr\/author\/benoit-charette\/"}]}},"_links":{"self":[{"href":"https:\/\/news.canadamotorjobs.com\/fr\/wp-json\/wp\/v2\/posts\/163435"}],"collection":[{"href":"https:\/\/news.canadamotorjobs.com\/fr\/wp-json\/wp\/v2\/posts"}],"about":[{"href":"https:\/\/news.canadamotorjobs.com\/fr\/wp-json\/wp\/v2\/types\/post"}],"author":[{"embeddable":true,"href":"https:\/\/news.canadamotorjobs.com\/fr\/wp-json\/wp\/v2\/users\/8"}],"replies":[{"embeddable":true,"href":"https:\/\/news.canadamotorjobs.com\/fr\/wp-json\/wp\/v2\/comments?post=163435"}],"version-history":[{"count":2,"href":"https:\/\/news.canadamotorjobs.com\/fr\/wp-json\/wp\/v2\/posts\/163435\/revisions"}],"predecessor-version":[{"id":163439,"href":"https:\/\/news.canadamotorjobs.com\/fr\/wp-json\/wp\/v2\/posts\/163435\/revisions\/163439"}],"wp:featuredmedia":[{"embeddable":true,"href":"https:\/\/news.canadamotorjobs.com\/fr\/wp-json\/wp\/v2\/media\/163437"}],"wp:attachment":[{"href":"https:\/\/news.canadamotorjobs.com\/fr\/wp-json\/wp\/v2\/media?parent=163435"}],"wp:term":[{"taxonomy":"category","embeddable":true,"href":"https:\/\/news.canadamotorjobs.com\/fr\/wp-json\/wp\/v2\/categories?post=163435"},{"taxonomy":"post_tag","embeddable":true,"href":"https:\/\/news.canadamotorjobs.com\/fr\/wp-json\/wp\/v2\/tags?post=163435"}],"curies":[{"name":"wp","href":"https:\/\/api.w.org\/{rel}","templated":true}]}}