{"id":163416,"date":"2024-04-24T06:58:47","date_gmt":"2024-04-24T10:58:47","guid":{"rendered":"https:\/\/news.canadamotorjobs.com\/?p=163416"},"modified":"2024-04-24T06:59:24","modified_gmt":"2024-04-24T10:59:24","slug":"yokohama-a-lassaut-de-lamerique-du-nord","status":"publish","type":"post","link":"https:\/\/news.canadamotorjobs.com\/fr\/yokohama-a-lassaut-de-lamerique-du-nord\/","title":{"rendered":"Yokohama \u00e0 l\u2019assaut de l\u2019Am\u00e9rique du Nord"},"content":{"rendered":"<\/p>\n<p>\u00c7a bouge dans le monde du pneu\u2026 Yokohama a inaugur\u00e9 plus t\u00f4t cette semaine une nouvelle usine au Mexique, gr\u00e2ce \u00e0 laquelle la marque japonaise pourra produire des pneus destin\u00e9s exclusivement pour le march\u00e9 nord-am\u00e9ricain. La production au Mexique \u00e9vite des taxes \u00e0 l\u2019importation qui rendront plus abordables ses pneus, aussi.<\/p>\n<p>Pour Yokohama, \u00e7a permettra de mieux r\u00e9pondre aux besoins du march\u00e9 nord-am\u00e9ricain. Par exemple, l\u2019hiver dernier, la marque a mis en march\u00e9 des nouveaux pneus con\u00e7us expr\u00e8s pour les v\u00e9hicules \u00e9lectriques. \u00c7a peut sembler anodin, mais le poids \u00e9lev\u00e9, l\u2019acc\u00e9l\u00e9ration brusque et les freinages fr\u00e9quents d\u2019un v\u00e9hicule \u00e9lectrique demandent des bons pneus, alors que les constructeurs vont souvent installer des pneus \u00e0 faible r\u00e9sistance pour am\u00e9liorer l\u2019autonomie. Remplacer les pneus install\u00e9s \u00e0 l\u2019usine par quelque chose d\u2019un peu plus performant risque d\u2019attirer les conducteurs qui veulent tirer le maximum de leur voiture \u00e9lectrique.<\/p>\n<p>Les pneus \u00e0 faible r\u00e9sistance sont souvent plus fermes et moins adh\u00e9rents. Quand on veut freiner avec un v\u00e9hicule qui p\u00e8se trop lourd, sur une surface mouill\u00e9e, \u00e7a allonge de beaucoup la distance requise.<\/p>\n<p>Ce sont des choses \u00e0 consid\u00e9rer si vous \u00eates en train de magasiner pour des nouveaux pneus pour cet \u00e9t\u00e9. On va profiter des prochains mois pour tester les Avid Ascend GT que Yokohama nous a remis et on vous tiendra au courant plus tard cet \u00e9t\u00e9 pour savoir s\u2019ils tiennent leurs promesses.<\/p>\n<p>\u00a0<\/p>\n<p>Le texte <a rel=\"nofollow\" href=\"https:\/\/annuelauto.ca\/yokohama-a-lassaut-de-lamerique-du-nord\/\">Yokohama \u00e0 l\u2019assaut de l\u2019Am\u00e9rique du Nord<\/a> provient de <a rel=\"nofollow\" href=\"https:\/\/annuelauto.ca\">L&#8217;annuel de l&#8217;automobile &#8211; Actualit\u00e9 automobile<\/a><\/p>\n<p><\/p>\n","protected":false},"excerpt":{"rendered":"<p>\u00c7a bouge dans le monde du pneu\u2026 Yokohama a inaugur\u00e9 plus t\u00f4t cette semaine une nouvelle usine au Mexique, gr\u00e2ce \u00e0 laquelle la marque japonaise pourra produire des pneus destin\u00e9s exclusivement pour le march\u00e9 nord-am\u00e9ricain. La production au Mexique \u00e9vite des taxes \u00e0 l\u2019importation qui rendront plus abordables ses pneus, aussi. Pour Yokohama, \u00e7a permettra [&hellip;]<\/p>\n","protected":false},"author":8,"featured_media":163418,"comment_status":"close","ping_status":"closed","sticky":false,"template":"","format":"standard","meta":{"_monsterinsights_skip_tracking":false,"_monsterinsights_sitenote_active":false,"_monsterinsights_sitenote_note":"","_monsterinsights_sitenote_category":0,"footnotes":""},"categories":[101],"tags":[],"yoast_head":"<!-- This site is optimized with the Yoast SEO plugin v23.2 - https:\/\/yoast.com\/wordpress\/plugins\/seo\/ -->\n<title>Yokohama \u00e0 l\u2019assaut de l\u2019Am\u00e9rique du Nord - CanadaMotorJobs.com<\/title>\n<meta name=\"description\" content=\"Yokohama \u00e0 l\u2019assaut de l\u2019Am\u00e9rique du Nord - Benoit Charette - Annuel automobile - CanadaMotorJobs.com.\" \/>\n<meta name=\"robots\" content=\"index, follow, max-snippet:-1, max-image-preview:large, max-video-preview:-1\" \/>\n<meta property=\"og:locale\" content=\"fr_CA\" \/>\n<meta property=\"og:type\" content=\"article\" \/>\n<meta property=\"og:title\" content=\"Yokohama \u00e0 l\u2019assaut de l\u2019Am\u00e9rique du Nord - CanadaMotorJobs.com\" \/>\n<meta property=\"og:description\" content=\"Yokohama \u00e0 l\u2019assaut de l\u2019Am\u00e9rique du Nord - Benoit Charette - Annuel automobile - CanadaMotorJobs.com.\" \/>\n<meta property=\"og:url\" content=\"https:\/\/news.canadamotorjobs.com\/fr\/yokohama-a-lassaut-de-lamerique-du-nord\/\" \/>\n<meta property=\"og:site_name\" content=\"CanadaMotorJobs.com\" \/>\n<meta property=\"article:publisher\" content=\"https:\/\/www.facebook.com\/canadamotorjobs\/\" \/>\n<meta property=\"article:published_time\" content=\"2024-04-24T10:58:47+00:00\" \/>\n<meta property=\"article:modified_time\" content=\"2024-04-24T10:59:24+00:00\" \/>\n<meta property=\"og:image\" content=\"https:\/\/news.canadamotorjobs.com\/wp-content\/uploads\/2024\/04\/Yokohama-2.jpg\" \/>\n\t<meta property=\"og:image:width\" content=\"750\" \/>\n\t<meta property=\"og:image:height\" content=\"750\" \/>\n\t<meta property=\"og:image:type\" content=\"image\/jpeg\" \/>\n<meta name=\"author\" content=\"Benoit Charette\" \/>\n<meta name=\"twitter:card\" content=\"summary_large_image\" \/>\n<meta name=\"twitter:creator\" content=\"@canadamotorjobs\" \/>\n<meta name=\"twitter:site\" content=\"@canadamotorjobs\" \/>\n<meta name=\"twitter:label1\" content=\"\u00c9crit par\" \/>\n\t<meta name=\"twitter:data1\" content=\"Benoit Charette\" \/>\n\t<meta name=\"twitter:label2\" content=\"Estimation du temps de lecture\" \/>\n\t<meta name=\"twitter:data2\" content=\"1 minute\" \/>\n<!-- \/ Yoast SEO plugin. -->","yoast_head_json":{"title":"Yokohama \u00e0 l\u2019assaut de l\u2019Am\u00e9rique du Nord - CanadaMotorJobs.com","description":"Yokohama \u00e0 l\u2019assaut de l\u2019Am\u00e9rique du Nord - Benoit Charette - Annuel automobile - CanadaMotorJobs.com.","robots":{"index":"index","follow":"follow","max-snippet":"max-snippet:-1","max-image-preview":"max-image-preview:large","max-video-preview":"max-video-preview:-1"},"og_locale":"fr_CA","og_type":"article","og_title":"Yokohama \u00e0 l\u2019assaut de l\u2019Am\u00e9rique du Nord - CanadaMotorJobs.com","og_description":"Yokohama \u00e0 l\u2019assaut de l\u2019Am\u00e9rique du Nord - Benoit Charette - Annuel automobile - CanadaMotorJobs.com.","og_url":"https:\/\/news.canadamotorjobs.com\/fr\/yokohama-a-lassaut-de-lamerique-du-nord\/","og_site_name":"CanadaMotorJobs.com","article_publisher":"https:\/\/www.facebook.com\/canadamotorjobs\/","article_published_time":"2024-04-24T10:58:47+00:00","article_modified_time":"2024-04-24T10:59:24+00:00","og_image":[{"width":750,"height":750,"url":"https:\/\/news.canadamotorjobs.com\/wp-content\/uploads\/2024\/04\/Yokohama-2.jpg","type":"image\/jpeg"}],"author":"Benoit Charette","twitter_card":"summary_large_image","twitter_creator":"@canadamotorjobs","twitter_site":"@canadamotorjobs","twitter_misc":{"\u00c9crit par":"Benoit Charette","Estimation du temps de lecture":"1 minute"},"schema":{"@context":"https:\/\/schema.org","@graph":[{"@type":"Article","@id":"https:\/\/news.canadamotorjobs.com\/fr\/yokohama-a-lassaut-de-lamerique-du-nord\/#article","isPartOf":{"@id":"https:\/\/news.canadamotorjobs.com\/fr\/yokohama-a-lassaut-de-lamerique-du-nord\/"},"author":{"name":"Benoit Charette","@id":"https:\/\/news.canadamotorjobs.com\/#\/schema\/person\/51793d1f87d44011d7bcc2ed99269a90"},"headline":"Yokohama \u00e0 l\u2019assaut de l\u2019Am\u00e9rique du Nord","datePublished":"2024-04-24T10:58:47+00:00","dateModified":"2024-04-24T10:59:24+00:00","mainEntityOfPage":{"@id":"https:\/\/news.canadamotorjobs.com\/fr\/yokohama-a-lassaut-de-lamerique-du-nord\/"},"wordCount":286,"publisher":{"@id":"https:\/\/news.canadamotorjobs.com\/#organization"},"image":{"@id":"https:\/\/news.canadamotorjobs.com\/fr\/yokohama-a-lassaut-de-lamerique-du-nord\/#primaryimage"},"thumbnailUrl":"https:\/\/news.canadamotorjobs.com\/wp-content\/uploads\/2024\/04\/Yokohama-2.jpg","articleSection":["Annuel automobile"],"inLanguage":"fr-CA"},{"@type":"WebPage","@id":"https:\/\/news.canadamotorjobs.com\/fr\/yokohama-a-lassaut-de-lamerique-du-nord\/","url":"https:\/\/news.canadamotorjobs.com\/fr\/yokohama-a-lassaut-de-lamerique-du-nord\/","name":"Yokohama \u00e0 l\u2019assaut de l\u2019Am\u00e9rique du Nord - CanadaMotorJobs.com","isPartOf":{"@id":"https:\/\/news.canadamotorjobs.com\/#website"},"primaryImageOfPage":{"@id":"https:\/\/news.canadamotorjobs.com\/fr\/yokohama-a-lassaut-de-lamerique-du-nord\/#primaryimage"},"image":{"@id":"https:\/\/news.canadamotorjobs.com\/fr\/yokohama-a-lassaut-de-lamerique-du-nord\/#primaryimage"},"thumbnailUrl":"https:\/\/news.canadamotorjobs.com\/wp-content\/uploads\/2024\/04\/Yokohama-2.jpg","datePublished":"2024-04-24T10:58:47+00:00","dateModified":"2024-04-24T10:59:24+00:00","description":"Yokohama \u00e0 l\u2019assaut de l\u2019Am\u00e9rique du Nord - Benoit Charette - Annuel automobile - CanadaMotorJobs.com.","breadcrumb":{"@id":"https:\/\/news.canadamotorjobs.com\/fr\/yokohama-a-lassaut-de-lamerique-du-nord\/#breadcrumb"},"inLanguage":"fr-CA","potentialAction":[{"@type":"ReadAction","target":["https:\/\/news.canadamotorjobs.com\/fr\/yokohama-a-lassaut-de-lamerique-du-nord\/"]}]},{"@type":"ImageObject","inLanguage":"fr-CA","@id":"https:\/\/news.canadamotorjobs.com\/fr\/yokohama-a-lassaut-de-lamerique-du-nord\/#primaryimage","url":"https:\/\/news.canadamotorjobs.com\/wp-content\/uploads\/2024\/04\/Yokohama-2.jpg","contentUrl":"https:\/\/news.canadamotorjobs.com\/wp-content\/uploads\/2024\/04\/Yokohama-2.jpg","width":750,"height":750},{"@type":"BreadcrumbList","@id":"https:\/\/news.canadamotorjobs.com\/fr\/yokohama-a-lassaut-de-lamerique-du-nord\/#breadcrumb","itemListElement":[{"@type":"ListItem","position":1,"name":"Home","item":"https:\/\/news.canadamotorjobs.com\/fr\/blog\/"},{"@type":"ListItem","position":2,"name":"Yokohama \u00e0 l\u2019assaut de l\u2019Am\u00e9rique du Nord"}]},{"@type":"WebSite","@id":"https:\/\/news.canadamotorjobs.com\/#website","url":"https:\/\/news.canadamotorjobs.com\/","name":"CanadaMotorJobs.com","description":"Automotive Jobs","publisher":{"@id":"https:\/\/news.canadamotorjobs.com\/#organization"},"potentialAction":[{"@type":"SearchAction","target":{"@type":"EntryPoint","urlTemplate":"https:\/\/news.canadamotorjobs.com\/?s={search_term_string}"},"query-input":"required name=search_term_string"}],"inLanguage":"fr-CA"},{"@type":"Organization","@id":"https:\/\/news.canadamotorjobs.com\/#organization","name":"Canada Motor Jobs","url":"https:\/\/news.canadamotorjobs.com\/","logo":{"@type":"ImageObject","inLanguage":"fr-CA","@id":"https:\/\/news.canadamotorjobs.com\/#\/schema\/logo\/image\/","url":"https:\/\/news.canadamotorjobs.com\/wp-content\/uploads\/2022\/10\/logo-canada-motor-jobs-1.png","contentUrl":"https:\/\/news.canadamotorjobs.com\/wp-content\/uploads\/2022\/10\/logo-canada-motor-jobs-1.png","width":800,"height":400,"caption":"Canada Motor Jobs"},"image":{"@id":"https:\/\/news.canadamotorjobs.com\/#\/schema\/logo\/image\/"},"sameAs":["https:\/\/www.facebook.com\/canadamotorjobs\/","https:\/\/x.com\/canadamotorjobs","https:\/\/www.instagram.com\/canadamotorjobs\/","https:\/\/www.linkedin.com\/company\/canadamotorjobs"]},{"@type":"Person","@id":"https:\/\/news.canadamotorjobs.com\/#\/schema\/person\/51793d1f87d44011d7bcc2ed99269a90","name":"Benoit Charette","image":{"@type":"ImageObject","inLanguage":"fr-CA","@id":"https:\/\/news.canadamotorjobs.com\/#\/schema\/person\/image\/","url":"https:\/\/secure.gravatar.com\/avatar\/45f3d2eebcccd909668d7ce7ea7267b6?s=96&d=mm&r=g","contentUrl":"https:\/\/secure.gravatar.com\/avatar\/45f3d2eebcccd909668d7ce7ea7267b6?s=96&d=mm&r=g","caption":"Benoit Charette"},"description":"Benoit Charette \/ Propri\u00e9taire et r\u00e9dacteur en chef Benoit Charette pratique le journalisme automobile depuis bient\u00f4t 30 ans. Il a fait ses classes au c\u00f4t\u00e9 de Daniel H\u00e9raud et au Carnet de route de 1992 \u00e0 2001. Il est fondateur, copropri\u00e9taire et r\u00e9dacteur en chef de L\u2019Annuel de l\u2019automobile, qu\u2019il publie depuis 2001. Il a anim\u00e9 les \u00e9missions RPM et RPM+ sur V et les L\u00e9gendes de la route sur Historia. \u00c0 la radio depuis 1986, il reprend l\u2019antenne cette ann\u00e9e sur les ondes de Cogeco et participe pour la deuxi\u00e8me ann\u00e9e \u00e0 l\u2019\u00e9mission Passion Auto sur RDS en plus de mettre en ligne le site Web officiel de L\u2019Annuel de l\u2019automobile sur annuelauto.ca.","sameAs":["https:\/\/annuelauto.ca\/"],"url":"https:\/\/news.canadamotorjobs.com\/fr\/author\/benoit-charette\/"}]}},"_links":{"self":[{"href":"https:\/\/news.canadamotorjobs.com\/fr\/wp-json\/wp\/v2\/posts\/163416"}],"collection":[{"href":"https:\/\/news.canadamotorjobs.com\/fr\/wp-json\/wp\/v2\/posts"}],"about":[{"href":"https:\/\/news.canadamotorjobs.com\/fr\/wp-json\/wp\/v2\/types\/post"}],"author":[{"embeddable":true,"href":"https:\/\/news.canadamotorjobs.com\/fr\/wp-json\/wp\/v2\/users\/8"}],"replies":[{"embeddable":true,"href":"https:\/\/news.canadamotorjobs.com\/fr\/wp-json\/wp\/v2\/comments?post=163416"}],"version-history":[{"count":2,"href":"https:\/\/news.canadamotorjobs.com\/fr\/wp-json\/wp\/v2\/posts\/163416\/revisions"}],"predecessor-version":[{"id":163420,"href":"https:\/\/news.canadamotorjobs.com\/fr\/wp-json\/wp\/v2\/posts\/163416\/revisions\/163420"}],"wp:featuredmedia":[{"embeddable":true,"href":"https:\/\/news.canadamotorjobs.com\/fr\/wp-json\/wp\/v2\/media\/163418"}],"wp:attachment":[{"href":"https:\/\/news.canadamotorjobs.com\/fr\/wp-json\/wp\/v2\/media?parent=163416"}],"wp:term":[{"taxonomy":"category","embeddable":true,"href":"https:\/\/news.canadamotorjobs.com\/fr\/wp-json\/wp\/v2\/categories?post=163416"},{"taxonomy":"post_tag","embeddable":true,"href":"https:\/\/news.canadamotorjobs.com\/fr\/wp-json\/wp\/v2\/tags?post=163416"}],"curies":[{"name":"wp","href":"https:\/\/api.w.org\/{rel}","templated":true}]}}