{"id":163370,"date":"2024-04-23T07:58:12","date_gmt":"2024-04-23T11:58:12","guid":{"rendered":"https:\/\/news.canadamotorjobs.com\/?p=163370"},"modified":"2024-04-23T08:05:55","modified_gmt":"2024-04-23T12:05:55","slug":"porsche-macan-ev-2025","status":"publish","type":"post","link":"https:\/\/news.canadamotorjobs.com\/fr\/porsche-macan-ev-2025\/","title":{"rendered":"Porsche Macan EV 2025"},"content":{"rendered":"<\/p>\n<p>Cap d\u2019Antibes, France-\u00a0 Le plus populaire des VUS de la gamme Porsche s\u2019\u00e9lectrifie. Le Macan qui fait les beaux jours de la marque depuis 2014 sera pour le premi\u00e8re fois livrable en version \u00e9lectrique pour 2025. Mais attention, avec plus de 844\u00a0000 exemplaires vendus depuis 10 ans, on ne prend le risque de se mettre \u00e0 dos une si nombreuse client\u00e8le. Porsche va continuer de produire sous sa forme actuelle le Macan \u00e0 essence. Le mod\u00e8le \u00e0 \u00e9lectron va ainsi c\u00f4toyer le mod\u00e8le au p\u00e9trole pour les deux prochaines ann\u00e9es au moins.<\/p>\n<h3>Plus grand et plus effil\u00e9<\/h3>\n<p>\nVisuellement, il sera assez facile de distinguer un mod\u00e8le \u00e0 essence d\u2019un mod\u00e8le \u00e9lectrique. Le mod\u00e8le EV est plus imposant et \u00e9pouse des formes plus arrondies. Les phares \u00e0 l\u2019avant, semblables \u00e0 ceux du Taycan sont install\u00e9 en superposition. La forme plus arrondie se poursuit \u00e0 l&#8217;arri\u00e8re, o\u00f9 une longue barre de feux arri\u00e8re se trouve sous une lunette arri\u00e8re. Le mod\u00e8le EV mesure 4 784 mm de long, 1 938 mm de large et 1 622 mm de haut. Des dimensions plus g\u00e9n\u00e9reuses que le mod\u00e8le \u00e0 essence Il peut \u00eatre \u00e9quip\u00e9 de roues jusqu&#8217;\u00e0 22 pouces et l\u2019empattement 86 mm plus long que le mod\u00e8le \u00e0 essence. Porsche a aussi travaill\u00e9 l\u2019a\u00e9rodynamisme pour favoriser une meilleure autonomie. Le coefficient de tra\u00een\u00e9e est \u00e0 0,25 pour le mod\u00e8le EV, contribuant ainsi \u00e0 une meilleure autonomie. Le mod\u00e8le \u00e0 essence affiche un cx de 0,35.<\/p>\n<h3>Deux mod\u00e8les au Canada<\/h3>\n<p>\nLe mod\u00e8le d\u2019entr\u00e9e de gamme est le Macan 4 et le mod\u00e8le Turbo occupe le haut du pav\u00e9. Les deux mod\u00e8les sont construits sur la nouvelle plateforme Premium Platform Electric de Porsche, plateforme qui sera partag\u00e9 avec l\u2019Audi Q6. Le Macan 4 produit jusqu&#8217;\u00e0 402 chevaux de puissance en suralimentation, tandis que le Macan Turbo g\u00e9n\u00e8re jusqu&#8217;\u00e0 630 chevaux. Un couple maximal de 479 et 833 lb-pi, respectivement. Cela garantit de la puissance \u00e0 tous les r\u00e9gimes. Les deux mod\u00e8les atteignent des vitesses de pointe de 220 et 260 km\/h, respectivement. Les moteurs \u00e9lectriques puisent leur \u00e9nergie dans une batterie lithium-ion plac\u00e9e sous le plancher, avec une capacit\u00e9 brute de 100 kWh, (95 kWh utilisable). La capacit\u00e9 de charge en courant continu atteint jusqu&#8217;\u00e0 270 kW. La batterie peut \u00eatre charg\u00e9e de 10 \u00e0 80 pour cent en environ 21 minutes sur une station de charge rapide compatible dans des conditions id\u00e9ales. Sur des stations de charge de 400 volts, un interrupteur haute tension dans la batterie permet une charge en banc en divisant efficacement la batterie 800 volts en deux batteries, chacune avec une tension nominale de 400 volts. Cela permet une charge particuli\u00e8rement efficace jusqu&#8217;\u00e0 135 kW. Une charge en courant alternatif allant jusqu&#8217;\u00e0 11 kW est possible selon le mat\u00e9riel de charge externe utilis\u00e9. Le freinage r\u00e9g\u00e9n\u00e9ratif permet de r\u00e9cup\u00e9rer jusqu&#8217;\u00e0 240 kW de puissance via les moteurs \u00e9lectriques pendant la conduite.<\/p>\n<h3>Une position de conduite digne d\u2019une voiture sport<\/h3>\n<p>\nParlons d\u2019abord des si\u00e8ges qui \u00e9pousent parfaitement de corps avec une fermet\u00e9 que l\u2019on appr\u00e9ci\u00e9 des mod\u00e8les allemands. La conduite est \u00e0 g\u00e9om\u00e9trie variable. Vous avez la pr\u00e9sence du PASM (Porsche Active Suspension Management) et la suspension pneumatique qui donne des airs de sprinteur \u00e0 cette b\u00eate de pr\u00e8s de 2,5 tonnes. Si vous roulez \u00e0 r\u00e9gime tranquille comme notre journ\u00e9e et demi d\u2019essai sur la c\u00f4te d\u2019Azure, vous n\u2019aurez pas de probl\u00e8me. Toutefois, si vous augmentez le r\u00e9gime ou prenez la d\u00e9cision d\u2019affronter des routes de montagnes comme la route de Napol\u00e9on avec le couteau entre les dents, c\u2019est une autre histoire. Pour \u00eatre en mesure de garder le cap sur un mod\u00e8le aussi lourd et contenir la puissance des moteurs \u00e9lectriques, il faut rigidifier toutes les structures au maximum. C\u2019est presque contre-nature d\u2019avoir un v\u00e9hicule d\u2019une telle stature se conduire comme une v\u00e9ritable sportive. Le Macan demeure coller sur le bitume au d\u00e9triment d\u2019une rigidit\u00e9 qui peut en laisser certains inconfortables \u00e0 plus haut r\u00e9gime.<\/p>\n<h3>La technologie<\/h3>\n<p>\nL&#8217;int\u00e9rieur du Macan \u00e9lectrique est similaire \u00e0 celui du Cayenne redessin\u00e9, avec moins de boutons et plus de rangement. Un tableau de bord num\u00e9rique de 12,6 pouces vient de s\u00e9rie. Sa fonctionnalit\u00e9 suppl\u00e9mentaire est appr\u00e9ci\u00e9e, mais pas encore parfaite. L&#8217;\u00e9cran tactile multim\u00e9dia de 10,9 pouces \u00e0 droite est plus r\u00e9ussi et constitue une avanc\u00e9e majeure par rapport \u00e0 ce que l&#8217;on trouve dans le Macan \u00e0 essence. Il est bas\u00e9 sur Android Automotive, mais conserve la compatibilit\u00e9 avec Apple CarPlay. Le Macan EV sera disponible avec un \u00e9cran tactile\/affichage passager de 10,9 pouces contenant une grande partie des m\u00eames fonctionnalit\u00e9s que l&#8217;\u00e9cran multim\u00e9dia principal. Cet \u00e9cran tactile permet au passager de faire fonctionner le syst\u00e8me de navigation ou de regarder des vid\u00e9os en streaming (\u00e0 partir de quelque chose appel\u00e9 Screenhits TV), tandis qu&#8217;un filtre polaris\u00e9 assure que le conducteur ne peut pas voir ce qui est affich\u00e9. L&#8217;\u00e9lectrification a permis d&#8217;augmenter l&#8217;espace pour les bagages dans le Macan. En fonction du mod\u00e8le et de l&#8217;\u00e9quipement, la capacit\u00e9 derri\u00e8re la banquette arri\u00e8re peut atteindre 540 litres (en mode cargo). \u00c0 cela s&#8217;ajoute le &#8220;coffre&#8221;, un second compartiment \u00e0 bagages situ\u00e9 sous le capot et d&#8217;une capacit\u00e9 de 84 litres. Les passagers sont 28 mm que le mod\u00e8le \u00e0 essence. L&#8217;empattement, plus long de 86 mm offre aussi plus d\u2019espace aux passagers, surtout \u00e0 l\u2019arri\u00e8re.<\/p>\n<h3>Des prix \u00e0 glacer le sang<\/h3>\n<p>\nIl faut bien retenir son souffle en entendant le prix. Le Macan 4 offre un prix de d\u00e9part de 99\u00a0300 $ sans aucune option. Si vous prenez en compte les 2\u00a0750 $ de frais de transport et de pr\u00e9paration, les 2\u00a0850 de frais de concessionnaire, les 23\u00a0300 d\u2019option sur notre mod\u00e8les d\u2019essai et les 5\u00a0675 $ de taxe de luxe, nous sommes \u00e0 134\u00a0050 avant les taxes. Le mod\u00e8le turbo d\u00e9bute \u00e0 125\u00a0300 $. La taxe de luxe passe \u00e0 11\u00a0213 $ et vous avez 25\u00a0500 $ d\u2019option. Notre mod\u00e8le \u00e0 l\u2019essai \u00e9tait \u00e0 167\u00a0278 $ avant les taxes ou si vous pr\u00e9f\u00e9rez 192,327 toutes taxes incluses. C\u2019est une montagne d\u2019argent pour un tel v\u00e9hicule et un \u00e9cart injustifi\u00e9 avec le mod\u00e8le \u00e0 essence.<\/p>\n<h3>Conclusion<\/h3>\n<p>\nSi l\u2019on ne tient pas compte du prix, le Macan est un v\u00e9hicule exceptionnel. Oui, on ressent le poids et la grande rigidit\u00e9, mais pour tenir un tel poids sur la route la suspension tr\u00e8s rigide risque de vous donner un peu mal au c\u0153ur si vous poussez la machine.\u00a0 M\u00eame avec toutes ces qualit\u00e9s, ses avancements techniques et sa grande comp\u00e9tence sur la route, nous ne croyons pas que le prix d\u00e9raisonnable puisse justifier l\u2019achat d\u2019un Macan EV.<\/p>\n<h3>Forces<\/h3>\n<p>\nUne tenue de livre exceptionnelle<\/p>\n<p>Une puissance de premier plan<\/p>\n<p>Un design r\u00e9ussi<\/p>\n<h3>Faiblesses<\/h3>\n<p>\nUne direction qui manque un peu de pr\u00e9cision<\/p>\n<p>Un prix ridiculement \u00e9lev\u00e9<\/p>\n<p>Beaucoup d\u2019options qui devraient \u00eates incluses de s\u00e9rie<\/p>\n<p>\u00a0<\/p>\n<p>\u00a0<\/p>\n<p>\u00a0<\/p>\n<p>Le texte <a rel=\"nofollow\" href=\"https:\/\/annuelauto.ca\/porsche-macan-ev-2025\/\">Porsche Macan EV 2025<\/a> provient de <a rel=\"nofollow\" href=\"https:\/\/annuelauto.ca\">L&#8217;annuel de l&#8217;automobile &#8211; Actualit\u00e9 automobile<\/a><\/p>\n<p><\/p>\n","protected":false},"excerpt":{"rendered":"<p>Cap d\u2019Antibes, France-\u00a0 Le plus populaire des VUS de la gamme Porsche s\u2019\u00e9lectrifie. Le Macan qui fait les beaux jours de la marque depuis 2014 sera pour le premi\u00e8re fois livrable en version \u00e9lectrique pour 2025. Mais attention, avec plus de 844\u00a0000 exemplaires vendus depuis 10 ans, on ne prend le risque de se mettre [&hellip;]<\/p>\n","protected":false},"author":8,"featured_media":163372,"comment_status":"close","ping_status":"closed","sticky":false,"template":"","format":"standard","meta":{"_monsterinsights_skip_tracking":false,"_monsterinsights_sitenote_active":false,"_monsterinsights_sitenote_note":"","_monsterinsights_sitenote_category":0,"footnotes":""},"categories":[101],"tags":[],"yoast_head":"<!-- This site is optimized with the Yoast SEO plugin v23.2 - https:\/\/yoast.com\/wordpress\/plugins\/seo\/ -->\n<title>Porsche Macan EV 2025 - CanadaMotorJobs.com<\/title>\n<meta name=\"description\" content=\"Porsche Macan EV 2025 - Benoit Charette - Annuel automobile - CanadaMotorJobs.com.\" \/>\n<meta name=\"robots\" content=\"index, follow, max-snippet:-1, max-image-preview:large, max-video-preview:-1\" \/>\n<meta property=\"og:locale\" content=\"fr_CA\" \/>\n<meta property=\"og:type\" content=\"article\" \/>\n<meta property=\"og:title\" content=\"Porsche Macan EV 2025 - CanadaMotorJobs.com\" \/>\n<meta property=\"og:description\" content=\"Porsche Macan EV 2025 - Benoit Charette - Annuel automobile - CanadaMotorJobs.com.\" \/>\n<meta property=\"og:url\" content=\"https:\/\/news.canadamotorjobs.com\/fr\/porsche-macan-ev-2025\/\" \/>\n<meta property=\"og:site_name\" content=\"CanadaMotorJobs.com\" \/>\n<meta property=\"article:publisher\" content=\"https:\/\/www.facebook.com\/canadamotorjobs\/\" \/>\n<meta property=\"article:published_time\" content=\"2024-04-23T11:58:12+00:00\" \/>\n<meta property=\"article:modified_time\" content=\"2024-04-23T12:05:55+00:00\" \/>\n<meta property=\"og:image\" content=\"https:\/\/news.canadamotorjobs.com\/wp-content\/uploads\/2024\/04\/IMG_5889.jpg\" \/>\n\t<meta property=\"og:image:width\" content=\"1200\" \/>\n\t<meta property=\"og:image:height\" content=\"800\" \/>\n\t<meta property=\"og:image:type\" content=\"image\/jpeg\" \/>\n<meta name=\"author\" content=\"Benoit Charette\" \/>\n<meta name=\"twitter:card\" content=\"summary_large_image\" \/>\n<meta name=\"twitter:creator\" content=\"@canadamotorjobs\" \/>\n<meta name=\"twitter:site\" content=\"@canadamotorjobs\" \/>\n<meta name=\"twitter:label1\" content=\"\u00c9crit par\" \/>\n\t<meta name=\"twitter:data1\" content=\"Benoit Charette\" \/>\n\t<meta name=\"twitter:label2\" content=\"Estimation du temps de lecture\" \/>\n\t<meta name=\"twitter:data2\" content=\"6 minutes\" \/>\n<!-- \/ Yoast SEO plugin. -->","yoast_head_json":{"title":"Porsche Macan EV 2025 - CanadaMotorJobs.com","description":"Porsche Macan EV 2025 - Benoit Charette - Annuel automobile - CanadaMotorJobs.com.","robots":{"index":"index","follow":"follow","max-snippet":"max-snippet:-1","max-image-preview":"max-image-preview:large","max-video-preview":"max-video-preview:-1"},"og_locale":"fr_CA","og_type":"article","og_title":"Porsche Macan EV 2025 - CanadaMotorJobs.com","og_description":"Porsche Macan EV 2025 - Benoit Charette - Annuel automobile - CanadaMotorJobs.com.","og_url":"https:\/\/news.canadamotorjobs.com\/fr\/porsche-macan-ev-2025\/","og_site_name":"CanadaMotorJobs.com","article_publisher":"https:\/\/www.facebook.com\/canadamotorjobs\/","article_published_time":"2024-04-23T11:58:12+00:00","article_modified_time":"2024-04-23T12:05:55+00:00","og_image":[{"width":1200,"height":800,"url":"https:\/\/news.canadamotorjobs.com\/wp-content\/uploads\/2024\/04\/IMG_5889.jpg","type":"image\/jpeg"}],"author":"Benoit Charette","twitter_card":"summary_large_image","twitter_creator":"@canadamotorjobs","twitter_site":"@canadamotorjobs","twitter_misc":{"\u00c9crit par":"Benoit Charette","Estimation du temps de lecture":"6 minutes"},"schema":{"@context":"https:\/\/schema.org","@graph":[{"@type":"Article","@id":"https:\/\/news.canadamotorjobs.com\/fr\/porsche-macan-ev-2025\/#article","isPartOf":{"@id":"https:\/\/news.canadamotorjobs.com\/fr\/porsche-macan-ev-2025\/"},"author":{"name":"Benoit Charette","@id":"https:\/\/news.canadamotorjobs.com\/#\/schema\/person\/51793d1f87d44011d7bcc2ed99269a90"},"headline":"Porsche Macan EV 2025","datePublished":"2024-04-23T11:58:12+00:00","dateModified":"2024-04-23T12:05:55+00:00","mainEntityOfPage":{"@id":"https:\/\/news.canadamotorjobs.com\/fr\/porsche-macan-ev-2025\/"},"wordCount":1198,"publisher":{"@id":"https:\/\/news.canadamotorjobs.com\/#organization"},"image":{"@id":"https:\/\/news.canadamotorjobs.com\/fr\/porsche-macan-ev-2025\/#primaryimage"},"thumbnailUrl":"https:\/\/news.canadamotorjobs.com\/wp-content\/uploads\/2024\/04\/IMG_5889.jpg","articleSection":["Annuel automobile"],"inLanguage":"fr-CA"},{"@type":"WebPage","@id":"https:\/\/news.canadamotorjobs.com\/fr\/porsche-macan-ev-2025\/","url":"https:\/\/news.canadamotorjobs.com\/fr\/porsche-macan-ev-2025\/","name":"Porsche Macan EV 2025 - CanadaMotorJobs.com","isPartOf":{"@id":"https:\/\/news.canadamotorjobs.com\/#website"},"primaryImageOfPage":{"@id":"https:\/\/news.canadamotorjobs.com\/fr\/porsche-macan-ev-2025\/#primaryimage"},"image":{"@id":"https:\/\/news.canadamotorjobs.com\/fr\/porsche-macan-ev-2025\/#primaryimage"},"thumbnailUrl":"https:\/\/news.canadamotorjobs.com\/wp-content\/uploads\/2024\/04\/IMG_5889.jpg","datePublished":"2024-04-23T11:58:12+00:00","dateModified":"2024-04-23T12:05:55+00:00","description":"Porsche Macan EV 2025 - Benoit Charette - Annuel automobile - CanadaMotorJobs.com.","breadcrumb":{"@id":"https:\/\/news.canadamotorjobs.com\/fr\/porsche-macan-ev-2025\/#breadcrumb"},"inLanguage":"fr-CA","potentialAction":[{"@type":"ReadAction","target":["https:\/\/news.canadamotorjobs.com\/fr\/porsche-macan-ev-2025\/"]}]},{"@type":"ImageObject","inLanguage":"fr-CA","@id":"https:\/\/news.canadamotorjobs.com\/fr\/porsche-macan-ev-2025\/#primaryimage","url":"https:\/\/news.canadamotorjobs.com\/wp-content\/uploads\/2024\/04\/IMG_5889.jpg","contentUrl":"https:\/\/news.canadamotorjobs.com\/wp-content\/uploads\/2024\/04\/IMG_5889.jpg","width":1200,"height":800},{"@type":"BreadcrumbList","@id":"https:\/\/news.canadamotorjobs.com\/fr\/porsche-macan-ev-2025\/#breadcrumb","itemListElement":[{"@type":"ListItem","position":1,"name":"Home","item":"https:\/\/news.canadamotorjobs.com\/fr\/blog\/"},{"@type":"ListItem","position":2,"name":"Porsche Macan EV 2025"}]},{"@type":"WebSite","@id":"https:\/\/news.canadamotorjobs.com\/#website","url":"https:\/\/news.canadamotorjobs.com\/","name":"CanadaMotorJobs.com","description":"Automotive Jobs","publisher":{"@id":"https:\/\/news.canadamotorjobs.com\/#organization"},"potentialAction":[{"@type":"SearchAction","target":{"@type":"EntryPoint","urlTemplate":"https:\/\/news.canadamotorjobs.com\/?s={search_term_string}"},"query-input":"required name=search_term_string"}],"inLanguage":"fr-CA"},{"@type":"Organization","@id":"https:\/\/news.canadamotorjobs.com\/#organization","name":"Canada Motor Jobs","url":"https:\/\/news.canadamotorjobs.com\/","logo":{"@type":"ImageObject","inLanguage":"fr-CA","@id":"https:\/\/news.canadamotorjobs.com\/#\/schema\/logo\/image\/","url":"https:\/\/news.canadamotorjobs.com\/wp-content\/uploads\/2022\/10\/logo-canada-motor-jobs-1.png","contentUrl":"https:\/\/news.canadamotorjobs.com\/wp-content\/uploads\/2022\/10\/logo-canada-motor-jobs-1.png","width":800,"height":400,"caption":"Canada Motor Jobs"},"image":{"@id":"https:\/\/news.canadamotorjobs.com\/#\/schema\/logo\/image\/"},"sameAs":["https:\/\/www.facebook.com\/canadamotorjobs\/","https:\/\/x.com\/canadamotorjobs","https:\/\/www.instagram.com\/canadamotorjobs\/","https:\/\/www.linkedin.com\/company\/canadamotorjobs"]},{"@type":"Person","@id":"https:\/\/news.canadamotorjobs.com\/#\/schema\/person\/51793d1f87d44011d7bcc2ed99269a90","name":"Benoit Charette","image":{"@type":"ImageObject","inLanguage":"fr-CA","@id":"https:\/\/news.canadamotorjobs.com\/#\/schema\/person\/image\/","url":"https:\/\/secure.gravatar.com\/avatar\/45f3d2eebcccd909668d7ce7ea7267b6?s=96&d=mm&r=g","contentUrl":"https:\/\/secure.gravatar.com\/avatar\/45f3d2eebcccd909668d7ce7ea7267b6?s=96&d=mm&r=g","caption":"Benoit Charette"},"description":"Benoit Charette \/ Propri\u00e9taire et r\u00e9dacteur en chef Benoit Charette pratique le journalisme automobile depuis bient\u00f4t 30 ans. Il a fait ses classes au c\u00f4t\u00e9 de Daniel H\u00e9raud et au Carnet de route de 1992 \u00e0 2001. Il est fondateur, copropri\u00e9taire et r\u00e9dacteur en chef de L\u2019Annuel de l\u2019automobile, qu\u2019il publie depuis 2001. Il a anim\u00e9 les \u00e9missions RPM et RPM+ sur V et les L\u00e9gendes de la route sur Historia. \u00c0 la radio depuis 1986, il reprend l\u2019antenne cette ann\u00e9e sur les ondes de Cogeco et participe pour la deuxi\u00e8me ann\u00e9e \u00e0 l\u2019\u00e9mission Passion Auto sur RDS en plus de mettre en ligne le site Web officiel de L\u2019Annuel de l\u2019automobile sur annuelauto.ca.","sameAs":["https:\/\/annuelauto.ca\/"],"url":"https:\/\/news.canadamotorjobs.com\/fr\/author\/benoit-charette\/"}]}},"_links":{"self":[{"href":"https:\/\/news.canadamotorjobs.com\/fr\/wp-json\/wp\/v2\/posts\/163370"}],"collection":[{"href":"https:\/\/news.canadamotorjobs.com\/fr\/wp-json\/wp\/v2\/posts"}],"about":[{"href":"https:\/\/news.canadamotorjobs.com\/fr\/wp-json\/wp\/v2\/types\/post"}],"author":[{"embeddable":true,"href":"https:\/\/news.canadamotorjobs.com\/fr\/wp-json\/wp\/v2\/users\/8"}],"replies":[{"embeddable":true,"href":"https:\/\/news.canadamotorjobs.com\/fr\/wp-json\/wp\/v2\/comments?post=163370"}],"version-history":[{"count":2,"href":"https:\/\/news.canadamotorjobs.com\/fr\/wp-json\/wp\/v2\/posts\/163370\/revisions"}],"predecessor-version":[{"id":163374,"href":"https:\/\/news.canadamotorjobs.com\/fr\/wp-json\/wp\/v2\/posts\/163370\/revisions\/163374"}],"wp:featuredmedia":[{"embeddable":true,"href":"https:\/\/news.canadamotorjobs.com\/fr\/wp-json\/wp\/v2\/media\/163372"}],"wp:attachment":[{"href":"https:\/\/news.canadamotorjobs.com\/fr\/wp-json\/wp\/v2\/media?parent=163370"}],"wp:term":[{"taxonomy":"category","embeddable":true,"href":"https:\/\/news.canadamotorjobs.com\/fr\/wp-json\/wp\/v2\/categories?post=163370"},{"taxonomy":"post_tag","embeddable":true,"href":"https:\/\/news.canadamotorjobs.com\/fr\/wp-json\/wp\/v2\/tags?post=163370"}],"curies":[{"name":"wp","href":"https:\/\/api.w.org\/{rel}","templated":true}]}}