{"id":163299,"date":"2024-04-22T13:41:35","date_gmt":"2024-04-22T17:41:35","guid":{"rendered":"https:\/\/news.canadamotorjobs.com\/?p=163299"},"modified":"2024-04-22T13:45:28","modified_gmt":"2024-04-22T17:45:28","slug":"ford-rappelle-55-0000-vehicules-au-canada","status":"publish","type":"post","link":"https:\/\/news.canadamotorjobs.com\/fr\/ford-rappelle-55-0000-vehicules-au-canada\/","title":{"rendered":"Ford rappelle 55 0000 v\u00e9hicules au Canada"},"content":{"rendered":"<\/p>\n<p>Transport Canada a rappel\u00e9 plus de 55 000 VUS et camions Ford \u00e0 travers le pays apr\u00e8s que la soci\u00e9t\u00e9 ait d\u00e9clar\u00e9 que les v\u00e9hicules peuvent avoir des difficult\u00e9s \u00e0 d\u00e9tecter la charge de la batterie, ce qui entra\u00eene le calage du moteur et un risque accru d&#8217;accident.<\/p>\n<h3>Les mod\u00e8les vis\u00e9s<\/h3>\n<p>\nOn parle des Bronco Sport fabriqu\u00e9s entre les ann\u00e9es 2021 et 2024 et les camions Maverick 2022.<\/p>\n<h3>Le probl\u00e8me<\/h3>\n<p>\nLe module de commande du groupe motopropulseur (PCM) et le module de commande de la carrosserie (BCM) peuvent ne pas d\u00e9tecter un changement dans le niveau de charge de la batterie de 12 V, indique le rappel, ajoutant que cela peut entra\u00eener le calage du moteur et le fait qu&#8217;il ne red\u00e9marre pas &#8220;apr\u00e8s un d\u00e9marrage-arr\u00eat&#8221;.<\/p>\n<h3>Les autres signes<\/h3>\n<p>\n&#8220;Une perte soudaine de puissance des roues ou un v\u00e9hicule qui ne red\u00e9marre pas apr\u00e8s un d\u00e9marrage-arr\u00eat peut augmenter le risque d&#8217;accident&#8221;, indique le rappel.v Le rappel ajoute que les feux de d\u00e9tresse peuvent \u00e9galement ne pas fonctionner en raison du d\u00e9faut de la batterie. Transports Canada a d\u00e9clar\u00e9 que des feux de d\u00e9tresse d\u00e9fectueux pouvaient \u00e9galement augmenter le risque d&#8217;accident en raison d&#8217;une visibilit\u00e9 r\u00e9duite du v\u00e9hicule. Le rappel indique que les propri\u00e9taires des v\u00e9hicules concern\u00e9s seront avertis par courrier et qu&#8217;il leur est conseill\u00e9 d&#8217;amener leur v\u00e9hicule chez un concessionnaire pour mettre \u00e0 jour les logiciels PCM et BCM.<\/p>\n<p>Avec des renseignements du Toronto Star<\/p>\n<p>Le texte <a rel=\"nofollow\" href=\"https:\/\/annuelauto.ca\/ford-rappelle-55-0000-vehicules-au-canada\/\">Ford rappelle 55 0000 v\u00e9hicules au Canada<\/a> provient de <a rel=\"nofollow\" href=\"https:\/\/annuelauto.ca\">L&#8217;annuel de l&#8217;automobile &#8211; Actualit\u00e9 automobile<\/a><\/p>\n<p><\/p>\n","protected":false},"excerpt":{"rendered":"<p>Transport Canada a rappel\u00e9 plus de 55 000 VUS et camions Ford \u00e0 travers le pays apr\u00e8s que la soci\u00e9t\u00e9 ait d\u00e9clar\u00e9 que les v\u00e9hicules peuvent avoir des difficult\u00e9s \u00e0 d\u00e9tecter la charge de la batterie, ce qui entra\u00eene le calage du moteur et un risque accru d&#8217;accident. Les mod\u00e8les vis\u00e9s On parle des Bronco [&hellip;]<\/p>\n","protected":false},"author":8,"featured_media":163301,"comment_status":"close","ping_status":"closed","sticky":false,"template":"","format":"standard","meta":{"_monsterinsights_skip_tracking":false,"_monsterinsights_sitenote_active":false,"_monsterinsights_sitenote_note":"","_monsterinsights_sitenote_category":0,"footnotes":""},"categories":[101],"tags":[],"yoast_head":"<!-- This site is optimized with the Yoast SEO plugin v23.2 - https:\/\/yoast.com\/wordpress\/plugins\/seo\/ -->\n<title>Ford rappelle 55 0000 v\u00e9hicules au Canada - CanadaMotorJobs.com<\/title>\n<meta name=\"description\" content=\"Ford rappelle 55 0000 v\u00e9hicules au Canada - Benoit Charette - Annuel automobile - CanadaMotorJobs.com.\" \/>\n<meta name=\"robots\" content=\"index, follow, max-snippet:-1, max-image-preview:large, max-video-preview:-1\" \/>\n<meta property=\"og:locale\" content=\"fr_CA\" \/>\n<meta property=\"og:type\" content=\"article\" \/>\n<meta property=\"og:title\" content=\"Ford rappelle 55 0000 v\u00e9hicules au Canada - CanadaMotorJobs.com\" \/>\n<meta property=\"og:description\" content=\"Ford rappelle 55 0000 v\u00e9hicules au Canada - Benoit Charette - Annuel automobile - CanadaMotorJobs.com.\" \/>\n<meta property=\"og:url\" content=\"https:\/\/news.canadamotorjobs.com\/fr\/ford-rappelle-55-0000-vehicules-au-canada\/\" \/>\n<meta property=\"og:site_name\" content=\"CanadaMotorJobs.com\" \/>\n<meta property=\"article:publisher\" content=\"https:\/\/www.facebook.com\/canadamotorjobs\/\" \/>\n<meta property=\"article:published_time\" content=\"2024-04-22T17:41:35+00:00\" \/>\n<meta property=\"article:modified_time\" content=\"2024-04-22T17:45:28+00:00\" \/>\n<meta property=\"og:image\" content=\"https:\/\/news.canadamotorjobs.com\/wp-content\/uploads\/2024\/04\/ford-maverick-hybrid-xlt-01-1623066912.jpg\" \/>\n\t<meta property=\"og:image:width\" content=\"1200\" \/>\n\t<meta property=\"og:image:height\" content=\"600\" \/>\n\t<meta property=\"og:image:type\" content=\"image\/jpeg\" \/>\n<meta name=\"author\" content=\"Benoit Charette\" \/>\n<meta name=\"twitter:card\" content=\"summary_large_image\" \/>\n<meta name=\"twitter:creator\" content=\"@canadamotorjobs\" \/>\n<meta name=\"twitter:site\" content=\"@canadamotorjobs\" \/>\n<meta name=\"twitter:label1\" content=\"\u00c9crit par\" \/>\n\t<meta name=\"twitter:data1\" content=\"Benoit Charette\" \/>\n\t<meta name=\"twitter:label2\" content=\"Estimation du temps de lecture\" \/>\n\t<meta name=\"twitter:data2\" content=\"1 minute\" \/>\n<!-- \/ Yoast SEO plugin. -->","yoast_head_json":{"title":"Ford rappelle 55 0000 v\u00e9hicules au Canada - CanadaMotorJobs.com","description":"Ford rappelle 55 0000 v\u00e9hicules au Canada - Benoit Charette - Annuel automobile - CanadaMotorJobs.com.","robots":{"index":"index","follow":"follow","max-snippet":"max-snippet:-1","max-image-preview":"max-image-preview:large","max-video-preview":"max-video-preview:-1"},"og_locale":"fr_CA","og_type":"article","og_title":"Ford rappelle 55 0000 v\u00e9hicules au Canada - CanadaMotorJobs.com","og_description":"Ford rappelle 55 0000 v\u00e9hicules au Canada - Benoit Charette - Annuel automobile - CanadaMotorJobs.com.","og_url":"https:\/\/news.canadamotorjobs.com\/fr\/ford-rappelle-55-0000-vehicules-au-canada\/","og_site_name":"CanadaMotorJobs.com","article_publisher":"https:\/\/www.facebook.com\/canadamotorjobs\/","article_published_time":"2024-04-22T17:41:35+00:00","article_modified_time":"2024-04-22T17:45:28+00:00","og_image":[{"width":1200,"height":600,"url":"https:\/\/news.canadamotorjobs.com\/wp-content\/uploads\/2024\/04\/ford-maverick-hybrid-xlt-01-1623066912.jpg","type":"image\/jpeg"}],"author":"Benoit Charette","twitter_card":"summary_large_image","twitter_creator":"@canadamotorjobs","twitter_site":"@canadamotorjobs","twitter_misc":{"\u00c9crit par":"Benoit Charette","Estimation du temps de lecture":"1 minute"},"schema":{"@context":"https:\/\/schema.org","@graph":[{"@type":"Article","@id":"https:\/\/news.canadamotorjobs.com\/fr\/ford-rappelle-55-0000-vehicules-au-canada\/#article","isPartOf":{"@id":"https:\/\/news.canadamotorjobs.com\/fr\/ford-rappelle-55-0000-vehicules-au-canada\/"},"author":{"name":"Benoit Charette","@id":"https:\/\/news.canadamotorjobs.com\/#\/schema\/person\/51793d1f87d44011d7bcc2ed99269a90"},"headline":"Ford rappelle 55 0000 v\u00e9hicules au Canada","datePublished":"2024-04-22T17:41:35+00:00","dateModified":"2024-04-22T17:45:28+00:00","mainEntityOfPage":{"@id":"https:\/\/news.canadamotorjobs.com\/fr\/ford-rappelle-55-0000-vehicules-au-canada\/"},"wordCount":292,"publisher":{"@id":"https:\/\/news.canadamotorjobs.com\/#organization"},"image":{"@id":"https:\/\/news.canadamotorjobs.com\/fr\/ford-rappelle-55-0000-vehicules-au-canada\/#primaryimage"},"thumbnailUrl":"https:\/\/news.canadamotorjobs.com\/wp-content\/uploads\/2024\/04\/ford-maverick-hybrid-xlt-01-1623066912.jpg","articleSection":["Annuel automobile"],"inLanguage":"fr-CA"},{"@type":"WebPage","@id":"https:\/\/news.canadamotorjobs.com\/fr\/ford-rappelle-55-0000-vehicules-au-canada\/","url":"https:\/\/news.canadamotorjobs.com\/fr\/ford-rappelle-55-0000-vehicules-au-canada\/","name":"Ford rappelle 55 0000 v\u00e9hicules au Canada - CanadaMotorJobs.com","isPartOf":{"@id":"https:\/\/news.canadamotorjobs.com\/#website"},"primaryImageOfPage":{"@id":"https:\/\/news.canadamotorjobs.com\/fr\/ford-rappelle-55-0000-vehicules-au-canada\/#primaryimage"},"image":{"@id":"https:\/\/news.canadamotorjobs.com\/fr\/ford-rappelle-55-0000-vehicules-au-canada\/#primaryimage"},"thumbnailUrl":"https:\/\/news.canadamotorjobs.com\/wp-content\/uploads\/2024\/04\/ford-maverick-hybrid-xlt-01-1623066912.jpg","datePublished":"2024-04-22T17:41:35+00:00","dateModified":"2024-04-22T17:45:28+00:00","description":"Ford rappelle 55 0000 v\u00e9hicules au Canada - Benoit Charette - Annuel automobile - CanadaMotorJobs.com.","breadcrumb":{"@id":"https:\/\/news.canadamotorjobs.com\/fr\/ford-rappelle-55-0000-vehicules-au-canada\/#breadcrumb"},"inLanguage":"fr-CA","potentialAction":[{"@type":"ReadAction","target":["https:\/\/news.canadamotorjobs.com\/fr\/ford-rappelle-55-0000-vehicules-au-canada\/"]}]},{"@type":"ImageObject","inLanguage":"fr-CA","@id":"https:\/\/news.canadamotorjobs.com\/fr\/ford-rappelle-55-0000-vehicules-au-canada\/#primaryimage","url":"https:\/\/news.canadamotorjobs.com\/wp-content\/uploads\/2024\/04\/ford-maverick-hybrid-xlt-01-1623066912.jpg","contentUrl":"https:\/\/news.canadamotorjobs.com\/wp-content\/uploads\/2024\/04\/ford-maverick-hybrid-xlt-01-1623066912.jpg","width":1200,"height":600},{"@type":"BreadcrumbList","@id":"https:\/\/news.canadamotorjobs.com\/fr\/ford-rappelle-55-0000-vehicules-au-canada\/#breadcrumb","itemListElement":[{"@type":"ListItem","position":1,"name":"Home","item":"https:\/\/news.canadamotorjobs.com\/fr\/blog\/"},{"@type":"ListItem","position":2,"name":"Ford rappelle 55 0000 v\u00e9hicules au Canada"}]},{"@type":"WebSite","@id":"https:\/\/news.canadamotorjobs.com\/#website","url":"https:\/\/news.canadamotorjobs.com\/","name":"CanadaMotorJobs.com","description":"Automotive Jobs","publisher":{"@id":"https:\/\/news.canadamotorjobs.com\/#organization"},"potentialAction":[{"@type":"SearchAction","target":{"@type":"EntryPoint","urlTemplate":"https:\/\/news.canadamotorjobs.com\/?s={search_term_string}"},"query-input":"required name=search_term_string"}],"inLanguage":"fr-CA"},{"@type":"Organization","@id":"https:\/\/news.canadamotorjobs.com\/#organization","name":"Canada Motor Jobs","url":"https:\/\/news.canadamotorjobs.com\/","logo":{"@type":"ImageObject","inLanguage":"fr-CA","@id":"https:\/\/news.canadamotorjobs.com\/#\/schema\/logo\/image\/","url":"https:\/\/news.canadamotorjobs.com\/wp-content\/uploads\/2022\/10\/logo-canada-motor-jobs-1.png","contentUrl":"https:\/\/news.canadamotorjobs.com\/wp-content\/uploads\/2022\/10\/logo-canada-motor-jobs-1.png","width":800,"height":400,"caption":"Canada Motor Jobs"},"image":{"@id":"https:\/\/news.canadamotorjobs.com\/#\/schema\/logo\/image\/"},"sameAs":["https:\/\/www.facebook.com\/canadamotorjobs\/","https:\/\/x.com\/canadamotorjobs","https:\/\/www.instagram.com\/canadamotorjobs\/","https:\/\/www.linkedin.com\/company\/canadamotorjobs"]},{"@type":"Person","@id":"https:\/\/news.canadamotorjobs.com\/#\/schema\/person\/51793d1f87d44011d7bcc2ed99269a90","name":"Benoit Charette","image":{"@type":"ImageObject","inLanguage":"fr-CA","@id":"https:\/\/news.canadamotorjobs.com\/#\/schema\/person\/image\/","url":"https:\/\/secure.gravatar.com\/avatar\/45f3d2eebcccd909668d7ce7ea7267b6?s=96&d=mm&r=g","contentUrl":"https:\/\/secure.gravatar.com\/avatar\/45f3d2eebcccd909668d7ce7ea7267b6?s=96&d=mm&r=g","caption":"Benoit Charette"},"description":"Benoit Charette \/ Propri\u00e9taire et r\u00e9dacteur en chef Benoit Charette pratique le journalisme automobile depuis bient\u00f4t 30 ans. Il a fait ses classes au c\u00f4t\u00e9 de Daniel H\u00e9raud et au Carnet de route de 1992 \u00e0 2001. Il est fondateur, copropri\u00e9taire et r\u00e9dacteur en chef de L\u2019Annuel de l\u2019automobile, qu\u2019il publie depuis 2001. Il a anim\u00e9 les \u00e9missions RPM et RPM+ sur V et les L\u00e9gendes de la route sur Historia. \u00c0 la radio depuis 1986, il reprend l\u2019antenne cette ann\u00e9e sur les ondes de Cogeco et participe pour la deuxi\u00e8me ann\u00e9e \u00e0 l\u2019\u00e9mission Passion Auto sur RDS en plus de mettre en ligne le site Web officiel de L\u2019Annuel de l\u2019automobile sur annuelauto.ca.","sameAs":["https:\/\/annuelauto.ca\/"],"url":"https:\/\/news.canadamotorjobs.com\/fr\/author\/benoit-charette\/"}]}},"_links":{"self":[{"href":"https:\/\/news.canadamotorjobs.com\/fr\/wp-json\/wp\/v2\/posts\/163299"}],"collection":[{"href":"https:\/\/news.canadamotorjobs.com\/fr\/wp-json\/wp\/v2\/posts"}],"about":[{"href":"https:\/\/news.canadamotorjobs.com\/fr\/wp-json\/wp\/v2\/types\/post"}],"author":[{"embeddable":true,"href":"https:\/\/news.canadamotorjobs.com\/fr\/wp-json\/wp\/v2\/users\/8"}],"replies":[{"embeddable":true,"href":"https:\/\/news.canadamotorjobs.com\/fr\/wp-json\/wp\/v2\/comments?post=163299"}],"version-history":[{"count":2,"href":"https:\/\/news.canadamotorjobs.com\/fr\/wp-json\/wp\/v2\/posts\/163299\/revisions"}],"predecessor-version":[{"id":163303,"href":"https:\/\/news.canadamotorjobs.com\/fr\/wp-json\/wp\/v2\/posts\/163299\/revisions\/163303"}],"wp:featuredmedia":[{"embeddable":true,"href":"https:\/\/news.canadamotorjobs.com\/fr\/wp-json\/wp\/v2\/media\/163301"}],"wp:attachment":[{"href":"https:\/\/news.canadamotorjobs.com\/fr\/wp-json\/wp\/v2\/media?parent=163299"}],"wp:term":[{"taxonomy":"category","embeddable":true,"href":"https:\/\/news.canadamotorjobs.com\/fr\/wp-json\/wp\/v2\/categories?post=163299"},{"taxonomy":"post_tag","embeddable":true,"href":"https:\/\/news.canadamotorjobs.com\/fr\/wp-json\/wp\/v2\/tags?post=163299"}],"curies":[{"name":"wp","href":"https:\/\/api.w.org\/{rel}","templated":true}]}}