{"id":163257,"date":"2024-04-22T07:10:55","date_gmt":"2024-04-22T11:10:55","guid":{"rendered":"https:\/\/news.canadamotorjobs.com\/?p=163257"},"modified":"2024-04-22T07:15:35","modified_gmt":"2024-04-22T11:15:35","slug":"un-porsche-cayenne-gts-de-493-chevaux-pour-2025","status":"publish","type":"post","link":"https:\/\/news.canadamotorjobs.com\/fr\/un-porsche-cayenne-gts-de-493-chevaux-pour-2025\/","title":{"rendered":"Un Porsche Cayenne GTS de 493 chevaux pour 2025"},"content":{"rendered":"<\/p>\n<p>Les moteurs ne sont pas encore disparu et Porsche porte le flambeau avec son mod\u00e8le Cayenne GTS qui accueille sous le capot le V8 biturbo de 4,0 litres qui a fait l\u2019objet d\u2019une vaste r\u00e9vision sur le plan technique. R\u00e9sultat : le Cayenne GTS est maintenant plus performant avec 493 ch, soit 40 ch de plus que le mod\u00e8le ant\u00e9rieur. Le couple maximal est maintenant de 486 lb-pi, ce qui repr\u00e9sente une augmentation de 29 lb-pi. La nouvelle bo\u00eete Tiptronic S \u00e0 huit rapports am\u00e9liore la performance de conduite gr\u00e2ce \u00e0 des temps de r\u00e9ponse et de changement de rapports plus courts en mode Sport et Sport Plus.<\/p>\n<h3>\n<strong>Technologie de ch\u00e2ssis du Cayenne Turbo GT<\/strong><\/h3>\n<p>\nLe ch\u00e2ssis est abaiss\u00e9 de 10 millim\u00e8tres pour le Cayenne GTS. La voiture est maintenant \u00e9quip\u00e9e de s\u00e9rie de la suspension pneumatique adaptative, qui comprend les syst\u00e8mes Porsche Active Suspension Management (PASM) et Porsche Torque Vectoring Plus (PTV Plus). Tous les composants et syst\u00e8mes de commande du ch\u00e2ssis, comme la transmission int\u00e9grale Porsche Traction Management (PTM) et la stabilisation active antiroulis Porsche Dynamic Chassis Control (PDCC) en option, sont sp\u00e9cialement con\u00e7us pour offrir une performance optimale sur route.<\/p>\n<h3>Amortisseurs \u00e0 deux soupapes<\/h3>\n<p>\nLa technologie d\u2019amortisseurs \u00e0 deux soupapes du GTS offre une r\u00e9ponse impressionnante, tandis que sa suspension pneumatique \u00e0 deux chambres lui conf\u00e8re une flexibilit\u00e9 de ressort tr\u00e8s dynamique tout en assurant le confort du conducteur. Issus du Cayenne Turbo GT, les paliers guides de l\u2019essieu avant des mod\u00e8les Cayenne GTS augmentent le carrossage n\u00e9gatif des roues de 0,58 degr\u00e9 par rapport aux autres mod\u00e8les de la gamme. Il en r\u00e9sulte une prise de virage particuli\u00e8rement agile et une dynamique de conduite exceptionnelle.<\/p>\n<h3>Aussi rapide qu\u2019une voiture sport<\/h3>\n<p>\nLe nouveau Cayenne GTS acc\u00e9l\u00e8re de 0 \u00e0 100 km\/h en 4,4 secondes, avec une vitesse de pointe de 275 km\/h. Autre innovation technique, la bo\u00eete de transfert du syst\u00e8me de transmission int\u00e9grale Porsche Traction Management (PTM) est dot\u00e9e d\u2019un circuit de refroidissement par eau ind\u00e9pendant. Cette technologie, \u00e9galement issue du mod\u00e8le haute performance Turbo GT, stabilise la capacit\u00e9 de charge continue, notamment lors de la conduite sur piste ou sur des routes de montagne.<\/p>\n<h3><strong>Conception et \u00e9quipement de style GTS exclusifs <\/strong><\/h3>\n<p>\nLes \u00e9l\u00e9ments de la carrosserie, comme les jupes lat\u00e9rales, les appliques avant, les contours de vitres et les extensions de passage de roue, qui font tous partie de l\u2019ensemble Sport Design de s\u00e9rie, sont maintenant fabriqu\u00e9s en noir tr\u00e8s lustr\u00e9. Sur les mod\u00e8les GTS ant\u00e9rieurs, certains de ces \u00e9l\u00e9ments \u00e9taient de couleur assortie \u00e0 la carrosserie. En revanche, les sorties d\u2019\u00e9chappement sport, qui \u00e9taient auparavant offertes en noir, ont maintenant un fini bronze fonc\u00e9. Les mod\u00e8les GTS sont chauss\u00e9s de roues RS Spyder de 21 po au fini gris anthracite pour rehausser davantage leur design. Le Cayenne GTS est \u00e9quip\u00e9 de s\u00e9rie d\u2019un volant sport GT chauffant, et l\u2019ensemble de l\u2019habitacle est agr\u00e9ment\u00e9 d\u2019\u00e9l\u00e9ments en Race-Tex de haute qualit\u00e9. La garniture de toit, les accoudoirs et les panneaux de porte sont recouverts de tissu en similisu\u00e8de, tout comme les panneaux centraux des si\u00e8ges sport r\u00e9glables en huit sens. Les renforts lat\u00e9raux ont \u00e9t\u00e9 rehauss\u00e9s pour offrir encore plus de soutien dans les virages. Porsche offre \u00e9galement deux autres ensembles int\u00e9rieurs sp\u00e9cifiques au GTS pour un look plus personnalis\u00e9 : rouge carmin et gris ardoise n\u00e9o.<\/p>\n<h3><strong>Nouvelle exp\u00e9rience du conducteur avec \u00e9clairage ambiant et son ambiophonique<\/strong><\/h3>\n<p>\n<strong>\u00a0<\/strong><br \/>\n\u00c0 la suite du r\u00e9cent remaniement de la gamme Cayenne, les nouveaux mod\u00e8les GTS comprennent maintenant la nouvelle Porsche Driver Experience avec un bloc-instruments num\u00e9rique incurv\u00e9 de s\u00e9rie et un \u00e9cran passager en option. En plus de l\u2019ensemble Sport Design, des phares \u00e0 matrice de DEL haute d\u00e9finition teint\u00e9s et de la suspension pneumatique, le mod\u00e8le est dot\u00e9 d\u2019un syst\u00e8me audio ambiophonique Bose\u00ae et d\u2019un \u00e9clairage ambiant. Le Cayenne GTS Coup\u00e9 est \u00e9galement \u00e9quip\u00e9 d\u2019un toit panoramique en verre fixe, de s\u00e9rie, et d\u2019un aileron arri\u00e8re adaptatif d\u00e9ployable. La dynamique du Coup\u00e9 peut \u00eatre rehauss\u00e9e par un syst\u00e8me d\u2019\u00e9chappement sport avec sorties d\u2019\u00e9chappement en bronze fonc\u00e9 au centre. Ce syst\u00e8me est offert avec les trois diff\u00e9rents ensembles Sport de conception l\u00e9g\u00e8re, qui comprennent \u00e9galement un toit l\u00e9ger, un diffuseur arri\u00e8re en fibre carbone ainsi qu\u2019une isolation r\u00e9duite. Selon l\u2019\u00e9quipement, les ensembles de conception l\u00e9g\u00e8re peuvent r\u00e9duire le poids du v\u00e9hicule jusqu\u2019\u00e0 25 kilogrammes.<\/p>\n<h3><strong>Disponibilit\u00e9 et prix<\/strong><\/h3>\n<p>\nPorsche propose le nouveau Cayenne GTS 2025 au Canada en tant que VUS \u00e0 partir de 134 800 $ et en tant que VUS Coup\u00e9 \u00e0 partir de 139 800 $. Les livraisons d\u00e9buteront au quatri\u00e8me trimestre de 2024.<\/p>\n<p>Le texte <a rel=\"nofollow\" href=\"https:\/\/annuelauto.ca\/un-porsche-cayenne-gts-de-493-chevaux-pour-2025\/\">Un Porsche Cayenne GTS de 493 chevaux pour 2025<\/a> provient de <a rel=\"nofollow\" href=\"https:\/\/annuelauto.ca\">L&#8217;annuel de l&#8217;automobile &#8211; Actualit\u00e9 automobile<\/a><\/p>\n<p><\/p>\n","protected":false},"excerpt":{"rendered":"<p>Les moteurs ne sont pas encore disparu et Porsche porte le flambeau avec son mod\u00e8le Cayenne GTS qui accueille sous le capot le V8 biturbo de 4,0 litres qui a fait l\u2019objet d\u2019une vaste r\u00e9vision sur le plan technique. R\u00e9sultat : le Cayenne GTS est maintenant plus performant avec 493 ch, soit 40 ch de [&hellip;]<\/p>\n","protected":false},"author":8,"featured_media":163259,"comment_status":"close","ping_status":"closed","sticky":false,"template":"","format":"standard","meta":{"_monsterinsights_skip_tracking":false,"_monsterinsights_sitenote_active":false,"_monsterinsights_sitenote_note":"","_monsterinsights_sitenote_category":0,"footnotes":""},"categories":[101],"tags":[],"yoast_head":"<!-- This site is optimized with the Yoast SEO plugin v23.2 - https:\/\/yoast.com\/wordpress\/plugins\/seo\/ -->\n<title>Un Porsche Cayenne GTS de 493 chevaux pour 2025 - CanadaMotorJobs.com<\/title>\n<meta name=\"description\" content=\"Un Porsche Cayenne GTS de 493 chevaux pour 2025 - Benoit Charette - Annuel automobile - CanadaMotorJobs.com.\" \/>\n<meta name=\"robots\" content=\"index, follow, max-snippet:-1, max-image-preview:large, max-video-preview:-1\" \/>\n<meta property=\"og:locale\" content=\"fr_CA\" \/>\n<meta property=\"og:type\" content=\"article\" \/>\n<meta property=\"og:title\" content=\"Un Porsche Cayenne GTS de 493 chevaux pour 2025 - CanadaMotorJobs.com\" \/>\n<meta property=\"og:description\" content=\"Un Porsche Cayenne GTS de 493 chevaux pour 2025 - Benoit Charette - Annuel automobile - CanadaMotorJobs.com.\" \/>\n<meta property=\"og:url\" content=\"https:\/\/news.canadamotorjobs.com\/fr\/un-porsche-cayenne-gts-de-493-chevaux-pour-2025\/\" \/>\n<meta property=\"og:site_name\" content=\"CanadaMotorJobs.com\" \/>\n<meta property=\"article:publisher\" content=\"https:\/\/www.facebook.com\/canadamotorjobs\/\" \/>\n<meta property=\"article:published_time\" content=\"2024-04-22T11:10:55+00:00\" \/>\n<meta property=\"article:modified_time\" content=\"2024-04-22T11:15:35+00:00\" \/>\n<meta property=\"og:image\" content=\"https:\/\/news.canadamotorjobs.com\/wp-content\/uploads\/2024\/04\/S24_0725.jpg\" \/>\n\t<meta property=\"og:image:width\" content=\"1000\" \/>\n\t<meta property=\"og:image:height\" content=\"667\" \/>\n\t<meta property=\"og:image:type\" content=\"image\/jpeg\" \/>\n<meta name=\"author\" content=\"Benoit Charette\" \/>\n<meta name=\"twitter:card\" content=\"summary_large_image\" \/>\n<meta name=\"twitter:creator\" content=\"@canadamotorjobs\" \/>\n<meta name=\"twitter:site\" content=\"@canadamotorjobs\" \/>\n<meta name=\"twitter:label1\" content=\"\u00c9crit par\" \/>\n\t<meta name=\"twitter:data1\" content=\"Benoit Charette\" \/>\n\t<meta name=\"twitter:label2\" content=\"Estimation du temps de lecture\" \/>\n\t<meta name=\"twitter:data2\" content=\"4 minutes\" \/>\n<!-- \/ Yoast SEO plugin. -->","yoast_head_json":{"title":"Un Porsche Cayenne GTS de 493 chevaux pour 2025 - CanadaMotorJobs.com","description":"Un Porsche Cayenne GTS de 493 chevaux pour 2025 - Benoit Charette - Annuel automobile - CanadaMotorJobs.com.","robots":{"index":"index","follow":"follow","max-snippet":"max-snippet:-1","max-image-preview":"max-image-preview:large","max-video-preview":"max-video-preview:-1"},"og_locale":"fr_CA","og_type":"article","og_title":"Un Porsche Cayenne GTS de 493 chevaux pour 2025 - CanadaMotorJobs.com","og_description":"Un Porsche Cayenne GTS de 493 chevaux pour 2025 - Benoit Charette - Annuel automobile - CanadaMotorJobs.com.","og_url":"https:\/\/news.canadamotorjobs.com\/fr\/un-porsche-cayenne-gts-de-493-chevaux-pour-2025\/","og_site_name":"CanadaMotorJobs.com","article_publisher":"https:\/\/www.facebook.com\/canadamotorjobs\/","article_published_time":"2024-04-22T11:10:55+00:00","article_modified_time":"2024-04-22T11:15:35+00:00","og_image":[{"width":1000,"height":667,"url":"https:\/\/news.canadamotorjobs.com\/wp-content\/uploads\/2024\/04\/S24_0725.jpg","type":"image\/jpeg"}],"author":"Benoit Charette","twitter_card":"summary_large_image","twitter_creator":"@canadamotorjobs","twitter_site":"@canadamotorjobs","twitter_misc":{"\u00c9crit par":"Benoit Charette","Estimation du temps de lecture":"4 minutes"},"schema":{"@context":"https:\/\/schema.org","@graph":[{"@type":"Article","@id":"https:\/\/news.canadamotorjobs.com\/fr\/un-porsche-cayenne-gts-de-493-chevaux-pour-2025\/#article","isPartOf":{"@id":"https:\/\/news.canadamotorjobs.com\/fr\/un-porsche-cayenne-gts-de-493-chevaux-pour-2025\/"},"author":{"name":"Benoit Charette","@id":"https:\/\/news.canadamotorjobs.com\/#\/schema\/person\/51793d1f87d44011d7bcc2ed99269a90"},"headline":"Un Porsche Cayenne GTS de 493 chevaux pour 2025","datePublished":"2024-04-22T11:10:55+00:00","dateModified":"2024-04-22T11:15:35+00:00","mainEntityOfPage":{"@id":"https:\/\/news.canadamotorjobs.com\/fr\/un-porsche-cayenne-gts-de-493-chevaux-pour-2025\/"},"wordCount":856,"publisher":{"@id":"https:\/\/news.canadamotorjobs.com\/#organization"},"image":{"@id":"https:\/\/news.canadamotorjobs.com\/fr\/un-porsche-cayenne-gts-de-493-chevaux-pour-2025\/#primaryimage"},"thumbnailUrl":"https:\/\/news.canadamotorjobs.com\/wp-content\/uploads\/2024\/04\/S24_0725.jpg","articleSection":["Annuel automobile"],"inLanguage":"fr-CA"},{"@type":"WebPage","@id":"https:\/\/news.canadamotorjobs.com\/fr\/un-porsche-cayenne-gts-de-493-chevaux-pour-2025\/","url":"https:\/\/news.canadamotorjobs.com\/fr\/un-porsche-cayenne-gts-de-493-chevaux-pour-2025\/","name":"Un Porsche Cayenne GTS de 493 chevaux pour 2025 - CanadaMotorJobs.com","isPartOf":{"@id":"https:\/\/news.canadamotorjobs.com\/#website"},"primaryImageOfPage":{"@id":"https:\/\/news.canadamotorjobs.com\/fr\/un-porsche-cayenne-gts-de-493-chevaux-pour-2025\/#primaryimage"},"image":{"@id":"https:\/\/news.canadamotorjobs.com\/fr\/un-porsche-cayenne-gts-de-493-chevaux-pour-2025\/#primaryimage"},"thumbnailUrl":"https:\/\/news.canadamotorjobs.com\/wp-content\/uploads\/2024\/04\/S24_0725.jpg","datePublished":"2024-04-22T11:10:55+00:00","dateModified":"2024-04-22T11:15:35+00:00","description":"Un Porsche Cayenne GTS de 493 chevaux pour 2025 - Benoit Charette - Annuel automobile - CanadaMotorJobs.com.","breadcrumb":{"@id":"https:\/\/news.canadamotorjobs.com\/fr\/un-porsche-cayenne-gts-de-493-chevaux-pour-2025\/#breadcrumb"},"inLanguage":"fr-CA","potentialAction":[{"@type":"ReadAction","target":["https:\/\/news.canadamotorjobs.com\/fr\/un-porsche-cayenne-gts-de-493-chevaux-pour-2025\/"]}]},{"@type":"ImageObject","inLanguage":"fr-CA","@id":"https:\/\/news.canadamotorjobs.com\/fr\/un-porsche-cayenne-gts-de-493-chevaux-pour-2025\/#primaryimage","url":"https:\/\/news.canadamotorjobs.com\/wp-content\/uploads\/2024\/04\/S24_0725.jpg","contentUrl":"https:\/\/news.canadamotorjobs.com\/wp-content\/uploads\/2024\/04\/S24_0725.jpg","width":1000,"height":667},{"@type":"BreadcrumbList","@id":"https:\/\/news.canadamotorjobs.com\/fr\/un-porsche-cayenne-gts-de-493-chevaux-pour-2025\/#breadcrumb","itemListElement":[{"@type":"ListItem","position":1,"name":"Home","item":"https:\/\/news.canadamotorjobs.com\/fr\/blog\/"},{"@type":"ListItem","position":2,"name":"Un Porsche Cayenne GTS de 493 chevaux pour 2025"}]},{"@type":"WebSite","@id":"https:\/\/news.canadamotorjobs.com\/#website","url":"https:\/\/news.canadamotorjobs.com\/","name":"CanadaMotorJobs.com","description":"Automotive Jobs","publisher":{"@id":"https:\/\/news.canadamotorjobs.com\/#organization"},"potentialAction":[{"@type":"SearchAction","target":{"@type":"EntryPoint","urlTemplate":"https:\/\/news.canadamotorjobs.com\/?s={search_term_string}"},"query-input":"required name=search_term_string"}],"inLanguage":"fr-CA"},{"@type":"Organization","@id":"https:\/\/news.canadamotorjobs.com\/#organization","name":"Canada Motor Jobs","url":"https:\/\/news.canadamotorjobs.com\/","logo":{"@type":"ImageObject","inLanguage":"fr-CA","@id":"https:\/\/news.canadamotorjobs.com\/#\/schema\/logo\/image\/","url":"https:\/\/news.canadamotorjobs.com\/wp-content\/uploads\/2022\/10\/logo-canada-motor-jobs-1.png","contentUrl":"https:\/\/news.canadamotorjobs.com\/wp-content\/uploads\/2022\/10\/logo-canada-motor-jobs-1.png","width":800,"height":400,"caption":"Canada Motor Jobs"},"image":{"@id":"https:\/\/news.canadamotorjobs.com\/#\/schema\/logo\/image\/"},"sameAs":["https:\/\/www.facebook.com\/canadamotorjobs\/","https:\/\/x.com\/canadamotorjobs","https:\/\/www.instagram.com\/canadamotorjobs\/","https:\/\/www.linkedin.com\/company\/canadamotorjobs"]},{"@type":"Person","@id":"https:\/\/news.canadamotorjobs.com\/#\/schema\/person\/51793d1f87d44011d7bcc2ed99269a90","name":"Benoit Charette","image":{"@type":"ImageObject","inLanguage":"fr-CA","@id":"https:\/\/news.canadamotorjobs.com\/#\/schema\/person\/image\/","url":"https:\/\/secure.gravatar.com\/avatar\/45f3d2eebcccd909668d7ce7ea7267b6?s=96&d=mm&r=g","contentUrl":"https:\/\/secure.gravatar.com\/avatar\/45f3d2eebcccd909668d7ce7ea7267b6?s=96&d=mm&r=g","caption":"Benoit Charette"},"description":"Benoit Charette \/ Propri\u00e9taire et r\u00e9dacteur en chef Benoit Charette pratique le journalisme automobile depuis bient\u00f4t 30 ans. Il a fait ses classes au c\u00f4t\u00e9 de Daniel H\u00e9raud et au Carnet de route de 1992 \u00e0 2001. Il est fondateur, copropri\u00e9taire et r\u00e9dacteur en chef de L\u2019Annuel de l\u2019automobile, qu\u2019il publie depuis 2001. Il a anim\u00e9 les \u00e9missions RPM et RPM+ sur V et les L\u00e9gendes de la route sur Historia. \u00c0 la radio depuis 1986, il reprend l\u2019antenne cette ann\u00e9e sur les ondes de Cogeco et participe pour la deuxi\u00e8me ann\u00e9e \u00e0 l\u2019\u00e9mission Passion Auto sur RDS en plus de mettre en ligne le site Web officiel de L\u2019Annuel de l\u2019automobile sur annuelauto.ca.","sameAs":["https:\/\/annuelauto.ca\/"],"url":"https:\/\/news.canadamotorjobs.com\/fr\/author\/benoit-charette\/"}]}},"_links":{"self":[{"href":"https:\/\/news.canadamotorjobs.com\/fr\/wp-json\/wp\/v2\/posts\/163257"}],"collection":[{"href":"https:\/\/news.canadamotorjobs.com\/fr\/wp-json\/wp\/v2\/posts"}],"about":[{"href":"https:\/\/news.canadamotorjobs.com\/fr\/wp-json\/wp\/v2\/types\/post"}],"author":[{"embeddable":true,"href":"https:\/\/news.canadamotorjobs.com\/fr\/wp-json\/wp\/v2\/users\/8"}],"replies":[{"embeddable":true,"href":"https:\/\/news.canadamotorjobs.com\/fr\/wp-json\/wp\/v2\/comments?post=163257"}],"version-history":[{"count":2,"href":"https:\/\/news.canadamotorjobs.com\/fr\/wp-json\/wp\/v2\/posts\/163257\/revisions"}],"predecessor-version":[{"id":163261,"href":"https:\/\/news.canadamotorjobs.com\/fr\/wp-json\/wp\/v2\/posts\/163257\/revisions\/163261"}],"wp:featuredmedia":[{"embeddable":true,"href":"https:\/\/news.canadamotorjobs.com\/fr\/wp-json\/wp\/v2\/media\/163259"}],"wp:attachment":[{"href":"https:\/\/news.canadamotorjobs.com\/fr\/wp-json\/wp\/v2\/media?parent=163257"}],"wp:term":[{"taxonomy":"category","embeddable":true,"href":"https:\/\/news.canadamotorjobs.com\/fr\/wp-json\/wp\/v2\/categories?post=163257"},{"taxonomy":"post_tag","embeddable":true,"href":"https:\/\/news.canadamotorjobs.com\/fr\/wp-json\/wp\/v2\/tags?post=163257"}],"curies":[{"name":"wp","href":"https:\/\/api.w.org\/{rel}","templated":true}]}}