{"id":163234,"date":"2024-04-22T06:34:50","date_gmt":"2024-04-22T10:34:50","guid":{"rendered":"https:\/\/news.canadamotorjobs.com\/?p=163234"},"modified":"2024-04-22T06:44:32","modified_gmt":"2024-04-22T10:44:32","slug":"la-mercedes-amg-gt-63-s-e-performance-un-monstre-de-puissance","status":"publish","type":"post","link":"https:\/\/news.canadamotorjobs.com\/fr\/la-mercedes-amg-gt-63-s-e-performance-un-monstre-de-puissance\/","title":{"rendered":"La Mercedes-AMG GT 63 S E Performance\u00a0:Un Monstre de Puissance"},"content":{"rendered":"<\/p>\n<p>Au Salon de l\u2019auto de Shanghai, Mercedes-AMG a lanc\u00e9 la GT 63 S E Performance, dans le monde des supervoitures gr\u00e2ce \u00e0 l&#8217;\u00e9lectrification. Ce v\u00e9hicule \u00e9lectrique hybride rechargeable (PHEV) repr\u00e9sente la GT AMG la plus rapide et la plus puissante \u00e0 ce jour, avec 805 chevaux provenant d&#8217;un moteur V8 biturbo combin\u00e9 \u00e0 un moteur \u00e9lectrique arri\u00e8re et jusqu\u2019\u00e0 1\u00a0047 lb-pi de couple. Cette Mercedes est le mod\u00e8le de production en s\u00e9rie le plus rapide de l&#8217;histoire de Mercedes, passant de 0 \u00e0 100 km\/h en seulement 2,8 secondes.<\/p>\n<h3><strong>Technologie de F1<\/strong><\/h3>\n<p>\nInspir\u00e9e par la Formule 1, d\u00e9velopp\u00e9e \u00e0 Affalterbach : la batterie haute performance AMG. Les batteries ont besoin d&#8217;une temp\u00e9rature d\u00e9finie pour fournir une puissance optimale. Si l&#8217;unit\u00e9 de stockage d&#8217;\u00e9nergie devient trop froide ou trop chaude, elle r\u00e9duit temporairement la puissance pour prot\u00e9ger les composants haute performance. La temp\u00e9rature constante de la batterie a donc une influence d\u00e9cisive sur ses performances, sa dur\u00e9e de vie et sa stabilit\u00e9. Les syst\u00e8mes de refroidissement conventionnels qui n&#8217;utilisent que de l&#8217;air ou qui refroidissent indirectement l&#8217;ensemble de la batterie avec de l&#8217;eau atteignent rapidement leurs limites, d&#8217;autant plus que les exigences en mati\u00e8re de refroidissement continuent d&#8217;augmenter en raison de l&#8217;augmentation de la densit\u00e9 \u00e9nerg\u00e9tique des cellules. La puissance est transmise aux quatre roues gr\u00e2ce au syst\u00e8me enti\u00e8rement variable AMG Performance 4Matic+, facilit\u00e9 par une bo\u00eete de vitesses AMG Speedshift MCT 9G \u00e0 neuf rapports. De plus, une transmission \u00e0 deux vitesses g\u00e8re le moteur \u00e9lectrique, tandis qu&#8217;un diff\u00e9rentiel \u00e0 glissement limit\u00e9 m\u00e9canique am\u00e9liore les performances sur l&#8217;essieu arri\u00e8re.<\/p>\n<h3><strong>\u00c9quipements de S\u00e9rie Haut de Gamme<\/strong><\/h3>\n<p>\nEn tant que mod\u00e8le phare de la gamme, elle est \u00e9quip\u00e9e d&#8217;une multitude de fonctionnalit\u00e9s orient\u00e9es performance en s\u00e9rie. Celles-ci incluent la suspension Active Ride Control AMG avec stabilisation de roulis semi-active et direction de l&#8217;essieu arri\u00e8re, les freins en composite c\u00e9ramique les plus puissants disponibles, et une s\u00e9lection compl\u00e8te de huit modes de conduite accessibles via le commutateur AMG Dynamic Select.<\/p>\n<h3><strong>\u00c9lectrification sans Compromis<\/strong><\/h3>\n<p>\nLa batterie lithium-ion de 6,1 kWh est \u00e9galement mont\u00e9e sur l&#8217;essieu arri\u00e8re pour une r\u00e9partition optimale du poids, et dispose d&#8217;un syst\u00e8me de refroidissement direct innovant. Bien que la performance soit clairement la priorit\u00e9 de l&#8217;\u00e9lectrification dans le cas de la AMG GT, une batterie pleinement charg\u00e9e offre une autonomie de 13 km en mode z\u00e9ro \u00e9mission pour ceux qui souhaitent vraiment l&#8217;utiliser comme un PHEV. De plus, le niveau le plus \u00e9lev\u00e9 des quatre niveaux de freinage r\u00e9g\u00e9n\u00e9ratif permet une conduite \u00e0 une p\u00e9dale similaire \u00e0 celle des v\u00e9hicules \u00e9lectriques.<\/p>\n<h3><strong>Discr\u00e9tion et \u00c9l\u00e9gance<\/strong><\/h3>\n<p>\nLa GT 63 S E Performance est la quatri\u00e8me addition \u00e0 la famille AMG GT apr\u00e8s les versions V8 GT 53 et 63, ainsi que la GT 43 \u00e0 quatre cylindres en entr\u00e9e de gamme. Visuellement, elle partage le m\u00eame kit carrosserie que les versions V8 moins puissantes, mais le port de recharge \u00e0 l&#8217;arri\u00e8re et le discret badge E Performance sur les ailes r\u00e9v\u00e8lent sa nature \u00e9lectrifi\u00e9e. Elle est \u00e9galement livr\u00e9e en standard avec une a\u00e9rodynamique active (sous-caisse avant et spoiler arri\u00e8re), sp\u00e9cialement adapt\u00e9e aux besoins du groupe motopropulseur PHEV.<\/p>\n<h3><strong>Luxueux et Personnalisable<\/strong><\/h3>\n<p>\n\u00c0 l&#8217;int\u00e9rieur du cockpit 2+2, nous trouvons des si\u00e8ges sport AMG \u00e0 r\u00e9glage \u00e9lectrique avec trois programmes de massage, et de nombreuses options de personnalisation gr\u00e2ce au programme Manufaktur. La E Performance b\u00e9n\u00e9ficie \u00e9galement d&#8217;affichages sp\u00e9cifiques hybrides sur l&#8217;infodivertissement MBUX, tout comme la version quatre portes de la GT.<\/p>\n<h3><strong>Disponibilit\u00e9 et Prix<\/strong><\/h3>\n<p>\nLes tarifs pour la Mercedes-AMG GT 63 S E Performance 2025 seront annonc\u00e9s plus pr\u00e8s du lancement sur le march\u00e9, pr\u00e9vu dans les prochains mois.<\/p>\n<p>\u00a0<\/p>\n<p>Le texte <a rel=\"nofollow\" href=\"https:\/\/annuelauto.ca\/la-mercedes-amg-gt-63-s-e-performance-un-monstre-de-puissance\/\">La Mercedes-AMG GT 63 S E Performance\u00a0:Un Monstre de Puissance<\/a> provient de <a rel=\"nofollow\" href=\"https:\/\/annuelauto.ca\">L&#8217;annuel de l&#8217;automobile &#8211; Actualit\u00e9 automobile<\/a><\/p>\n<p><\/p>\n","protected":false},"excerpt":{"rendered":"<p>Au Salon de l\u2019auto de Shanghai, Mercedes-AMG a lanc\u00e9 la GT 63 S E Performance, dans le monde des supervoitures gr\u00e2ce \u00e0 l&#8217;\u00e9lectrification. Ce v\u00e9hicule \u00e9lectrique hybride rechargeable (PHEV) repr\u00e9sente la GT AMG la plus rapide et la plus puissante \u00e0 ce jour, avec 805 chevaux provenant d&#8217;un moteur V8 biturbo combin\u00e9 \u00e0 un moteur [&hellip;]<\/p>\n","protected":false},"author":8,"featured_media":163236,"comment_status":"close","ping_status":"closed","sticky":false,"template":"","format":"standard","meta":{"_monsterinsights_skip_tracking":false,"_monsterinsights_sitenote_active":false,"_monsterinsights_sitenote_note":"","_monsterinsights_sitenote_category":0,"footnotes":""},"categories":[101],"tags":[],"yoast_head":"<!-- This site is optimized with the Yoast SEO plugin v23.2 - https:\/\/yoast.com\/wordpress\/plugins\/seo\/ -->\n<title>La Mercedes-AMG GT 63 S E Performance\u00a0:Un Monstre de Puissance - CanadaMotorJobs.com<\/title>\n<meta name=\"description\" content=\"La Mercedes-AMG GT 63 S E Performance\u00a0:Un Monstre de Puissance - Benoit Charette - Annuel automobile - CanadaMotorJobs.com.\" \/>\n<meta name=\"robots\" content=\"index, follow, max-snippet:-1, max-image-preview:large, max-video-preview:-1\" \/>\n<meta property=\"og:locale\" content=\"fr_CA\" \/>\n<meta property=\"og:type\" content=\"article\" \/>\n<meta property=\"og:title\" content=\"La Mercedes-AMG GT 63 S E Performance\u00a0:Un Monstre de Puissance - CanadaMotorJobs.com\" \/>\n<meta property=\"og:description\" content=\"La Mercedes-AMG GT 63 S E Performance\u00a0:Un Monstre de Puissance - Benoit Charette - Annuel automobile - CanadaMotorJobs.com.\" \/>\n<meta property=\"og:url\" content=\"https:\/\/news.canadamotorjobs.com\/fr\/la-mercedes-amg-gt-63-s-e-performance-un-monstre-de-puissance\/\" \/>\n<meta property=\"og:site_name\" content=\"CanadaMotorJobs.com\" \/>\n<meta property=\"article:publisher\" content=\"https:\/\/www.facebook.com\/canadamotorjobs\/\" \/>\n<meta property=\"article:published_time\" content=\"2024-04-22T10:34:50+00:00\" \/>\n<meta property=\"article:modified_time\" content=\"2024-04-22T10:44:32+00:00\" \/>\n<meta property=\"og:image\" content=\"https:\/\/news.canadamotorjobs.com\/wp-content\/uploads\/2024\/04\/premedia_24c0120_002.jpg\" \/>\n\t<meta property=\"og:image:width\" content=\"1199\" \/>\n\t<meta property=\"og:image:height\" content=\"800\" \/>\n\t<meta property=\"og:image:type\" content=\"image\/jpeg\" \/>\n<meta name=\"author\" content=\"Benoit Charette\" \/>\n<meta name=\"twitter:card\" content=\"summary_large_image\" \/>\n<meta name=\"twitter:creator\" content=\"@canadamotorjobs\" \/>\n<meta name=\"twitter:site\" content=\"@canadamotorjobs\" \/>\n<meta name=\"twitter:label1\" content=\"\u00c9crit par\" \/>\n\t<meta name=\"twitter:data1\" content=\"Benoit Charette\" \/>\n\t<meta name=\"twitter:label2\" content=\"Estimation du temps de lecture\" \/>\n\t<meta name=\"twitter:data2\" content=\"3 minutes\" \/>\n<!-- \/ Yoast SEO plugin. -->","yoast_head_json":{"title":"La Mercedes-AMG GT 63 S E Performance\u00a0:Un Monstre de Puissance - CanadaMotorJobs.com","description":"La Mercedes-AMG GT 63 S E Performance\u00a0:Un Monstre de Puissance - Benoit Charette - Annuel automobile - CanadaMotorJobs.com.","robots":{"index":"index","follow":"follow","max-snippet":"max-snippet:-1","max-image-preview":"max-image-preview:large","max-video-preview":"max-video-preview:-1"},"og_locale":"fr_CA","og_type":"article","og_title":"La Mercedes-AMG GT 63 S E Performance\u00a0:Un Monstre de Puissance - CanadaMotorJobs.com","og_description":"La Mercedes-AMG GT 63 S E Performance\u00a0:Un Monstre de Puissance - Benoit Charette - Annuel automobile - CanadaMotorJobs.com.","og_url":"https:\/\/news.canadamotorjobs.com\/fr\/la-mercedes-amg-gt-63-s-e-performance-un-monstre-de-puissance\/","og_site_name":"CanadaMotorJobs.com","article_publisher":"https:\/\/www.facebook.com\/canadamotorjobs\/","article_published_time":"2024-04-22T10:34:50+00:00","article_modified_time":"2024-04-22T10:44:32+00:00","og_image":[{"width":1199,"height":800,"url":"https:\/\/news.canadamotorjobs.com\/wp-content\/uploads\/2024\/04\/premedia_24c0120_002.jpg","type":"image\/jpeg"}],"author":"Benoit Charette","twitter_card":"summary_large_image","twitter_creator":"@canadamotorjobs","twitter_site":"@canadamotorjobs","twitter_misc":{"\u00c9crit par":"Benoit Charette","Estimation du temps de lecture":"3 minutes"},"schema":{"@context":"https:\/\/schema.org","@graph":[{"@type":"Article","@id":"https:\/\/news.canadamotorjobs.com\/fr\/la-mercedes-amg-gt-63-s-e-performance-un-monstre-de-puissance\/#article","isPartOf":{"@id":"https:\/\/news.canadamotorjobs.com\/fr\/la-mercedes-amg-gt-63-s-e-performance-un-monstre-de-puissance\/"},"author":{"name":"Benoit Charette","@id":"https:\/\/news.canadamotorjobs.com\/#\/schema\/person\/51793d1f87d44011d7bcc2ed99269a90"},"headline":"La Mercedes-AMG GT 63 S E Performance\u00a0:Un Monstre de Puissance","datePublished":"2024-04-22T10:34:50+00:00","dateModified":"2024-04-22T10:44:32+00:00","mainEntityOfPage":{"@id":"https:\/\/news.canadamotorjobs.com\/fr\/la-mercedes-amg-gt-63-s-e-performance-un-monstre-de-puissance\/"},"wordCount":696,"publisher":{"@id":"https:\/\/news.canadamotorjobs.com\/#organization"},"image":{"@id":"https:\/\/news.canadamotorjobs.com\/fr\/la-mercedes-amg-gt-63-s-e-performance-un-monstre-de-puissance\/#primaryimage"},"thumbnailUrl":"https:\/\/news.canadamotorjobs.com\/wp-content\/uploads\/2024\/04\/premedia_24c0120_002.jpg","articleSection":["Annuel automobile"],"inLanguage":"fr-CA"},{"@type":"WebPage","@id":"https:\/\/news.canadamotorjobs.com\/fr\/la-mercedes-amg-gt-63-s-e-performance-un-monstre-de-puissance\/","url":"https:\/\/news.canadamotorjobs.com\/fr\/la-mercedes-amg-gt-63-s-e-performance-un-monstre-de-puissance\/","name":"La Mercedes-AMG GT 63 S E Performance\u00a0:Un Monstre de Puissance - CanadaMotorJobs.com","isPartOf":{"@id":"https:\/\/news.canadamotorjobs.com\/#website"},"primaryImageOfPage":{"@id":"https:\/\/news.canadamotorjobs.com\/fr\/la-mercedes-amg-gt-63-s-e-performance-un-monstre-de-puissance\/#primaryimage"},"image":{"@id":"https:\/\/news.canadamotorjobs.com\/fr\/la-mercedes-amg-gt-63-s-e-performance-un-monstre-de-puissance\/#primaryimage"},"thumbnailUrl":"https:\/\/news.canadamotorjobs.com\/wp-content\/uploads\/2024\/04\/premedia_24c0120_002.jpg","datePublished":"2024-04-22T10:34:50+00:00","dateModified":"2024-04-22T10:44:32+00:00","description":"La Mercedes-AMG GT 63 S E Performance\u00a0:Un Monstre de Puissance - Benoit Charette - Annuel automobile - CanadaMotorJobs.com.","breadcrumb":{"@id":"https:\/\/news.canadamotorjobs.com\/fr\/la-mercedes-amg-gt-63-s-e-performance-un-monstre-de-puissance\/#breadcrumb"},"inLanguage":"fr-CA","potentialAction":[{"@type":"ReadAction","target":["https:\/\/news.canadamotorjobs.com\/fr\/la-mercedes-amg-gt-63-s-e-performance-un-monstre-de-puissance\/"]}]},{"@type":"ImageObject","inLanguage":"fr-CA","@id":"https:\/\/news.canadamotorjobs.com\/fr\/la-mercedes-amg-gt-63-s-e-performance-un-monstre-de-puissance\/#primaryimage","url":"https:\/\/news.canadamotorjobs.com\/wp-content\/uploads\/2024\/04\/premedia_24c0120_002.jpg","contentUrl":"https:\/\/news.canadamotorjobs.com\/wp-content\/uploads\/2024\/04\/premedia_24c0120_002.jpg","width":1199,"height":800},{"@type":"BreadcrumbList","@id":"https:\/\/news.canadamotorjobs.com\/fr\/la-mercedes-amg-gt-63-s-e-performance-un-monstre-de-puissance\/#breadcrumb","itemListElement":[{"@type":"ListItem","position":1,"name":"Home","item":"https:\/\/news.canadamotorjobs.com\/fr\/blog\/"},{"@type":"ListItem","position":2,"name":"La Mercedes-AMG GT 63 S E Performance\u00a0:Un Monstre de Puissance"}]},{"@type":"WebSite","@id":"https:\/\/news.canadamotorjobs.com\/#website","url":"https:\/\/news.canadamotorjobs.com\/","name":"CanadaMotorJobs.com","description":"Automotive Jobs","publisher":{"@id":"https:\/\/news.canadamotorjobs.com\/#organization"},"potentialAction":[{"@type":"SearchAction","target":{"@type":"EntryPoint","urlTemplate":"https:\/\/news.canadamotorjobs.com\/?s={search_term_string}"},"query-input":"required name=search_term_string"}],"inLanguage":"fr-CA"},{"@type":"Organization","@id":"https:\/\/news.canadamotorjobs.com\/#organization","name":"Canada Motor Jobs","url":"https:\/\/news.canadamotorjobs.com\/","logo":{"@type":"ImageObject","inLanguage":"fr-CA","@id":"https:\/\/news.canadamotorjobs.com\/#\/schema\/logo\/image\/","url":"https:\/\/news.canadamotorjobs.com\/wp-content\/uploads\/2022\/10\/logo-canada-motor-jobs-1.png","contentUrl":"https:\/\/news.canadamotorjobs.com\/wp-content\/uploads\/2022\/10\/logo-canada-motor-jobs-1.png","width":800,"height":400,"caption":"Canada Motor Jobs"},"image":{"@id":"https:\/\/news.canadamotorjobs.com\/#\/schema\/logo\/image\/"},"sameAs":["https:\/\/www.facebook.com\/canadamotorjobs\/","https:\/\/x.com\/canadamotorjobs","https:\/\/www.instagram.com\/canadamotorjobs\/","https:\/\/www.linkedin.com\/company\/canadamotorjobs"]},{"@type":"Person","@id":"https:\/\/news.canadamotorjobs.com\/#\/schema\/person\/51793d1f87d44011d7bcc2ed99269a90","name":"Benoit Charette","image":{"@type":"ImageObject","inLanguage":"fr-CA","@id":"https:\/\/news.canadamotorjobs.com\/#\/schema\/person\/image\/","url":"https:\/\/secure.gravatar.com\/avatar\/45f3d2eebcccd909668d7ce7ea7267b6?s=96&d=mm&r=g","contentUrl":"https:\/\/secure.gravatar.com\/avatar\/45f3d2eebcccd909668d7ce7ea7267b6?s=96&d=mm&r=g","caption":"Benoit Charette"},"description":"Benoit Charette \/ Propri\u00e9taire et r\u00e9dacteur en chef Benoit Charette pratique le journalisme automobile depuis bient\u00f4t 30 ans. Il a fait ses classes au c\u00f4t\u00e9 de Daniel H\u00e9raud et au Carnet de route de 1992 \u00e0 2001. Il est fondateur, copropri\u00e9taire et r\u00e9dacteur en chef de L\u2019Annuel de l\u2019automobile, qu\u2019il publie depuis 2001. Il a anim\u00e9 les \u00e9missions RPM et RPM+ sur V et les L\u00e9gendes de la route sur Historia. \u00c0 la radio depuis 1986, il reprend l\u2019antenne cette ann\u00e9e sur les ondes de Cogeco et participe pour la deuxi\u00e8me ann\u00e9e \u00e0 l\u2019\u00e9mission Passion Auto sur RDS en plus de mettre en ligne le site Web officiel de L\u2019Annuel de l\u2019automobile sur annuelauto.ca.","sameAs":["https:\/\/annuelauto.ca\/"],"url":"https:\/\/news.canadamotorjobs.com\/fr\/author\/benoit-charette\/"}]}},"_links":{"self":[{"href":"https:\/\/news.canadamotorjobs.com\/fr\/wp-json\/wp\/v2\/posts\/163234"}],"collection":[{"href":"https:\/\/news.canadamotorjobs.com\/fr\/wp-json\/wp\/v2\/posts"}],"about":[{"href":"https:\/\/news.canadamotorjobs.com\/fr\/wp-json\/wp\/v2\/types\/post"}],"author":[{"embeddable":true,"href":"https:\/\/news.canadamotorjobs.com\/fr\/wp-json\/wp\/v2\/users\/8"}],"replies":[{"embeddable":true,"href":"https:\/\/news.canadamotorjobs.com\/fr\/wp-json\/wp\/v2\/comments?post=163234"}],"version-history":[{"count":2,"href":"https:\/\/news.canadamotorjobs.com\/fr\/wp-json\/wp\/v2\/posts\/163234\/revisions"}],"predecessor-version":[{"id":163238,"href":"https:\/\/news.canadamotorjobs.com\/fr\/wp-json\/wp\/v2\/posts\/163234\/revisions\/163238"}],"wp:featuredmedia":[{"embeddable":true,"href":"https:\/\/news.canadamotorjobs.com\/fr\/wp-json\/wp\/v2\/media\/163236"}],"wp:attachment":[{"href":"https:\/\/news.canadamotorjobs.com\/fr\/wp-json\/wp\/v2\/media?parent=163234"}],"wp:term":[{"taxonomy":"category","embeddable":true,"href":"https:\/\/news.canadamotorjobs.com\/fr\/wp-json\/wp\/v2\/categories?post=163234"},{"taxonomy":"post_tag","embeddable":true,"href":"https:\/\/news.canadamotorjobs.com\/fr\/wp-json\/wp\/v2\/tags?post=163234"}],"curies":[{"name":"wp","href":"https:\/\/api.w.org\/{rel}","templated":true}]}}