{"id":163188,"date":"2024-04-20T06:23:14","date_gmt":"2024-04-20T10:23:14","guid":{"rendered":"https:\/\/news.canadamotorjobs.com\/?p=163188"},"modified":"2024-04-20T06:30:50","modified_gmt":"2024-04-20T10:30:50","slug":"les-travailleurs-de-volkswagen-au-tennessee-votent-pour-la-syndicalisation","status":"publish","type":"post","link":"https:\/\/news.canadamotorjobs.com\/fr\/les-travailleurs-de-volkswagen-au-tennessee-votent-pour-la-syndicalisation\/","title":{"rendered":"Les travailleurs de Volkswagen au Tennessee votent pour la syndicalisation,"},"content":{"rendered":"<\/p>\n<h4>Un tournant pour l&#8217;industrie automobile<\/h4>\n<p>\nLes travailleurs de l&#8217;usine Volkswagen de Chattanooga, au Tennessee, ont massivement vot\u00e9 en faveur de rejoindre l&#8217;UAW, une d\u00e9cision potentiellement r\u00e9volutionnaire qui marque une avanc\u00e9e majeure dans la longue lutte du syndicat pour organiser les constructeurs automobiles transplant\u00e9s dans le sud des \u00c9tats-Unis.<\/p>\n<h4>Le vote \u00e9crasant en faveur de l&#8217;UAW<\/h4>\n<p>\nL&#8217;UAW a revendiqu\u00e9 la victoire avec 2 628 voix pour et 985 voix contre, selon le National Labor Relations Board, qui doit encore certifier les r\u00e9sultats.<\/p>\n<h4>Un succ\u00e8s apr\u00e8s deux \u00e9checs<\/h4>\n<p>\nCette victoire intervient apr\u00e8s deux tentatives infructueuses au cours de la derni\u00e8re d\u00e9cennie pour organiser l&#8217;usine de Chattanooga et donne \u00e0 VW sa premi\u00e8re installation repr\u00e9sent\u00e9e par l&#8217;UAW aux \u00c9tats-Unis depuis la fermeture de son usine d&#8217;assemblage de Westmoreland, en Pennsylvanie, en 1988.<\/p>\n<h4>Un vote motiv\u00e9 par de meilleurs avantages<\/h4>\n<p>\nLes partisans du syndicat ont pouss\u00e9 pour le vote apr\u00e8s que l&#8217;UAW a ratifi\u00e9 des contrats historiquement riches avec les Detroit 3, faisant valoir que les travailleurs de VW pourraient obtenir de meilleurs salaires, avantages sociaux et s\u00e9curit\u00e9 d&#8217;emploi.<\/p>\n<h4>Une reconnaissance de la force du syndicat<\/h4>\n<p>\nZachary Costello, formateur dans la salle de comp\u00e9tence de VW, a d\u00e9clar\u00e9 dans un communiqu\u00e9 publi\u00e9 vendredi soir par l&#8217;UAW : &#8220;Nous avons vu le grand contrat que les travailleurs de l&#8217;UAW ont remport\u00e9 chez les (Detroit 3) et cela a fait parler tout le monde. Vous voyez les salaires, les avantages, les droits des membres de l&#8217;UAW au travail, et vous voyez comment cela changerait votre vie. C&#8217;est pourquoi nous avons vot\u00e9 massivement pour le syndicat.&#8221;<\/p>\n<h4>Prochaines \u00e9tapes<\/h4>\n<p>\nL&#8217;UAW devra maintenant faire face \u00e0 un autre test dans moins d&#8217;un mois. Les travailleurs de l&#8217;usine d&#8217;assemblage de Mercedes-Benz \u00e0 Vance, en Alabama, tiendront une \u00e9lection du 13 au 17 mai.<\/p>\n<h4>Fin de la s\u00e9rie de d\u00e9faites<\/h4>\n<p>\nCette victoire de l&#8217;UAW fait suite \u00e0 deux d\u00e9faites pr\u00e9c\u00e9dentes \u00e0 Chattanooga, en 2014 et 2019.<\/p>\n<h4>Opposition politique<\/h4>\n<p>\nDes experts du travail avaient d\u00e9crit Chattanooga dans cette derni\u00e8re pouss\u00e9e comme le fruit le plus facile pour l&#8217;UAW, \u00e9tant donn\u00e9 les r\u00e9sultats serr\u00e9s dans le pass\u00e9. L&#8217;UAW a utilis\u00e9 les le\u00e7ons de ces \u00e9checs pass\u00e9s, ainsi qu&#8217;une strat\u00e9gie d&#8217;organisation repens\u00e9e et dirig\u00e9e par les travailleurs, pour s\u00e9curiser la victoire.<\/p>\n<h4>Reconnaissance pr\u00e9sidentielle<\/h4>\n<p>\nLe pr\u00e9sident Joe Biden a f\u00e9licit\u00e9 les travailleurs de VW et a critiqu\u00e9 les gouverneurs r\u00e9publicains pour leur opposition.<\/p>\n<h4>Prochaines \u00e9tapes<\/h4>\n<p>\nSelon le NLRB, les deux parties ont cinq jours ouvrables pour contester le vote. Si aucune contestation n&#8217;est d\u00e9pos\u00e9e, les r\u00e9sultats seront certifi\u00e9s. Ensuite, l&#8217;UAW travaillera \u00e0 \u00e9tablir sa repr\u00e9sentation, probablement par le biais de l&#8217;UAW Local 42.<\/p>\n<h4>Objectif : un premier contrat<\/h4>\n<p>\nUne fois les r\u00e9sultats certifi\u00e9s, VW est l\u00e9galement tenu de n\u00e9gocier de bonne foi pour un contrat. L&#8217;UAW va donc commencer \u00e0 travailler imm\u00e9diatement sur l&#8217;obtention d&#8217;un contrat.<\/p>\n<h4>Conclusion<\/h4>\n<p>\nCette victoire \u00e0 Chattanooga marque un tournant majeur pour l&#8217;UAW et pourrait avoir des r\u00e9percussions importantes sur l&#8217;industrie automobile am\u00e9ricaine.<\/p>\n<p>Avec des renseignements d&#8217;Automotive news<\/p>\n<p>\u00a0<\/p>\n<p>Le texte <a rel=\"nofollow\" href=\"https:\/\/annuelauto.ca\/les-travailleurs-de-volkswagen-au-tennessee-votent-pour-la-syndicalisation\/\">Les travailleurs de Volkswagen au Tennessee votent pour la syndicalisation,<\/a> provient de <a rel=\"nofollow\" href=\"https:\/\/annuelauto.ca\">L&#8217;annuel de l&#8217;automobile &#8211; Actualit\u00e9 automobile<\/a><\/p>\n<p><\/p>\n","protected":false},"excerpt":{"rendered":"<p>Un tournant pour l&#8217;industrie automobile Les travailleurs de l&#8217;usine Volkswagen de Chattanooga, au Tennessee, ont massivement vot\u00e9 en faveur de rejoindre l&#8217;UAW, une d\u00e9cision potentiellement r\u00e9volutionnaire qui marque une avanc\u00e9e majeure dans la longue lutte du syndicat pour organiser les constructeurs automobiles transplant\u00e9s dans le sud des \u00c9tats-Unis. Le vote \u00e9crasant en faveur de l&#8217;UAW [&hellip;]<\/p>\n","protected":false},"author":8,"featured_media":163190,"comment_status":"close","ping_status":"closed","sticky":false,"template":"","format":"standard","meta":{"_monsterinsights_skip_tracking":false,"_monsterinsights_sitenote_active":false,"_monsterinsights_sitenote_note":"","_monsterinsights_sitenote_category":0,"footnotes":""},"categories":[101],"tags":[],"yoast_head":"<!-- This site is optimized with the Yoast SEO plugin v23.2 - https:\/\/yoast.com\/wordpress\/plugins\/seo\/ -->\n<title>Les travailleurs de Volkswagen au Tennessee votent pour la syndicalisation, - CanadaMotorJobs.com<\/title>\n<meta name=\"description\" content=\"Les travailleurs de Volkswagen au Tennessee votent pour la syndicalisation, - Benoit Charette - Annuel automobile - CanadaMotorJobs.com.\" \/>\n<meta name=\"robots\" content=\"index, follow, max-snippet:-1, max-image-preview:large, max-video-preview:-1\" \/>\n<meta property=\"og:locale\" content=\"fr_CA\" \/>\n<meta property=\"og:type\" content=\"article\" \/>\n<meta property=\"og:title\" content=\"Les travailleurs de Volkswagen au Tennessee votent pour la syndicalisation, - CanadaMotorJobs.com\" \/>\n<meta property=\"og:description\" content=\"Les travailleurs de Volkswagen au Tennessee votent pour la syndicalisation, - Benoit Charette - Annuel automobile - CanadaMotorJobs.com.\" \/>\n<meta property=\"og:url\" content=\"https:\/\/news.canadamotorjobs.com\/fr\/les-travailleurs-de-volkswagen-au-tennessee-votent-pour-la-syndicalisation\/\" \/>\n<meta property=\"og:site_name\" content=\"CanadaMotorJobs.com\" \/>\n<meta property=\"article:publisher\" content=\"https:\/\/www.facebook.com\/canadamotorjobs\/\" \/>\n<meta property=\"article:published_time\" content=\"2024-04-20T10:23:14+00:00\" \/>\n<meta property=\"article:modified_time\" content=\"2024-04-20T10:30:50+00:00\" \/>\n<meta property=\"og:image\" content=\"https:\/\/news.canadamotorjobs.com\/wp-content\/uploads\/2024\/04\/DB2012IM00055_web_1600.jpg\" \/>\n\t<meta property=\"og:image:width\" content=\"1600\" \/>\n\t<meta property=\"og:image:height\" content=\"957\" \/>\n\t<meta property=\"og:image:type\" content=\"image\/jpeg\" \/>\n<meta name=\"author\" content=\"Benoit Charette\" \/>\n<meta name=\"twitter:card\" content=\"summary_large_image\" \/>\n<meta name=\"twitter:creator\" content=\"@canadamotorjobs\" \/>\n<meta name=\"twitter:site\" content=\"@canadamotorjobs\" \/>\n<meta name=\"twitter:label1\" content=\"\u00c9crit par\" \/>\n\t<meta name=\"twitter:data1\" content=\"Benoit Charette\" \/>\n\t<meta name=\"twitter:label2\" content=\"Estimation du temps de lecture\" \/>\n\t<meta name=\"twitter:data2\" content=\"3 minutes\" \/>\n<!-- \/ Yoast SEO plugin. -->","yoast_head_json":{"title":"Les travailleurs de Volkswagen au Tennessee votent pour la syndicalisation, - CanadaMotorJobs.com","description":"Les travailleurs de Volkswagen au Tennessee votent pour la syndicalisation, - Benoit Charette - Annuel automobile - CanadaMotorJobs.com.","robots":{"index":"index","follow":"follow","max-snippet":"max-snippet:-1","max-image-preview":"max-image-preview:large","max-video-preview":"max-video-preview:-1"},"og_locale":"fr_CA","og_type":"article","og_title":"Les travailleurs de Volkswagen au Tennessee votent pour la syndicalisation, - CanadaMotorJobs.com","og_description":"Les travailleurs de Volkswagen au Tennessee votent pour la syndicalisation, - Benoit Charette - Annuel automobile - CanadaMotorJobs.com.","og_url":"https:\/\/news.canadamotorjobs.com\/fr\/les-travailleurs-de-volkswagen-au-tennessee-votent-pour-la-syndicalisation\/","og_site_name":"CanadaMotorJobs.com","article_publisher":"https:\/\/www.facebook.com\/canadamotorjobs\/","article_published_time":"2024-04-20T10:23:14+00:00","article_modified_time":"2024-04-20T10:30:50+00:00","og_image":[{"width":1600,"height":957,"url":"https:\/\/news.canadamotorjobs.com\/wp-content\/uploads\/2024\/04\/DB2012IM00055_web_1600.jpg","type":"image\/jpeg"}],"author":"Benoit Charette","twitter_card":"summary_large_image","twitter_creator":"@canadamotorjobs","twitter_site":"@canadamotorjobs","twitter_misc":{"\u00c9crit par":"Benoit Charette","Estimation du temps de lecture":"3 minutes"},"schema":{"@context":"https:\/\/schema.org","@graph":[{"@type":"Article","@id":"https:\/\/news.canadamotorjobs.com\/fr\/les-travailleurs-de-volkswagen-au-tennessee-votent-pour-la-syndicalisation\/#article","isPartOf":{"@id":"https:\/\/news.canadamotorjobs.com\/fr\/les-travailleurs-de-volkswagen-au-tennessee-votent-pour-la-syndicalisation\/"},"author":{"name":"Benoit Charette","@id":"https:\/\/news.canadamotorjobs.com\/#\/schema\/person\/51793d1f87d44011d7bcc2ed99269a90"},"headline":"Les travailleurs de Volkswagen au Tennessee votent pour la syndicalisation,","datePublished":"2024-04-20T10:23:14+00:00","dateModified":"2024-04-20T10:30:50+00:00","mainEntityOfPage":{"@id":"https:\/\/news.canadamotorjobs.com\/fr\/les-travailleurs-de-volkswagen-au-tennessee-votent-pour-la-syndicalisation\/"},"wordCount":579,"publisher":{"@id":"https:\/\/news.canadamotorjobs.com\/#organization"},"image":{"@id":"https:\/\/news.canadamotorjobs.com\/fr\/les-travailleurs-de-volkswagen-au-tennessee-votent-pour-la-syndicalisation\/#primaryimage"},"thumbnailUrl":"https:\/\/news.canadamotorjobs.com\/wp-content\/uploads\/2024\/04\/DB2012IM00055_web_1600.jpg","articleSection":["Annuel automobile"],"inLanguage":"fr-CA"},{"@type":"WebPage","@id":"https:\/\/news.canadamotorjobs.com\/fr\/les-travailleurs-de-volkswagen-au-tennessee-votent-pour-la-syndicalisation\/","url":"https:\/\/news.canadamotorjobs.com\/fr\/les-travailleurs-de-volkswagen-au-tennessee-votent-pour-la-syndicalisation\/","name":"Les travailleurs de Volkswagen au Tennessee votent pour la syndicalisation, - CanadaMotorJobs.com","isPartOf":{"@id":"https:\/\/news.canadamotorjobs.com\/#website"},"primaryImageOfPage":{"@id":"https:\/\/news.canadamotorjobs.com\/fr\/les-travailleurs-de-volkswagen-au-tennessee-votent-pour-la-syndicalisation\/#primaryimage"},"image":{"@id":"https:\/\/news.canadamotorjobs.com\/fr\/les-travailleurs-de-volkswagen-au-tennessee-votent-pour-la-syndicalisation\/#primaryimage"},"thumbnailUrl":"https:\/\/news.canadamotorjobs.com\/wp-content\/uploads\/2024\/04\/DB2012IM00055_web_1600.jpg","datePublished":"2024-04-20T10:23:14+00:00","dateModified":"2024-04-20T10:30:50+00:00","description":"Les travailleurs de Volkswagen au Tennessee votent pour la syndicalisation, - Benoit Charette - Annuel automobile - CanadaMotorJobs.com.","breadcrumb":{"@id":"https:\/\/news.canadamotorjobs.com\/fr\/les-travailleurs-de-volkswagen-au-tennessee-votent-pour-la-syndicalisation\/#breadcrumb"},"inLanguage":"fr-CA","potentialAction":[{"@type":"ReadAction","target":["https:\/\/news.canadamotorjobs.com\/fr\/les-travailleurs-de-volkswagen-au-tennessee-votent-pour-la-syndicalisation\/"]}]},{"@type":"ImageObject","inLanguage":"fr-CA","@id":"https:\/\/news.canadamotorjobs.com\/fr\/les-travailleurs-de-volkswagen-au-tennessee-votent-pour-la-syndicalisation\/#primaryimage","url":"https:\/\/news.canadamotorjobs.com\/wp-content\/uploads\/2024\/04\/DB2012IM00055_web_1600.jpg","contentUrl":"https:\/\/news.canadamotorjobs.com\/wp-content\/uploads\/2024\/04\/DB2012IM00055_web_1600.jpg","width":1600,"height":957},{"@type":"BreadcrumbList","@id":"https:\/\/news.canadamotorjobs.com\/fr\/les-travailleurs-de-volkswagen-au-tennessee-votent-pour-la-syndicalisation\/#breadcrumb","itemListElement":[{"@type":"ListItem","position":1,"name":"Home","item":"https:\/\/news.canadamotorjobs.com\/fr\/blog\/"},{"@type":"ListItem","position":2,"name":"Les travailleurs de Volkswagen au Tennessee votent pour la syndicalisation,"}]},{"@type":"WebSite","@id":"https:\/\/news.canadamotorjobs.com\/#website","url":"https:\/\/news.canadamotorjobs.com\/","name":"CanadaMotorJobs.com","description":"Automotive Jobs","publisher":{"@id":"https:\/\/news.canadamotorjobs.com\/#organization"},"potentialAction":[{"@type":"SearchAction","target":{"@type":"EntryPoint","urlTemplate":"https:\/\/news.canadamotorjobs.com\/?s={search_term_string}"},"query-input":"required name=search_term_string"}],"inLanguage":"fr-CA"},{"@type":"Organization","@id":"https:\/\/news.canadamotorjobs.com\/#organization","name":"Canada Motor Jobs","url":"https:\/\/news.canadamotorjobs.com\/","logo":{"@type":"ImageObject","inLanguage":"fr-CA","@id":"https:\/\/news.canadamotorjobs.com\/#\/schema\/logo\/image\/","url":"https:\/\/news.canadamotorjobs.com\/wp-content\/uploads\/2022\/10\/logo-canada-motor-jobs-1.png","contentUrl":"https:\/\/news.canadamotorjobs.com\/wp-content\/uploads\/2022\/10\/logo-canada-motor-jobs-1.png","width":800,"height":400,"caption":"Canada Motor Jobs"},"image":{"@id":"https:\/\/news.canadamotorjobs.com\/#\/schema\/logo\/image\/"},"sameAs":["https:\/\/www.facebook.com\/canadamotorjobs\/","https:\/\/x.com\/canadamotorjobs","https:\/\/www.instagram.com\/canadamotorjobs\/","https:\/\/www.linkedin.com\/company\/canadamotorjobs"]},{"@type":"Person","@id":"https:\/\/news.canadamotorjobs.com\/#\/schema\/person\/51793d1f87d44011d7bcc2ed99269a90","name":"Benoit Charette","image":{"@type":"ImageObject","inLanguage":"fr-CA","@id":"https:\/\/news.canadamotorjobs.com\/#\/schema\/person\/image\/","url":"https:\/\/secure.gravatar.com\/avatar\/45f3d2eebcccd909668d7ce7ea7267b6?s=96&d=mm&r=g","contentUrl":"https:\/\/secure.gravatar.com\/avatar\/45f3d2eebcccd909668d7ce7ea7267b6?s=96&d=mm&r=g","caption":"Benoit Charette"},"description":"Benoit Charette \/ Propri\u00e9taire et r\u00e9dacteur en chef Benoit Charette pratique le journalisme automobile depuis bient\u00f4t 30 ans. Il a fait ses classes au c\u00f4t\u00e9 de Daniel H\u00e9raud et au Carnet de route de 1992 \u00e0 2001. Il est fondateur, copropri\u00e9taire et r\u00e9dacteur en chef de L\u2019Annuel de l\u2019automobile, qu\u2019il publie depuis 2001. Il a anim\u00e9 les \u00e9missions RPM et RPM+ sur V et les L\u00e9gendes de la route sur Historia. \u00c0 la radio depuis 1986, il reprend l\u2019antenne cette ann\u00e9e sur les ondes de Cogeco et participe pour la deuxi\u00e8me ann\u00e9e \u00e0 l\u2019\u00e9mission Passion Auto sur RDS en plus de mettre en ligne le site Web officiel de L\u2019Annuel de l\u2019automobile sur annuelauto.ca.","sameAs":["https:\/\/annuelauto.ca\/"],"url":"https:\/\/news.canadamotorjobs.com\/fr\/author\/benoit-charette\/"}]}},"_links":{"self":[{"href":"https:\/\/news.canadamotorjobs.com\/fr\/wp-json\/wp\/v2\/posts\/163188"}],"collection":[{"href":"https:\/\/news.canadamotorjobs.com\/fr\/wp-json\/wp\/v2\/posts"}],"about":[{"href":"https:\/\/news.canadamotorjobs.com\/fr\/wp-json\/wp\/v2\/types\/post"}],"author":[{"embeddable":true,"href":"https:\/\/news.canadamotorjobs.com\/fr\/wp-json\/wp\/v2\/users\/8"}],"replies":[{"embeddable":true,"href":"https:\/\/news.canadamotorjobs.com\/fr\/wp-json\/wp\/v2\/comments?post=163188"}],"version-history":[{"count":2,"href":"https:\/\/news.canadamotorjobs.com\/fr\/wp-json\/wp\/v2\/posts\/163188\/revisions"}],"predecessor-version":[{"id":163192,"href":"https:\/\/news.canadamotorjobs.com\/fr\/wp-json\/wp\/v2\/posts\/163188\/revisions\/163192"}],"wp:featuredmedia":[{"embeddable":true,"href":"https:\/\/news.canadamotorjobs.com\/fr\/wp-json\/wp\/v2\/media\/163190"}],"wp:attachment":[{"href":"https:\/\/news.canadamotorjobs.com\/fr\/wp-json\/wp\/v2\/media?parent=163188"}],"wp:term":[{"taxonomy":"category","embeddable":true,"href":"https:\/\/news.canadamotorjobs.com\/fr\/wp-json\/wp\/v2\/categories?post=163188"},{"taxonomy":"post_tag","embeddable":true,"href":"https:\/\/news.canadamotorjobs.com\/fr\/wp-json\/wp\/v2\/tags?post=163188"}],"curies":[{"name":"wp","href":"https:\/\/api.w.org\/{rel}","templated":true}]}}