{"id":163112,"date":"2024-04-19T07:10:11","date_gmt":"2024-04-19T11:10:11","guid":{"rendered":"https:\/\/news.canadamotorjobs.com\/?p=163112"},"modified":"2024-04-19T13:44:03","modified_gmt":"2024-04-19T17:44:03","slug":"mercedes-benz-cle-un-nouveau-cabriolet-dentree-de-gamme","status":"publish","type":"post","link":"https:\/\/news.canadamotorjobs.com\/fr\/mercedes-benz-cle-un-nouveau-cabriolet-dentree-de-gamme\/","title":{"rendered":"Mercedes-Benz CLE: un nouveau cabriolet d\u2019entr\u00e9e de gamme"},"content":{"rendered":"<\/p>\n<p>Les Mercedes Classe C Cabriolet et Classe E Cabriolet ne sont plus. Cela signifie que si vous voulez le cabriolet d&#8217;entr\u00e9e de gamme de Mercedes, vous devrez opter pour le nouveau Mercedes-Benz CLE Cabriolet. Les \u00c9tats-Unis ont annonc\u00e9 un prix de d\u00e9part de 65 500 $ (pas encore de prix canadien). Il sera disponible chez les concessionnaires ce printemps.<\/p>\n<h3><strong>Un Style Inspir\u00e9 du Coup\u00e9 CLE<\/strong><\/h3>\n<p>\nComme son nom l&#8217;indique, le CLE Cabriolet est bas\u00e9 sur le Coup\u00e9 CLE, ce qui signifie qu&#8217;il arbore le m\u00eame visage, les m\u00eames phares, feux arri\u00e8re et ligne d&#8217;\u00e9paule. Plus \u00e9l\u00e9gant et plus styl\u00e9 que le Classe C Cabriolet qu&#8217;il remplace, il affiche \u00e9galement un look plus sportif que le Classe E Cabriolet.<\/p>\n<h3><strong>Un Int\u00e9rieur Innovant<\/strong><\/h3>\n<p>\n\u00c0 l&#8217;int\u00e9rieur, le CLE Cabriolet ressemble davantage aux cabriolets de la classe SL, avec son \u00e9cran d&#8217;infodivertissement vertical, ses bouches d&#8217;a\u00e9ration en forme de carr\u00e9 arrondi et son volant \u00e0 rayons divis\u00e9s. Et tout comme ces cabriolets de la classe SL, le nouveau CLE Cabriolet est \u00e9quip\u00e9 des technologies Air Scarf et Air Cap de Mercedes. Le premier garde le cou des passagers avant au chaud via une bouche d&#8217;a\u00e9ration sous leurs appuie-t\u00eates, leur permettant de conduire confortablement d\u00e9capot\u00e9 par temps frais. Le second utilise un d\u00e9flecteur de vent escamotable en haut du pare-brise pour d\u00e9vier l&#8217;air au-dessus des passagers, ce qui fonctionne de concert avec un d\u00e9flecteur de vent automatique derri\u00e8re les si\u00e8ges arri\u00e8re.<\/p>\n<h3><strong>Pratique et Styl\u00e9<\/strong><\/h3>\n<p>\nEn parlant de si\u00e8ges arri\u00e8re, le Cabriolet de la Classe CLE se distingue de ses cousins de la Classe SL en offrant quatre places au lieu de deux. Il allie ainsi la praticit\u00e9 des anciens cabriolets Classe C et Classe E avec le style du nouveau Classe SL.<\/p>\n<h3><strong>Un seul mod\u00e8le au Canada (pour le moment)<\/strong><\/h3>\n<p>\nLe CLE 300 4Matic Cabriolet est \u00e9quip\u00e9 d&#8217;un moteur quatre cylindres turbo de 2,0 litres, associ\u00e9 \u00e0 un syst\u00e8me hybride l\u00e9ger de 48 volts et \u00e0 un d\u00e9marreur-g\u00e9n\u00e9rateur int\u00e9gr\u00e9 (ISG) qui produit 255 chevaux et 295 lb-pi de couple. Quant au CLE 450 r\u00e9server pour le moment \u00e0 nos voisins du sud, il d\u00e9marre \u00e0 77 600 $ USD et b\u00e9n\u00e9ficie d&#8217;un moteur six cylindres en ligne turbo de 3,0 litres, avec 375 chevaux et 369 lb-pi de couple.<\/p>\n<h3><strong>Conclusion<\/strong><\/h3>\n<p>\nLe Mercedes CLE Cabriolet rationalise la gamme de cabriolets de la marque, en rempla\u00e7ant deux voitures qui faisaient \u00e0 peu pr\u00e8s le m\u00eame travail par une seule qui a meilleure allure et sera offerte \u00e0 meilleure prix, souhaitons-le<\/p>\n<p>\u00a0<\/p>\n<p>Le texte <a rel=\"nofollow\" href=\"https:\/\/annuelauto.ca\/mercedes-benz-cle-un-nouveau-cabriolet-dentree-de-gamme\/\">Mercedes-Benz CLE: un nouveau cabriolet d\u2019entr\u00e9e de gamme<\/a> provient de <a rel=\"nofollow\" href=\"https:\/\/annuelauto.ca\">L&#8217;annuel de l&#8217;automobile &#8211; Actualit\u00e9 automobile<\/a><\/p>\n<p><\/p>\n","protected":false},"excerpt":{"rendered":"<p>Les Mercedes Classe C Cabriolet et Classe E Cabriolet ne sont plus. Cela signifie que si vous voulez le cabriolet d&#8217;entr\u00e9e de gamme de Mercedes, vous devrez opter pour le nouveau Mercedes-Benz CLE Cabriolet. Les \u00c9tats-Unis ont annonc\u00e9 un prix de d\u00e9part de 65 500 $ (pas encore de prix canadien). Il sera disponible chez [&hellip;]<\/p>\n","protected":false},"author":8,"featured_media":163114,"comment_status":"close","ping_status":"closed","sticky":false,"template":"","format":"standard","meta":{"_monsterinsights_skip_tracking":false,"_monsterinsights_sitenote_active":false,"_monsterinsights_sitenote_note":"","_monsterinsights_sitenote_category":0,"footnotes":""},"categories":[101],"tags":[],"yoast_head":"<!-- This site is optimized with the Yoast SEO plugin v23.2 - https:\/\/yoast.com\/wordpress\/plugins\/seo\/ -->\n<title>Mercedes-Benz CLE: un nouveau cabriolet d\u2019entr\u00e9e de gamme - CanadaMotorJobs.com<\/title>\n<meta name=\"description\" content=\"Mercedes-Benz CLE: un nouveau cabriolet d\u2019entr\u00e9e de gamme - Benoit Charette - Annuel automobile - CanadaMotorJobs.com.\" \/>\n<meta name=\"robots\" content=\"index, follow, max-snippet:-1, max-image-preview:large, max-video-preview:-1\" \/>\n<meta property=\"og:locale\" content=\"fr_CA\" \/>\n<meta property=\"og:type\" content=\"article\" \/>\n<meta property=\"og:title\" content=\"Mercedes-Benz CLE: un nouveau cabriolet d\u2019entr\u00e9e de gamme - CanadaMotorJobs.com\" \/>\n<meta property=\"og:description\" content=\"Mercedes-Benz CLE: un nouveau cabriolet d\u2019entr\u00e9e de gamme - Benoit Charette - Annuel automobile - CanadaMotorJobs.com.\" \/>\n<meta property=\"og:url\" content=\"https:\/\/news.canadamotorjobs.com\/fr\/mercedes-benz-cle-un-nouveau-cabriolet-dentree-de-gamme\/\" \/>\n<meta property=\"og:site_name\" content=\"CanadaMotorJobs.com\" \/>\n<meta property=\"article:publisher\" content=\"https:\/\/www.facebook.com\/canadamotorjobs\/\" \/>\n<meta property=\"article:published_time\" content=\"2024-04-19T11:10:11+00:00\" \/>\n<meta property=\"article:modified_time\" content=\"2024-04-19T17:44:03+00:00\" \/>\n<meta property=\"og:image\" content=\"https:\/\/news.canadamotorjobs.com\/wp-content\/uploads\/2024\/04\/24C0153_001-4.jpg\" \/>\n\t<meta property=\"og:image:width\" content=\"1199\" \/>\n\t<meta property=\"og:image:height\" content=\"800\" \/>\n\t<meta property=\"og:image:type\" content=\"image\/jpeg\" \/>\n<meta name=\"author\" content=\"Benoit Charette\" \/>\n<meta name=\"twitter:card\" content=\"summary_large_image\" \/>\n<meta name=\"twitter:creator\" content=\"@canadamotorjobs\" \/>\n<meta name=\"twitter:site\" content=\"@canadamotorjobs\" \/>\n<meta name=\"twitter:label1\" content=\"\u00c9crit par\" \/>\n\t<meta name=\"twitter:data1\" content=\"Benoit Charette\" \/>\n\t<meta name=\"twitter:label2\" content=\"Estimation du temps de lecture\" \/>\n\t<meta name=\"twitter:data2\" content=\"2 minutes\" \/>\n<!-- \/ Yoast SEO plugin. -->","yoast_head_json":{"title":"Mercedes-Benz CLE: un nouveau cabriolet d\u2019entr\u00e9e de gamme - CanadaMotorJobs.com","description":"Mercedes-Benz CLE: un nouveau cabriolet d\u2019entr\u00e9e de gamme - Benoit Charette - Annuel automobile - CanadaMotorJobs.com.","robots":{"index":"index","follow":"follow","max-snippet":"max-snippet:-1","max-image-preview":"max-image-preview:large","max-video-preview":"max-video-preview:-1"},"og_locale":"fr_CA","og_type":"article","og_title":"Mercedes-Benz CLE: un nouveau cabriolet d\u2019entr\u00e9e de gamme - CanadaMotorJobs.com","og_description":"Mercedes-Benz CLE: un nouveau cabriolet d\u2019entr\u00e9e de gamme - Benoit Charette - Annuel automobile - CanadaMotorJobs.com.","og_url":"https:\/\/news.canadamotorjobs.com\/fr\/mercedes-benz-cle-un-nouveau-cabriolet-dentree-de-gamme\/","og_site_name":"CanadaMotorJobs.com","article_publisher":"https:\/\/www.facebook.com\/canadamotorjobs\/","article_published_time":"2024-04-19T11:10:11+00:00","article_modified_time":"2024-04-19T17:44:03+00:00","og_image":[{"width":1199,"height":800,"url":"https:\/\/news.canadamotorjobs.com\/wp-content\/uploads\/2024\/04\/24C0153_001-4.jpg","type":"image\/jpeg"}],"author":"Benoit Charette","twitter_card":"summary_large_image","twitter_creator":"@canadamotorjobs","twitter_site":"@canadamotorjobs","twitter_misc":{"\u00c9crit par":"Benoit Charette","Estimation du temps de lecture":"2 minutes"},"schema":{"@context":"https:\/\/schema.org","@graph":[{"@type":"Article","@id":"https:\/\/news.canadamotorjobs.com\/fr\/mercedes-benz-cle-un-nouveau-cabriolet-dentree-de-gamme\/#article","isPartOf":{"@id":"https:\/\/news.canadamotorjobs.com\/fr\/mercedes-benz-cle-un-nouveau-cabriolet-dentree-de-gamme\/"},"author":{"name":"Benoit Charette","@id":"https:\/\/news.canadamotorjobs.com\/#\/schema\/person\/51793d1f87d44011d7bcc2ed99269a90"},"headline":"Mercedes-Benz CLE: un nouveau cabriolet d\u2019entr\u00e9e de gamme","datePublished":"2024-04-19T11:10:11+00:00","dateModified":"2024-04-19T17:44:03+00:00","mainEntityOfPage":{"@id":"https:\/\/news.canadamotorjobs.com\/fr\/mercedes-benz-cle-un-nouveau-cabriolet-dentree-de-gamme\/"},"wordCount":469,"publisher":{"@id":"https:\/\/news.canadamotorjobs.com\/#organization"},"image":{"@id":"https:\/\/news.canadamotorjobs.com\/fr\/mercedes-benz-cle-un-nouveau-cabriolet-dentree-de-gamme\/#primaryimage"},"thumbnailUrl":"https:\/\/news.canadamotorjobs.com\/wp-content\/uploads\/2024\/04\/24C0153_001-4.jpg","articleSection":["Annuel automobile"],"inLanguage":"fr-CA"},{"@type":"WebPage","@id":"https:\/\/news.canadamotorjobs.com\/fr\/mercedes-benz-cle-un-nouveau-cabriolet-dentree-de-gamme\/","url":"https:\/\/news.canadamotorjobs.com\/fr\/mercedes-benz-cle-un-nouveau-cabriolet-dentree-de-gamme\/","name":"Mercedes-Benz CLE: un nouveau cabriolet d\u2019entr\u00e9e de gamme - CanadaMotorJobs.com","isPartOf":{"@id":"https:\/\/news.canadamotorjobs.com\/#website"},"primaryImageOfPage":{"@id":"https:\/\/news.canadamotorjobs.com\/fr\/mercedes-benz-cle-un-nouveau-cabriolet-dentree-de-gamme\/#primaryimage"},"image":{"@id":"https:\/\/news.canadamotorjobs.com\/fr\/mercedes-benz-cle-un-nouveau-cabriolet-dentree-de-gamme\/#primaryimage"},"thumbnailUrl":"https:\/\/news.canadamotorjobs.com\/wp-content\/uploads\/2024\/04\/24C0153_001-4.jpg","datePublished":"2024-04-19T11:10:11+00:00","dateModified":"2024-04-19T17:44:03+00:00","description":"Mercedes-Benz CLE: un nouveau cabriolet d\u2019entr\u00e9e de gamme - Benoit Charette - Annuel automobile - CanadaMotorJobs.com.","breadcrumb":{"@id":"https:\/\/news.canadamotorjobs.com\/fr\/mercedes-benz-cle-un-nouveau-cabriolet-dentree-de-gamme\/#breadcrumb"},"inLanguage":"fr-CA","potentialAction":[{"@type":"ReadAction","target":["https:\/\/news.canadamotorjobs.com\/fr\/mercedes-benz-cle-un-nouveau-cabriolet-dentree-de-gamme\/"]}]},{"@type":"ImageObject","inLanguage":"fr-CA","@id":"https:\/\/news.canadamotorjobs.com\/fr\/mercedes-benz-cle-un-nouveau-cabriolet-dentree-de-gamme\/#primaryimage","url":"https:\/\/news.canadamotorjobs.com\/wp-content\/uploads\/2024\/04\/24C0153_001-4.jpg","contentUrl":"https:\/\/news.canadamotorjobs.com\/wp-content\/uploads\/2024\/04\/24C0153_001-4.jpg","width":1199,"height":800},{"@type":"BreadcrumbList","@id":"https:\/\/news.canadamotorjobs.com\/fr\/mercedes-benz-cle-un-nouveau-cabriolet-dentree-de-gamme\/#breadcrumb","itemListElement":[{"@type":"ListItem","position":1,"name":"Home","item":"https:\/\/news.canadamotorjobs.com\/fr\/blog\/"},{"@type":"ListItem","position":2,"name":"Mercedes-Benz CLE: un nouveau cabriolet d\u2019entr\u00e9e de gamme"}]},{"@type":"WebSite","@id":"https:\/\/news.canadamotorjobs.com\/#website","url":"https:\/\/news.canadamotorjobs.com\/","name":"CanadaMotorJobs.com","description":"Automotive Jobs","publisher":{"@id":"https:\/\/news.canadamotorjobs.com\/#organization"},"potentialAction":[{"@type":"SearchAction","target":{"@type":"EntryPoint","urlTemplate":"https:\/\/news.canadamotorjobs.com\/?s={search_term_string}"},"query-input":"required name=search_term_string"}],"inLanguage":"fr-CA"},{"@type":"Organization","@id":"https:\/\/news.canadamotorjobs.com\/#organization","name":"Canada Motor Jobs","url":"https:\/\/news.canadamotorjobs.com\/","logo":{"@type":"ImageObject","inLanguage":"fr-CA","@id":"https:\/\/news.canadamotorjobs.com\/#\/schema\/logo\/image\/","url":"https:\/\/news.canadamotorjobs.com\/wp-content\/uploads\/2022\/10\/logo-canada-motor-jobs-1.png","contentUrl":"https:\/\/news.canadamotorjobs.com\/wp-content\/uploads\/2022\/10\/logo-canada-motor-jobs-1.png","width":800,"height":400,"caption":"Canada Motor Jobs"},"image":{"@id":"https:\/\/news.canadamotorjobs.com\/#\/schema\/logo\/image\/"},"sameAs":["https:\/\/www.facebook.com\/canadamotorjobs\/","https:\/\/x.com\/canadamotorjobs","https:\/\/www.instagram.com\/canadamotorjobs\/","https:\/\/www.linkedin.com\/company\/canadamotorjobs"]},{"@type":"Person","@id":"https:\/\/news.canadamotorjobs.com\/#\/schema\/person\/51793d1f87d44011d7bcc2ed99269a90","name":"Benoit Charette","image":{"@type":"ImageObject","inLanguage":"fr-CA","@id":"https:\/\/news.canadamotorjobs.com\/#\/schema\/person\/image\/","url":"https:\/\/secure.gravatar.com\/avatar\/45f3d2eebcccd909668d7ce7ea7267b6?s=96&d=mm&r=g","contentUrl":"https:\/\/secure.gravatar.com\/avatar\/45f3d2eebcccd909668d7ce7ea7267b6?s=96&d=mm&r=g","caption":"Benoit Charette"},"description":"Benoit Charette \/ Propri\u00e9taire et r\u00e9dacteur en chef Benoit Charette pratique le journalisme automobile depuis bient\u00f4t 30 ans. Il a fait ses classes au c\u00f4t\u00e9 de Daniel H\u00e9raud et au Carnet de route de 1992 \u00e0 2001. Il est fondateur, copropri\u00e9taire et r\u00e9dacteur en chef de L\u2019Annuel de l\u2019automobile, qu\u2019il publie depuis 2001. Il a anim\u00e9 les \u00e9missions RPM et RPM+ sur V et les L\u00e9gendes de la route sur Historia. \u00c0 la radio depuis 1986, il reprend l\u2019antenne cette ann\u00e9e sur les ondes de Cogeco et participe pour la deuxi\u00e8me ann\u00e9e \u00e0 l\u2019\u00e9mission Passion Auto sur RDS en plus de mettre en ligne le site Web officiel de L\u2019Annuel de l\u2019automobile sur annuelauto.ca.","sameAs":["https:\/\/annuelauto.ca\/"],"url":"https:\/\/news.canadamotorjobs.com\/fr\/author\/benoit-charette\/"}]}},"_links":{"self":[{"href":"https:\/\/news.canadamotorjobs.com\/fr\/wp-json\/wp\/v2\/posts\/163112"}],"collection":[{"href":"https:\/\/news.canadamotorjobs.com\/fr\/wp-json\/wp\/v2\/posts"}],"about":[{"href":"https:\/\/news.canadamotorjobs.com\/fr\/wp-json\/wp\/v2\/types\/post"}],"author":[{"embeddable":true,"href":"https:\/\/news.canadamotorjobs.com\/fr\/wp-json\/wp\/v2\/users\/8"}],"replies":[{"embeddable":true,"href":"https:\/\/news.canadamotorjobs.com\/fr\/wp-json\/wp\/v2\/comments?post=163112"}],"version-history":[{"count":2,"href":"https:\/\/news.canadamotorjobs.com\/fr\/wp-json\/wp\/v2\/posts\/163112\/revisions"}],"predecessor-version":[{"id":163116,"href":"https:\/\/news.canadamotorjobs.com\/fr\/wp-json\/wp\/v2\/posts\/163112\/revisions\/163116"}],"wp:featuredmedia":[{"embeddable":true,"href":"https:\/\/news.canadamotorjobs.com\/fr\/wp-json\/wp\/v2\/media\/163114"}],"wp:attachment":[{"href":"https:\/\/news.canadamotorjobs.com\/fr\/wp-json\/wp\/v2\/media?parent=163112"}],"wp:term":[{"taxonomy":"category","embeddable":true,"href":"https:\/\/news.canadamotorjobs.com\/fr\/wp-json\/wp\/v2\/categories?post=163112"},{"taxonomy":"post_tag","embeddable":true,"href":"https:\/\/news.canadamotorjobs.com\/fr\/wp-json\/wp\/v2\/tags?post=163112"}],"curies":[{"name":"wp","href":"https:\/\/api.w.org\/{rel}","templated":true}]}}