{"id":162978,"date":"2024-04-17T13:44:17","date_gmt":"2024-04-17T17:44:17","guid":{"rendered":"https:\/\/news.canadamotorjobs.com\/?p=162978"},"modified":"2024-04-17T13:46:47","modified_gmt":"2024-04-17T17:46:47","slug":"le-prochain-toyota-highlander-sera-electrique","status":"publish","type":"post","link":"https:\/\/news.canadamotorjobs.com\/fr\/le-prochain-toyota-highlander-sera-electrique\/","title":{"rendered":"Le prochain Toyota Highlander sera \u00e9lectrique"},"content":{"rendered":"<\/p>\n<p>Le Grand Highlander conservera des groupes motopropulseurs \u00e0 essence et Toyota pr\u00e9voit \u00e9galement ajouter plusieurs nouveaux v\u00e9hicules hybrides rechargeables (PHEV) avec une meilleure autonomie.<\/p>\n<h3>Encore deux ans de statu quo<\/h3>\n<p>\nLe g\u00e9ant japonais ne propose actuellement que deux VV\u00c9E- la Toyota bZ4X et la Lexus RZ. Cela devrait rester ainsi pour encore deux ans. Mais, au-del\u00e0 de cela, le site CarBuzz a appris que la marque se pr\u00e9pare \u00e0 lancer une gamme de mod\u00e8les enti\u00e8rement \u00e9lectriques. Le prochain mod\u00e8le, pr\u00e9vu pour arriver dans les salles d&#8217;exposition en 2026, sera un VUS compact enti\u00e8rement \u00e9lectrique. Toyota pr\u00e9voit \u00e9galement de programmer le lancement d&#8217;une berline compacte vers la m\u00eame p\u00e9riode. Et un multisegment de taille similaire pour la marque Lexus devrait arriver plus tard dans l&#8217;ann\u00e9e ou au d\u00e9but de 2027. Les planificateurs de Toyota d\u00e9battent de l&#8217;opportunit\u00e9 d&#8217;abandonner la strat\u00e9gie de d\u00e9signation peu inspirante de bZ et pourraient opter pour un retour \u00e0 des noms plus conventionnels &#8211; et, dans certains cas, familiers.<\/p>\n<h3><strong>Un Highlander \u00e9lectrique<\/strong><\/h3>\n<p>\nCe futur mod\u00e8le tout \u00e9lectrique sera fabriqu\u00e9 dans l&#8217;usine du Kentucky, le premier site d&#8217;assemblage de v\u00e9hicules \u00e9lectriques de Toyota aux \u00c9tats-Unis. Ce mod\u00e8le donnera \u00e9galement naissance \u00e0 une variante Lexus, attendue sous le nom de TZ. Pour ne pas laisser les amateurs de moteurs \u00e0 combustion interne de c\u00f4t\u00e9, le Grand Highlander plus grand \u00e0 trois rang\u00e9es continuera d&#8217;utiliser des technologies de groupe motopropulseur plus conventionnelles, Toyota proposant probablement des options hybrides classiques et hybrides rechargeables.<\/p>\n<h3><strong>Beaucoup d&#8217;hybrides dans le carnet de commandes<\/strong><\/h3>\n<p>\nToyota poss\u00e8de d\u00e9j\u00e0 19 produits avec hybridation sur le march\u00e9 et compte continuer sur cette lanc\u00e9e. Toyota dit vouloir augmenter l&#8217;autonomie de ses hybrides rechargeables. Les futures r\u00e8gles d\u2019\u00e9missions encouragent l&#8217;utilisation de cette technologie. Toyota qui a \u00e9t\u00e9 un peu lent \u00e0 prendre le virage \u00e9lectrique semble avoir trouver sa voie et son rythme de croisi\u00e8re avec un heureux m\u00e9lange de mod\u00e8les hybrides plus performants au chapitre de l\u2019autonomie et des mod\u00e8les \u00e9lectriques de plaire plus que le bZ4X.<\/p>\n<p>Reste maintenant \u00e0 voir \u00e0 quel prix ?<\/p>\n<p>Avec des renseignements de Carbuzz<\/p>\n<p>Le texte <a rel=\"nofollow\" href=\"https:\/\/annuelauto.ca\/le-prochain-toyota-highlander-sera-electrique\/\">Le prochain Toyota Highlander sera \u00e9lectrique<\/a> provient de <a rel=\"nofollow\" href=\"https:\/\/annuelauto.ca\">L&#8217;annuel de l&#8217;automobile &#8211; Actualit\u00e9 automobile<\/a><\/p>\n<p><\/p>\n","protected":false},"excerpt":{"rendered":"<p>Le Grand Highlander conservera des groupes motopropulseurs \u00e0 essence et Toyota pr\u00e9voit \u00e9galement ajouter plusieurs nouveaux v\u00e9hicules hybrides rechargeables (PHEV) avec une meilleure autonomie. Encore deux ans de statu quo Le g\u00e9ant japonais ne propose actuellement que deux VV\u00c9E- la Toyota bZ4X et la Lexus RZ. Cela devrait rester ainsi pour encore deux ans. Mais, [&hellip;]<\/p>\n","protected":false},"author":8,"featured_media":162980,"comment_status":"close","ping_status":"closed","sticky":false,"template":"","format":"standard","meta":{"_monsterinsights_skip_tracking":false,"_monsterinsights_sitenote_active":false,"_monsterinsights_sitenote_note":"","_monsterinsights_sitenote_category":0,"footnotes":""},"categories":[101],"tags":[],"yoast_head":"<!-- This site is optimized with the Yoast SEO plugin v23.2 - https:\/\/yoast.com\/wordpress\/plugins\/seo\/ -->\n<title>Le prochain Toyota Highlander sera \u00e9lectrique - CanadaMotorJobs.com<\/title>\n<meta name=\"description\" content=\"Le prochain Toyota Highlander sera \u00e9lectrique - Benoit Charette - Annuel automobile - CanadaMotorJobs.com.\" \/>\n<meta name=\"robots\" content=\"index, follow, max-snippet:-1, max-image-preview:large, max-video-preview:-1\" \/>\n<meta property=\"og:locale\" content=\"fr_CA\" \/>\n<meta property=\"og:type\" content=\"article\" \/>\n<meta property=\"og:title\" content=\"Le prochain Toyota Highlander sera \u00e9lectrique - CanadaMotorJobs.com\" \/>\n<meta property=\"og:description\" content=\"Le prochain Toyota Highlander sera \u00e9lectrique - Benoit Charette - Annuel automobile - CanadaMotorJobs.com.\" \/>\n<meta property=\"og:url\" content=\"https:\/\/news.canadamotorjobs.com\/fr\/le-prochain-toyota-highlander-sera-electrique\/\" \/>\n<meta property=\"og:site_name\" content=\"CanadaMotorJobs.com\" \/>\n<meta property=\"article:publisher\" content=\"https:\/\/www.facebook.com\/canadamotorjobs\/\" \/>\n<meta property=\"article:published_time\" content=\"2024-04-17T17:44:17+00:00\" \/>\n<meta property=\"article:modified_time\" content=\"2024-04-17T17:46:47+00:00\" \/>\n<meta property=\"og:image\" content=\"https:\/\/news.canadamotorjobs.com\/wp-content\/uploads\/2024\/04\/toyota-2023-highlander-041673553039712.jpg\" \/>\n\t<meta property=\"og:image:width\" content=\"1280\" \/>\n\t<meta property=\"og:image:height\" content=\"720\" \/>\n\t<meta property=\"og:image:type\" content=\"image\/jpeg\" \/>\n<meta name=\"author\" content=\"Benoit Charette\" \/>\n<meta name=\"twitter:card\" content=\"summary_large_image\" \/>\n<meta name=\"twitter:creator\" content=\"@canadamotorjobs\" \/>\n<meta name=\"twitter:site\" content=\"@canadamotorjobs\" \/>\n<meta name=\"twitter:label1\" content=\"\u00c9crit par\" \/>\n\t<meta name=\"twitter:data1\" content=\"Benoit Charette\" \/>\n\t<meta name=\"twitter:label2\" content=\"Estimation du temps de lecture\" \/>\n\t<meta name=\"twitter:data2\" content=\"2 minutes\" \/>\n<!-- \/ Yoast SEO plugin. -->","yoast_head_json":{"title":"Le prochain Toyota Highlander sera \u00e9lectrique - CanadaMotorJobs.com","description":"Le prochain Toyota Highlander sera \u00e9lectrique - Benoit Charette - Annuel automobile - CanadaMotorJobs.com.","robots":{"index":"index","follow":"follow","max-snippet":"max-snippet:-1","max-image-preview":"max-image-preview:large","max-video-preview":"max-video-preview:-1"},"og_locale":"fr_CA","og_type":"article","og_title":"Le prochain Toyota Highlander sera \u00e9lectrique - CanadaMotorJobs.com","og_description":"Le prochain Toyota Highlander sera \u00e9lectrique - Benoit Charette - Annuel automobile - CanadaMotorJobs.com.","og_url":"https:\/\/news.canadamotorjobs.com\/fr\/le-prochain-toyota-highlander-sera-electrique\/","og_site_name":"CanadaMotorJobs.com","article_publisher":"https:\/\/www.facebook.com\/canadamotorjobs\/","article_published_time":"2024-04-17T17:44:17+00:00","article_modified_time":"2024-04-17T17:46:47+00:00","og_image":[{"width":1280,"height":720,"url":"https:\/\/news.canadamotorjobs.com\/wp-content\/uploads\/2024\/04\/toyota-2023-highlander-041673553039712.jpg","type":"image\/jpeg"}],"author":"Benoit Charette","twitter_card":"summary_large_image","twitter_creator":"@canadamotorjobs","twitter_site":"@canadamotorjobs","twitter_misc":{"\u00c9crit par":"Benoit Charette","Estimation du temps de lecture":"2 minutes"},"schema":{"@context":"https:\/\/schema.org","@graph":[{"@type":"Article","@id":"https:\/\/news.canadamotorjobs.com\/fr\/le-prochain-toyota-highlander-sera-electrique\/#article","isPartOf":{"@id":"https:\/\/news.canadamotorjobs.com\/fr\/le-prochain-toyota-highlander-sera-electrique\/"},"author":{"name":"Benoit Charette","@id":"https:\/\/news.canadamotorjobs.com\/#\/schema\/person\/51793d1f87d44011d7bcc2ed99269a90"},"headline":"Le prochain Toyota Highlander sera \u00e9lectrique","datePublished":"2024-04-17T17:44:17+00:00","dateModified":"2024-04-17T17:46:47+00:00","mainEntityOfPage":{"@id":"https:\/\/news.canadamotorjobs.com\/fr\/le-prochain-toyota-highlander-sera-electrique\/"},"wordCount":397,"publisher":{"@id":"https:\/\/news.canadamotorjobs.com\/#organization"},"image":{"@id":"https:\/\/news.canadamotorjobs.com\/fr\/le-prochain-toyota-highlander-sera-electrique\/#primaryimage"},"thumbnailUrl":"https:\/\/news.canadamotorjobs.com\/wp-content\/uploads\/2024\/04\/toyota-2023-highlander-041673553039712.jpg","articleSection":["Annuel automobile"],"inLanguage":"fr-CA"},{"@type":"WebPage","@id":"https:\/\/news.canadamotorjobs.com\/fr\/le-prochain-toyota-highlander-sera-electrique\/","url":"https:\/\/news.canadamotorjobs.com\/fr\/le-prochain-toyota-highlander-sera-electrique\/","name":"Le prochain Toyota Highlander sera \u00e9lectrique - CanadaMotorJobs.com","isPartOf":{"@id":"https:\/\/news.canadamotorjobs.com\/#website"},"primaryImageOfPage":{"@id":"https:\/\/news.canadamotorjobs.com\/fr\/le-prochain-toyota-highlander-sera-electrique\/#primaryimage"},"image":{"@id":"https:\/\/news.canadamotorjobs.com\/fr\/le-prochain-toyota-highlander-sera-electrique\/#primaryimage"},"thumbnailUrl":"https:\/\/news.canadamotorjobs.com\/wp-content\/uploads\/2024\/04\/toyota-2023-highlander-041673553039712.jpg","datePublished":"2024-04-17T17:44:17+00:00","dateModified":"2024-04-17T17:46:47+00:00","description":"Le prochain Toyota Highlander sera \u00e9lectrique - Benoit Charette - Annuel automobile - CanadaMotorJobs.com.","breadcrumb":{"@id":"https:\/\/news.canadamotorjobs.com\/fr\/le-prochain-toyota-highlander-sera-electrique\/#breadcrumb"},"inLanguage":"fr-CA","potentialAction":[{"@type":"ReadAction","target":["https:\/\/news.canadamotorjobs.com\/fr\/le-prochain-toyota-highlander-sera-electrique\/"]}]},{"@type":"ImageObject","inLanguage":"fr-CA","@id":"https:\/\/news.canadamotorjobs.com\/fr\/le-prochain-toyota-highlander-sera-electrique\/#primaryimage","url":"https:\/\/news.canadamotorjobs.com\/wp-content\/uploads\/2024\/04\/toyota-2023-highlander-041673553039712.jpg","contentUrl":"https:\/\/news.canadamotorjobs.com\/wp-content\/uploads\/2024\/04\/toyota-2023-highlander-041673553039712.jpg","width":1280,"height":720},{"@type":"BreadcrumbList","@id":"https:\/\/news.canadamotorjobs.com\/fr\/le-prochain-toyota-highlander-sera-electrique\/#breadcrumb","itemListElement":[{"@type":"ListItem","position":1,"name":"Home","item":"https:\/\/news.canadamotorjobs.com\/fr\/blog\/"},{"@type":"ListItem","position":2,"name":"Le prochain Toyota Highlander sera \u00e9lectrique"}]},{"@type":"WebSite","@id":"https:\/\/news.canadamotorjobs.com\/#website","url":"https:\/\/news.canadamotorjobs.com\/","name":"CanadaMotorJobs.com","description":"Automotive Jobs","publisher":{"@id":"https:\/\/news.canadamotorjobs.com\/#organization"},"potentialAction":[{"@type":"SearchAction","target":{"@type":"EntryPoint","urlTemplate":"https:\/\/news.canadamotorjobs.com\/?s={search_term_string}"},"query-input":"required name=search_term_string"}],"inLanguage":"fr-CA"},{"@type":"Organization","@id":"https:\/\/news.canadamotorjobs.com\/#organization","name":"Canada Motor Jobs","url":"https:\/\/news.canadamotorjobs.com\/","logo":{"@type":"ImageObject","inLanguage":"fr-CA","@id":"https:\/\/news.canadamotorjobs.com\/#\/schema\/logo\/image\/","url":"https:\/\/news.canadamotorjobs.com\/wp-content\/uploads\/2022\/10\/logo-canada-motor-jobs-1.png","contentUrl":"https:\/\/news.canadamotorjobs.com\/wp-content\/uploads\/2022\/10\/logo-canada-motor-jobs-1.png","width":800,"height":400,"caption":"Canada Motor Jobs"},"image":{"@id":"https:\/\/news.canadamotorjobs.com\/#\/schema\/logo\/image\/"},"sameAs":["https:\/\/www.facebook.com\/canadamotorjobs\/","https:\/\/x.com\/canadamotorjobs","https:\/\/www.instagram.com\/canadamotorjobs\/","https:\/\/www.linkedin.com\/company\/canadamotorjobs"]},{"@type":"Person","@id":"https:\/\/news.canadamotorjobs.com\/#\/schema\/person\/51793d1f87d44011d7bcc2ed99269a90","name":"Benoit Charette","image":{"@type":"ImageObject","inLanguage":"fr-CA","@id":"https:\/\/news.canadamotorjobs.com\/#\/schema\/person\/image\/","url":"https:\/\/secure.gravatar.com\/avatar\/45f3d2eebcccd909668d7ce7ea7267b6?s=96&d=mm&r=g","contentUrl":"https:\/\/secure.gravatar.com\/avatar\/45f3d2eebcccd909668d7ce7ea7267b6?s=96&d=mm&r=g","caption":"Benoit Charette"},"description":"Benoit Charette \/ Propri\u00e9taire et r\u00e9dacteur en chef Benoit Charette pratique le journalisme automobile depuis bient\u00f4t 30 ans. Il a fait ses classes au c\u00f4t\u00e9 de Daniel H\u00e9raud et au Carnet de route de 1992 \u00e0 2001. Il est fondateur, copropri\u00e9taire et r\u00e9dacteur en chef de L\u2019Annuel de l\u2019automobile, qu\u2019il publie depuis 2001. Il a anim\u00e9 les \u00e9missions RPM et RPM+ sur V et les L\u00e9gendes de la route sur Historia. \u00c0 la radio depuis 1986, il reprend l\u2019antenne cette ann\u00e9e sur les ondes de Cogeco et participe pour la deuxi\u00e8me ann\u00e9e \u00e0 l\u2019\u00e9mission Passion Auto sur RDS en plus de mettre en ligne le site Web officiel de L\u2019Annuel de l\u2019automobile sur annuelauto.ca.","sameAs":["https:\/\/annuelauto.ca\/"],"url":"https:\/\/news.canadamotorjobs.com\/fr\/author\/benoit-charette\/"}]}},"_links":{"self":[{"href":"https:\/\/news.canadamotorjobs.com\/fr\/wp-json\/wp\/v2\/posts\/162978"}],"collection":[{"href":"https:\/\/news.canadamotorjobs.com\/fr\/wp-json\/wp\/v2\/posts"}],"about":[{"href":"https:\/\/news.canadamotorjobs.com\/fr\/wp-json\/wp\/v2\/types\/post"}],"author":[{"embeddable":true,"href":"https:\/\/news.canadamotorjobs.com\/fr\/wp-json\/wp\/v2\/users\/8"}],"replies":[{"embeddable":true,"href":"https:\/\/news.canadamotorjobs.com\/fr\/wp-json\/wp\/v2\/comments?post=162978"}],"version-history":[{"count":2,"href":"https:\/\/news.canadamotorjobs.com\/fr\/wp-json\/wp\/v2\/posts\/162978\/revisions"}],"predecessor-version":[{"id":162982,"href":"https:\/\/news.canadamotorjobs.com\/fr\/wp-json\/wp\/v2\/posts\/162978\/revisions\/162982"}],"wp:featuredmedia":[{"embeddable":true,"href":"https:\/\/news.canadamotorjobs.com\/fr\/wp-json\/wp\/v2\/media\/162980"}],"wp:attachment":[{"href":"https:\/\/news.canadamotorjobs.com\/fr\/wp-json\/wp\/v2\/media?parent=162978"}],"wp:term":[{"taxonomy":"category","embeddable":true,"href":"https:\/\/news.canadamotorjobs.com\/fr\/wp-json\/wp\/v2\/categories?post=162978"},{"taxonomy":"post_tag","embeddable":true,"href":"https:\/\/news.canadamotorjobs.com\/fr\/wp-json\/wp\/v2\/tags?post=162978"}],"curies":[{"name":"wp","href":"https:\/\/api.w.org\/{rel}","templated":true}]}}