{"id":162939,"date":"2024-04-17T09:52:48","date_gmt":"2024-04-17T13:52:48","guid":{"rendered":"https:\/\/news.canadamotorjobs.com\/?p=162939"},"modified":"2024-04-17T09:59:27","modified_gmt":"2024-04-17T13:59:27","slug":"trois-millions-de-vehicules-honda-sous-enquete","status":"publish","type":"post","link":"https:\/\/news.canadamotorjobs.com\/fr\/trois-millions-de-vehicules-honda-sous-enquete\/","title":{"rendered":"Trois millions de v\u00e9hicules Honda sous enqu\u00eate"},"content":{"rendered":"<\/p>\n<p>La NHTSA a re\u00e7u 1 294 plaintes all\u00e9guant une activation involontaire entra\u00eenant une \u00ab d\u00e9c\u00e9l\u00e9ration soudaine du v\u00e9hicule \u00bb. Cinquante blessures ont \u00e9t\u00e9 signal\u00e9es, selon l\u2019organisme.<\/p>\n<h3>Une enqu\u00eate intensifi\u00e9e<\/h3>\n<p>\nLes r\u00e9gulateurs de s\u00e9curit\u00e9 am\u00e9ricains ont intensifi\u00e9 une enqu\u00eate sur pr\u00e8s de 3 millions de v\u00e9hicules de Honda Motor Co. pour \u00e9valuer davantage la fr\u00e9quence et les probl\u00e8mes de s\u00e9curit\u00e9 li\u00e9s \u00e0 l&#8217;activation inattendue des syst\u00e8mes de freinage d&#8217;urgence.<\/p>\n<h3>Une premi\u00e8re enqu\u00eate il y a deux ans<\/h3>\n<p>\nLe Bureau des enqu\u00eates sur les d\u00e9fauts de la NHTSA a ouvert une premi\u00e8re \u00e9valuation pr\u00e9liminaire sur Honda en f\u00e9vrier 2022 pour examiner les voitures de taille moyenne Honda Accord de 2018-19 et les VUS compacts Honda CR-V de 2017-19.<\/p>\n<h3>Les plaintes continuaient<\/h3>\n<p>\nLa NHTSA a mis \u00e0 jour l&#8217;enqu\u00eate pour une analyse technique le lundi et \u00e9largi le champ d&#8217;investigation pour inclure les v\u00e9hicules Honda CR-V et Accord de 2020-2022. Au total, pr\u00e8s de 3 millions de v\u00e9hicules sont d\u00e9sormais inclus dans l&#8217;enqu\u00eate, contre 1,7 million dans l&#8217;enqu\u00eate initiale.<\/p>\n<h3>\u00c9tape pr\u00e9liminaire avant un rappel<\/h3>\n<p>\nLa plupart des enqu\u00eates de la NHTSA commencent par des \u00e9valuations pr\u00e9liminaires au cours desquelles les ing\u00e9nieurs de l&#8217;agence demandent des informations au fabricant, y compris des donn\u00e9es sur les plaintes, les blessures et les r\u00e9clamations en garantie. Le fabricant peut \u00e9galement pr\u00e9senter son point de vue sur le d\u00e9faut pr\u00e9sum\u00e9 et peut \u00e9mettre un rappel.<\/p>\n<h3>Un rappel pourrait suivre<\/h3>\n<p>\nApr\u00e8s l&#8217;\u00e9valuation, la NHTSA clos l&#8217;enqu\u00eate ou passe \u00e0 la phase suivante, g\u00e9n\u00e9ralement une analyse technique. Si un d\u00e9faut li\u00e9 \u00e0 la s\u00e9curit\u00e9 existe, selon la NHTSA, l&#8217;agence pourrait envoyer une lettre de &#8220;demande de rappel&#8221; au fabricant.<\/p>\n<p>\u00a0<\/p>\n<p>Avec des renseignements d\u2019Automotive News<\/p>\n<p>\u00a0<\/p>\n<p>Le texte <a rel=\"nofollow\" href=\"https:\/\/annuelauto.ca\/trois-millions-de-vehicules-honda-sous-enquete\/\">Trois millions de v\u00e9hicules Honda sous enqu\u00eate<\/a> provient de <a rel=\"nofollow\" href=\"https:\/\/annuelauto.ca\">L&#8217;annuel de l&#8217;automobile &#8211; Actualit\u00e9 automobile<\/a><\/p>\n<p><\/p>\n","protected":false},"excerpt":{"rendered":"<p>La NHTSA a re\u00e7u 1 294 plaintes all\u00e9guant une activation involontaire entra\u00eenant une \u00ab d\u00e9c\u00e9l\u00e9ration soudaine du v\u00e9hicule \u00bb. Cinquante blessures ont \u00e9t\u00e9 signal\u00e9es, selon l\u2019organisme. Une enqu\u00eate intensifi\u00e9e Les r\u00e9gulateurs de s\u00e9curit\u00e9 am\u00e9ricains ont intensifi\u00e9 une enqu\u00eate sur pr\u00e8s de 3 millions de v\u00e9hicules de Honda Motor Co. pour \u00e9valuer davantage la fr\u00e9quence et [&hellip;]<\/p>\n","protected":false},"author":8,"featured_media":162941,"comment_status":"close","ping_status":"closed","sticky":false,"template":"","format":"standard","meta":{"_monsterinsights_skip_tracking":false,"_monsterinsights_sitenote_active":false,"_monsterinsights_sitenote_note":"","_monsterinsights_sitenote_category":0,"footnotes":""},"categories":[101],"tags":[],"yoast_head":"<!-- This site is optimized with the Yoast SEO plugin v23.2 - https:\/\/yoast.com\/wordpress\/plugins\/seo\/ -->\n<title>Trois millions de v\u00e9hicules Honda sous enqu\u00eate - CanadaMotorJobs.com<\/title>\n<meta name=\"description\" content=\"Trois millions de v\u00e9hicules Honda sous enqu\u00eate - Benoit Charette - Annuel automobile - CanadaMotorJobs.com.\" \/>\n<meta name=\"robots\" content=\"index, follow, max-snippet:-1, max-image-preview:large, max-video-preview:-1\" \/>\n<meta property=\"og:locale\" content=\"fr_CA\" \/>\n<meta property=\"og:type\" content=\"article\" \/>\n<meta property=\"og:title\" content=\"Trois millions de v\u00e9hicules Honda sous enqu\u00eate - CanadaMotorJobs.com\" \/>\n<meta property=\"og:description\" content=\"Trois millions de v\u00e9hicules Honda sous enqu\u00eate - Benoit Charette - Annuel automobile - CanadaMotorJobs.com.\" \/>\n<meta property=\"og:url\" content=\"https:\/\/news.canadamotorjobs.com\/fr\/trois-millions-de-vehicules-honda-sous-enquete\/\" \/>\n<meta property=\"og:site_name\" content=\"CanadaMotorJobs.com\" \/>\n<meta property=\"article:publisher\" content=\"https:\/\/www.facebook.com\/canadamotorjobs\/\" \/>\n<meta property=\"article:published_time\" content=\"2024-04-17T13:52:48+00:00\" \/>\n<meta property=\"article:modified_time\" content=\"2024-04-17T13:59:27+00:00\" \/>\n<meta property=\"og:image\" content=\"https:\/\/news.canadamotorjobs.com\/wp-content\/uploads\/2024\/04\/hon-acc-01.jpg\" \/>\n\t<meta property=\"og:image:width\" content=\"1024\" \/>\n\t<meta property=\"og:image:height\" content=\"683\" \/>\n\t<meta property=\"og:image:type\" content=\"image\/jpeg\" \/>\n<meta name=\"author\" content=\"Benoit Charette\" \/>\n<meta name=\"twitter:card\" content=\"summary_large_image\" \/>\n<meta name=\"twitter:creator\" content=\"@canadamotorjobs\" \/>\n<meta name=\"twitter:site\" content=\"@canadamotorjobs\" \/>\n<meta name=\"twitter:label1\" content=\"\u00c9crit par\" \/>\n\t<meta name=\"twitter:data1\" content=\"Benoit Charette\" \/>\n\t<meta name=\"twitter:label2\" content=\"Estimation du temps de lecture\" \/>\n\t<meta name=\"twitter:data2\" content=\"2 minutes\" \/>\n<!-- \/ Yoast SEO plugin. -->","yoast_head_json":{"title":"Trois millions de v\u00e9hicules Honda sous enqu\u00eate - CanadaMotorJobs.com","description":"Trois millions de v\u00e9hicules Honda sous enqu\u00eate - Benoit Charette - Annuel automobile - CanadaMotorJobs.com.","robots":{"index":"index","follow":"follow","max-snippet":"max-snippet:-1","max-image-preview":"max-image-preview:large","max-video-preview":"max-video-preview:-1"},"og_locale":"fr_CA","og_type":"article","og_title":"Trois millions de v\u00e9hicules Honda sous enqu\u00eate - CanadaMotorJobs.com","og_description":"Trois millions de v\u00e9hicules Honda sous enqu\u00eate - Benoit Charette - Annuel automobile - CanadaMotorJobs.com.","og_url":"https:\/\/news.canadamotorjobs.com\/fr\/trois-millions-de-vehicules-honda-sous-enquete\/","og_site_name":"CanadaMotorJobs.com","article_publisher":"https:\/\/www.facebook.com\/canadamotorjobs\/","article_published_time":"2024-04-17T13:52:48+00:00","article_modified_time":"2024-04-17T13:59:27+00:00","og_image":[{"width":1024,"height":683,"url":"https:\/\/news.canadamotorjobs.com\/wp-content\/uploads\/2024\/04\/hon-acc-01.jpg","type":"image\/jpeg"}],"author":"Benoit Charette","twitter_card":"summary_large_image","twitter_creator":"@canadamotorjobs","twitter_site":"@canadamotorjobs","twitter_misc":{"\u00c9crit par":"Benoit Charette","Estimation du temps de lecture":"2 minutes"},"schema":{"@context":"https:\/\/schema.org","@graph":[{"@type":"Article","@id":"https:\/\/news.canadamotorjobs.com\/fr\/trois-millions-de-vehicules-honda-sous-enquete\/#article","isPartOf":{"@id":"https:\/\/news.canadamotorjobs.com\/fr\/trois-millions-de-vehicules-honda-sous-enquete\/"},"author":{"name":"Benoit Charette","@id":"https:\/\/news.canadamotorjobs.com\/#\/schema\/person\/51793d1f87d44011d7bcc2ed99269a90"},"headline":"Trois millions de v\u00e9hicules Honda sous enqu\u00eate","datePublished":"2024-04-17T13:52:48+00:00","dateModified":"2024-04-17T13:59:27+00:00","mainEntityOfPage":{"@id":"https:\/\/news.canadamotorjobs.com\/fr\/trois-millions-de-vehicules-honda-sous-enquete\/"},"wordCount":354,"publisher":{"@id":"https:\/\/news.canadamotorjobs.com\/#organization"},"image":{"@id":"https:\/\/news.canadamotorjobs.com\/fr\/trois-millions-de-vehicules-honda-sous-enquete\/#primaryimage"},"thumbnailUrl":"https:\/\/news.canadamotorjobs.com\/wp-content\/uploads\/2024\/04\/hon-acc-01.jpg","articleSection":["Annuel automobile"],"inLanguage":"fr-CA"},{"@type":"WebPage","@id":"https:\/\/news.canadamotorjobs.com\/fr\/trois-millions-de-vehicules-honda-sous-enquete\/","url":"https:\/\/news.canadamotorjobs.com\/fr\/trois-millions-de-vehicules-honda-sous-enquete\/","name":"Trois millions de v\u00e9hicules Honda sous enqu\u00eate - CanadaMotorJobs.com","isPartOf":{"@id":"https:\/\/news.canadamotorjobs.com\/#website"},"primaryImageOfPage":{"@id":"https:\/\/news.canadamotorjobs.com\/fr\/trois-millions-de-vehicules-honda-sous-enquete\/#primaryimage"},"image":{"@id":"https:\/\/news.canadamotorjobs.com\/fr\/trois-millions-de-vehicules-honda-sous-enquete\/#primaryimage"},"thumbnailUrl":"https:\/\/news.canadamotorjobs.com\/wp-content\/uploads\/2024\/04\/hon-acc-01.jpg","datePublished":"2024-04-17T13:52:48+00:00","dateModified":"2024-04-17T13:59:27+00:00","description":"Trois millions de v\u00e9hicules Honda sous enqu\u00eate - Benoit Charette - Annuel automobile - CanadaMotorJobs.com.","breadcrumb":{"@id":"https:\/\/news.canadamotorjobs.com\/fr\/trois-millions-de-vehicules-honda-sous-enquete\/#breadcrumb"},"inLanguage":"fr-CA","potentialAction":[{"@type":"ReadAction","target":["https:\/\/news.canadamotorjobs.com\/fr\/trois-millions-de-vehicules-honda-sous-enquete\/"]}]},{"@type":"ImageObject","inLanguage":"fr-CA","@id":"https:\/\/news.canadamotorjobs.com\/fr\/trois-millions-de-vehicules-honda-sous-enquete\/#primaryimage","url":"https:\/\/news.canadamotorjobs.com\/wp-content\/uploads\/2024\/04\/hon-acc-01.jpg","contentUrl":"https:\/\/news.canadamotorjobs.com\/wp-content\/uploads\/2024\/04\/hon-acc-01.jpg","width":1024,"height":683},{"@type":"BreadcrumbList","@id":"https:\/\/news.canadamotorjobs.com\/fr\/trois-millions-de-vehicules-honda-sous-enquete\/#breadcrumb","itemListElement":[{"@type":"ListItem","position":1,"name":"Home","item":"https:\/\/news.canadamotorjobs.com\/fr\/blog\/"},{"@type":"ListItem","position":2,"name":"Trois millions de v\u00e9hicules Honda sous enqu\u00eate"}]},{"@type":"WebSite","@id":"https:\/\/news.canadamotorjobs.com\/#website","url":"https:\/\/news.canadamotorjobs.com\/","name":"CanadaMotorJobs.com","description":"Automotive Jobs","publisher":{"@id":"https:\/\/news.canadamotorjobs.com\/#organization"},"potentialAction":[{"@type":"SearchAction","target":{"@type":"EntryPoint","urlTemplate":"https:\/\/news.canadamotorjobs.com\/?s={search_term_string}"},"query-input":"required name=search_term_string"}],"inLanguage":"fr-CA"},{"@type":"Organization","@id":"https:\/\/news.canadamotorjobs.com\/#organization","name":"Canada Motor Jobs","url":"https:\/\/news.canadamotorjobs.com\/","logo":{"@type":"ImageObject","inLanguage":"fr-CA","@id":"https:\/\/news.canadamotorjobs.com\/#\/schema\/logo\/image\/","url":"https:\/\/news.canadamotorjobs.com\/wp-content\/uploads\/2022\/10\/logo-canada-motor-jobs-1.png","contentUrl":"https:\/\/news.canadamotorjobs.com\/wp-content\/uploads\/2022\/10\/logo-canada-motor-jobs-1.png","width":800,"height":400,"caption":"Canada Motor Jobs"},"image":{"@id":"https:\/\/news.canadamotorjobs.com\/#\/schema\/logo\/image\/"},"sameAs":["https:\/\/www.facebook.com\/canadamotorjobs\/","https:\/\/x.com\/canadamotorjobs","https:\/\/www.instagram.com\/canadamotorjobs\/","https:\/\/www.linkedin.com\/company\/canadamotorjobs"]},{"@type":"Person","@id":"https:\/\/news.canadamotorjobs.com\/#\/schema\/person\/51793d1f87d44011d7bcc2ed99269a90","name":"Benoit Charette","image":{"@type":"ImageObject","inLanguage":"fr-CA","@id":"https:\/\/news.canadamotorjobs.com\/#\/schema\/person\/image\/","url":"https:\/\/secure.gravatar.com\/avatar\/45f3d2eebcccd909668d7ce7ea7267b6?s=96&d=mm&r=g","contentUrl":"https:\/\/secure.gravatar.com\/avatar\/45f3d2eebcccd909668d7ce7ea7267b6?s=96&d=mm&r=g","caption":"Benoit Charette"},"description":"Benoit Charette \/ Propri\u00e9taire et r\u00e9dacteur en chef Benoit Charette pratique le journalisme automobile depuis bient\u00f4t 30 ans. Il a fait ses classes au c\u00f4t\u00e9 de Daniel H\u00e9raud et au Carnet de route de 1992 \u00e0 2001. Il est fondateur, copropri\u00e9taire et r\u00e9dacteur en chef de L\u2019Annuel de l\u2019automobile, qu\u2019il publie depuis 2001. Il a anim\u00e9 les \u00e9missions RPM et RPM+ sur V et les L\u00e9gendes de la route sur Historia. \u00c0 la radio depuis 1986, il reprend l\u2019antenne cette ann\u00e9e sur les ondes de Cogeco et participe pour la deuxi\u00e8me ann\u00e9e \u00e0 l\u2019\u00e9mission Passion Auto sur RDS en plus de mettre en ligne le site Web officiel de L\u2019Annuel de l\u2019automobile sur annuelauto.ca.","sameAs":["https:\/\/annuelauto.ca\/"],"url":"https:\/\/news.canadamotorjobs.com\/fr\/author\/benoit-charette\/"}]}},"_links":{"self":[{"href":"https:\/\/news.canadamotorjobs.com\/fr\/wp-json\/wp\/v2\/posts\/162939"}],"collection":[{"href":"https:\/\/news.canadamotorjobs.com\/fr\/wp-json\/wp\/v2\/posts"}],"about":[{"href":"https:\/\/news.canadamotorjobs.com\/fr\/wp-json\/wp\/v2\/types\/post"}],"author":[{"embeddable":true,"href":"https:\/\/news.canadamotorjobs.com\/fr\/wp-json\/wp\/v2\/users\/8"}],"replies":[{"embeddable":true,"href":"https:\/\/news.canadamotorjobs.com\/fr\/wp-json\/wp\/v2\/comments?post=162939"}],"version-history":[{"count":2,"href":"https:\/\/news.canadamotorjobs.com\/fr\/wp-json\/wp\/v2\/posts\/162939\/revisions"}],"predecessor-version":[{"id":162943,"href":"https:\/\/news.canadamotorjobs.com\/fr\/wp-json\/wp\/v2\/posts\/162939\/revisions\/162943"}],"wp:featuredmedia":[{"embeddable":true,"href":"https:\/\/news.canadamotorjobs.com\/fr\/wp-json\/wp\/v2\/media\/162941"}],"wp:attachment":[{"href":"https:\/\/news.canadamotorjobs.com\/fr\/wp-json\/wp\/v2\/media?parent=162939"}],"wp:term":[{"taxonomy":"category","embeddable":true,"href":"https:\/\/news.canadamotorjobs.com\/fr\/wp-json\/wp\/v2\/categories?post=162939"},{"taxonomy":"post_tag","embeddable":true,"href":"https:\/\/news.canadamotorjobs.com\/fr\/wp-json\/wp\/v2\/tags?post=162939"}],"curies":[{"name":"wp","href":"https:\/\/api.w.org\/{rel}","templated":true}]}}