{"id":162916,"date":"2024-04-17T09:36:36","date_gmt":"2024-04-17T13:36:36","guid":{"rendered":"https:\/\/news.canadamotorjobs.com\/?p=162916"},"modified":"2024-04-17T09:48:28","modified_gmt":"2024-04-17T13:48:28","slug":"titre-ford-rappelle-456-565-bronco-sports-et-maverick","status":"publish","type":"post","link":"https:\/\/news.canadamotorjobs.com\/fr\/titre-ford-rappelle-456-565-bronco-sports-et-maverick\/","title":{"rendered":"Titre: Ford rappelle 456 565 Bronco Sports et Maverick"},"content":{"rendered":"<\/p>\n<p>Ford rappelle plus de 456 000 v\u00e9hicules Bronco Sport et Maverick en raison d&#8217;un probl\u00e8me de calibration de la batterie susceptible de causer une perte de puissance de conduite.<\/p>\n<ul><\/p>\n<li>La NHTSA indique qu&#8217;une perte de batterie inattendue pourrait passer inaper\u00e7ue dans ces v\u00e9hicules, ce qui pourrait emp\u00eacher le red\u00e9marrage de la voiture ou la faire caler lors de l&#8217;arr\u00eat \u00e0 basse vitesse.<\/li>\n<p><\/p>\n<li>Le rappel concerne les Bronco Sports de 2021-24 et les Mavericks Ford de 2022-23.<\/li>\n<p><\/p>\n<li>Selon l&#8217;Administration nationale de la s\u00e9curit\u00e9 routi\u00e8re, une perte de batterie inattendue pourrait passer inaper\u00e7ue dans ces v\u00e9hicules, ce qui pourrait emp\u00eacher le red\u00e9marrage de la voiture ou la faire caler lors de l&#8217;arr\u00eat \u00e0 basse vitesse.<\/li>\n<p><\/p>\n<li>Pour r\u00e9soudre le probl\u00e8me, les concessionnaires recalibreront le module de commande de carrosserie et le module de commande de puissance.<\/li>\n<p><\/p>\n<li>Un porte-parole de Ford a d\u00e9clar\u00e9 que la soci\u00e9t\u00e9 n&#8217;avait connaissance d&#8217;aucune blessure ou accident au 8 f\u00e9vrier.<\/li>\n<p><\/p>\n<li>Les lettres de notification aux propri\u00e9taires devraient \u00eatre envoy\u00e9es \u00e0 partir du 13 mai.<\/li>\n<p>\n<\/ul>\n<p>\nAvec des renseignements d\u2019Automotive News<\/p>\n<p>\u00a0<\/p>\n<p>Le texte <a rel=\"nofollow\" href=\"https:\/\/annuelauto.ca\/titre-ford-rappelle-456-565-bronco-sports-et-maverick\/\">Titre: Ford rappelle 456 565 Bronco Sports et Maverick<\/a> provient de <a rel=\"nofollow\" href=\"https:\/\/annuelauto.ca\">L&#8217;annuel de l&#8217;automobile &#8211; Actualit\u00e9 automobile<\/a><\/p>\n<p><\/p>\n","protected":false},"excerpt":{"rendered":"<p>Ford rappelle plus de 456 000 v\u00e9hicules Bronco Sport et Maverick en raison d&#8217;un probl\u00e8me de calibration de la batterie susceptible de causer une perte de puissance de conduite. La NHTSA indique qu&#8217;une perte de batterie inattendue pourrait passer inaper\u00e7ue dans ces v\u00e9hicules, ce qui pourrait emp\u00eacher le red\u00e9marrage de la voiture ou la faire [&hellip;]<\/p>\n","protected":false},"author":8,"featured_media":162918,"comment_status":"close","ping_status":"closed","sticky":false,"template":"","format":"standard","meta":{"_monsterinsights_skip_tracking":false,"_monsterinsights_sitenote_active":false,"_monsterinsights_sitenote_note":"","_monsterinsights_sitenote_category":0,"footnotes":""},"categories":[101],"tags":[],"yoast_head":"<!-- This site is optimized with the Yoast SEO plugin v23.2 - https:\/\/yoast.com\/wordpress\/plugins\/seo\/ -->\n<title>Titre: Ford rappelle 456 565 Bronco Sports et Maverick - CanadaMotorJobs.com<\/title>\n<meta name=\"description\" content=\"Titre: Ford rappelle 456 565 Bronco Sports et Maverick - Benoit Charette - Annuel automobile - CanadaMotorJobs.com.\" \/>\n<meta name=\"robots\" content=\"index, follow, max-snippet:-1, max-image-preview:large, max-video-preview:-1\" \/>\n<meta property=\"og:locale\" content=\"fr_CA\" \/>\n<meta property=\"og:type\" content=\"article\" \/>\n<meta property=\"og:title\" content=\"Titre: Ford rappelle 456 565 Bronco Sports et Maverick - CanadaMotorJobs.com\" \/>\n<meta property=\"og:description\" content=\"Titre: Ford rappelle 456 565 Bronco Sports et Maverick - Benoit Charette - Annuel automobile - CanadaMotorJobs.com.\" \/>\n<meta property=\"og:url\" content=\"https:\/\/news.canadamotorjobs.com\/fr\/titre-ford-rappelle-456-565-bronco-sports-et-maverick\/\" \/>\n<meta property=\"og:site_name\" content=\"CanadaMotorJobs.com\" \/>\n<meta property=\"article:publisher\" content=\"https:\/\/www.facebook.com\/canadamotorjobs\/\" \/>\n<meta property=\"article:published_time\" content=\"2024-04-17T13:36:36+00:00\" \/>\n<meta property=\"article:modified_time\" content=\"2024-04-17T13:48:28+00:00\" \/>\n<meta property=\"og:image\" content=\"https:\/\/news.canadamotorjobs.com\/wp-content\/uploads\/2024\/04\/secondaire.jpg\" \/>\n\t<meta property=\"og:image:width\" content=\"1200\" \/>\n\t<meta property=\"og:image:height\" content=\"800\" \/>\n\t<meta property=\"og:image:type\" content=\"image\/jpeg\" \/>\n<meta name=\"author\" content=\"Benoit Charette\" \/>\n<meta name=\"twitter:card\" content=\"summary_large_image\" \/>\n<meta name=\"twitter:creator\" content=\"@canadamotorjobs\" \/>\n<meta name=\"twitter:site\" content=\"@canadamotorjobs\" \/>\n<meta name=\"twitter:label1\" content=\"\u00c9crit par\" \/>\n\t<meta name=\"twitter:data1\" content=\"Benoit Charette\" \/>\n\t<meta name=\"twitter:label2\" content=\"Estimation du temps de lecture\" \/>\n\t<meta name=\"twitter:data2\" content=\"1 minute\" \/>\n<!-- \/ Yoast SEO plugin. -->","yoast_head_json":{"title":"Titre: Ford rappelle 456 565 Bronco Sports et Maverick - CanadaMotorJobs.com","description":"Titre: Ford rappelle 456 565 Bronco Sports et Maverick - Benoit Charette - Annuel automobile - CanadaMotorJobs.com.","robots":{"index":"index","follow":"follow","max-snippet":"max-snippet:-1","max-image-preview":"max-image-preview:large","max-video-preview":"max-video-preview:-1"},"og_locale":"fr_CA","og_type":"article","og_title":"Titre: Ford rappelle 456 565 Bronco Sports et Maverick - CanadaMotorJobs.com","og_description":"Titre: Ford rappelle 456 565 Bronco Sports et Maverick - Benoit Charette - Annuel automobile - CanadaMotorJobs.com.","og_url":"https:\/\/news.canadamotorjobs.com\/fr\/titre-ford-rappelle-456-565-bronco-sports-et-maverick\/","og_site_name":"CanadaMotorJobs.com","article_publisher":"https:\/\/www.facebook.com\/canadamotorjobs\/","article_published_time":"2024-04-17T13:36:36+00:00","article_modified_time":"2024-04-17T13:48:28+00:00","og_image":[{"width":1200,"height":800,"url":"https:\/\/news.canadamotorjobs.com\/wp-content\/uploads\/2024\/04\/secondaire.jpg","type":"image\/jpeg"}],"author":"Benoit Charette","twitter_card":"summary_large_image","twitter_creator":"@canadamotorjobs","twitter_site":"@canadamotorjobs","twitter_misc":{"\u00c9crit par":"Benoit Charette","Estimation du temps de lecture":"1 minute"},"schema":{"@context":"https:\/\/schema.org","@graph":[{"@type":"Article","@id":"https:\/\/news.canadamotorjobs.com\/fr\/titre-ford-rappelle-456-565-bronco-sports-et-maverick\/#article","isPartOf":{"@id":"https:\/\/news.canadamotorjobs.com\/fr\/titre-ford-rappelle-456-565-bronco-sports-et-maverick\/"},"author":{"name":"Benoit Charette","@id":"https:\/\/news.canadamotorjobs.com\/#\/schema\/person\/51793d1f87d44011d7bcc2ed99269a90"},"headline":"Titre: Ford rappelle 456 565 Bronco Sports et Maverick","datePublished":"2024-04-17T13:36:36+00:00","dateModified":"2024-04-17T13:48:28+00:00","mainEntityOfPage":{"@id":"https:\/\/news.canadamotorjobs.com\/fr\/titre-ford-rappelle-456-565-bronco-sports-et-maverick\/"},"wordCount":218,"publisher":{"@id":"https:\/\/news.canadamotorjobs.com\/#organization"},"image":{"@id":"https:\/\/news.canadamotorjobs.com\/fr\/titre-ford-rappelle-456-565-bronco-sports-et-maverick\/#primaryimage"},"thumbnailUrl":"https:\/\/news.canadamotorjobs.com\/wp-content\/uploads\/2024\/04\/secondaire.jpg","articleSection":["Annuel automobile"],"inLanguage":"fr-CA"},{"@type":"WebPage","@id":"https:\/\/news.canadamotorjobs.com\/fr\/titre-ford-rappelle-456-565-bronco-sports-et-maverick\/","url":"https:\/\/news.canadamotorjobs.com\/fr\/titre-ford-rappelle-456-565-bronco-sports-et-maverick\/","name":"Titre: Ford rappelle 456 565 Bronco Sports et Maverick - CanadaMotorJobs.com","isPartOf":{"@id":"https:\/\/news.canadamotorjobs.com\/#website"},"primaryImageOfPage":{"@id":"https:\/\/news.canadamotorjobs.com\/fr\/titre-ford-rappelle-456-565-bronco-sports-et-maverick\/#primaryimage"},"image":{"@id":"https:\/\/news.canadamotorjobs.com\/fr\/titre-ford-rappelle-456-565-bronco-sports-et-maverick\/#primaryimage"},"thumbnailUrl":"https:\/\/news.canadamotorjobs.com\/wp-content\/uploads\/2024\/04\/secondaire.jpg","datePublished":"2024-04-17T13:36:36+00:00","dateModified":"2024-04-17T13:48:28+00:00","description":"Titre: Ford rappelle 456 565 Bronco Sports et Maverick - Benoit Charette - Annuel automobile - CanadaMotorJobs.com.","breadcrumb":{"@id":"https:\/\/news.canadamotorjobs.com\/fr\/titre-ford-rappelle-456-565-bronco-sports-et-maverick\/#breadcrumb"},"inLanguage":"fr-CA","potentialAction":[{"@type":"ReadAction","target":["https:\/\/news.canadamotorjobs.com\/fr\/titre-ford-rappelle-456-565-bronco-sports-et-maverick\/"]}]},{"@type":"ImageObject","inLanguage":"fr-CA","@id":"https:\/\/news.canadamotorjobs.com\/fr\/titre-ford-rappelle-456-565-bronco-sports-et-maverick\/#primaryimage","url":"https:\/\/news.canadamotorjobs.com\/wp-content\/uploads\/2024\/04\/secondaire.jpg","contentUrl":"https:\/\/news.canadamotorjobs.com\/wp-content\/uploads\/2024\/04\/secondaire.jpg","width":1200,"height":800},{"@type":"BreadcrumbList","@id":"https:\/\/news.canadamotorjobs.com\/fr\/titre-ford-rappelle-456-565-bronco-sports-et-maverick\/#breadcrumb","itemListElement":[{"@type":"ListItem","position":1,"name":"Home","item":"https:\/\/news.canadamotorjobs.com\/fr\/blog\/"},{"@type":"ListItem","position":2,"name":"Titre: Ford rappelle 456 565 Bronco Sports et Maverick"}]},{"@type":"WebSite","@id":"https:\/\/news.canadamotorjobs.com\/#website","url":"https:\/\/news.canadamotorjobs.com\/","name":"CanadaMotorJobs.com","description":"Automotive Jobs","publisher":{"@id":"https:\/\/news.canadamotorjobs.com\/#organization"},"potentialAction":[{"@type":"SearchAction","target":{"@type":"EntryPoint","urlTemplate":"https:\/\/news.canadamotorjobs.com\/?s={search_term_string}"},"query-input":"required name=search_term_string"}],"inLanguage":"fr-CA"},{"@type":"Organization","@id":"https:\/\/news.canadamotorjobs.com\/#organization","name":"Canada Motor Jobs","url":"https:\/\/news.canadamotorjobs.com\/","logo":{"@type":"ImageObject","inLanguage":"fr-CA","@id":"https:\/\/news.canadamotorjobs.com\/#\/schema\/logo\/image\/","url":"https:\/\/news.canadamotorjobs.com\/wp-content\/uploads\/2022\/10\/logo-canada-motor-jobs-1.png","contentUrl":"https:\/\/news.canadamotorjobs.com\/wp-content\/uploads\/2022\/10\/logo-canada-motor-jobs-1.png","width":800,"height":400,"caption":"Canada Motor Jobs"},"image":{"@id":"https:\/\/news.canadamotorjobs.com\/#\/schema\/logo\/image\/"},"sameAs":["https:\/\/www.facebook.com\/canadamotorjobs\/","https:\/\/x.com\/canadamotorjobs","https:\/\/www.instagram.com\/canadamotorjobs\/","https:\/\/www.linkedin.com\/company\/canadamotorjobs"]},{"@type":"Person","@id":"https:\/\/news.canadamotorjobs.com\/#\/schema\/person\/51793d1f87d44011d7bcc2ed99269a90","name":"Benoit Charette","image":{"@type":"ImageObject","inLanguage":"fr-CA","@id":"https:\/\/news.canadamotorjobs.com\/#\/schema\/person\/image\/","url":"https:\/\/secure.gravatar.com\/avatar\/45f3d2eebcccd909668d7ce7ea7267b6?s=96&d=mm&r=g","contentUrl":"https:\/\/secure.gravatar.com\/avatar\/45f3d2eebcccd909668d7ce7ea7267b6?s=96&d=mm&r=g","caption":"Benoit Charette"},"description":"Benoit Charette \/ Propri\u00e9taire et r\u00e9dacteur en chef Benoit Charette pratique le journalisme automobile depuis bient\u00f4t 30 ans. Il a fait ses classes au c\u00f4t\u00e9 de Daniel H\u00e9raud et au Carnet de route de 1992 \u00e0 2001. Il est fondateur, copropri\u00e9taire et r\u00e9dacteur en chef de L\u2019Annuel de l\u2019automobile, qu\u2019il publie depuis 2001. Il a anim\u00e9 les \u00e9missions RPM et RPM+ sur V et les L\u00e9gendes de la route sur Historia. \u00c0 la radio depuis 1986, il reprend l\u2019antenne cette ann\u00e9e sur les ondes de Cogeco et participe pour la deuxi\u00e8me ann\u00e9e \u00e0 l\u2019\u00e9mission Passion Auto sur RDS en plus de mettre en ligne le site Web officiel de L\u2019Annuel de l\u2019automobile sur annuelauto.ca.","sameAs":["https:\/\/annuelauto.ca\/"],"url":"https:\/\/news.canadamotorjobs.com\/fr\/author\/benoit-charette\/"}]}},"_links":{"self":[{"href":"https:\/\/news.canadamotorjobs.com\/fr\/wp-json\/wp\/v2\/posts\/162916"}],"collection":[{"href":"https:\/\/news.canadamotorjobs.com\/fr\/wp-json\/wp\/v2\/posts"}],"about":[{"href":"https:\/\/news.canadamotorjobs.com\/fr\/wp-json\/wp\/v2\/types\/post"}],"author":[{"embeddable":true,"href":"https:\/\/news.canadamotorjobs.com\/fr\/wp-json\/wp\/v2\/users\/8"}],"replies":[{"embeddable":true,"href":"https:\/\/news.canadamotorjobs.com\/fr\/wp-json\/wp\/v2\/comments?post=162916"}],"version-history":[{"count":2,"href":"https:\/\/news.canadamotorjobs.com\/fr\/wp-json\/wp\/v2\/posts\/162916\/revisions"}],"predecessor-version":[{"id":162920,"href":"https:\/\/news.canadamotorjobs.com\/fr\/wp-json\/wp\/v2\/posts\/162916\/revisions\/162920"}],"wp:featuredmedia":[{"embeddable":true,"href":"https:\/\/news.canadamotorjobs.com\/fr\/wp-json\/wp\/v2\/media\/162918"}],"wp:attachment":[{"href":"https:\/\/news.canadamotorjobs.com\/fr\/wp-json\/wp\/v2\/media?parent=162916"}],"wp:term":[{"taxonomy":"category","embeddable":true,"href":"https:\/\/news.canadamotorjobs.com\/fr\/wp-json\/wp\/v2\/categories?post=162916"},{"taxonomy":"post_tag","embeddable":true,"href":"https:\/\/news.canadamotorjobs.com\/fr\/wp-json\/wp\/v2\/tags?post=162916"}],"curies":[{"name":"wp","href":"https:\/\/api.w.org\/{rel}","templated":true}]}}