{"id":162851,"date":"2024-04-15T08:25:57","date_gmt":"2024-04-15T12:25:57","guid":{"rendered":"https:\/\/news.canadamotorjobs.com\/?p=162851"},"modified":"2024-04-15T08:59:59","modified_gmt":"2024-04-15T12:59:59","slug":"un-collectionneur-soffre-la-mercedes-benz-500sl-de-raquel-welch-pour-un-peu-plus-de-140-000","status":"publish","type":"post","link":"https:\/\/news.canadamotorjobs.com\/fr\/un-collectionneur-soffre-la-mercedes-benz-500sl-de-raquel-welch-pour-un-peu-plus-de-140-000\/","title":{"rendered":"Un collectionneur s\u2019offre la Mercedes-Benz 500SL de Raquel Welch pour un peu plus de 140\u00a0000\u00a0$"},"content":{"rendered":"<\/p>\n<p>La <a href=\"https:\/\/annuelauto.ca\/nouvelle-batterie-et-meilleure-autonomie-pour-la-mercedes-benz-eqs-2025\/\" target=\"_blank\" rel=\"noopener noreferrer\">Mercedes-Benz<\/a> 500SL 2018 qui a appartenu \u00e0 l\u2019actrice hollywoodienne Raquel Welch (1940-2023) a trouv\u00e9 preneur pour la somme de 104 000 $ US (pr\u00e8s de 143 000 $) le vendredi 12 avril dernier, lors de la <a href=\"https:\/\/annuelauto.ca\/une-collection-de-monoplaces-de-f1-de-jody-scheckter-sera-en-vedette-a-la-vente-aux-encheres-de-rm-sothebys-a-monaco\/\" target=\"_blank\" rel=\"noopener noreferrer\">vente aux ench\u00e8res<\/a> <em>Bombshell, The Raquel Welch Collection<\/em> organis\u00e9e par <a href=\"https:\/\/annuelauto.ca\/la-dodge-dart-1965-de-kurt-cobain-vaudrait-un-demi-million-de-dollars\/\" target=\"_blank\" rel=\"noopener noreferrer\">Julien\u2019s Auctions<\/a> \u00e0 Los Angeles.<\/p>\n<p>Cette vente tr\u00e8s attendue des collectionneurs d\u2019artefacts du cin\u00e9ma avait \u00e9t\u00e9 annonc\u00e9e \u00e0 la suite du premier anniversaire du d\u00e9c\u00e8s de l\u2019ic\u00f4ne du cin\u00e9ma am\u00e9ricain, survenu en f\u00e9vrier 2023. D\u2019origine bolivienne, Raquel Welch (de son vrai nom Jo\u00a0Raquel\u00a0Tejada) avait 82\u00a0ans.<\/p>\n<h3><strong>Une SL comme tant d&#8217;autres&#8230; presque<\/strong><\/h3>\n<p>\nEn 2018, la vedette avait pay\u00e9 117\u00a0595\u00a0$\u00a0US pour cette automobile lorsqu\u2019elle en a fait l\u2019achat chez Mercedes-Benz Encino, un concessionnaire qui dessert r\u00e9guli\u00e8rement les personnalit\u00e9s de la sc\u00e8ne artistique californienne. C\u2019est l\u00e0, par exemple, que la chanteuse Miley Cyrus a achet\u00e9 une SL550 en 2012, lorsqu\u2019elle avait 19\u00a0ans.<\/p>\n<p>Vendu par la succession de Raquel Welch, son cabriolet \u00e0 toit rigide escamotable de couleur Blanc polaire a l\u2019habillage AMG et des roues AMG en alliage d\u2019aluminium de 19\u00a0po. Son habitacle est par\u00e9 de cuir Nappa porcelaine\/noir et de garnitures en bois de fr\u00eane noir.<\/p>\n<p>Un V8 biturbo de 4,7\u00a0litres livre 449\u00a0ch et 516\u00a0lb-pi de couple aux roues arri\u00e8re par le biais d\u2019une bo\u00eete de vitesses automatique 9G-Tronic \u00e0 9\u00a0rapports; une motorisation qui permet de franchir les 100\u00a0km\/h en un peu plus de 4,3\u00a0s. Au moment de la vente, l\u2019odom\u00e8tre de cette Mercedes indiquait 7\u00a0923\u00a0mi (12\u00a0750\u00a0km).<\/p>\n<p>En somme, il s\u2019agirait d\u2019une SL comme une autre si ce n\u2019\u00e9tait de l\u2019identit\u00e9 de sa propri\u00e9taire. Or, les sp\u00e9cialistes de Julien\u2019s, une entreprise sp\u00e9cialis\u00e9e dans les ventes aux ench\u00e8res de vedettes, avaient estim\u00e9 sa valeur entre 70\u00a0000\u00a0et 100\u00a0000\u00a0$\u00a0US. Ils ne se sont pas tromp\u00e9s. Cette voiture a d\u2019ailleurs obtenu le deuxi\u00e8me prix le plus \u00e9lev\u00e9 de tous les lots offerts lors de cette vente.<\/p>\n<p>Un collier de pierres turquoise et argent\u00e9es de style Navajo port\u00e9 par Raquel Welch lors de la premi\u00e8re de son film <em>Myra Breckinridge<\/em> \u00e0 New York, le 23 juin 1970, puis peu apr\u00e8s lors d\u2019une s\u00e9ance photo avec le c\u00e9l\u00e8bre photographe Terry O\u2019Neill, s\u2019est vendu pour la somme mirobolante de 195 000 $ US (environ 265 000 $), soit cent quatre-vingt-quinze fois son estimation initiale !<\/p>\n<h3><strong>Sex-symbol international<\/strong><\/h3>\n<p>\nAu d\u00e9but de sa carri\u00e8re hollywoodienne, qui s\u2019est \u00e9tal\u00e9e de 1964 \u00e0 2017, Raquel Welch s\u2019est fait remarquer, notamment, pour ses r\u00f4les dans deux films sortis en 1966\u00a0: celui de Cora Peterson dans le film <em>Fantastic Voyage<\/em> de 1966 (<em>Le voyage fantastique<\/em> en v.f.), mais plus encore pour celui de Loana dans <em>One Million Years B.C.<\/em> (<em>Un million d\u2019ann\u00e9es avant J.C.<\/em> en v.f.), un film quasi muet (elle n\u2019avait que trois r\u00e9pliques). V\u00eatue d\u2019un bikini de peaux et de fourrure pour ce r\u00f4le d\u2019h\u00e9ro\u00efne pr\u00e9historique, elle est devenue un sex-symbol international.<\/p>\n<p>En marge de ces deux productions, elle a pris part \u00e0 une trentaine de films de genres tr\u00e8s vari\u00e9s, allant du western au film policier, en passant m\u00eame par la com\u00e9die. En 2001, elle a fait un passage \u00e9clair dans le film culte <em>Legally Blonde<\/em>. Raquel Welch a particip\u00e9 \u00e0 presque autant d\u2019\u00e9missions de t\u00e9l\u00e9vision. On l\u2019a vue, entre autres, \u00e0 l\u2019\u00e9mission <em>The Muppet Show<\/em> en 1978, mais aussi dans l\u2019\u00e9pisode intitul\u00e9 <em>The Summer of George<\/em> de la s\u00e9rie comique <em>Seinfeld<\/em>, en 1997, o\u00f9 elle jouait son propre r\u00f4le.<\/p>\n<p>Dans ces deux r\u00f4les particuliers, on la voyait portant une paire de clips d\u2019oreille de Kenneth\u00a0Jay\u00a0Lane, bijoux qui figuraient au catalogue de la vente de Julien\u2019s \u2014 et qui ont trouv\u00e9 preneurs \u00e0 2\u00a0600\u00a0$\u00a0US. Cette vente comportait d\u2019ailleurs pr\u00e8s de 500\u00a0articles vari\u00e9s\u00a0: des v\u00eatements, des souvenirs de films et d\u2019\u00e9missions de t\u00e9l\u00e9 embl\u00e9matiques, des meubles, des d\u00e9corations pour la maison, des objets personnels, etc. Parmi ces lots, le fameux bikini du film <em>One Million Years B.C.<\/em> s\u2019est envol\u00e9e pour la somme de 13\u00a0000\u00a0$\u00a0US.<\/p>\n<p><em>Photos : Julien\u2019s Auctions<\/em><\/p>\n<p>Le texte <a rel=\"nofollow\" href=\"https:\/\/annuelauto.ca\/un-collectionneur-soffre-la-mercedes-benz-500sl-de-raquel-welch-pour-un-peu-plus-de-140-000\/\">Un collectionneur s\u2019offre la Mercedes-Benz 500SL de Raquel Welch pour un peu plus de 140\u00a0000\u00a0$<\/a> provient de <a rel=\"nofollow\" href=\"https:\/\/annuelauto.ca\">L&#8217;annuel de l&#8217;automobile &#8211; Actualit\u00e9 automobile<\/a><\/p>\n<p><\/p>\n","protected":false},"excerpt":{"rendered":"<p>La Mercedes-Benz 500SL 2018 qui a appartenu \u00e0 l\u2019actrice hollywoodienne Raquel Welch (1940-2023) a trouv\u00e9 preneur pour la somme de 104 000 $ US (pr\u00e8s de 143 000 $) le vendredi 12 avril dernier, lors de la vente aux ench\u00e8res Bombshell, The Raquel Welch Collection organis\u00e9e par Julien\u2019s Auctions \u00e0 Los Angeles. Cette vente tr\u00e8s [&hellip;]<\/p>\n","protected":false},"author":8,"featured_media":162853,"comment_status":"close","ping_status":"closed","sticky":false,"template":"","format":"standard","meta":{"_monsterinsights_skip_tracking":false,"_monsterinsights_sitenote_active":false,"_monsterinsights_sitenote_note":"","_monsterinsights_sitenote_category":0,"footnotes":""},"categories":[101],"tags":[],"yoast_head":"<!-- This site is optimized with the Yoast SEO plugin v23.2 - https:\/\/yoast.com\/wordpress\/plugins\/seo\/ -->\n<title>Un collectionneur s\u2019offre la Mercedes-Benz 500SL de Raquel Welch pour un peu plus de 140\u00a0000\u00a0$ - CanadaMotorJobs.com<\/title>\n<meta name=\"description\" content=\"Un collectionneur s\u2019offre la Mercedes-Benz 500SL de Raquel Welch pour un peu plus de 140\u00a0000\u00a0$ - Benoit Charette - Annuel automobile - CanadaMotorJobs.com.\" \/>\n<meta name=\"robots\" content=\"index, follow, max-snippet:-1, max-image-preview:large, max-video-preview:-1\" \/>\n<meta property=\"og:locale\" content=\"fr_CA\" \/>\n<meta property=\"og:type\" content=\"article\" \/>\n<meta property=\"og:title\" content=\"Un collectionneur s\u2019offre la Mercedes-Benz 500SL de Raquel Welch pour un peu plus de 140\u00a0000\u00a0$ - CanadaMotorJobs.com\" \/>\n<meta property=\"og:description\" content=\"Un collectionneur s\u2019offre la Mercedes-Benz 500SL de Raquel Welch pour un peu plus de 140\u00a0000\u00a0$ - Benoit Charette - Annuel automobile - CanadaMotorJobs.com.\" \/>\n<meta property=\"og:url\" content=\"https:\/\/news.canadamotorjobs.com\/fr\/un-collectionneur-soffre-la-mercedes-benz-500sl-de-raquel-welch-pour-un-peu-plus-de-140-000\/\" \/>\n<meta property=\"og:site_name\" content=\"CanadaMotorJobs.com\" \/>\n<meta property=\"article:publisher\" content=\"https:\/\/www.facebook.com\/canadamotorjobs\/\" \/>\n<meta property=\"article:published_time\" content=\"2024-04-15T12:25:57+00:00\" \/>\n<meta property=\"article:modified_time\" content=\"2024-04-15T12:59:59+00:00\" \/>\n<meta property=\"og:image\" content=\"https:\/\/news.canadamotorjobs.com\/wp-content\/uploads\/2024\/04\/Mercedes-2018-Raquel-Welch_7.jpg\" \/>\n\t<meta property=\"og:image:width\" content=\"1024\" \/>\n\t<meta property=\"og:image:height\" content=\"683\" \/>\n\t<meta property=\"og:image:type\" content=\"image\/jpeg\" \/>\n<meta name=\"author\" content=\"Benoit Charette\" \/>\n<meta name=\"twitter:card\" content=\"summary_large_image\" \/>\n<meta name=\"twitter:creator\" content=\"@canadamotorjobs\" \/>\n<meta name=\"twitter:site\" content=\"@canadamotorjobs\" \/>\n<meta name=\"twitter:label1\" content=\"\u00c9crit par\" \/>\n\t<meta name=\"twitter:data1\" content=\"Benoit Charette\" \/>\n\t<meta name=\"twitter:label2\" content=\"Estimation du temps de lecture\" \/>\n\t<meta name=\"twitter:data2\" content=\"4 minutes\" \/>\n<!-- \/ Yoast SEO plugin. -->","yoast_head_json":{"title":"Un collectionneur s\u2019offre la Mercedes-Benz 500SL de Raquel Welch pour un peu plus de 140\u00a0000\u00a0$ - CanadaMotorJobs.com","description":"Un collectionneur s\u2019offre la Mercedes-Benz 500SL de Raquel Welch pour un peu plus de 140\u00a0000\u00a0$ - Benoit Charette - Annuel automobile - CanadaMotorJobs.com.","robots":{"index":"index","follow":"follow","max-snippet":"max-snippet:-1","max-image-preview":"max-image-preview:large","max-video-preview":"max-video-preview:-1"},"og_locale":"fr_CA","og_type":"article","og_title":"Un collectionneur s\u2019offre la Mercedes-Benz 500SL de Raquel Welch pour un peu plus de 140\u00a0000\u00a0$ - CanadaMotorJobs.com","og_description":"Un collectionneur s\u2019offre la Mercedes-Benz 500SL de Raquel Welch pour un peu plus de 140\u00a0000\u00a0$ - Benoit Charette - Annuel automobile - CanadaMotorJobs.com.","og_url":"https:\/\/news.canadamotorjobs.com\/fr\/un-collectionneur-soffre-la-mercedes-benz-500sl-de-raquel-welch-pour-un-peu-plus-de-140-000\/","og_site_name":"CanadaMotorJobs.com","article_publisher":"https:\/\/www.facebook.com\/canadamotorjobs\/","article_published_time":"2024-04-15T12:25:57+00:00","article_modified_time":"2024-04-15T12:59:59+00:00","og_image":[{"width":1024,"height":683,"url":"https:\/\/news.canadamotorjobs.com\/wp-content\/uploads\/2024\/04\/Mercedes-2018-Raquel-Welch_7.jpg","type":"image\/jpeg"}],"author":"Benoit Charette","twitter_card":"summary_large_image","twitter_creator":"@canadamotorjobs","twitter_site":"@canadamotorjobs","twitter_misc":{"\u00c9crit par":"Benoit Charette","Estimation du temps de lecture":"4 minutes"},"schema":{"@context":"https:\/\/schema.org","@graph":[{"@type":"Article","@id":"https:\/\/news.canadamotorjobs.com\/fr\/un-collectionneur-soffre-la-mercedes-benz-500sl-de-raquel-welch-pour-un-peu-plus-de-140-000\/#article","isPartOf":{"@id":"https:\/\/news.canadamotorjobs.com\/fr\/un-collectionneur-soffre-la-mercedes-benz-500sl-de-raquel-welch-pour-un-peu-plus-de-140-000\/"},"author":{"name":"Benoit Charette","@id":"https:\/\/news.canadamotorjobs.com\/#\/schema\/person\/51793d1f87d44011d7bcc2ed99269a90"},"headline":"Un collectionneur s\u2019offre la Mercedes-Benz 500SL de Raquel Welch pour un peu plus de 140\u00a0000\u00a0$","datePublished":"2024-04-15T12:25:57+00:00","dateModified":"2024-04-15T12:59:59+00:00","mainEntityOfPage":{"@id":"https:\/\/news.canadamotorjobs.com\/fr\/un-collectionneur-soffre-la-mercedes-benz-500sl-de-raquel-welch-pour-un-peu-plus-de-140-000\/"},"wordCount":754,"publisher":{"@id":"https:\/\/news.canadamotorjobs.com\/#organization"},"image":{"@id":"https:\/\/news.canadamotorjobs.com\/fr\/un-collectionneur-soffre-la-mercedes-benz-500sl-de-raquel-welch-pour-un-peu-plus-de-140-000\/#primaryimage"},"thumbnailUrl":"https:\/\/news.canadamotorjobs.com\/wp-content\/uploads\/2024\/04\/Mercedes-2018-Raquel-Welch_7.jpg","articleSection":["Annuel automobile"],"inLanguage":"fr-CA"},{"@type":"WebPage","@id":"https:\/\/news.canadamotorjobs.com\/fr\/un-collectionneur-soffre-la-mercedes-benz-500sl-de-raquel-welch-pour-un-peu-plus-de-140-000\/","url":"https:\/\/news.canadamotorjobs.com\/fr\/un-collectionneur-soffre-la-mercedes-benz-500sl-de-raquel-welch-pour-un-peu-plus-de-140-000\/","name":"Un collectionneur s\u2019offre la Mercedes-Benz 500SL de Raquel Welch pour un peu plus de 140\u00a0000\u00a0$ - CanadaMotorJobs.com","isPartOf":{"@id":"https:\/\/news.canadamotorjobs.com\/#website"},"primaryImageOfPage":{"@id":"https:\/\/news.canadamotorjobs.com\/fr\/un-collectionneur-soffre-la-mercedes-benz-500sl-de-raquel-welch-pour-un-peu-plus-de-140-000\/#primaryimage"},"image":{"@id":"https:\/\/news.canadamotorjobs.com\/fr\/un-collectionneur-soffre-la-mercedes-benz-500sl-de-raquel-welch-pour-un-peu-plus-de-140-000\/#primaryimage"},"thumbnailUrl":"https:\/\/news.canadamotorjobs.com\/wp-content\/uploads\/2024\/04\/Mercedes-2018-Raquel-Welch_7.jpg","datePublished":"2024-04-15T12:25:57+00:00","dateModified":"2024-04-15T12:59:59+00:00","description":"Un collectionneur s\u2019offre la Mercedes-Benz 500SL de Raquel Welch pour un peu plus de 140\u00a0000\u00a0$ - Benoit Charette - Annuel automobile - CanadaMotorJobs.com.","breadcrumb":{"@id":"https:\/\/news.canadamotorjobs.com\/fr\/un-collectionneur-soffre-la-mercedes-benz-500sl-de-raquel-welch-pour-un-peu-plus-de-140-000\/#breadcrumb"},"inLanguage":"fr-CA","potentialAction":[{"@type":"ReadAction","target":["https:\/\/news.canadamotorjobs.com\/fr\/un-collectionneur-soffre-la-mercedes-benz-500sl-de-raquel-welch-pour-un-peu-plus-de-140-000\/"]}]},{"@type":"ImageObject","inLanguage":"fr-CA","@id":"https:\/\/news.canadamotorjobs.com\/fr\/un-collectionneur-soffre-la-mercedes-benz-500sl-de-raquel-welch-pour-un-peu-plus-de-140-000\/#primaryimage","url":"https:\/\/news.canadamotorjobs.com\/wp-content\/uploads\/2024\/04\/Mercedes-2018-Raquel-Welch_7.jpg","contentUrl":"https:\/\/news.canadamotorjobs.com\/wp-content\/uploads\/2024\/04\/Mercedes-2018-Raquel-Welch_7.jpg","width":1024,"height":683},{"@type":"BreadcrumbList","@id":"https:\/\/news.canadamotorjobs.com\/fr\/un-collectionneur-soffre-la-mercedes-benz-500sl-de-raquel-welch-pour-un-peu-plus-de-140-000\/#breadcrumb","itemListElement":[{"@type":"ListItem","position":1,"name":"Home","item":"https:\/\/news.canadamotorjobs.com\/fr\/blog\/"},{"@type":"ListItem","position":2,"name":"Un collectionneur s\u2019offre la Mercedes-Benz 500SL de Raquel Welch pour un peu plus de 140\u00a0000\u00a0$"}]},{"@type":"WebSite","@id":"https:\/\/news.canadamotorjobs.com\/#website","url":"https:\/\/news.canadamotorjobs.com\/","name":"CanadaMotorJobs.com","description":"Automotive Jobs","publisher":{"@id":"https:\/\/news.canadamotorjobs.com\/#organization"},"potentialAction":[{"@type":"SearchAction","target":{"@type":"EntryPoint","urlTemplate":"https:\/\/news.canadamotorjobs.com\/?s={search_term_string}"},"query-input":"required name=search_term_string"}],"inLanguage":"fr-CA"},{"@type":"Organization","@id":"https:\/\/news.canadamotorjobs.com\/#organization","name":"Canada Motor Jobs","url":"https:\/\/news.canadamotorjobs.com\/","logo":{"@type":"ImageObject","inLanguage":"fr-CA","@id":"https:\/\/news.canadamotorjobs.com\/#\/schema\/logo\/image\/","url":"https:\/\/news.canadamotorjobs.com\/wp-content\/uploads\/2022\/10\/logo-canada-motor-jobs-1.png","contentUrl":"https:\/\/news.canadamotorjobs.com\/wp-content\/uploads\/2022\/10\/logo-canada-motor-jobs-1.png","width":800,"height":400,"caption":"Canada Motor Jobs"},"image":{"@id":"https:\/\/news.canadamotorjobs.com\/#\/schema\/logo\/image\/"},"sameAs":["https:\/\/www.facebook.com\/canadamotorjobs\/","https:\/\/x.com\/canadamotorjobs","https:\/\/www.instagram.com\/canadamotorjobs\/","https:\/\/www.linkedin.com\/company\/canadamotorjobs"]},{"@type":"Person","@id":"https:\/\/news.canadamotorjobs.com\/#\/schema\/person\/51793d1f87d44011d7bcc2ed99269a90","name":"Benoit Charette","image":{"@type":"ImageObject","inLanguage":"fr-CA","@id":"https:\/\/news.canadamotorjobs.com\/#\/schema\/person\/image\/","url":"https:\/\/secure.gravatar.com\/avatar\/45f3d2eebcccd909668d7ce7ea7267b6?s=96&d=mm&r=g","contentUrl":"https:\/\/secure.gravatar.com\/avatar\/45f3d2eebcccd909668d7ce7ea7267b6?s=96&d=mm&r=g","caption":"Benoit Charette"},"description":"Benoit Charette \/ Propri\u00e9taire et r\u00e9dacteur en chef Benoit Charette pratique le journalisme automobile depuis bient\u00f4t 30 ans. Il a fait ses classes au c\u00f4t\u00e9 de Daniel H\u00e9raud et au Carnet de route de 1992 \u00e0 2001. Il est fondateur, copropri\u00e9taire et r\u00e9dacteur en chef de L\u2019Annuel de l\u2019automobile, qu\u2019il publie depuis 2001. Il a anim\u00e9 les \u00e9missions RPM et RPM+ sur V et les L\u00e9gendes de la route sur Historia. \u00c0 la radio depuis 1986, il reprend l\u2019antenne cette ann\u00e9e sur les ondes de Cogeco et participe pour la deuxi\u00e8me ann\u00e9e \u00e0 l\u2019\u00e9mission Passion Auto sur RDS en plus de mettre en ligne le site Web officiel de L\u2019Annuel de l\u2019automobile sur annuelauto.ca.","sameAs":["https:\/\/annuelauto.ca\/"],"url":"https:\/\/news.canadamotorjobs.com\/fr\/author\/benoit-charette\/"}]}},"_links":{"self":[{"href":"https:\/\/news.canadamotorjobs.com\/fr\/wp-json\/wp\/v2\/posts\/162851"}],"collection":[{"href":"https:\/\/news.canadamotorjobs.com\/fr\/wp-json\/wp\/v2\/posts"}],"about":[{"href":"https:\/\/news.canadamotorjobs.com\/fr\/wp-json\/wp\/v2\/types\/post"}],"author":[{"embeddable":true,"href":"https:\/\/news.canadamotorjobs.com\/fr\/wp-json\/wp\/v2\/users\/8"}],"replies":[{"embeddable":true,"href":"https:\/\/news.canadamotorjobs.com\/fr\/wp-json\/wp\/v2\/comments?post=162851"}],"version-history":[{"count":2,"href":"https:\/\/news.canadamotorjobs.com\/fr\/wp-json\/wp\/v2\/posts\/162851\/revisions"}],"predecessor-version":[{"id":162855,"href":"https:\/\/news.canadamotorjobs.com\/fr\/wp-json\/wp\/v2\/posts\/162851\/revisions\/162855"}],"wp:featuredmedia":[{"embeddable":true,"href":"https:\/\/news.canadamotorjobs.com\/fr\/wp-json\/wp\/v2\/media\/162853"}],"wp:attachment":[{"href":"https:\/\/news.canadamotorjobs.com\/fr\/wp-json\/wp\/v2\/media?parent=162851"}],"wp:term":[{"taxonomy":"category","embeddable":true,"href":"https:\/\/news.canadamotorjobs.com\/fr\/wp-json\/wp\/v2\/categories?post=162851"},{"taxonomy":"post_tag","embeddable":true,"href":"https:\/\/news.canadamotorjobs.com\/fr\/wp-json\/wp\/v2\/tags?post=162851"}],"curies":[{"name":"wp","href":"https:\/\/api.w.org\/{rel}","templated":true}]}}