{"id":162832,"date":"2024-04-15T08:43:38","date_gmt":"2024-04-15T12:43:38","guid":{"rendered":"https:\/\/news.canadamotorjobs.com\/?p=162832"},"modified":"2024-04-15T08:46:17","modified_gmt":"2024-04-15T12:46:17","slug":"tesla-prevoit-de-licencier-plus-de-10-de-ses-effectifs","status":"publish","type":"post","link":"https:\/\/news.canadamotorjobs.com\/fr\/tesla-prevoit-de-licencier-plus-de-10-de-ses-effectifs\/","title":{"rendered":"Tesla pr\u00e9voit de licencier plus de 10 % de ses effectifs"},"content":{"rendered":"<\/p>\n<p>Plusieurs organisations de presse ont rapport\u00e9 lundi que Tesla Inc. envisageait de licencier plus de 10 % de ses employ\u00e9s, citant une note interne. La soci\u00e9t\u00e9 d&#8217;Elon Musk a demand\u00e9 aux gestionnaires d&#8217;identifier les membres critiques de l&#8217;\u00e9quipe, et a suspendu certaines r\u00e9compenses en actions tout en annulant les \u00e9valuations annuelles de certains employ\u00e9s. Le rapport ajoute que la soci\u00e9t\u00e9 a \u00e9galement r\u00e9duit sa production \u00e0 Gigafactory Shanghai.<\/p>\n<h3>Environ 15\u00a0000 mises \u00e0 pied<\/h3>\n<p>\nSelon son dernier rapport annuel, le plus grand constructeur automobile au monde en termes de valeur boursi\u00e8re comptait 140 473 employ\u00e9s dans le monde en d\u00e9cembre 2023. Les r\u00e9ductions d&#8217;effectifs annonc\u00e9es affecteront environ 15 000 travailleurs. &#8220;Alors que nous pr\u00e9parons l&#8217;entreprise pour notre prochaine phase de croissance, il est extr\u00eamement important d&#8217;examiner chaque aspect de l&#8217;entreprise pour r\u00e9duire les co\u00fbts et augmenter la productivit\u00e9&#8221;, a d\u00e9clar\u00e9 Musk dans la note. &#8220;En cons\u00e9quence, nous avons effectu\u00e9 un examen approfondi de l&#8217;organisation et avons pris la difficile d\u00e9cision de r\u00e9duire nos effectifs de plus de 10 % au niveau mondial&#8221;, pr\u00e9cise la note.<\/p>\n<h3>Une derni\u00e8re ronde de licenciement<\/h3>\n<p>\nEn f\u00e9vrier de l&#8217;ann\u00e9e derni\u00e8re, Tesla avait d\u00e9j\u00e0 licenci\u00e9 4 % de ses effectifs \u00e0 New York dans le cadre d&#8217;un cycle d&#8217;\u00e9valuation des performances et avant le lancement d&#8217;une campagne syndicale par ses employ\u00e9s. La soci\u00e9t\u00e9, qui doit publier ses r\u00e9sultats trimestriels le 23 avril, a enregistr\u00e9 une baisse des livraisons de v\u00e9hicules au premier trimestre, sa premi\u00e8re en pr\u00e8s de quatre ans et \u00e9galement en de\u00e7\u00e0 des attentes du march\u00e9.<\/p>\n<h3>Abandon de certains projets<\/h3>\n<p>\nPendant ce temps, la soci\u00e9t\u00e9 a abandonn\u00e9 ses projets de produire une voiture bon march\u00e9, renon\u00e7ant ainsi \u00e0 l&#8217;un des objectifs de longue date du PDG Musk visant \u00e0 proposer des v\u00e9hicules \u00e9lectriques abordables pour les masses. Apr\u00e8s des ann\u00e9es de croissance rapide des ventes qui ont contribu\u00e9 \u00e0 faire de Tesla le constructeur automobile le plus pr\u00e9cieux au monde, l&#8217;entreprise se pr\u00e9pare \u00e0 un ralentissement en 2024.<\/p>\n<h3>Certains mod\u00e8les vieillissants<\/h3>\n<p>\nLe fabricant de v\u00e9hicules \u00e9lectriques a tard\u00e9 \u00e0 renouveler ses mod\u00e8les vieillissants alors que les taux d&#8217;int\u00e9r\u00eat \u00e9lev\u00e9s ont r\u00e9duit l&#8217;app\u00e9tit des consommateurs pour les achats importants. Pendant ce temps, les concurrents en Chine, le plus grand march\u00e9 automobile du monde, lancent des mod\u00e8les moins chers.<\/p>\n<p>La soci\u00e9t\u00e9 cherche \u00e0 renforcer ses marges, qui ont \u00e9t\u00e9 affect\u00e9es par des baisses de prix r\u00e9p\u00e9t\u00e9es. Elle a enregistr\u00e9 une marge brute de 17,6 % au quatri\u00e8me trimestre, la plus basse depuis plus de quatre ans.<\/p>\n<p>Avec des renseignements d\u2019Automotive News<\/p>\n<p>\u00a0<\/p>\n<p>Le texte <a rel=\"nofollow\" href=\"https:\/\/annuelauto.ca\/tesla-prevoit-de-licencier-plus-de-10-de-ses-effectifs\/\">Tesla pr\u00e9voit de licencier plus de 10 % de ses effectifs<\/a> provient de <a rel=\"nofollow\" href=\"https:\/\/annuelauto.ca\">L&#8217;annuel de l&#8217;automobile &#8211; Actualit\u00e9 automobile<\/a><\/p>\n<p><\/p>\n","protected":false},"excerpt":{"rendered":"<p>Plusieurs organisations de presse ont rapport\u00e9 lundi que Tesla Inc. envisageait de licencier plus de 10 % de ses employ\u00e9s, citant une note interne. La soci\u00e9t\u00e9 d&#8217;Elon Musk a demand\u00e9 aux gestionnaires d&#8217;identifier les membres critiques de l&#8217;\u00e9quipe, et a suspendu certaines r\u00e9compenses en actions tout en annulant les \u00e9valuations annuelles de certains employ\u00e9s. Le [&hellip;]<\/p>\n","protected":false},"author":8,"featured_media":162834,"comment_status":"close","ping_status":"closed","sticky":false,"template":"","format":"standard","meta":{"_monsterinsights_skip_tracking":false,"_monsterinsights_sitenote_active":false,"_monsterinsights_sitenote_note":"","_monsterinsights_sitenote_category":0,"footnotes":""},"categories":[101],"tags":[],"yoast_head":"<!-- This site is optimized with the Yoast SEO plugin v23.2 - https:\/\/yoast.com\/wordpress\/plugins\/seo\/ -->\n<title>Tesla pr\u00e9voit de licencier plus de 10 % de ses effectifs - CanadaMotorJobs.com<\/title>\n<meta name=\"description\" content=\"Tesla pr\u00e9voit de licencier plus de 10 % de ses effectifs - Benoit Charette - Annuel automobile - CanadaMotorJobs.com.\" \/>\n<meta name=\"robots\" content=\"index, follow, max-snippet:-1, max-image-preview:large, max-video-preview:-1\" \/>\n<meta property=\"og:locale\" content=\"fr_CA\" \/>\n<meta property=\"og:type\" content=\"article\" \/>\n<meta property=\"og:title\" content=\"Tesla pr\u00e9voit de licencier plus de 10 % de ses effectifs - CanadaMotorJobs.com\" \/>\n<meta property=\"og:description\" content=\"Tesla pr\u00e9voit de licencier plus de 10 % de ses effectifs - Benoit Charette - Annuel automobile - CanadaMotorJobs.com.\" \/>\n<meta property=\"og:url\" content=\"https:\/\/news.canadamotorjobs.com\/fr\/tesla-prevoit-de-licencier-plus-de-10-de-ses-effectifs\/\" \/>\n<meta property=\"og:site_name\" content=\"CanadaMotorJobs.com\" \/>\n<meta property=\"article:publisher\" content=\"https:\/\/www.facebook.com\/canadamotorjobs\/\" \/>\n<meta property=\"article:published_time\" content=\"2024-04-15T12:43:38+00:00\" \/>\n<meta property=\"article:modified_time\" content=\"2024-04-15T12:46:17+00:00\" \/>\n<meta property=\"og:image\" content=\"https:\/\/news.canadamotorjobs.com\/wp-content\/uploads\/2024\/04\/tesla-model-y-1024x576-1.jpg\" \/>\n\t<meta property=\"og:image:width\" content=\"1024\" \/>\n\t<meta property=\"og:image:height\" content=\"576\" \/>\n\t<meta property=\"og:image:type\" content=\"image\/jpeg\" \/>\n<meta name=\"author\" content=\"Benoit Charette\" \/>\n<meta name=\"twitter:card\" content=\"summary_large_image\" \/>\n<meta name=\"twitter:creator\" content=\"@canadamotorjobs\" \/>\n<meta name=\"twitter:site\" content=\"@canadamotorjobs\" \/>\n<meta name=\"twitter:label1\" content=\"\u00c9crit par\" \/>\n\t<meta name=\"twitter:data1\" content=\"Benoit Charette\" \/>\n\t<meta name=\"twitter:label2\" content=\"Estimation du temps de lecture\" \/>\n\t<meta name=\"twitter:data2\" content=\"2 minutes\" \/>\n<!-- \/ Yoast SEO plugin. -->","yoast_head_json":{"title":"Tesla pr\u00e9voit de licencier plus de 10 % de ses effectifs - CanadaMotorJobs.com","description":"Tesla pr\u00e9voit de licencier plus de 10 % de ses effectifs - Benoit Charette - Annuel automobile - CanadaMotorJobs.com.","robots":{"index":"index","follow":"follow","max-snippet":"max-snippet:-1","max-image-preview":"max-image-preview:large","max-video-preview":"max-video-preview:-1"},"og_locale":"fr_CA","og_type":"article","og_title":"Tesla pr\u00e9voit de licencier plus de 10 % de ses effectifs - CanadaMotorJobs.com","og_description":"Tesla pr\u00e9voit de licencier plus de 10 % de ses effectifs - Benoit Charette - Annuel automobile - CanadaMotorJobs.com.","og_url":"https:\/\/news.canadamotorjobs.com\/fr\/tesla-prevoit-de-licencier-plus-de-10-de-ses-effectifs\/","og_site_name":"CanadaMotorJobs.com","article_publisher":"https:\/\/www.facebook.com\/canadamotorjobs\/","article_published_time":"2024-04-15T12:43:38+00:00","article_modified_time":"2024-04-15T12:46:17+00:00","og_image":[{"width":1024,"height":576,"url":"https:\/\/news.canadamotorjobs.com\/wp-content\/uploads\/2024\/04\/tesla-model-y-1024x576-1.jpg","type":"image\/jpeg"}],"author":"Benoit Charette","twitter_card":"summary_large_image","twitter_creator":"@canadamotorjobs","twitter_site":"@canadamotorjobs","twitter_misc":{"\u00c9crit par":"Benoit Charette","Estimation du temps de lecture":"2 minutes"},"schema":{"@context":"https:\/\/schema.org","@graph":[{"@type":"Article","@id":"https:\/\/news.canadamotorjobs.com\/fr\/tesla-prevoit-de-licencier-plus-de-10-de-ses-effectifs\/#article","isPartOf":{"@id":"https:\/\/news.canadamotorjobs.com\/fr\/tesla-prevoit-de-licencier-plus-de-10-de-ses-effectifs\/"},"author":{"name":"Benoit Charette","@id":"https:\/\/news.canadamotorjobs.com\/#\/schema\/person\/51793d1f87d44011d7bcc2ed99269a90"},"headline":"Tesla pr\u00e9voit de licencier plus de 10 % de ses effectifs","datePublished":"2024-04-15T12:43:38+00:00","dateModified":"2024-04-15T12:46:17+00:00","mainEntityOfPage":{"@id":"https:\/\/news.canadamotorjobs.com\/fr\/tesla-prevoit-de-licencier-plus-de-10-de-ses-effectifs\/"},"wordCount":491,"publisher":{"@id":"https:\/\/news.canadamotorjobs.com\/#organization"},"image":{"@id":"https:\/\/news.canadamotorjobs.com\/fr\/tesla-prevoit-de-licencier-plus-de-10-de-ses-effectifs\/#primaryimage"},"thumbnailUrl":"https:\/\/news.canadamotorjobs.com\/wp-content\/uploads\/2024\/04\/tesla-model-y-1024x576-1.jpg","articleSection":["Annuel automobile"],"inLanguage":"fr-CA"},{"@type":"WebPage","@id":"https:\/\/news.canadamotorjobs.com\/fr\/tesla-prevoit-de-licencier-plus-de-10-de-ses-effectifs\/","url":"https:\/\/news.canadamotorjobs.com\/fr\/tesla-prevoit-de-licencier-plus-de-10-de-ses-effectifs\/","name":"Tesla pr\u00e9voit de licencier plus de 10 % de ses effectifs - CanadaMotorJobs.com","isPartOf":{"@id":"https:\/\/news.canadamotorjobs.com\/#website"},"primaryImageOfPage":{"@id":"https:\/\/news.canadamotorjobs.com\/fr\/tesla-prevoit-de-licencier-plus-de-10-de-ses-effectifs\/#primaryimage"},"image":{"@id":"https:\/\/news.canadamotorjobs.com\/fr\/tesla-prevoit-de-licencier-plus-de-10-de-ses-effectifs\/#primaryimage"},"thumbnailUrl":"https:\/\/news.canadamotorjobs.com\/wp-content\/uploads\/2024\/04\/tesla-model-y-1024x576-1.jpg","datePublished":"2024-04-15T12:43:38+00:00","dateModified":"2024-04-15T12:46:17+00:00","description":"Tesla pr\u00e9voit de licencier plus de 10 % de ses effectifs - Benoit Charette - Annuel automobile - CanadaMotorJobs.com.","breadcrumb":{"@id":"https:\/\/news.canadamotorjobs.com\/fr\/tesla-prevoit-de-licencier-plus-de-10-de-ses-effectifs\/#breadcrumb"},"inLanguage":"fr-CA","potentialAction":[{"@type":"ReadAction","target":["https:\/\/news.canadamotorjobs.com\/fr\/tesla-prevoit-de-licencier-plus-de-10-de-ses-effectifs\/"]}]},{"@type":"ImageObject","inLanguage":"fr-CA","@id":"https:\/\/news.canadamotorjobs.com\/fr\/tesla-prevoit-de-licencier-plus-de-10-de-ses-effectifs\/#primaryimage","url":"https:\/\/news.canadamotorjobs.com\/wp-content\/uploads\/2024\/04\/tesla-model-y-1024x576-1.jpg","contentUrl":"https:\/\/news.canadamotorjobs.com\/wp-content\/uploads\/2024\/04\/tesla-model-y-1024x576-1.jpg","width":1024,"height":576},{"@type":"BreadcrumbList","@id":"https:\/\/news.canadamotorjobs.com\/fr\/tesla-prevoit-de-licencier-plus-de-10-de-ses-effectifs\/#breadcrumb","itemListElement":[{"@type":"ListItem","position":1,"name":"Home","item":"https:\/\/news.canadamotorjobs.com\/fr\/blog\/"},{"@type":"ListItem","position":2,"name":"Tesla pr\u00e9voit de licencier plus de 10 % de ses effectifs"}]},{"@type":"WebSite","@id":"https:\/\/news.canadamotorjobs.com\/#website","url":"https:\/\/news.canadamotorjobs.com\/","name":"CanadaMotorJobs.com","description":"Automotive Jobs","publisher":{"@id":"https:\/\/news.canadamotorjobs.com\/#organization"},"potentialAction":[{"@type":"SearchAction","target":{"@type":"EntryPoint","urlTemplate":"https:\/\/news.canadamotorjobs.com\/?s={search_term_string}"},"query-input":"required name=search_term_string"}],"inLanguage":"fr-CA"},{"@type":"Organization","@id":"https:\/\/news.canadamotorjobs.com\/#organization","name":"Canada Motor Jobs","url":"https:\/\/news.canadamotorjobs.com\/","logo":{"@type":"ImageObject","inLanguage":"fr-CA","@id":"https:\/\/news.canadamotorjobs.com\/#\/schema\/logo\/image\/","url":"https:\/\/news.canadamotorjobs.com\/wp-content\/uploads\/2022\/10\/logo-canada-motor-jobs-1.png","contentUrl":"https:\/\/news.canadamotorjobs.com\/wp-content\/uploads\/2022\/10\/logo-canada-motor-jobs-1.png","width":800,"height":400,"caption":"Canada Motor Jobs"},"image":{"@id":"https:\/\/news.canadamotorjobs.com\/#\/schema\/logo\/image\/"},"sameAs":["https:\/\/www.facebook.com\/canadamotorjobs\/","https:\/\/x.com\/canadamotorjobs","https:\/\/www.instagram.com\/canadamotorjobs\/","https:\/\/www.linkedin.com\/company\/canadamotorjobs"]},{"@type":"Person","@id":"https:\/\/news.canadamotorjobs.com\/#\/schema\/person\/51793d1f87d44011d7bcc2ed99269a90","name":"Benoit Charette","image":{"@type":"ImageObject","inLanguage":"fr-CA","@id":"https:\/\/news.canadamotorjobs.com\/#\/schema\/person\/image\/","url":"https:\/\/secure.gravatar.com\/avatar\/45f3d2eebcccd909668d7ce7ea7267b6?s=96&d=mm&r=g","contentUrl":"https:\/\/secure.gravatar.com\/avatar\/45f3d2eebcccd909668d7ce7ea7267b6?s=96&d=mm&r=g","caption":"Benoit Charette"},"description":"Benoit Charette \/ Propri\u00e9taire et r\u00e9dacteur en chef Benoit Charette pratique le journalisme automobile depuis bient\u00f4t 30 ans. Il a fait ses classes au c\u00f4t\u00e9 de Daniel H\u00e9raud et au Carnet de route de 1992 \u00e0 2001. Il est fondateur, copropri\u00e9taire et r\u00e9dacteur en chef de L\u2019Annuel de l\u2019automobile, qu\u2019il publie depuis 2001. Il a anim\u00e9 les \u00e9missions RPM et RPM+ sur V et les L\u00e9gendes de la route sur Historia. \u00c0 la radio depuis 1986, il reprend l\u2019antenne cette ann\u00e9e sur les ondes de Cogeco et participe pour la deuxi\u00e8me ann\u00e9e \u00e0 l\u2019\u00e9mission Passion Auto sur RDS en plus de mettre en ligne le site Web officiel de L\u2019Annuel de l\u2019automobile sur annuelauto.ca.","sameAs":["https:\/\/annuelauto.ca\/"],"url":"https:\/\/news.canadamotorjobs.com\/fr\/author\/benoit-charette\/"}]}},"_links":{"self":[{"href":"https:\/\/news.canadamotorjobs.com\/fr\/wp-json\/wp\/v2\/posts\/162832"}],"collection":[{"href":"https:\/\/news.canadamotorjobs.com\/fr\/wp-json\/wp\/v2\/posts"}],"about":[{"href":"https:\/\/news.canadamotorjobs.com\/fr\/wp-json\/wp\/v2\/types\/post"}],"author":[{"embeddable":true,"href":"https:\/\/news.canadamotorjobs.com\/fr\/wp-json\/wp\/v2\/users\/8"}],"replies":[{"embeddable":true,"href":"https:\/\/news.canadamotorjobs.com\/fr\/wp-json\/wp\/v2\/comments?post=162832"}],"version-history":[{"count":2,"href":"https:\/\/news.canadamotorjobs.com\/fr\/wp-json\/wp\/v2\/posts\/162832\/revisions"}],"predecessor-version":[{"id":162836,"href":"https:\/\/news.canadamotorjobs.com\/fr\/wp-json\/wp\/v2\/posts\/162832\/revisions\/162836"}],"wp:featuredmedia":[{"embeddable":true,"href":"https:\/\/news.canadamotorjobs.com\/fr\/wp-json\/wp\/v2\/media\/162834"}],"wp:attachment":[{"href":"https:\/\/news.canadamotorjobs.com\/fr\/wp-json\/wp\/v2\/media?parent=162832"}],"wp:term":[{"taxonomy":"category","embeddable":true,"href":"https:\/\/news.canadamotorjobs.com\/fr\/wp-json\/wp\/v2\/categories?post=162832"},{"taxonomy":"post_tag","embeddable":true,"href":"https:\/\/news.canadamotorjobs.com\/fr\/wp-json\/wp\/v2\/tags?post=162832"}],"curies":[{"name":"wp","href":"https:\/\/api.w.org\/{rel}","templated":true}]}}