{"id":162763,"date":"2024-04-14T13:05:40","date_gmt":"2024-04-14T17:05:40","guid":{"rendered":"https:\/\/news.canadamotorjobs.com\/?p=162763"},"modified":"2024-04-14T13:17:08","modified_gmt":"2024-04-14T17:17:08","slug":"le-ministre-allemand-des-transport-menace-dinterdire-la-conduite-la-fin-de-semaine-en-raison-de-la-loi-sur-le-climat","status":"publish","type":"post","link":"https:\/\/news.canadamotorjobs.com\/fr\/le-ministre-allemand-des-transport-menace-dinterdire-la-conduite-la-fin-de-semaine-en-raison-de-la-loi-sur-le-climat\/","title":{"rendered":"Le Ministre allemand des transport menace d\u2019interdire la conduite la fin de semaine en raison de la loi sur le climat"},"content":{"rendered":"<\/p>\n<p>La ministre des Transports d&#8217;Allemagne, Volker Wissing, menace d&#8217;interdire la conduite le week-end si le gouvernement ne modifie pas les lois sur le climat. Le secteur des transports du pays n&#8217;a pas atteint ses objectifs climatiques et, en vertu de la loi, des mesures doivent \u00eatre introduites pour le remettre sur la bonne voie.<\/p>\n<h3>Deux poids, deux mesures<\/h3>\n<p>\nWissing est membre du parti lib\u00e9ral-d\u00e9mocrate et s&#8217;est longtemps oppos\u00e9 \u00e0 des mesures climatiques telles que les limitations de vitesse sur l&#8217;autoroute. Maintenant, il pousse le gouvernement \u00e0 introduire un amendement permettant aux industries fortement polluantes d&#8217;\u00e9mettre plus que ce qui est l\u00e9galement acceptable, \u00e0 condition que d&#8217;autres industries polluent moins pour \u00e9quilibrer la situation dans tout le pays.<\/p>\n<p>Dans une lettre envoy\u00e9e aux dirigeants de la coalition au pouvoir en Allemagne, d&#8217;abord vue par le journal Bild, Wissing a affirm\u00e9 que ne pas introduire l&#8217;amendement &#8220;ne sert ni le climat ni la r\u00e9putation du gouvernement f\u00e9d\u00e9ral&#8221;. Il a ajout\u00e9 que, sans amendement, le minist\u00e8re des Transports devrait introduire &#8220;des mesures restrictives difficiles \u00e0 communiquer \u00e0 la population, telles que des interdictions de conduire compl\u00e8tes et ind\u00e9finies les samedis et dimanches&#8221;.<\/p>\n<h3>Les voitures polluent encore trop<\/h3>\n<p>\nEn mars, il a \u00e9t\u00e9 r\u00e9v\u00e9l\u00e9 que l&#8217;industrie des transports n&#8217;avait pas r\u00e9ussi \u00e0 atteindre ses objectifs d&#8217;\u00e9missions l\u00e9galement contraignants pour 2023, rapporte The Local. En vertu de la loi, l&#8217;Allemagne est tenue de r\u00e9duire ses \u00e9missions de 65 % entre 1990 et 2030, tout en respectant des objectifs d&#8217;\u00e9missions annuels. Si un secteur ne parvient pas \u00e0 atteindre ses objectifs annuels, le ministre en charge doit introduire un ensemble de mesures d&#8217;urgence pour se remettre sur la bonne voie. Lundi, le Conseil d&#8217;experts pour la protection du climat devrait confirmer officiellement les statistiques sur les \u00e9missions rapport\u00e9es en mars et demander au minist\u00e8re des Transports de proposer de nouvelles r\u00e8gles pour atteindre ses objectifs.<\/p>\n<h3>Les verts sont contre<\/h3>\n<p>\nMalgr\u00e9 la pression que cela exercera sur le minist\u00e8re, Julia Verlinden, la vice-pr\u00e9sidente du parti Vert, a d\u00e9clar\u00e9 que les affirmations de Wissing sont fausses et a ajout\u00e9 que les ministres ne devraient pas alimenter les peurs dans la population pour obtenir ce qu&#8217;ils veulent.<\/p>\n<p>Greenpeace a \u00e9galement object\u00e9 au discours de Wissing, affirmant qu&#8217;il transformait l&#8217;incapacit\u00e9 de son minist\u00e8re \u00e0 r\u00e9duire les \u00e9missions en pression politique. Le groupe a all\u00e9gu\u00e9 qu&#8217;apr\u00e8s des ann\u00e9es de blocage des mesures climatiques, le politicien cr\u00e9ait des sc\u00e9narios d&#8217;horreur pour que son minist\u00e8re puisse en faire moins pour l&#8217;environnement \u00e0 l&#8217;avenir.<\/p>\n<p>\u00a0<\/p>\n<p>Avec des renseignements de carscoops<\/p>\n<p>\u00a0<\/p>\n<p>Le texte <a rel=\"nofollow\" href=\"https:\/\/annuelauto.ca\/le-ministre-allemand-des-transport-menace-dinterdire-la-conduite-la-fin-de-semaine-en-raison-de-la-loi-sur-le-climat\/\">Le Ministre allemand des transport menace d\u2019interdire la conduite la fin de semaine en raison de la loi sur le climat<\/a> provient de <a rel=\"nofollow\" href=\"https:\/\/annuelauto.ca\">L&#8217;annuel de l&#8217;automobile &#8211; Actualit\u00e9 automobile<\/a><\/p>\n<p><\/p>\n","protected":false},"excerpt":{"rendered":"<p>La ministre des Transports d&#8217;Allemagne, Volker Wissing, menace d&#8217;interdire la conduite le week-end si le gouvernement ne modifie pas les lois sur le climat. Le secteur des transports du pays n&#8217;a pas atteint ses objectifs climatiques et, en vertu de la loi, des mesures doivent \u00eatre introduites pour le remettre sur la bonne voie. Deux [&hellip;]<\/p>\n","protected":false},"author":8,"featured_media":162765,"comment_status":"close","ping_status":"closed","sticky":false,"template":"","format":"standard","meta":{"_monsterinsights_skip_tracking":false,"_monsterinsights_sitenote_active":false,"_monsterinsights_sitenote_note":"","_monsterinsights_sitenote_category":0,"footnotes":""},"categories":[101],"tags":[],"yoast_head":"<!-- This site is optimized with the Yoast SEO plugin v23.2 - https:\/\/yoast.com\/wordpress\/plugins\/seo\/ -->\n<title>Le Ministre allemand des transport menace d\u2019interdire la conduite la fin de semaine en raison de la loi sur le climat - CanadaMotorJobs.com<\/title>\n<meta name=\"description\" content=\"Le Ministre allemand des transport menace d\u2019interdire la conduite la fin de semaine en raison de la loi sur le climat - Benoit Charette - Annuel automobile - CanadaMotorJobs.com.\" \/>\n<meta name=\"robots\" content=\"index, follow, max-snippet:-1, max-image-preview:large, max-video-preview:-1\" \/>\n<meta property=\"og:locale\" content=\"fr_CA\" \/>\n<meta property=\"og:type\" content=\"article\" \/>\n<meta property=\"og:title\" content=\"Le Ministre allemand des transport menace d\u2019interdire la conduite la fin de semaine en raison de la loi sur le climat - CanadaMotorJobs.com\" \/>\n<meta property=\"og:description\" content=\"Le Ministre allemand des transport menace d\u2019interdire la conduite la fin de semaine en raison de la loi sur le climat - Benoit Charette - Annuel automobile - CanadaMotorJobs.com.\" \/>\n<meta property=\"og:url\" content=\"https:\/\/news.canadamotorjobs.com\/fr\/le-ministre-allemand-des-transport-menace-dinterdire-la-conduite-la-fin-de-semaine-en-raison-de-la-loi-sur-le-climat\/\" \/>\n<meta property=\"og:site_name\" content=\"CanadaMotorJobs.com\" \/>\n<meta property=\"article:publisher\" content=\"https:\/\/www.facebook.com\/canadamotorjobs\/\" \/>\n<meta property=\"article:published_time\" content=\"2024-04-14T17:05:40+00:00\" \/>\n<meta property=\"article:modified_time\" content=\"2024-04-14T17:17:08+00:00\" \/>\n<meta property=\"og:image\" content=\"https:\/\/news.canadamotorjobs.com\/wp-content\/uploads\/2024\/04\/201127134046-01-autobahn-germany-history.jpg\" \/>\n\t<meta property=\"og:image:width\" content=\"1600\" \/>\n\t<meta property=\"og:image:height\" content=\"1067\" \/>\n\t<meta property=\"og:image:type\" content=\"image\/jpeg\" \/>\n<meta name=\"author\" content=\"Benoit Charette\" \/>\n<meta name=\"twitter:card\" content=\"summary_large_image\" \/>\n<meta name=\"twitter:creator\" content=\"@canadamotorjobs\" \/>\n<meta name=\"twitter:site\" content=\"@canadamotorjobs\" \/>\n<meta name=\"twitter:label1\" content=\"\u00c9crit par\" \/>\n\t<meta name=\"twitter:data1\" content=\"Benoit Charette\" \/>\n\t<meta name=\"twitter:label2\" content=\"Estimation du temps de lecture\" \/>\n\t<meta name=\"twitter:data2\" content=\"2 minutes\" \/>\n<!-- \/ Yoast SEO plugin. -->","yoast_head_json":{"title":"Le Ministre allemand des transport menace d\u2019interdire la conduite la fin de semaine en raison de la loi sur le climat - CanadaMotorJobs.com","description":"Le Ministre allemand des transport menace d\u2019interdire la conduite la fin de semaine en raison de la loi sur le climat - Benoit Charette - Annuel automobile - CanadaMotorJobs.com.","robots":{"index":"index","follow":"follow","max-snippet":"max-snippet:-1","max-image-preview":"max-image-preview:large","max-video-preview":"max-video-preview:-1"},"og_locale":"fr_CA","og_type":"article","og_title":"Le Ministre allemand des transport menace d\u2019interdire la conduite la fin de semaine en raison de la loi sur le climat - CanadaMotorJobs.com","og_description":"Le Ministre allemand des transport menace d\u2019interdire la conduite la fin de semaine en raison de la loi sur le climat - Benoit Charette - Annuel automobile - CanadaMotorJobs.com.","og_url":"https:\/\/news.canadamotorjobs.com\/fr\/le-ministre-allemand-des-transport-menace-dinterdire-la-conduite-la-fin-de-semaine-en-raison-de-la-loi-sur-le-climat\/","og_site_name":"CanadaMotorJobs.com","article_publisher":"https:\/\/www.facebook.com\/canadamotorjobs\/","article_published_time":"2024-04-14T17:05:40+00:00","article_modified_time":"2024-04-14T17:17:08+00:00","og_image":[{"width":1600,"height":1067,"url":"https:\/\/news.canadamotorjobs.com\/wp-content\/uploads\/2024\/04\/201127134046-01-autobahn-germany-history.jpg","type":"image\/jpeg"}],"author":"Benoit Charette","twitter_card":"summary_large_image","twitter_creator":"@canadamotorjobs","twitter_site":"@canadamotorjobs","twitter_misc":{"\u00c9crit par":"Benoit Charette","Estimation du temps de lecture":"2 minutes"},"schema":{"@context":"https:\/\/schema.org","@graph":[{"@type":"Article","@id":"https:\/\/news.canadamotorjobs.com\/fr\/le-ministre-allemand-des-transport-menace-dinterdire-la-conduite-la-fin-de-semaine-en-raison-de-la-loi-sur-le-climat\/#article","isPartOf":{"@id":"https:\/\/news.canadamotorjobs.com\/fr\/le-ministre-allemand-des-transport-menace-dinterdire-la-conduite-la-fin-de-semaine-en-raison-de-la-loi-sur-le-climat\/"},"author":{"name":"Benoit Charette","@id":"https:\/\/news.canadamotorjobs.com\/#\/schema\/person\/51793d1f87d44011d7bcc2ed99269a90"},"headline":"Le Ministre allemand des transport menace d\u2019interdire la conduite la fin de semaine en raison de la loi sur le climat","datePublished":"2024-04-14T17:05:40+00:00","dateModified":"2024-04-14T17:17:08+00:00","mainEntityOfPage":{"@id":"https:\/\/news.canadamotorjobs.com\/fr\/le-ministre-allemand-des-transport-menace-dinterdire-la-conduite-la-fin-de-semaine-en-raison-de-la-loi-sur-le-climat\/"},"wordCount":509,"publisher":{"@id":"https:\/\/news.canadamotorjobs.com\/#organization"},"image":{"@id":"https:\/\/news.canadamotorjobs.com\/fr\/le-ministre-allemand-des-transport-menace-dinterdire-la-conduite-la-fin-de-semaine-en-raison-de-la-loi-sur-le-climat\/#primaryimage"},"thumbnailUrl":"https:\/\/news.canadamotorjobs.com\/wp-content\/uploads\/2024\/04\/201127134046-01-autobahn-germany-history.jpg","articleSection":["Annuel automobile"],"inLanguage":"fr-CA"},{"@type":"WebPage","@id":"https:\/\/news.canadamotorjobs.com\/fr\/le-ministre-allemand-des-transport-menace-dinterdire-la-conduite-la-fin-de-semaine-en-raison-de-la-loi-sur-le-climat\/","url":"https:\/\/news.canadamotorjobs.com\/fr\/le-ministre-allemand-des-transport-menace-dinterdire-la-conduite-la-fin-de-semaine-en-raison-de-la-loi-sur-le-climat\/","name":"Le Ministre allemand des transport menace d\u2019interdire la conduite la fin de semaine en raison de la loi sur le climat - CanadaMotorJobs.com","isPartOf":{"@id":"https:\/\/news.canadamotorjobs.com\/#website"},"primaryImageOfPage":{"@id":"https:\/\/news.canadamotorjobs.com\/fr\/le-ministre-allemand-des-transport-menace-dinterdire-la-conduite-la-fin-de-semaine-en-raison-de-la-loi-sur-le-climat\/#primaryimage"},"image":{"@id":"https:\/\/news.canadamotorjobs.com\/fr\/le-ministre-allemand-des-transport-menace-dinterdire-la-conduite-la-fin-de-semaine-en-raison-de-la-loi-sur-le-climat\/#primaryimage"},"thumbnailUrl":"https:\/\/news.canadamotorjobs.com\/wp-content\/uploads\/2024\/04\/201127134046-01-autobahn-germany-history.jpg","datePublished":"2024-04-14T17:05:40+00:00","dateModified":"2024-04-14T17:17:08+00:00","description":"Le Ministre allemand des transport menace d\u2019interdire la conduite la fin de semaine en raison de la loi sur le climat - Benoit Charette - Annuel automobile - CanadaMotorJobs.com.","breadcrumb":{"@id":"https:\/\/news.canadamotorjobs.com\/fr\/le-ministre-allemand-des-transport-menace-dinterdire-la-conduite-la-fin-de-semaine-en-raison-de-la-loi-sur-le-climat\/#breadcrumb"},"inLanguage":"fr-CA","potentialAction":[{"@type":"ReadAction","target":["https:\/\/news.canadamotorjobs.com\/fr\/le-ministre-allemand-des-transport-menace-dinterdire-la-conduite-la-fin-de-semaine-en-raison-de-la-loi-sur-le-climat\/"]}]},{"@type":"ImageObject","inLanguage":"fr-CA","@id":"https:\/\/news.canadamotorjobs.com\/fr\/le-ministre-allemand-des-transport-menace-dinterdire-la-conduite-la-fin-de-semaine-en-raison-de-la-loi-sur-le-climat\/#primaryimage","url":"https:\/\/news.canadamotorjobs.com\/wp-content\/uploads\/2024\/04\/201127134046-01-autobahn-germany-history.jpg","contentUrl":"https:\/\/news.canadamotorjobs.com\/wp-content\/uploads\/2024\/04\/201127134046-01-autobahn-germany-history.jpg","width":1600,"height":1067},{"@type":"BreadcrumbList","@id":"https:\/\/news.canadamotorjobs.com\/fr\/le-ministre-allemand-des-transport-menace-dinterdire-la-conduite-la-fin-de-semaine-en-raison-de-la-loi-sur-le-climat\/#breadcrumb","itemListElement":[{"@type":"ListItem","position":1,"name":"Home","item":"https:\/\/news.canadamotorjobs.com\/fr\/blog\/"},{"@type":"ListItem","position":2,"name":"Le Ministre allemand des transport menace d\u2019interdire la conduite la fin de semaine en raison de la loi sur le climat"}]},{"@type":"WebSite","@id":"https:\/\/news.canadamotorjobs.com\/#website","url":"https:\/\/news.canadamotorjobs.com\/","name":"CanadaMotorJobs.com","description":"Automotive Jobs","publisher":{"@id":"https:\/\/news.canadamotorjobs.com\/#organization"},"potentialAction":[{"@type":"SearchAction","target":{"@type":"EntryPoint","urlTemplate":"https:\/\/news.canadamotorjobs.com\/?s={search_term_string}"},"query-input":"required name=search_term_string"}],"inLanguage":"fr-CA"},{"@type":"Organization","@id":"https:\/\/news.canadamotorjobs.com\/#organization","name":"Canada Motor Jobs","url":"https:\/\/news.canadamotorjobs.com\/","logo":{"@type":"ImageObject","inLanguage":"fr-CA","@id":"https:\/\/news.canadamotorjobs.com\/#\/schema\/logo\/image\/","url":"https:\/\/news.canadamotorjobs.com\/wp-content\/uploads\/2022\/10\/logo-canada-motor-jobs-1.png","contentUrl":"https:\/\/news.canadamotorjobs.com\/wp-content\/uploads\/2022\/10\/logo-canada-motor-jobs-1.png","width":800,"height":400,"caption":"Canada Motor Jobs"},"image":{"@id":"https:\/\/news.canadamotorjobs.com\/#\/schema\/logo\/image\/"},"sameAs":["https:\/\/www.facebook.com\/canadamotorjobs\/","https:\/\/x.com\/canadamotorjobs","https:\/\/www.instagram.com\/canadamotorjobs\/","https:\/\/www.linkedin.com\/company\/canadamotorjobs"]},{"@type":"Person","@id":"https:\/\/news.canadamotorjobs.com\/#\/schema\/person\/51793d1f87d44011d7bcc2ed99269a90","name":"Benoit Charette","image":{"@type":"ImageObject","inLanguage":"fr-CA","@id":"https:\/\/news.canadamotorjobs.com\/#\/schema\/person\/image\/","url":"https:\/\/secure.gravatar.com\/avatar\/45f3d2eebcccd909668d7ce7ea7267b6?s=96&d=mm&r=g","contentUrl":"https:\/\/secure.gravatar.com\/avatar\/45f3d2eebcccd909668d7ce7ea7267b6?s=96&d=mm&r=g","caption":"Benoit Charette"},"description":"Benoit Charette \/ Propri\u00e9taire et r\u00e9dacteur en chef Benoit Charette pratique le journalisme automobile depuis bient\u00f4t 30 ans. Il a fait ses classes au c\u00f4t\u00e9 de Daniel H\u00e9raud et au Carnet de route de 1992 \u00e0 2001. Il est fondateur, copropri\u00e9taire et r\u00e9dacteur en chef de L\u2019Annuel de l\u2019automobile, qu\u2019il publie depuis 2001. Il a anim\u00e9 les \u00e9missions RPM et RPM+ sur V et les L\u00e9gendes de la route sur Historia. \u00c0 la radio depuis 1986, il reprend l\u2019antenne cette ann\u00e9e sur les ondes de Cogeco et participe pour la deuxi\u00e8me ann\u00e9e \u00e0 l\u2019\u00e9mission Passion Auto sur RDS en plus de mettre en ligne le site Web officiel de L\u2019Annuel de l\u2019automobile sur annuelauto.ca.","sameAs":["https:\/\/annuelauto.ca\/"],"url":"https:\/\/news.canadamotorjobs.com\/fr\/author\/benoit-charette\/"}]}},"_links":{"self":[{"href":"https:\/\/news.canadamotorjobs.com\/fr\/wp-json\/wp\/v2\/posts\/162763"}],"collection":[{"href":"https:\/\/news.canadamotorjobs.com\/fr\/wp-json\/wp\/v2\/posts"}],"about":[{"href":"https:\/\/news.canadamotorjobs.com\/fr\/wp-json\/wp\/v2\/types\/post"}],"author":[{"embeddable":true,"href":"https:\/\/news.canadamotorjobs.com\/fr\/wp-json\/wp\/v2\/users\/8"}],"replies":[{"embeddable":true,"href":"https:\/\/news.canadamotorjobs.com\/fr\/wp-json\/wp\/v2\/comments?post=162763"}],"version-history":[{"count":2,"href":"https:\/\/news.canadamotorjobs.com\/fr\/wp-json\/wp\/v2\/posts\/162763\/revisions"}],"predecessor-version":[{"id":162767,"href":"https:\/\/news.canadamotorjobs.com\/fr\/wp-json\/wp\/v2\/posts\/162763\/revisions\/162767"}],"wp:featuredmedia":[{"embeddable":true,"href":"https:\/\/news.canadamotorjobs.com\/fr\/wp-json\/wp\/v2\/media\/162765"}],"wp:attachment":[{"href":"https:\/\/news.canadamotorjobs.com\/fr\/wp-json\/wp\/v2\/media?parent=162763"}],"wp:term":[{"taxonomy":"category","embeddable":true,"href":"https:\/\/news.canadamotorjobs.com\/fr\/wp-json\/wp\/v2\/categories?post=162763"},{"taxonomy":"post_tag","embeddable":true,"href":"https:\/\/news.canadamotorjobs.com\/fr\/wp-json\/wp\/v2\/tags?post=162763"}],"curies":[{"name":"wp","href":"https:\/\/api.w.org\/{rel}","templated":true}]}}