{"id":162625,"date":"2024-04-10T12:03:24","date_gmt":"2024-04-10T16:03:24","guid":{"rendered":"https:\/\/news.canadamotorjobs.com\/?p=162625"},"modified":"2024-04-10T15:14:47","modified_gmt":"2024-04-10T19:14:47","slug":"fiat-500e-2024","status":"publish","type":"post","link":"https:\/\/news.canadamotorjobs.com\/fr\/fiat-500e-2024\/","title":{"rendered":"Fiat 500e 2024"},"content":{"rendered":"<\/p>\n<p>Miami, Floride- Un mod\u00e8le ne fait pas une marque, mais la Fiat 500 est l\u2019embl\u00e8me de cette marque italienne et un mod\u00e8le \u00e9lectrique aussi charmant que la Fiat 500e 2024 <a href=\"https:\/\/annuelauto.ca\/fiat-annonce-le-nouveau-modele-electrique-500e-la-prima\/\">va attirer l&#8217;attention<\/a>. Ce n\u2019est pas suffisant pour remettre la division de Stellantis sur pied, mais \u00e0 tout le moins un premier pas vers une certaine renaissance.<\/p>\n<h3>Fiat 500e 2024: toujours jolie<\/h3>\n<p>\nLa 500 n\u2019a rien perdu de son charme. Elle conserve le style r\u00e9tro-moderne de la g\u00e9n\u00e9ration pr\u00e9c\u00e9dente, en mettant l\u2019accent sur un meilleur espace int\u00e9rieur. Deux versions seront offertes au Canada. La Fiat 500e de base se nomme Red et est la voiture \u00e9lectrique la plus abordable au Canada \u00e0 39 995 $. Ceux qui veulent un peu plus de\u00a0 \u00ab dolce Vita \u00bb iront vers la version La Prima \u00e0 44 995 $. Cette derni\u00e8re ajoute des touches d\u2019\u00e9l\u00e9gance comme des coques de r\u00e9troviseurs couleur carrosserie et des moulures d&#8217;ouverture \u00e0 la lumi\u00e8re du jour (DLO) chrom\u00e9es. La Prima est la seule version disponible en or rose, tout en offrant \u00e9galement les couleurs ext\u00e9rieures Tuxedo Black et Glacier White.<\/p>\n<h3>Habitacle plus moderne<\/h3>\n<p>\nFace \u00e0 la g\u00e9n\u00e9ration qui s\u2019\u00e9tait pr\u00e9sent\u00e9e chez nous en 2012, vous serez moins \u00e0 l\u2019\u00e9troit. L\u2019habitacle est plus d\u00e9gag\u00e9 et vous avez plus d\u2019espace pour\u00a0la t\u00eate et les \u00e9paules, du moins \u00e0 l\u2019avant. Les places arri\u00e8re sont encore plus pr\u00e8s du d\u00e9pannage que pour de v\u00e9ritables passagers. Letableau de bord est habill\u00e9 d\u2019un \u00e9cran d&#8217;infodivertissement de 10,3 pouces dot\u00e9 du syst\u00e8me UConnect 5. Un \u00e9cran digital de 7,0 pouces est \u00e9galement de s\u00e9rie devant le conducteur, avec odom\u00e8tre et l&#8217;\u00e9tat de charge de la batterie. Un socle de recharge sans fil pour t\u00e9l\u00e9phone intelligent est au menu, tout comme la navigation au tableau de bord, la radio satellite SiriusXM et les syst\u00e8mes sans fil Apple CarPlay et Android Auto.\u00a0 Ceux qui opteront pour une version La Prima ajoute un syst\u00e8me audio amplifi\u00e9 JBL \u00e0 7 haut-parleurs avec caisson de basses.<\/p>\n<h3>227 km d\u2019autonomie<\/h3>\n<p>\nLa 500e offre une autonomie de 227 kilom\u00e8tres gr\u00e2ce \u00e0 une batterie de 42 kWh avec un temps de charge de niveau 2 (11 kW) de quatre heures et 15 minutes. La voiture est propuls\u00e9e par un moteur \u00e9lectrique de 117 chevaux avec 162 lb-pi de couple. La traction est la seule option et l&#8217;acc\u00e9l\u00e9ration \u00e0 100 km\/h se fait en environ 8,5 secondes. Rien de tr\u00e8s impressionnant, mais personne ne va acheter cette voiture pour ses performances d\u00e9lirantes. La batterie peut \u00eatre recharg\u00e9e \u00e0 une station de recharge \u00e0 courant continu \u00e0 une puissance maximale de 85 kW, ce qui est suffisant pour augmenter l&#8217;autonomie de 50 km en seulement cinq minutes, selon Fiat.<\/p>\n<h3>Confortable et sympathique<\/h3>\n<p>\nLes si\u00e8ges sont recouverts d&#8217;un tissu r\u00e9tro fabriqu\u00e9 \u00e0 partir de plastique recycl\u00e9. Ils sont confortables pour une citadine et ne causent pas trop de douleurs sur les longs trajets. Le coussin est toutefois un peu court et plat, et il n&#8217;y a pas de support lombaire r\u00e9glable.\u00a0 L&#8217;espace pour la t\u00eate est bon en raison de la forme du toit bomb\u00e9. N\u00e9enmoins, la position de conduite \u00e9lev\u00e9 oblige \u00e0 regarder dans le haut du parebrise, ce qui devient aga\u00e7ant apr\u00e8s un moment. La 500e est \u00e9quip\u00e9e de s\u00e9rie de fonctions d&#8217;aide \u00e0 la conduite de base telles que le freinage d&#8217;urgence automatis\u00e9 et l&#8217;assistance au maintien de la trajectoire, mais des technologies plus avanc\u00e9es telles que le r\u00e9gulateur de vitesse adaptatif avec fonction de centrage sur la voie sont disponibles en option. La Prima introduit un syst\u00e8me de conduite active de niveau 2 pour la premi\u00e8re fois sur un mod\u00e8le FIAT en Am\u00e9rique du Nord. Cette technologie combine le r\u00e9gulateur de vitesse adaptatif et l&#8217;assistance au maintien de la trajectoire pour aider le conducteur sur certaines routes. La Fiat 500e est la premi\u00e8re voiture tout \u00e9lectrique de son segment \u00e0 offrir une technologie d&#8217;aide \u00e0 la conduite active de niveau 2.<\/p>\n<h3>Sur la route<\/h3>\n<p>\nLa 500 dispose de trois modes de conduite : Normal, Range et Sherpa. Le mode Normal n&#8217;offre qu&#8217;une l\u00e9g\u00e8re r\u00e9g\u00e9n\u00e9ration, \u00e9quivalente au frein moteur d&#8217;une voiture \u00e0 essence, le mode Range att\u00e9nue la r\u00e9ponse initiale de l&#8217;acc\u00e9l\u00e9rateur et augmente la r\u00e9g\u00e9n\u00e9ration de mani\u00e8re significative, mais ne permet pas de conduire sur une seule p\u00e9dale ; et le mode Sherpa est comme le mode Range, mais il d\u00e9sactive la climatisation et limite la vitesse \u00e0 80 km\/h. La p\u00e9dale de frein est agr\u00e9ablement progressive. La tenue de route n\u2019est pas particuli\u00e8rement engageante, mais aucune citadine ne l\u2019est vraiment. Cette voiture est avant tout con\u00e7u pour rouler en ville \u00e0 bas r\u00e9gime et les param\u00e8tres du v\u00e9hicules ont \u00e9t\u00e9 con\u00e7u \u00e0 cette fin. Par cons\u00e9quent, une tenue de route ad\u00e9quate est vraiment tout ce qui est requis ici.\u00a0 Nos pneus de 17 pouces offraient une bonne adh\u00e9rence. Notre trajet de 50 km s\u2019est essentiellement d\u00e9roul\u00e9 dans la ville de Miami avec quelques petits bouts d\u2019autoroute. Un terrain propice pour cette voiture.<\/p>\n<h3>Conclusion<\/h3>\n<p>\nFiat \u00e9tait fier d\u2019annonc\u00e9 que la 500e devient la voiture \u00e9lectrique la moins dispendieuse au Canada. Le mod\u00e8le Red commence \u00e0 39 995 $. En tenant compte du rabais provincial au Qu\u00e9bec de 7 000 et du f\u00e9d\u00e9ral de 5 000 $, le co\u00fbt de revient avant taxes pour le mod\u00e8le de base est 31 753 $ ou 36 508 $ apr\u00e8s les taxes. Le prix de La Prima commence \u00e0 47 190 $ (44 995 $ PDSF plus frais suppl\u00e9mentaires), et profites aussi des subventions provinciale et f\u00e9d\u00e9rale. La 500e sera d\u2019abord vendue au Qu\u00e9bec et en Colombie Britannique comme mod\u00e8le 2024 d\u00e8s la fin avril et arrivera \u00e0 la fin de cette ann\u00e9e comme mod\u00e8le 2025 dans le reste du Canada. Si vous besoins en \u00e9lectrique se passe dans un rayon pas trop \u00e9loign\u00e9 de votre domicile, cette 500e est peut-\u00eatre une belle solution. L\u2019autonomie n\u2019est pas renversante, mais suffisante pour combler vos besoins au quotidien. Ce n\u2019est pas tout le monde qui a besoin d\u2019une autonomie de 500 km.<\/p>\n<h3>Forces<\/h3>\n<p>\nMise \u00e0 jour r\u00e9ussie \u00e0 l&#8217;ext\u00e9rieur et en termes de technologie<\/p>\n<p>Bonne routi\u00e8re, m\u00eame hors de la ville<\/p>\n<h3>Faiblesses<\/h3>\n<p>\nPosition de conduite perch\u00e9e et si\u00e8ges trop courts<\/p>\n<p>L&#8217;autonomie ne fera plaisir \u00e0 tous<\/p>\n<p>\u00a0<\/p>\n<p>Le texte <a rel=\"nofollow\" href=\"https:\/\/annuelauto.ca\/fiat-500e-2024\/\">Fiat 500e 2024<\/a> provient de <a rel=\"nofollow\" href=\"https:\/\/annuelauto.ca\">L&#8217;annuel de l&#8217;automobile &#8211; Actualit\u00e9 automobile<\/a><\/p>\n<p><\/p>\n","protected":false},"excerpt":{"rendered":"<p>Miami, Floride- Un mod\u00e8le ne fait pas une marque, mais la Fiat 500 est l\u2019embl\u00e8me de cette marque italienne et un mod\u00e8le \u00e9lectrique aussi charmant que la Fiat 500e 2024 va attirer l&#8217;attention. Ce n\u2019est pas suffisant pour remettre la division de Stellantis sur pied, mais \u00e0 tout le moins un premier pas vers une [&hellip;]<\/p>\n","protected":false},"author":8,"featured_media":162627,"comment_status":"close","ping_status":"closed","sticky":false,"template":"","format":"standard","meta":{"_monsterinsights_skip_tracking":false,"_monsterinsights_sitenote_active":false,"_monsterinsights_sitenote_note":"","_monsterinsights_sitenote_category":0,"footnotes":""},"categories":[101],"tags":[],"yoast_head":"<!-- This site is optimized with the Yoast SEO plugin v23.2 - https:\/\/yoast.com\/wordpress\/plugins\/seo\/ -->\n<title>Fiat 500e 2024 - CanadaMotorJobs.com<\/title>\n<meta name=\"description\" content=\"Fiat 500e 2024 - Benoit Charette - Annuel automobile - CanadaMotorJobs.com.\" \/>\n<meta name=\"robots\" content=\"index, follow, max-snippet:-1, max-image-preview:large, max-video-preview:-1\" \/>\n<meta property=\"og:locale\" content=\"fr_CA\" \/>\n<meta property=\"og:type\" content=\"article\" \/>\n<meta property=\"og:title\" content=\"Fiat 500e 2024 - CanadaMotorJobs.com\" \/>\n<meta property=\"og:description\" content=\"Fiat 500e 2024 - Benoit Charette - Annuel automobile - CanadaMotorJobs.com.\" \/>\n<meta property=\"og:url\" content=\"https:\/\/news.canadamotorjobs.com\/fr\/fiat-500e-2024\/\" \/>\n<meta property=\"og:site_name\" content=\"CanadaMotorJobs.com\" \/>\n<meta property=\"article:publisher\" content=\"https:\/\/www.facebook.com\/canadamotorjobs\/\" \/>\n<meta property=\"article:published_time\" content=\"2024-04-10T16:03:24+00:00\" \/>\n<meta property=\"article:modified_time\" content=\"2024-04-10T19:14:47+00:00\" \/>\n<meta property=\"og:image\" content=\"https:\/\/news.canadamotorjobs.com\/wp-content\/uploads\/2024\/04\/P1030850-4.jpg\" \/>\n\t<meta property=\"og:image:width\" content=\"1067\" \/>\n\t<meta property=\"og:image:height\" content=\"800\" \/>\n\t<meta property=\"og:image:type\" content=\"image\/jpeg\" \/>\n<meta name=\"author\" content=\"Benoit Charette\" \/>\n<meta name=\"twitter:card\" content=\"summary_large_image\" \/>\n<meta name=\"twitter:creator\" content=\"@canadamotorjobs\" \/>\n<meta name=\"twitter:site\" content=\"@canadamotorjobs\" \/>\n<meta name=\"twitter:label1\" content=\"\u00c9crit par\" \/>\n\t<meta name=\"twitter:data1\" content=\"Benoit Charette\" \/>\n\t<meta name=\"twitter:label2\" content=\"Estimation du temps de lecture\" \/>\n\t<meta name=\"twitter:data2\" content=\"5 minutes\" \/>\n<!-- \/ Yoast SEO plugin. -->","yoast_head_json":{"title":"Fiat 500e 2024 - CanadaMotorJobs.com","description":"Fiat 500e 2024 - Benoit Charette - Annuel automobile - CanadaMotorJobs.com.","robots":{"index":"index","follow":"follow","max-snippet":"max-snippet:-1","max-image-preview":"max-image-preview:large","max-video-preview":"max-video-preview:-1"},"og_locale":"fr_CA","og_type":"article","og_title":"Fiat 500e 2024 - CanadaMotorJobs.com","og_description":"Fiat 500e 2024 - Benoit Charette - Annuel automobile - CanadaMotorJobs.com.","og_url":"https:\/\/news.canadamotorjobs.com\/fr\/fiat-500e-2024\/","og_site_name":"CanadaMotorJobs.com","article_publisher":"https:\/\/www.facebook.com\/canadamotorjobs\/","article_published_time":"2024-04-10T16:03:24+00:00","article_modified_time":"2024-04-10T19:14:47+00:00","og_image":[{"width":1067,"height":800,"url":"https:\/\/news.canadamotorjobs.com\/wp-content\/uploads\/2024\/04\/P1030850-4.jpg","type":"image\/jpeg"}],"author":"Benoit Charette","twitter_card":"summary_large_image","twitter_creator":"@canadamotorjobs","twitter_site":"@canadamotorjobs","twitter_misc":{"\u00c9crit par":"Benoit Charette","Estimation du temps de lecture":"5 minutes"},"schema":{"@context":"https:\/\/schema.org","@graph":[{"@type":"Article","@id":"https:\/\/news.canadamotorjobs.com\/fr\/fiat-500e-2024\/#article","isPartOf":{"@id":"https:\/\/news.canadamotorjobs.com\/fr\/fiat-500e-2024\/"},"author":{"name":"Benoit Charette","@id":"https:\/\/news.canadamotorjobs.com\/#\/schema\/person\/51793d1f87d44011d7bcc2ed99269a90"},"headline":"Fiat 500e 2024","datePublished":"2024-04-10T16:03:24+00:00","dateModified":"2024-04-10T19:14:47+00:00","mainEntityOfPage":{"@id":"https:\/\/news.canadamotorjobs.com\/fr\/fiat-500e-2024\/"},"wordCount":1107,"publisher":{"@id":"https:\/\/news.canadamotorjobs.com\/#organization"},"image":{"@id":"https:\/\/news.canadamotorjobs.com\/fr\/fiat-500e-2024\/#primaryimage"},"thumbnailUrl":"https:\/\/news.canadamotorjobs.com\/wp-content\/uploads\/2024\/04\/P1030850-4.jpg","articleSection":["Annuel automobile"],"inLanguage":"fr-CA"},{"@type":"WebPage","@id":"https:\/\/news.canadamotorjobs.com\/fr\/fiat-500e-2024\/","url":"https:\/\/news.canadamotorjobs.com\/fr\/fiat-500e-2024\/","name":"Fiat 500e 2024 - CanadaMotorJobs.com","isPartOf":{"@id":"https:\/\/news.canadamotorjobs.com\/#website"},"primaryImageOfPage":{"@id":"https:\/\/news.canadamotorjobs.com\/fr\/fiat-500e-2024\/#primaryimage"},"image":{"@id":"https:\/\/news.canadamotorjobs.com\/fr\/fiat-500e-2024\/#primaryimage"},"thumbnailUrl":"https:\/\/news.canadamotorjobs.com\/wp-content\/uploads\/2024\/04\/P1030850-4.jpg","datePublished":"2024-04-10T16:03:24+00:00","dateModified":"2024-04-10T19:14:47+00:00","description":"Fiat 500e 2024 - Benoit Charette - Annuel automobile - CanadaMotorJobs.com.","breadcrumb":{"@id":"https:\/\/news.canadamotorjobs.com\/fr\/fiat-500e-2024\/#breadcrumb"},"inLanguage":"fr-CA","potentialAction":[{"@type":"ReadAction","target":["https:\/\/news.canadamotorjobs.com\/fr\/fiat-500e-2024\/"]}]},{"@type":"ImageObject","inLanguage":"fr-CA","@id":"https:\/\/news.canadamotorjobs.com\/fr\/fiat-500e-2024\/#primaryimage","url":"https:\/\/news.canadamotorjobs.com\/wp-content\/uploads\/2024\/04\/P1030850-4.jpg","contentUrl":"https:\/\/news.canadamotorjobs.com\/wp-content\/uploads\/2024\/04\/P1030850-4.jpg","width":1067,"height":800},{"@type":"BreadcrumbList","@id":"https:\/\/news.canadamotorjobs.com\/fr\/fiat-500e-2024\/#breadcrumb","itemListElement":[{"@type":"ListItem","position":1,"name":"Home","item":"https:\/\/news.canadamotorjobs.com\/fr\/blog\/"},{"@type":"ListItem","position":2,"name":"Fiat 500e 2024"}]},{"@type":"WebSite","@id":"https:\/\/news.canadamotorjobs.com\/#website","url":"https:\/\/news.canadamotorjobs.com\/","name":"CanadaMotorJobs.com","description":"Automotive Jobs","publisher":{"@id":"https:\/\/news.canadamotorjobs.com\/#organization"},"potentialAction":[{"@type":"SearchAction","target":{"@type":"EntryPoint","urlTemplate":"https:\/\/news.canadamotorjobs.com\/?s={search_term_string}"},"query-input":"required name=search_term_string"}],"inLanguage":"fr-CA"},{"@type":"Organization","@id":"https:\/\/news.canadamotorjobs.com\/#organization","name":"Canada Motor Jobs","url":"https:\/\/news.canadamotorjobs.com\/","logo":{"@type":"ImageObject","inLanguage":"fr-CA","@id":"https:\/\/news.canadamotorjobs.com\/#\/schema\/logo\/image\/","url":"https:\/\/news.canadamotorjobs.com\/wp-content\/uploads\/2022\/10\/logo-canada-motor-jobs-1.png","contentUrl":"https:\/\/news.canadamotorjobs.com\/wp-content\/uploads\/2022\/10\/logo-canada-motor-jobs-1.png","width":800,"height":400,"caption":"Canada Motor Jobs"},"image":{"@id":"https:\/\/news.canadamotorjobs.com\/#\/schema\/logo\/image\/"},"sameAs":["https:\/\/www.facebook.com\/canadamotorjobs\/","https:\/\/x.com\/canadamotorjobs","https:\/\/www.instagram.com\/canadamotorjobs\/","https:\/\/www.linkedin.com\/company\/canadamotorjobs"]},{"@type":"Person","@id":"https:\/\/news.canadamotorjobs.com\/#\/schema\/person\/51793d1f87d44011d7bcc2ed99269a90","name":"Benoit Charette","image":{"@type":"ImageObject","inLanguage":"fr-CA","@id":"https:\/\/news.canadamotorjobs.com\/#\/schema\/person\/image\/","url":"https:\/\/secure.gravatar.com\/avatar\/45f3d2eebcccd909668d7ce7ea7267b6?s=96&d=mm&r=g","contentUrl":"https:\/\/secure.gravatar.com\/avatar\/45f3d2eebcccd909668d7ce7ea7267b6?s=96&d=mm&r=g","caption":"Benoit Charette"},"description":"Benoit Charette \/ Propri\u00e9taire et r\u00e9dacteur en chef Benoit Charette pratique le journalisme automobile depuis bient\u00f4t 30 ans. Il a fait ses classes au c\u00f4t\u00e9 de Daniel H\u00e9raud et au Carnet de route de 1992 \u00e0 2001. Il est fondateur, copropri\u00e9taire et r\u00e9dacteur en chef de L\u2019Annuel de l\u2019automobile, qu\u2019il publie depuis 2001. Il a anim\u00e9 les \u00e9missions RPM et RPM+ sur V et les L\u00e9gendes de la route sur Historia. \u00c0 la radio depuis 1986, il reprend l\u2019antenne cette ann\u00e9e sur les ondes de Cogeco et participe pour la deuxi\u00e8me ann\u00e9e \u00e0 l\u2019\u00e9mission Passion Auto sur RDS en plus de mettre en ligne le site Web officiel de L\u2019Annuel de l\u2019automobile sur annuelauto.ca.","sameAs":["https:\/\/annuelauto.ca\/"],"url":"https:\/\/news.canadamotorjobs.com\/fr\/author\/benoit-charette\/"}]}},"_links":{"self":[{"href":"https:\/\/news.canadamotorjobs.com\/fr\/wp-json\/wp\/v2\/posts\/162625"}],"collection":[{"href":"https:\/\/news.canadamotorjobs.com\/fr\/wp-json\/wp\/v2\/posts"}],"about":[{"href":"https:\/\/news.canadamotorjobs.com\/fr\/wp-json\/wp\/v2\/types\/post"}],"author":[{"embeddable":true,"href":"https:\/\/news.canadamotorjobs.com\/fr\/wp-json\/wp\/v2\/users\/8"}],"replies":[{"embeddable":true,"href":"https:\/\/news.canadamotorjobs.com\/fr\/wp-json\/wp\/v2\/comments?post=162625"}],"version-history":[{"count":2,"href":"https:\/\/news.canadamotorjobs.com\/fr\/wp-json\/wp\/v2\/posts\/162625\/revisions"}],"predecessor-version":[{"id":162629,"href":"https:\/\/news.canadamotorjobs.com\/fr\/wp-json\/wp\/v2\/posts\/162625\/revisions\/162629"}],"wp:featuredmedia":[{"embeddable":true,"href":"https:\/\/news.canadamotorjobs.com\/fr\/wp-json\/wp\/v2\/media\/162627"}],"wp:attachment":[{"href":"https:\/\/news.canadamotorjobs.com\/fr\/wp-json\/wp\/v2\/media?parent=162625"}],"wp:term":[{"taxonomy":"category","embeddable":true,"href":"https:\/\/news.canadamotorjobs.com\/fr\/wp-json\/wp\/v2\/categories?post=162625"},{"taxonomy":"post_tag","embeddable":true,"href":"https:\/\/news.canadamotorjobs.com\/fr\/wp-json\/wp\/v2\/tags?post=162625"}],"curies":[{"name":"wp","href":"https:\/\/api.w.org\/{rel}","templated":true}]}}