{"id":162548,"date":"2024-04-10T07:40:10","date_gmt":"2024-04-10T11:40:10","guid":{"rendered":"https:\/\/news.canadamotorjobs.com\/?p=162548"},"modified":"2024-04-10T07:44:49","modified_gmt":"2024-04-10T11:44:49","slug":"les-samedis-de-san-clemente-des-coups-de-coeur-a-la-douzaine","status":"publish","type":"post","link":"https:\/\/news.canadamotorjobs.com\/fr\/les-samedis-de-san-clemente-des-coups-de-coeur-a-la-douzaine\/","title":{"rendered":"Les samedis de San Clemente\u00a0: des coups de c\u0153ur \u00e0 la douzaine"},"content":{"rendered":"<\/p>\n<p>San Clemente, Californie \u2014 Tous les samedis, entre 8 h 30 et 11 h, se tient un rassemblement de voitures particulier dans le stationnement d\u2019un grand centre commercial de la ville de San Clemente, en Californie. J\u2019ai eu l\u2019occasion de d\u00e9couvrir l\u2019\u00e9v\u00e9nement au printemps de 2022, alors que je travaillais sur la collecte de photos et d\u2019informations pour le livre que j\u2019ai par la suite eu la chance de publier aux \u00e9ditions Saint-Jean, \u00ab\u2009Californie, le paradis des voitures anciennes\u2009\u00bb. Depuis, chaque fois que je me trouve dans la r\u00e9gion un samedi, je fais un d\u00e9tour par l\u2019endroit. Chaque semaine, on d\u00e9couvre des centaines de v\u00e9hicules sur place, des mod\u00e8les appartenant \u00e0 toutes les \u00e9poques, \u00e0 tous les styles\u2026 et \u00e0 toutes les fourchettes de prix.<\/p>\n<p>Lors de mon passage le 7 avril dernier, il y avait plus de 1000 v\u00e9hicules. \u00c0 midi, plus un chat. Il faut faire vite pour tout voir. N\u00e9anmoins, j\u2019ai eu le temps de photographier quelques centaines de bolides. En voici douze qui ont retenu mon attention, pour toutes sortes de raisons.<\/p>\n<h3><strong><em>Le pr\u00e9sent article est pr\u00e9sent\u00e9 en collaboration avec Fitzback Garage, sp\u00e9cialis\u00e9 dans la restauration d\u2019origine de voitures anciennes. Fiztback Garage est situ\u00e9 \u00e0 Sainte-Madeleine, en Mont\u00e9r\u00e9gie. <\/em><\/strong><\/h3>\n<p><\/p>\n<h3>1 \u2014 BMW\u00a02002 1974<\/h3>\n<p>\nSi vous \u00eates amateurs de BMW, la Californie est un endroit de pr\u00e9dilection pour d\u00e9nicher un exemplaire en bonne condition, en raison du climat bien s\u00fbr. Cette magnifique version\u00a02002 de 1974 \u00e9tait tout simplement magnifique\u2026 et \u00e0 vendre, au prix n\u00e9gociable de 20\u2009000\u00a0$ US.<\/p>\n<h3>2 \u2014 Volvo\u00a0P1800 1972<\/h3>\n<p>\nLes Volvo\u00a0P1800 ont la particularit\u00e9 de pr\u00e9senter des designs vraiment diff\u00e9rents pour leur \u00e9poque, ce qui les rend tr\u00e8s attrayantes aupr\u00e8s d\u2019acheteurs \u00e0 la recherche d\u2019une certaine diff\u00e9rence. J\u2019ai crois\u00e9 deux exemplaires en superbe condition \u00e0 San Clemente, dont ce mod\u00e8le\u00a01972.<\/p>\n<h3>3 \u2014 Mercedes-Benz\u00a0300D<\/h3>\n<p>\nLes Mercedes-Benz construites dans les ann\u00e9es 70 et 80 sont de v\u00e9ritables chars d\u2019assaut. En fait de qualit\u00e9 de construction, il est difficile de trouver mieux. Malheureusement, avec le temps, la rouille a eu la peau (la t\u00f4le, en v\u00e9rit\u00e9) de la plupart d\u2019entre elles au Qu\u00e9bec, mais lorsqu\u2019on arrive en Californie o\u00f9 \u00e0 l\u2019int\u00e9rieur d\u2019un climat propice \u00e0 la conservation des mod\u00e8les, on en retrouve \u00e0 la tonne. Il y en avait d\u2019ailleurs deux c\u00f4te \u00e0 c\u00f4te lors de ce rassemblement, dont cette familiale, toujours d\u2019origine, comme j\u2019ai pu le constater en l\u2019analysant d\u2019un peu plus pr\u00e8s<\/p>\n<h3>4 \u2014 Pontiac Trans Am\u00a01978<\/h3>\n<p>\nCe qu\u2019il s\u2019en est vendu des Pontiac Trans Am \u00e0 la suite de la sortie du film Smokey and the Bandit, mettant en vedette Burt Reynolds, Sally Field et Jackie Gleason. Lors de la premi\u00e8re ann\u00e9e apr\u00e8s la sortie du film, les ventes sont pass\u00e9es de 68\u2009745\u00a0unit\u00e9s (1977) \u00e0 93\u2009341 (1978). Elles ont \u00e9t\u00e9 encore plus spectaculaires en 1979, alors qu\u2019on vendait 117\u2009108\u00a0mod\u00e8les. Quel effet\u2009! Il est toujours agr\u00e9able de voir un exemplaire reproduisant celui utilis\u00e9 pour le film.<\/p>\n<h3>5 \u2014 Mercury Woody 4X4\u00a01947<\/h3>\n<p>\nParfois, certains v\u00e9hicules nous font \u00e9carquiller les yeux en raison de leur raret\u00e9. C\u2019est le cas de cette Mercury. Selon le propri\u00e9taire, cinq mod\u00e8les ont \u00e9t\u00e9 construits avec cette architecture 4X4 en 1947 et le mod\u00e8le photographi\u00e9 serait le seul qui a \u00e9t\u00e9 modifi\u00e9 pour le camping par la firme Coachcraft d\u2019Hollywood. Ce mod\u00e8le a \u00e9t\u00e9 construit pour un c\u00e9l\u00e8bre photographe \u00e0 l\u2019\u00e9poque et a m\u00eame \u00e9t\u00e9 le sujet d\u2019un article dans la revue Motor Trend, en 1952. Le propri\u00e9taire indique que son v\u00e9hicule ne sera JAMAIS \u00e0 vendre.<\/p>\n<h3>6 \u2014 Lamborghini Diablo<\/h3>\n<p>\nLe prix moyen d\u2019une maison dans la r\u00e9gion de San Clemente est d\u2019environ 1,5 \u00e0 2,0\u00a0millions\u00a0USD. Il n\u2019est donc pas surprenant de voir plusieurs bolides valant plusieurs centaines de milliers de dollars se pointer \u00e0 un rassemblement comme celui de San Clemente. Ainsi, il y a toujours plusieurs Lamborghini ou Ferrari, mais plus souvent des mod\u00e8les r\u00e9cents. La pr\u00e9sence de cette Diabo d\u00e9tonnait. Quelle couleur\u2009!<\/p>\n<h3>7 \u2014 Ford Mustang\u00a01966<\/h3>\n<p>\nUne simple Ford Mustang de 1966, toujours d\u2019origine, avec la facture originale qui nous rappelle que ce mod\u00e8le s\u2019\u00e9tait vendu 2486\u00a0$ US il y a pr\u00e8s de 60\u00a0ans.<\/p>\n<h3>8 \u2014 Frontenac\u00a01960<\/h3>\n<p>\nVoil\u00e0 sans aucun doute la grande surprise de cette visite \u00e0 San Clemente. Une Frontenac, la version canadienne de la Ford Falcon. La Frontenac a \u00e9t\u00e9 fabriqu\u00e9e une ann\u00e9e seulement, \u00e0 raison de 9536\u00a0exemplaires. Elle \u00e9tait offerte aux concessionnaires Mercury afin de permettre \u00e0 ces derniers d\u2019offrir une voiture d\u2019entr\u00e9e de gamme plus abordable. En 1961, on va simplement leur offrir la Mercury Comet qui \u00e9tait aussi propos\u00e9e aux \u00c9tats-Unis.<\/p>\n<h3>9 \u2014 Chrysler Town &amp; Country\u00a01969<\/h3>\n<p>\nOn craque ou l\u2019on ne craque pas pour les vieilles familiales recouvertes de panneaux de faux bois. Ceux qui me connaissent savent que je craque, juste un peu. Mieux, cet exemplaire \u00e9tait \u00e0 vendre, ce qui est suffisant pour rendre fou n\u2019importe quel amateur. Prix demand\u00e9\u00a0: 22\u2009500\u00a0$ US. Avis aux int\u00e9ress\u00e9s.<\/p>\n<h3>10 \u2014 Volkswagen Type\u00a02 1970<\/h3>\n<p>\nUn rassemblement de v\u00e9hicules anciens en Californie n\u2019est pas complet sans la pr\u00e9sence d\u2019un bus Volkswagen. Une fois de plus, il y en avait des dizaines sur place.<\/p>\n<h3>11 \u2014 Triumph\u00a0GT6+<\/h3>\n<p>\nLorsqu\u2019on pense aux vieilles Triumph chez nous, on a en t\u00eate les TR3 et TR6 de ce monde, des voitures magnifiques et uniques. Il est plus rare de croiser une GT6, ce coup\u00e9 aux lignes tr\u00e8s accrocheuses que la compagnie a propos\u00e9 de 1966 \u00e0 1973. Trois versions se sont succ\u00e9d\u00e9 en fait, soit Mark I, Mark\u00a0II, et Mark\u00a0III. La Mark\u00a0II a \u00e9t\u00e9 vendue sous le nom\u00a0GT6+ aux\u00a0\u00c9tats-Unis. Une pi\u00e8ce rare qui garantit la distinction.<\/p>\n<h3>12 \u2014 Chevrolet Impala\u00a01969 et 1968<\/h3>\n<p>\nLa mode des Low Rider a fait son chemin jusqu\u2019au Qu\u00e9bec, mais c\u2019est en Californie qu\u2019elle a vu le jour. Il ne faut donc pas se surprendre de voir plusieurs mod\u00e8les emprunter ce style l\u00e0-bas. La pr\u00e9sence de ces deux Chevrolet ne pouvait pas \u00eatre ignor\u00e9e lors de mon passage.<\/p>\n<p>\u00a0<\/p>\n<p>\u00a0<\/p>\n<p>\u00a0<\/p>\n<p>\u00a0<\/p>\n<p>Le texte <a rel=\"nofollow\" href=\"https:\/\/annuelauto.ca\/les-samedis-de-san-clemente-des-coups-de-coeur-a-la-douzaine\/\">Les samedis de San Clemente\u00a0: des coups de c\u0153ur \u00e0 la douzaine<\/a> provient de <a rel=\"nofollow\" href=\"https:\/\/annuelauto.ca\">L&#8217;annuel de l&#8217;automobile &#8211; Actualit\u00e9 automobile<\/a><\/p>\n<p><\/p>\n","protected":false},"excerpt":{"rendered":"<p>San Clemente, Californie \u2014 Tous les samedis, entre 8 h 30 et 11 h, se tient un rassemblement de voitures particulier dans le stationnement d\u2019un grand centre commercial de la ville de San Clemente, en Californie. J\u2019ai eu l\u2019occasion de d\u00e9couvrir l\u2019\u00e9v\u00e9nement au printemps de 2022, alors que je travaillais sur la collecte de photos [&hellip;]<\/p>\n","protected":false},"author":8,"featured_media":162550,"comment_status":"close","ping_status":"closed","sticky":false,"template":"","format":"standard","meta":{"_monsterinsights_skip_tracking":false,"_monsterinsights_sitenote_active":false,"_monsterinsights_sitenote_note":"","_monsterinsights_sitenote_category":0,"footnotes":""},"categories":[101],"tags":[],"yoast_head":"<!-- This site is optimized with the Yoast SEO plugin v23.2 - https:\/\/yoast.com\/wordpress\/plugins\/seo\/ -->\n<title>Les samedis de San Clemente\u00a0: des coups de c\u0153ur \u00e0 la douzaine - CanadaMotorJobs.com<\/title>\n<meta name=\"description\" content=\"Les samedis de San Clemente\u00a0: des coups de c\u0153ur \u00e0 la douzaine - Benoit Charette - Annuel automobile - CanadaMotorJobs.com.\" \/>\n<meta name=\"robots\" content=\"index, follow, max-snippet:-1, max-image-preview:large, max-video-preview:-1\" \/>\n<meta property=\"og:locale\" content=\"fr_CA\" \/>\n<meta property=\"og:type\" content=\"article\" \/>\n<meta property=\"og:title\" content=\"Les samedis de San Clemente\u00a0: des coups de c\u0153ur \u00e0 la douzaine - CanadaMotorJobs.com\" \/>\n<meta property=\"og:description\" content=\"Les samedis de San Clemente\u00a0: des coups de c\u0153ur \u00e0 la douzaine - Benoit Charette - Annuel automobile - CanadaMotorJobs.com.\" \/>\n<meta property=\"og:url\" content=\"https:\/\/news.canadamotorjobs.com\/fr\/les-samedis-de-san-clemente-des-coups-de-coeur-a-la-douzaine\/\" \/>\n<meta property=\"og:site_name\" content=\"CanadaMotorJobs.com\" \/>\n<meta property=\"article:publisher\" content=\"https:\/\/www.facebook.com\/canadamotorjobs\/\" \/>\n<meta property=\"article:published_time\" content=\"2024-04-10T11:40:10+00:00\" \/>\n<meta property=\"article:modified_time\" content=\"2024-04-10T11:44:49+00:00\" \/>\n<meta property=\"og:image\" content=\"https:\/\/news.canadamotorjobs.com\/wp-content\/uploads\/2024\/04\/6-Lamborghini-Diablo-1030x687.jpg\" \/>\n\t<meta property=\"og:image:width\" content=\"1030\" \/>\n\t<meta property=\"og:image:height\" content=\"687\" \/>\n\t<meta property=\"og:image:type\" content=\"image\/jpeg\" \/>\n<meta name=\"author\" content=\"Benoit Charette\" \/>\n<meta name=\"twitter:card\" content=\"summary_large_image\" \/>\n<meta name=\"twitter:creator\" content=\"@canadamotorjobs\" \/>\n<meta name=\"twitter:site\" content=\"@canadamotorjobs\" \/>\n<meta name=\"twitter:label1\" content=\"\u00c9crit par\" \/>\n\t<meta name=\"twitter:data1\" content=\"Benoit Charette\" \/>\n\t<meta name=\"twitter:label2\" content=\"Estimation du temps de lecture\" \/>\n\t<meta name=\"twitter:data2\" content=\"5 minutes\" \/>\n<!-- \/ Yoast SEO plugin. -->","yoast_head_json":{"title":"Les samedis de San Clemente\u00a0: des coups de c\u0153ur \u00e0 la douzaine - CanadaMotorJobs.com","description":"Les samedis de San Clemente\u00a0: des coups de c\u0153ur \u00e0 la douzaine - Benoit Charette - Annuel automobile - CanadaMotorJobs.com.","robots":{"index":"index","follow":"follow","max-snippet":"max-snippet:-1","max-image-preview":"max-image-preview:large","max-video-preview":"max-video-preview:-1"},"og_locale":"fr_CA","og_type":"article","og_title":"Les samedis de San Clemente\u00a0: des coups de c\u0153ur \u00e0 la douzaine - CanadaMotorJobs.com","og_description":"Les samedis de San Clemente\u00a0: des coups de c\u0153ur \u00e0 la douzaine - Benoit Charette - Annuel automobile - CanadaMotorJobs.com.","og_url":"https:\/\/news.canadamotorjobs.com\/fr\/les-samedis-de-san-clemente-des-coups-de-coeur-a-la-douzaine\/","og_site_name":"CanadaMotorJobs.com","article_publisher":"https:\/\/www.facebook.com\/canadamotorjobs\/","article_published_time":"2024-04-10T11:40:10+00:00","article_modified_time":"2024-04-10T11:44:49+00:00","og_image":[{"width":1030,"height":687,"url":"https:\/\/news.canadamotorjobs.com\/wp-content\/uploads\/2024\/04\/6-Lamborghini-Diablo-1030x687.jpg","type":"image\/jpeg"}],"author":"Benoit Charette","twitter_card":"summary_large_image","twitter_creator":"@canadamotorjobs","twitter_site":"@canadamotorjobs","twitter_misc":{"\u00c9crit par":"Benoit Charette","Estimation du temps de lecture":"5 minutes"},"schema":{"@context":"https:\/\/schema.org","@graph":[{"@type":"Article","@id":"https:\/\/news.canadamotorjobs.com\/fr\/les-samedis-de-san-clemente-des-coups-de-coeur-a-la-douzaine\/#article","isPartOf":{"@id":"https:\/\/news.canadamotorjobs.com\/fr\/les-samedis-de-san-clemente-des-coups-de-coeur-a-la-douzaine\/"},"author":{"name":"Benoit Charette","@id":"https:\/\/news.canadamotorjobs.com\/#\/schema\/person\/51793d1f87d44011d7bcc2ed99269a90"},"headline":"Les samedis de San Clemente\u00a0: des coups de c\u0153ur \u00e0 la douzaine","datePublished":"2024-04-10T11:40:10+00:00","dateModified":"2024-04-10T11:44:49+00:00","mainEntityOfPage":{"@id":"https:\/\/news.canadamotorjobs.com\/fr\/les-samedis-de-san-clemente-des-coups-de-coeur-a-la-douzaine\/"},"wordCount":1062,"publisher":{"@id":"https:\/\/news.canadamotorjobs.com\/#organization"},"image":{"@id":"https:\/\/news.canadamotorjobs.com\/fr\/les-samedis-de-san-clemente-des-coups-de-coeur-a-la-douzaine\/#primaryimage"},"thumbnailUrl":"https:\/\/news.canadamotorjobs.com\/wp-content\/uploads\/2024\/04\/6-Lamborghini-Diablo.jpg","articleSection":["Annuel automobile"],"inLanguage":"fr-CA"},{"@type":"WebPage","@id":"https:\/\/news.canadamotorjobs.com\/fr\/les-samedis-de-san-clemente-des-coups-de-coeur-a-la-douzaine\/","url":"https:\/\/news.canadamotorjobs.com\/fr\/les-samedis-de-san-clemente-des-coups-de-coeur-a-la-douzaine\/","name":"Les samedis de San Clemente\u00a0: des coups de c\u0153ur \u00e0 la douzaine - CanadaMotorJobs.com","isPartOf":{"@id":"https:\/\/news.canadamotorjobs.com\/#website"},"primaryImageOfPage":{"@id":"https:\/\/news.canadamotorjobs.com\/fr\/les-samedis-de-san-clemente-des-coups-de-coeur-a-la-douzaine\/#primaryimage"},"image":{"@id":"https:\/\/news.canadamotorjobs.com\/fr\/les-samedis-de-san-clemente-des-coups-de-coeur-a-la-douzaine\/#primaryimage"},"thumbnailUrl":"https:\/\/news.canadamotorjobs.com\/wp-content\/uploads\/2024\/04\/6-Lamborghini-Diablo.jpg","datePublished":"2024-04-10T11:40:10+00:00","dateModified":"2024-04-10T11:44:49+00:00","description":"Les samedis de San Clemente\u00a0: des coups de c\u0153ur \u00e0 la douzaine - Benoit Charette - Annuel automobile - CanadaMotorJobs.com.","breadcrumb":{"@id":"https:\/\/news.canadamotorjobs.com\/fr\/les-samedis-de-san-clemente-des-coups-de-coeur-a-la-douzaine\/#breadcrumb"},"inLanguage":"fr-CA","potentialAction":[{"@type":"ReadAction","target":["https:\/\/news.canadamotorjobs.com\/fr\/les-samedis-de-san-clemente-des-coups-de-coeur-a-la-douzaine\/"]}]},{"@type":"ImageObject","inLanguage":"fr-CA","@id":"https:\/\/news.canadamotorjobs.com\/fr\/les-samedis-de-san-clemente-des-coups-de-coeur-a-la-douzaine\/#primaryimage","url":"https:\/\/news.canadamotorjobs.com\/wp-content\/uploads\/2024\/04\/6-Lamborghini-Diablo.jpg","contentUrl":"https:\/\/news.canadamotorjobs.com\/wp-content\/uploads\/2024\/04\/6-Lamborghini-Diablo.jpg","width":2400,"height":1600},{"@type":"BreadcrumbList","@id":"https:\/\/news.canadamotorjobs.com\/fr\/les-samedis-de-san-clemente-des-coups-de-coeur-a-la-douzaine\/#breadcrumb","itemListElement":[{"@type":"ListItem","position":1,"name":"Home","item":"https:\/\/news.canadamotorjobs.com\/fr\/blog\/"},{"@type":"ListItem","position":2,"name":"Les samedis de San Clemente\u00a0: des coups de c\u0153ur \u00e0 la douzaine"}]},{"@type":"WebSite","@id":"https:\/\/news.canadamotorjobs.com\/#website","url":"https:\/\/news.canadamotorjobs.com\/","name":"CanadaMotorJobs.com","description":"Automotive Jobs","publisher":{"@id":"https:\/\/news.canadamotorjobs.com\/#organization"},"potentialAction":[{"@type":"SearchAction","target":{"@type":"EntryPoint","urlTemplate":"https:\/\/news.canadamotorjobs.com\/?s={search_term_string}"},"query-input":"required name=search_term_string"}],"inLanguage":"fr-CA"},{"@type":"Organization","@id":"https:\/\/news.canadamotorjobs.com\/#organization","name":"Canada Motor Jobs","url":"https:\/\/news.canadamotorjobs.com\/","logo":{"@type":"ImageObject","inLanguage":"fr-CA","@id":"https:\/\/news.canadamotorjobs.com\/#\/schema\/logo\/image\/","url":"https:\/\/news.canadamotorjobs.com\/wp-content\/uploads\/2022\/10\/logo-canada-motor-jobs-1.png","contentUrl":"https:\/\/news.canadamotorjobs.com\/wp-content\/uploads\/2022\/10\/logo-canada-motor-jobs-1.png","width":800,"height":400,"caption":"Canada Motor Jobs"},"image":{"@id":"https:\/\/news.canadamotorjobs.com\/#\/schema\/logo\/image\/"},"sameAs":["https:\/\/www.facebook.com\/canadamotorjobs\/","https:\/\/x.com\/canadamotorjobs","https:\/\/www.instagram.com\/canadamotorjobs\/","https:\/\/www.linkedin.com\/company\/canadamotorjobs"]},{"@type":"Person","@id":"https:\/\/news.canadamotorjobs.com\/#\/schema\/person\/51793d1f87d44011d7bcc2ed99269a90","name":"Benoit Charette","image":{"@type":"ImageObject","inLanguage":"fr-CA","@id":"https:\/\/news.canadamotorjobs.com\/#\/schema\/person\/image\/","url":"https:\/\/secure.gravatar.com\/avatar\/45f3d2eebcccd909668d7ce7ea7267b6?s=96&d=mm&r=g","contentUrl":"https:\/\/secure.gravatar.com\/avatar\/45f3d2eebcccd909668d7ce7ea7267b6?s=96&d=mm&r=g","caption":"Benoit Charette"},"description":"Benoit Charette \/ Propri\u00e9taire et r\u00e9dacteur en chef Benoit Charette pratique le journalisme automobile depuis bient\u00f4t 30 ans. Il a fait ses classes au c\u00f4t\u00e9 de Daniel H\u00e9raud et au Carnet de route de 1992 \u00e0 2001. Il est fondateur, copropri\u00e9taire et r\u00e9dacteur en chef de L\u2019Annuel de l\u2019automobile, qu\u2019il publie depuis 2001. Il a anim\u00e9 les \u00e9missions RPM et RPM+ sur V et les L\u00e9gendes de la route sur Historia. \u00c0 la radio depuis 1986, il reprend l\u2019antenne cette ann\u00e9e sur les ondes de Cogeco et participe pour la deuxi\u00e8me ann\u00e9e \u00e0 l\u2019\u00e9mission Passion Auto sur RDS en plus de mettre en ligne le site Web officiel de L\u2019Annuel de l\u2019automobile sur annuelauto.ca.","sameAs":["https:\/\/annuelauto.ca\/"],"url":"https:\/\/news.canadamotorjobs.com\/fr\/author\/benoit-charette\/"}]}},"_links":{"self":[{"href":"https:\/\/news.canadamotorjobs.com\/fr\/wp-json\/wp\/v2\/posts\/162548"}],"collection":[{"href":"https:\/\/news.canadamotorjobs.com\/fr\/wp-json\/wp\/v2\/posts"}],"about":[{"href":"https:\/\/news.canadamotorjobs.com\/fr\/wp-json\/wp\/v2\/types\/post"}],"author":[{"embeddable":true,"href":"https:\/\/news.canadamotorjobs.com\/fr\/wp-json\/wp\/v2\/users\/8"}],"replies":[{"embeddable":true,"href":"https:\/\/news.canadamotorjobs.com\/fr\/wp-json\/wp\/v2\/comments?post=162548"}],"version-history":[{"count":2,"href":"https:\/\/news.canadamotorjobs.com\/fr\/wp-json\/wp\/v2\/posts\/162548\/revisions"}],"predecessor-version":[{"id":162552,"href":"https:\/\/news.canadamotorjobs.com\/fr\/wp-json\/wp\/v2\/posts\/162548\/revisions\/162552"}],"wp:featuredmedia":[{"embeddable":true,"href":"https:\/\/news.canadamotorjobs.com\/fr\/wp-json\/wp\/v2\/media\/162550"}],"wp:attachment":[{"href":"https:\/\/news.canadamotorjobs.com\/fr\/wp-json\/wp\/v2\/media?parent=162548"}],"wp:term":[{"taxonomy":"category","embeddable":true,"href":"https:\/\/news.canadamotorjobs.com\/fr\/wp-json\/wp\/v2\/categories?post=162548"},{"taxonomy":"post_tag","embeddable":true,"href":"https:\/\/news.canadamotorjobs.com\/fr\/wp-json\/wp\/v2\/tags?post=162548"}],"curies":[{"name":"wp","href":"https:\/\/api.w.org\/{rel}","templated":true}]}}