{"id":162506,"date":"2024-04-09T21:38:32","date_gmt":"2024-04-10T01:38:32","guid":{"rendered":"https:\/\/news.canadamotorjobs.com\/?p=162506"},"modified":"2024-04-09T22:02:33","modified_gmt":"2024-04-10T02:02:33","slug":"paolo-pininfarina-grand-patron-de-pininfarina-s-p-a-meurt-a-65-ans","status":"publish","type":"post","link":"https:\/\/news.canadamotorjobs.com\/fr\/paolo-pininfarina-grand-patron-de-pininfarina-s-p-a-meurt-a-65-ans\/","title":{"rendered":"Paolo Pininfarina, grand patron de Pininfarina S.p.A., meurt \u00e0 65\u00a0ans"},"content":{"rendered":"<\/p>\n<p>Paolo Pininfarina n\u2019est plus. Le pr\u00e9sident du Groupe <a href=\"https:\/\/annuelauto.ca\/la-soufflerie-de-pininfarina-celebre-ses-50-ans\/\" target=\"_blank\" rel=\"noopener noreferrer\">Pininfarina<\/a> est d\u00e9c\u00e9d\u00e9 aujourd&#8217;hui \u00e0 Turin, \u00e0 l&#8217;\u00e2ge de 65 ans. La presse italienne nous apprend qu\u2019il \u00e9tait malade depuis un certain temps. Jusqu\u2019\u00e0 la fin, il a \u00e9t\u00e9 entour\u00e9 de son \u00e9pouse Ilaria, de ses cinq enfants Greta, Giovanni, Iole, Tullio et Giulia, et de sa m\u00e8re Giorgia Gianolio.<\/p>\n<p>Paolo Pininfarina est n\u00e9 \u00e0 Turin, le 28 ao\u00fbt 1958. Il a obtenu un dipl\u00f4me en g\u00e9nie m\u00e9canique \u00e0 l&#8217;Universit\u00e9 Polytechnique de Turin, en 1982. L\u2019ann\u00e9e suivante, il effectue des stages chez de grands constructeurs\u00a0: d\u2019abord chez <a href=\"https:\/\/annuelauto.ca\/lheure-de-la-redemption-est-elle-arrivee-pour-cadillac\/\" target=\"_blank\" rel=\"noopener noreferrer\">Cadillac<\/a>, \u00e0 D\u00e9troit, puis chez <a href=\"https:\/\/annuelauto.ca\/honda-envisage-de-construire-une-nouvelle-usine-de-ves-de-18-milliard-a-alliston-en-ontario\/\" target=\"_blank\" rel=\"noopener noreferrer\">Honda<\/a>, au Japon.<\/p>\n<p>De 1984 \u00e0 1986, il est responsable de la qualit\u00e9 et de la fiabilit\u00e9 du programme Allant\u00e9 pour Cadillac. Puis, de 1987 \u00e0 1989, il dirige le programme Engineering GM\u00a0200 chez General Motors, qui a men\u00e9 au trio Chevrolet Lumina\u00a0APV, Oldsmobile Silhouette et Pontiac Trans Sport, un trio de fourgonnettes caract\u00e9ris\u00e9 par leur carrosserie en mati\u00e8re synth\u00e9tique et un design plut\u00f4t discutable.<\/p>\n<p>En 1987, il devient pr\u00e9sident-directeur g\u00e9n\u00e9ral de <a href=\"https:\/\/annuelauto.ca\/turquie-togg-lance-le-t10x-son-premier-modele-de-serie\/\" target=\"_blank\" rel=\"noopener noreferrer\">Pininfarina<\/a> Extra S.p.A., une filiale du groupe sp\u00e9cialis\u00e9e dans le design industriel, le mobilier, l&#8217;architecture, le design nautique et a\u00e9ronautique.<\/p>\n<p>L\u2019ann\u00e9e suivante, il devient membre du conseil d&#8217;administration du groupe et, en 2002, membre du comit\u00e9 de direction de Pininfarina S.p.A., la soci\u00e9t\u00e9 m\u00e8re. En 2006, il devient vice-pr\u00e9sident de cette derni\u00e8re et, deux ans plus tard, il en devient le pr\u00e9sident \u00e0 la suite du d\u00e9c\u00e8s soudain de son fr\u00e8re Andrea.<\/p>\n<p>Parmi les nombreux chefs-d\u2019\u0153uvre du secteur automobile dont il a personnellement supervis\u00e9 la cr\u00e9ation, deux lui tenaient tout particuli\u00e8rement \u00e0 c\u0153ur, sans doute \u00e0 cause de liens \u00e9vidents les unissant \u00e0 sa famille. La premi\u00e8re est la voiture-concept Sergio, une barquette biplace \u00e0 m\u00e9canique Ferrari cr\u00e9\u00e9e par Paolo, en 2013, \u00e0 la m\u00e9moire de son p\u00e8re, Sergio. La seconde, la Battista, est un bolide \u00e9lectrique de s\u00e9rie qui porte le nom de son grand-p\u00e8re, qui a fond\u00e9 Carrozzeria Pinin Farina en 1930. Paolo l\u2019avait d\u00e9voil\u00e9 en personne au Salon de l\u2019auto de Gen\u00e8ve, en 2019.<\/p>\n<p>Dans un \u00e9loge \u00e9crit pour son p\u00e8re, Sergio, au moment de son d\u00e9c\u00e8s, en juillet 2012, Paolo affirmait\u00a0: \u00ab\u00a0Pininfarina ne s&#8217;arr\u00eate pas l\u00e0, mais envisage l&#8217;avenir avec confiance en se concentrant sur ce qu&#8217;elle fait de mieux\u00a0: le design automobile, le design industriel, l&#8217;ing\u00e9nierie, la recherche sur la mobilit\u00e9 durable, le prototypage et les mod\u00e8les sur mesure. Notre objectif premier, le mien et celui de la direction, est d&#8217;assurer la continuit\u00e9 de l&#8217;entreprise et un emploi \u00e0 nos collaborateurs. Je pense qu&#8217;il n&#8217;y a pas de meilleure fa\u00e7on d&#8217;honorer la m\u00e9moire de mon P\u00e8re.\u00a0\u00bb Parions qu\u2019aujourd\u2019hui, son successeur \u00e0 la direction de Pininfarina partage la m\u00eame pens\u00e9e \u00e0 son \u00e9gard.<\/p>\n<p><em>Photos : Pininfarina<\/em><\/p>\n<p>Le texte <a rel=\"nofollow\" href=\"https:\/\/annuelauto.ca\/paolo-pininfarina-grand-patron-de-pininfarina-s-p-a-meurt-a-65-ans\/\">Paolo Pininfarina, grand patron de Pininfarina S.p.A., meurt \u00e0 65\u00a0ans<\/a> provient de <a rel=\"nofollow\" href=\"https:\/\/annuelauto.ca\">L&#8217;annuel de l&#8217;automobile &#8211; Actualit\u00e9 automobile<\/a><\/p>\n<p><\/p>\n","protected":false},"excerpt":{"rendered":"<p>Paolo Pininfarina n\u2019est plus. Le pr\u00e9sident du Groupe Pininfarina est d\u00e9c\u00e9d\u00e9 aujourd&#8217;hui \u00e0 Turin, \u00e0 l&#8217;\u00e2ge de 65 ans. La presse italienne nous apprend qu\u2019il \u00e9tait malade depuis un certain temps. Jusqu\u2019\u00e0 la fin, il a \u00e9t\u00e9 entour\u00e9 de son \u00e9pouse Ilaria, de ses cinq enfants Greta, Giovanni, Iole, Tullio et Giulia, et de sa [&hellip;]<\/p>\n","protected":false},"author":8,"featured_media":162508,"comment_status":"close","ping_status":"closed","sticky":false,"template":"","format":"standard","meta":{"_monsterinsights_skip_tracking":false,"_monsterinsights_sitenote_active":false,"_monsterinsights_sitenote_note":"","_monsterinsights_sitenote_category":0,"footnotes":""},"categories":[101],"tags":[],"yoast_head":"<!-- This site is optimized with the Yoast SEO plugin v23.2 - https:\/\/yoast.com\/wordpress\/plugins\/seo\/ -->\n<title>Paolo Pininfarina, grand patron de Pininfarina S.p.A., meurt \u00e0 65\u00a0ans - CanadaMotorJobs.com<\/title>\n<meta name=\"description\" content=\"Paolo Pininfarina, grand patron de Pininfarina S.p.A., meurt \u00e0 65\u00a0ans - Benoit Charette - Annuel automobile - CanadaMotorJobs.com.\" \/>\n<meta name=\"robots\" content=\"index, follow, max-snippet:-1, max-image-preview:large, max-video-preview:-1\" \/>\n<meta property=\"og:locale\" content=\"fr_CA\" \/>\n<meta property=\"og:type\" content=\"article\" \/>\n<meta property=\"og:title\" content=\"Paolo Pininfarina, grand patron de Pininfarina S.p.A., meurt \u00e0 65\u00a0ans - CanadaMotorJobs.com\" \/>\n<meta property=\"og:description\" content=\"Paolo Pininfarina, grand patron de Pininfarina S.p.A., meurt \u00e0 65\u00a0ans - Benoit Charette - Annuel automobile - CanadaMotorJobs.com.\" \/>\n<meta property=\"og:url\" content=\"https:\/\/news.canadamotorjobs.com\/fr\/paolo-pininfarina-grand-patron-de-pininfarina-s-p-a-meurt-a-65-ans\/\" \/>\n<meta property=\"og:site_name\" content=\"CanadaMotorJobs.com\" \/>\n<meta property=\"article:publisher\" content=\"https:\/\/www.facebook.com\/canadamotorjobs\/\" \/>\n<meta property=\"article:published_time\" content=\"2024-04-10T01:38:32+00:00\" \/>\n<meta property=\"article:modified_time\" content=\"2024-04-10T02:02:33+00:00\" \/>\n<meta property=\"og:image\" content=\"https:\/\/news.canadamotorjobs.com\/wp-content\/uploads\/2024\/04\/Paolo-Pininfarina-1.jpg\" \/>\n\t<meta property=\"og:image:width\" content=\"1024\" \/>\n\t<meta property=\"og:image:height\" content=\"683\" \/>\n\t<meta property=\"og:image:type\" content=\"image\/jpeg\" \/>\n<meta name=\"author\" content=\"Benoit Charette\" \/>\n<meta name=\"twitter:card\" content=\"summary_large_image\" \/>\n<meta name=\"twitter:creator\" content=\"@canadamotorjobs\" \/>\n<meta name=\"twitter:site\" content=\"@canadamotorjobs\" \/>\n<meta name=\"twitter:label1\" content=\"\u00c9crit par\" \/>\n\t<meta name=\"twitter:data1\" content=\"Benoit Charette\" \/>\n\t<meta name=\"twitter:label2\" content=\"Estimation du temps de lecture\" \/>\n\t<meta name=\"twitter:data2\" content=\"3 minutes\" \/>\n<!-- \/ Yoast SEO plugin. -->","yoast_head_json":{"title":"Paolo Pininfarina, grand patron de Pininfarina S.p.A., meurt \u00e0 65\u00a0ans - CanadaMotorJobs.com","description":"Paolo Pininfarina, grand patron de Pininfarina S.p.A., meurt \u00e0 65\u00a0ans - Benoit Charette - Annuel automobile - CanadaMotorJobs.com.","robots":{"index":"index","follow":"follow","max-snippet":"max-snippet:-1","max-image-preview":"max-image-preview:large","max-video-preview":"max-video-preview:-1"},"og_locale":"fr_CA","og_type":"article","og_title":"Paolo Pininfarina, grand patron de Pininfarina S.p.A., meurt \u00e0 65\u00a0ans - CanadaMotorJobs.com","og_description":"Paolo Pininfarina, grand patron de Pininfarina S.p.A., meurt \u00e0 65\u00a0ans - Benoit Charette - Annuel automobile - CanadaMotorJobs.com.","og_url":"https:\/\/news.canadamotorjobs.com\/fr\/paolo-pininfarina-grand-patron-de-pininfarina-s-p-a-meurt-a-65-ans\/","og_site_name":"CanadaMotorJobs.com","article_publisher":"https:\/\/www.facebook.com\/canadamotorjobs\/","article_published_time":"2024-04-10T01:38:32+00:00","article_modified_time":"2024-04-10T02:02:33+00:00","og_image":[{"width":1024,"height":683,"url":"https:\/\/news.canadamotorjobs.com\/wp-content\/uploads\/2024\/04\/Paolo-Pininfarina-1.jpg","type":"image\/jpeg"}],"author":"Benoit Charette","twitter_card":"summary_large_image","twitter_creator":"@canadamotorjobs","twitter_site":"@canadamotorjobs","twitter_misc":{"\u00c9crit par":"Benoit Charette","Estimation du temps de lecture":"3 minutes"},"schema":{"@context":"https:\/\/schema.org","@graph":[{"@type":"Article","@id":"https:\/\/news.canadamotorjobs.com\/fr\/paolo-pininfarina-grand-patron-de-pininfarina-s-p-a-meurt-a-65-ans\/#article","isPartOf":{"@id":"https:\/\/news.canadamotorjobs.com\/fr\/paolo-pininfarina-grand-patron-de-pininfarina-s-p-a-meurt-a-65-ans\/"},"author":{"name":"Benoit Charette","@id":"https:\/\/news.canadamotorjobs.com\/#\/schema\/person\/51793d1f87d44011d7bcc2ed99269a90"},"headline":"Paolo Pininfarina, grand patron de Pininfarina S.p.A., meurt \u00e0 65\u00a0ans","datePublished":"2024-04-10T01:38:32+00:00","dateModified":"2024-04-10T02:02:33+00:00","mainEntityOfPage":{"@id":"https:\/\/news.canadamotorjobs.com\/fr\/paolo-pininfarina-grand-patron-de-pininfarina-s-p-a-meurt-a-65-ans\/"},"wordCount":535,"publisher":{"@id":"https:\/\/news.canadamotorjobs.com\/#organization"},"image":{"@id":"https:\/\/news.canadamotorjobs.com\/fr\/paolo-pininfarina-grand-patron-de-pininfarina-s-p-a-meurt-a-65-ans\/#primaryimage"},"thumbnailUrl":"https:\/\/news.canadamotorjobs.com\/wp-content\/uploads\/2024\/04\/Paolo-Pininfarina-1.jpg","articleSection":["Annuel automobile"],"inLanguage":"fr-CA"},{"@type":"WebPage","@id":"https:\/\/news.canadamotorjobs.com\/fr\/paolo-pininfarina-grand-patron-de-pininfarina-s-p-a-meurt-a-65-ans\/","url":"https:\/\/news.canadamotorjobs.com\/fr\/paolo-pininfarina-grand-patron-de-pininfarina-s-p-a-meurt-a-65-ans\/","name":"Paolo Pininfarina, grand patron de Pininfarina S.p.A., meurt \u00e0 65\u00a0ans - CanadaMotorJobs.com","isPartOf":{"@id":"https:\/\/news.canadamotorjobs.com\/#website"},"primaryImageOfPage":{"@id":"https:\/\/news.canadamotorjobs.com\/fr\/paolo-pininfarina-grand-patron-de-pininfarina-s-p-a-meurt-a-65-ans\/#primaryimage"},"image":{"@id":"https:\/\/news.canadamotorjobs.com\/fr\/paolo-pininfarina-grand-patron-de-pininfarina-s-p-a-meurt-a-65-ans\/#primaryimage"},"thumbnailUrl":"https:\/\/news.canadamotorjobs.com\/wp-content\/uploads\/2024\/04\/Paolo-Pininfarina-1.jpg","datePublished":"2024-04-10T01:38:32+00:00","dateModified":"2024-04-10T02:02:33+00:00","description":"Paolo Pininfarina, grand patron de Pininfarina S.p.A., meurt \u00e0 65\u00a0ans - Benoit Charette - Annuel automobile - CanadaMotorJobs.com.","breadcrumb":{"@id":"https:\/\/news.canadamotorjobs.com\/fr\/paolo-pininfarina-grand-patron-de-pininfarina-s-p-a-meurt-a-65-ans\/#breadcrumb"},"inLanguage":"fr-CA","potentialAction":[{"@type":"ReadAction","target":["https:\/\/news.canadamotorjobs.com\/fr\/paolo-pininfarina-grand-patron-de-pininfarina-s-p-a-meurt-a-65-ans\/"]}]},{"@type":"ImageObject","inLanguage":"fr-CA","@id":"https:\/\/news.canadamotorjobs.com\/fr\/paolo-pininfarina-grand-patron-de-pininfarina-s-p-a-meurt-a-65-ans\/#primaryimage","url":"https:\/\/news.canadamotorjobs.com\/wp-content\/uploads\/2024\/04\/Paolo-Pininfarina-1.jpg","contentUrl":"https:\/\/news.canadamotorjobs.com\/wp-content\/uploads\/2024\/04\/Paolo-Pininfarina-1.jpg","width":1024,"height":683},{"@type":"BreadcrumbList","@id":"https:\/\/news.canadamotorjobs.com\/fr\/paolo-pininfarina-grand-patron-de-pininfarina-s-p-a-meurt-a-65-ans\/#breadcrumb","itemListElement":[{"@type":"ListItem","position":1,"name":"Home","item":"https:\/\/news.canadamotorjobs.com\/fr\/blog\/"},{"@type":"ListItem","position":2,"name":"Paolo Pininfarina, grand patron de Pininfarina S.p.A., meurt \u00e0 65\u00a0ans"}]},{"@type":"WebSite","@id":"https:\/\/news.canadamotorjobs.com\/#website","url":"https:\/\/news.canadamotorjobs.com\/","name":"CanadaMotorJobs.com","description":"Automotive Jobs","publisher":{"@id":"https:\/\/news.canadamotorjobs.com\/#organization"},"potentialAction":[{"@type":"SearchAction","target":{"@type":"EntryPoint","urlTemplate":"https:\/\/news.canadamotorjobs.com\/?s={search_term_string}"},"query-input":"required name=search_term_string"}],"inLanguage":"fr-CA"},{"@type":"Organization","@id":"https:\/\/news.canadamotorjobs.com\/#organization","name":"Canada Motor Jobs","url":"https:\/\/news.canadamotorjobs.com\/","logo":{"@type":"ImageObject","inLanguage":"fr-CA","@id":"https:\/\/news.canadamotorjobs.com\/#\/schema\/logo\/image\/","url":"https:\/\/news.canadamotorjobs.com\/wp-content\/uploads\/2022\/10\/logo-canada-motor-jobs-1.png","contentUrl":"https:\/\/news.canadamotorjobs.com\/wp-content\/uploads\/2022\/10\/logo-canada-motor-jobs-1.png","width":800,"height":400,"caption":"Canada Motor Jobs"},"image":{"@id":"https:\/\/news.canadamotorjobs.com\/#\/schema\/logo\/image\/"},"sameAs":["https:\/\/www.facebook.com\/canadamotorjobs\/","https:\/\/x.com\/canadamotorjobs","https:\/\/www.instagram.com\/canadamotorjobs\/","https:\/\/www.linkedin.com\/company\/canadamotorjobs"]},{"@type":"Person","@id":"https:\/\/news.canadamotorjobs.com\/#\/schema\/person\/51793d1f87d44011d7bcc2ed99269a90","name":"Benoit Charette","image":{"@type":"ImageObject","inLanguage":"fr-CA","@id":"https:\/\/news.canadamotorjobs.com\/#\/schema\/person\/image\/","url":"https:\/\/secure.gravatar.com\/avatar\/45f3d2eebcccd909668d7ce7ea7267b6?s=96&d=mm&r=g","contentUrl":"https:\/\/secure.gravatar.com\/avatar\/45f3d2eebcccd909668d7ce7ea7267b6?s=96&d=mm&r=g","caption":"Benoit Charette"},"description":"Benoit Charette \/ Propri\u00e9taire et r\u00e9dacteur en chef Benoit Charette pratique le journalisme automobile depuis bient\u00f4t 30 ans. Il a fait ses classes au c\u00f4t\u00e9 de Daniel H\u00e9raud et au Carnet de route de 1992 \u00e0 2001. Il est fondateur, copropri\u00e9taire et r\u00e9dacteur en chef de L\u2019Annuel de l\u2019automobile, qu\u2019il publie depuis 2001. Il a anim\u00e9 les \u00e9missions RPM et RPM+ sur V et les L\u00e9gendes de la route sur Historia. \u00c0 la radio depuis 1986, il reprend l\u2019antenne cette ann\u00e9e sur les ondes de Cogeco et participe pour la deuxi\u00e8me ann\u00e9e \u00e0 l\u2019\u00e9mission Passion Auto sur RDS en plus de mettre en ligne le site Web officiel de L\u2019Annuel de l\u2019automobile sur annuelauto.ca.","sameAs":["https:\/\/annuelauto.ca\/"],"url":"https:\/\/news.canadamotorjobs.com\/fr\/author\/benoit-charette\/"}]}},"_links":{"self":[{"href":"https:\/\/news.canadamotorjobs.com\/fr\/wp-json\/wp\/v2\/posts\/162506"}],"collection":[{"href":"https:\/\/news.canadamotorjobs.com\/fr\/wp-json\/wp\/v2\/posts"}],"about":[{"href":"https:\/\/news.canadamotorjobs.com\/fr\/wp-json\/wp\/v2\/types\/post"}],"author":[{"embeddable":true,"href":"https:\/\/news.canadamotorjobs.com\/fr\/wp-json\/wp\/v2\/users\/8"}],"replies":[{"embeddable":true,"href":"https:\/\/news.canadamotorjobs.com\/fr\/wp-json\/wp\/v2\/comments?post=162506"}],"version-history":[{"count":2,"href":"https:\/\/news.canadamotorjobs.com\/fr\/wp-json\/wp\/v2\/posts\/162506\/revisions"}],"predecessor-version":[{"id":162510,"href":"https:\/\/news.canadamotorjobs.com\/fr\/wp-json\/wp\/v2\/posts\/162506\/revisions\/162510"}],"wp:featuredmedia":[{"embeddable":true,"href":"https:\/\/news.canadamotorjobs.com\/fr\/wp-json\/wp\/v2\/media\/162508"}],"wp:attachment":[{"href":"https:\/\/news.canadamotorjobs.com\/fr\/wp-json\/wp\/v2\/media?parent=162506"}],"wp:term":[{"taxonomy":"category","embeddable":true,"href":"https:\/\/news.canadamotorjobs.com\/fr\/wp-json\/wp\/v2\/categories?post=162506"},{"taxonomy":"post_tag","embeddable":true,"href":"https:\/\/news.canadamotorjobs.com\/fr\/wp-json\/wp\/v2\/tags?post=162506"}],"curies":[{"name":"wp","href":"https:\/\/api.w.org\/{rel}","templated":true}]}}