{"id":162460,"date":"2024-04-09T11:08:12","date_gmt":"2024-04-09T15:08:12","guid":{"rendered":"https:\/\/news.canadamotorjobs.com\/?p=162460"},"modified":"2024-04-09T11:20:57","modified_gmt":"2024-04-09T15:20:57","slug":"une-cure-de-rajeunissement-pour-les-audi-s3-et-rs3-2025","status":"publish","type":"post","link":"https:\/\/news.canadamotorjobs.com\/fr\/une-cure-de-rajeunissement-pour-les-audi-s3-et-rs3-2025\/","title":{"rendered":"Une cure de rajeunissement pour les Audi S3 et RS3 2025"},"content":{"rendered":"<\/p>\n<p>Les mod\u00e8les Audi S3 sont quelque peu remani\u00e9s \u00e0 l&#8217;occasion de son rafra\u00eechissement de mi-cycle, et c&#8217;est une excellente nouvelle pour tous ceux qui souhaitent que cette berline sportive soit plus performante. Nous sommes tr\u00e8s heureux d\u2019accueillir la RS3 en sol canadien.<\/p>\n<h3>Audi S3: look plus sportif et plus de chevaux<\/h3>\n<p>\n<a href=\"https:\/\/annuelauto.ca\/la-derniere-audi-r8-a-ete-produite\/\">\u00c7a bouge<\/a>, chez Audi. Ceux qui ont les poches assez profondes pour se payer le mod\u00e8le RS3 profiteront de l&#8217;ajout du Torque Splitter de la RS3, qui permet de b\u00e9n\u00e9ficier d&#8217;un v\u00e9ritable vecteur de couple sur l&#8217;essieu arri\u00e8re. De plus, la S3 b\u00e9n\u00e9ficie d&#8217;une augmentation de puissance de son quatre cylindres turbo de 2,0 litres. Il d\u00e9veloppe d\u00e9sormais 328 chevaux et 310 livres-pieds de couple, soit des augmentations respectives de 23 chevaux et 15 lb-pi de couple. Le temps de 0 \u00e0 100 km\/h passe \u00e0 4,7 secondes. Audi affirme que ces performances accrues sont le fruit d&#8217;une r\u00e9vision des r\u00e9glages du moteur et de la transmission.<\/p>\n<p>Nouveau mode de conduiteIl existe \u00e9galement un nouveau mode de conduite &#8220;Dynamic Plus&#8221; qui maximise le couple d&#8217;entra\u00eenement vers l&#8217;essieu arri\u00e8re et offre les r\u00e9glages les plus agressifs pour que le Torque Splitter induise une rotation. Autrement dit,\u00a0: vous avez un mode de d\u00e9rapage contr\u00f4l\u00e9.<\/p>\n<h3>Et le ch\u00e2ssis ?<\/h3>\n<p>\nEn ce qui concerne les am\u00e9liorations apport\u00e9es au ch\u00e2ssis, la S3 est \u00e9quip\u00e9e de roulements plus rigides, de nouveaux roulements de pivot (pour un carrossage plus neutre des roues), d&#8217;un rapport de direction progressif optimis\u00e9, d&#8217;un syst\u00e8me de suspension adaptative r\u00e9ajust\u00e9 pour mieux s&#8217;adapter \u00e0 l&#8217;action du Torque Splitter et d&#8217;un nouveau syst\u00e8me de contr\u00f4le de la stabilit\u00e9. Des freins plus grands \u00e9quipent toutes les nouvelles S3, et des pneus plus collants enveloppant des jantes de 19 pouces font \u00e9galement leur apparition dans la gamme.<\/p>\n<h3>Audi S3 de l\u2019ext\u00e9rieur<\/h3>\n<p>\nLes am\u00e9liorations ext\u00e9rieures de l&#8217;Audi S3 sont les m\u00eames que celles de l&#8217;A3 d\u00e9j\u00e0 d\u00e9voil\u00e9e, mais en plus sportif. Elle re\u00e7oit une nouvelle calandre, de nouveaux pare-chocs, une nouvelle sortie d&#8217;\u00e9chappement et de nouvelles couleurs. Les phares, tout comme ceux de l&#8217;A3, sont \u00e9galement personnalisables et offrent quatre signatures lumineuses diff\u00e9rentes. Certaines couleurs sont particuli\u00e8rement int\u00e9ressantes : Audi ajoute le vert District, le bleu Ascari, le rouge Progressive et le gris Daytona Matte aux options de finition.<\/p>\n<h3>Audi S3 de l\u2019int\u00e9rieur<\/h3>\n<p>\nL&#8217;int\u00e9rieur de l&#8217;Audi S3 suit \u00e9galement les \u00e9volutions de l&#8217;A3. Il re\u00e7oit un nouveau design de levier de vitesse, de nouvelles bouches d&#8217;a\u00e9ration, un \u00e9clairage d&#8217;ambiance beaucoup plus important, davantage de ports USB-C et un chargeur de t\u00e9l\u00e9phone sans fil. Nous devrons attendre les d\u00e9tails sp\u00e9cifiques pour le Canada en ce qui concerne le prix et la date exacte de mise en vente, mais attendez-vous \u00e0 ce que cela se rapproche de son lancement pour l&#8217;ann\u00e9e-mod\u00e8le 2025.<\/p>\n<p>\u00a0<\/p>\n<p>Source: Audi<\/p>\n<p>Le texte <a rel=\"nofollow\" href=\"https:\/\/annuelauto.ca\/une-cure-de-rajeunissement-pour-laudi-s3-et-rs3-2025\/\">Une cure de rajeunissement pour les Audi S3 et RS3 2025<\/a> provient de <a rel=\"nofollow\" href=\"https:\/\/annuelauto.ca\">L&#8217;annuel de l&#8217;automobile &#8211; Actualit\u00e9 automobile<\/a><\/p>\n<p><\/p>\n","protected":false},"excerpt":{"rendered":"<p>Les mod\u00e8les Audi S3 sont quelque peu remani\u00e9s \u00e0 l&#8217;occasion de son rafra\u00eechissement de mi-cycle, et c&#8217;est une excellente nouvelle pour tous ceux qui souhaitent que cette berline sportive soit plus performante. Nous sommes tr\u00e8s heureux d\u2019accueillir la RS3 en sol canadien. Audi S3: look plus sportif et plus de chevaux \u00c7a bouge, chez Audi. [&hellip;]<\/p>\n","protected":false},"author":8,"featured_media":162462,"comment_status":"close","ping_status":"closed","sticky":false,"template":"","format":"standard","meta":{"_monsterinsights_skip_tracking":false,"_monsterinsights_sitenote_active":false,"_monsterinsights_sitenote_note":"","_monsterinsights_sitenote_category":0,"footnotes":""},"categories":[101],"tags":[],"yoast_head":"<!-- This site is optimized with the Yoast SEO plugin v23.2 - https:\/\/yoast.com\/wordpress\/plugins\/seo\/ -->\n<title>Une cure de rajeunissement pour les Audi S3 et RS3 2025 - CanadaMotorJobs.com<\/title>\n<meta name=\"description\" content=\"Une cure de rajeunissement pour les Audi S3 et RS3 2025 - Benoit Charette - Annuel automobile - CanadaMotorJobs.com.\" \/>\n<meta name=\"robots\" content=\"index, follow, max-snippet:-1, max-image-preview:large, max-video-preview:-1\" \/>\n<meta property=\"og:locale\" content=\"fr_CA\" \/>\n<meta property=\"og:type\" content=\"article\" \/>\n<meta property=\"og:title\" content=\"Une cure de rajeunissement pour les Audi S3 et RS3 2025 - CanadaMotorJobs.com\" \/>\n<meta property=\"og:description\" content=\"Une cure de rajeunissement pour les Audi S3 et RS3 2025 - Benoit Charette - Annuel automobile - CanadaMotorJobs.com.\" \/>\n<meta property=\"og:url\" content=\"https:\/\/news.canadamotorjobs.com\/fr\/une-cure-de-rajeunissement-pour-les-audi-s3-et-rs3-2025\/\" \/>\n<meta property=\"og:site_name\" content=\"CanadaMotorJobs.com\" \/>\n<meta property=\"article:publisher\" content=\"https:\/\/www.facebook.com\/canadamotorjobs\/\" \/>\n<meta property=\"article:published_time\" content=\"2024-04-09T15:08:12+00:00\" \/>\n<meta property=\"article:modified_time\" content=\"2024-04-09T15:20:57+00:00\" \/>\n<meta property=\"og:image\" content=\"https:\/\/news.canadamotorjobs.com\/wp-content\/uploads\/2024\/04\/A241601_small.jpg\" \/>\n\t<meta property=\"og:image:width\" content=\"595\" \/>\n\t<meta property=\"og:image:height\" content=\"446\" \/>\n\t<meta property=\"og:image:type\" content=\"image\/jpeg\" \/>\n<meta name=\"author\" content=\"Benoit Charette\" \/>\n<meta name=\"twitter:card\" content=\"summary_large_image\" \/>\n<meta name=\"twitter:creator\" content=\"@canadamotorjobs\" \/>\n<meta name=\"twitter:site\" content=\"@canadamotorjobs\" \/>\n<meta name=\"twitter:label1\" content=\"\u00c9crit par\" \/>\n\t<meta name=\"twitter:data1\" content=\"Benoit Charette\" \/>\n\t<meta name=\"twitter:label2\" content=\"Estimation du temps de lecture\" \/>\n\t<meta name=\"twitter:data2\" content=\"3 minutes\" \/>\n<!-- \/ Yoast SEO plugin. -->","yoast_head_json":{"title":"Une cure de rajeunissement pour les Audi S3 et RS3 2025 - CanadaMotorJobs.com","description":"Une cure de rajeunissement pour les Audi S3 et RS3 2025 - Benoit Charette - Annuel automobile - CanadaMotorJobs.com.","robots":{"index":"index","follow":"follow","max-snippet":"max-snippet:-1","max-image-preview":"max-image-preview:large","max-video-preview":"max-video-preview:-1"},"og_locale":"fr_CA","og_type":"article","og_title":"Une cure de rajeunissement pour les Audi S3 et RS3 2025 - CanadaMotorJobs.com","og_description":"Une cure de rajeunissement pour les Audi S3 et RS3 2025 - Benoit Charette - Annuel automobile - CanadaMotorJobs.com.","og_url":"https:\/\/news.canadamotorjobs.com\/fr\/une-cure-de-rajeunissement-pour-les-audi-s3-et-rs3-2025\/","og_site_name":"CanadaMotorJobs.com","article_publisher":"https:\/\/www.facebook.com\/canadamotorjobs\/","article_published_time":"2024-04-09T15:08:12+00:00","article_modified_time":"2024-04-09T15:20:57+00:00","og_image":[{"width":595,"height":446,"url":"https:\/\/news.canadamotorjobs.com\/wp-content\/uploads\/2024\/04\/A241601_small.jpg","type":"image\/jpeg"}],"author":"Benoit Charette","twitter_card":"summary_large_image","twitter_creator":"@canadamotorjobs","twitter_site":"@canadamotorjobs","twitter_misc":{"\u00c9crit par":"Benoit Charette","Estimation du temps de lecture":"3 minutes"},"schema":{"@context":"https:\/\/schema.org","@graph":[{"@type":"Article","@id":"https:\/\/news.canadamotorjobs.com\/fr\/une-cure-de-rajeunissement-pour-les-audi-s3-et-rs3-2025\/#article","isPartOf":{"@id":"https:\/\/news.canadamotorjobs.com\/fr\/une-cure-de-rajeunissement-pour-les-audi-s3-et-rs3-2025\/"},"author":{"name":"Benoit Charette","@id":"https:\/\/news.canadamotorjobs.com\/#\/schema\/person\/51793d1f87d44011d7bcc2ed99269a90"},"headline":"Une cure de rajeunissement pour les Audi S3 et RS3 2025","datePublished":"2024-04-09T15:08:12+00:00","dateModified":"2024-04-09T15:20:57+00:00","mainEntityOfPage":{"@id":"https:\/\/news.canadamotorjobs.com\/fr\/une-cure-de-rajeunissement-pour-les-audi-s3-et-rs3-2025\/"},"wordCount":548,"publisher":{"@id":"https:\/\/news.canadamotorjobs.com\/#organization"},"image":{"@id":"https:\/\/news.canadamotorjobs.com\/fr\/une-cure-de-rajeunissement-pour-les-audi-s3-et-rs3-2025\/#primaryimage"},"thumbnailUrl":"https:\/\/news.canadamotorjobs.com\/wp-content\/uploads\/2024\/04\/A241601_small.jpg","articleSection":["Annuel automobile"],"inLanguage":"fr-CA"},{"@type":"WebPage","@id":"https:\/\/news.canadamotorjobs.com\/fr\/une-cure-de-rajeunissement-pour-les-audi-s3-et-rs3-2025\/","url":"https:\/\/news.canadamotorjobs.com\/fr\/une-cure-de-rajeunissement-pour-les-audi-s3-et-rs3-2025\/","name":"Une cure de rajeunissement pour les Audi S3 et RS3 2025 - CanadaMotorJobs.com","isPartOf":{"@id":"https:\/\/news.canadamotorjobs.com\/#website"},"primaryImageOfPage":{"@id":"https:\/\/news.canadamotorjobs.com\/fr\/une-cure-de-rajeunissement-pour-les-audi-s3-et-rs3-2025\/#primaryimage"},"image":{"@id":"https:\/\/news.canadamotorjobs.com\/fr\/une-cure-de-rajeunissement-pour-les-audi-s3-et-rs3-2025\/#primaryimage"},"thumbnailUrl":"https:\/\/news.canadamotorjobs.com\/wp-content\/uploads\/2024\/04\/A241601_small.jpg","datePublished":"2024-04-09T15:08:12+00:00","dateModified":"2024-04-09T15:20:57+00:00","description":"Une cure de rajeunissement pour les Audi S3 et RS3 2025 - Benoit Charette - Annuel automobile - CanadaMotorJobs.com.","breadcrumb":{"@id":"https:\/\/news.canadamotorjobs.com\/fr\/une-cure-de-rajeunissement-pour-les-audi-s3-et-rs3-2025\/#breadcrumb"},"inLanguage":"fr-CA","potentialAction":[{"@type":"ReadAction","target":["https:\/\/news.canadamotorjobs.com\/fr\/une-cure-de-rajeunissement-pour-les-audi-s3-et-rs3-2025\/"]}]},{"@type":"ImageObject","inLanguage":"fr-CA","@id":"https:\/\/news.canadamotorjobs.com\/fr\/une-cure-de-rajeunissement-pour-les-audi-s3-et-rs3-2025\/#primaryimage","url":"https:\/\/news.canadamotorjobs.com\/wp-content\/uploads\/2024\/04\/A241601_small.jpg","contentUrl":"https:\/\/news.canadamotorjobs.com\/wp-content\/uploads\/2024\/04\/A241601_small.jpg","width":595,"height":446},{"@type":"BreadcrumbList","@id":"https:\/\/news.canadamotorjobs.com\/fr\/une-cure-de-rajeunissement-pour-les-audi-s3-et-rs3-2025\/#breadcrumb","itemListElement":[{"@type":"ListItem","position":1,"name":"Home","item":"https:\/\/news.canadamotorjobs.com\/fr\/blog\/"},{"@type":"ListItem","position":2,"name":"Une cure de rajeunissement pour les Audi S3 et RS3 2025"}]},{"@type":"WebSite","@id":"https:\/\/news.canadamotorjobs.com\/#website","url":"https:\/\/news.canadamotorjobs.com\/","name":"CanadaMotorJobs.com","description":"Automotive Jobs","publisher":{"@id":"https:\/\/news.canadamotorjobs.com\/#organization"},"potentialAction":[{"@type":"SearchAction","target":{"@type":"EntryPoint","urlTemplate":"https:\/\/news.canadamotorjobs.com\/?s={search_term_string}"},"query-input":"required name=search_term_string"}],"inLanguage":"fr-CA"},{"@type":"Organization","@id":"https:\/\/news.canadamotorjobs.com\/#organization","name":"Canada Motor Jobs","url":"https:\/\/news.canadamotorjobs.com\/","logo":{"@type":"ImageObject","inLanguage":"fr-CA","@id":"https:\/\/news.canadamotorjobs.com\/#\/schema\/logo\/image\/","url":"https:\/\/news.canadamotorjobs.com\/wp-content\/uploads\/2022\/10\/logo-canada-motor-jobs-1.png","contentUrl":"https:\/\/news.canadamotorjobs.com\/wp-content\/uploads\/2022\/10\/logo-canada-motor-jobs-1.png","width":800,"height":400,"caption":"Canada Motor Jobs"},"image":{"@id":"https:\/\/news.canadamotorjobs.com\/#\/schema\/logo\/image\/"},"sameAs":["https:\/\/www.facebook.com\/canadamotorjobs\/","https:\/\/x.com\/canadamotorjobs","https:\/\/www.instagram.com\/canadamotorjobs\/","https:\/\/www.linkedin.com\/company\/canadamotorjobs"]},{"@type":"Person","@id":"https:\/\/news.canadamotorjobs.com\/#\/schema\/person\/51793d1f87d44011d7bcc2ed99269a90","name":"Benoit Charette","image":{"@type":"ImageObject","inLanguage":"fr-CA","@id":"https:\/\/news.canadamotorjobs.com\/#\/schema\/person\/image\/","url":"https:\/\/secure.gravatar.com\/avatar\/45f3d2eebcccd909668d7ce7ea7267b6?s=96&d=mm&r=g","contentUrl":"https:\/\/secure.gravatar.com\/avatar\/45f3d2eebcccd909668d7ce7ea7267b6?s=96&d=mm&r=g","caption":"Benoit Charette"},"description":"Benoit Charette \/ Propri\u00e9taire et r\u00e9dacteur en chef Benoit Charette pratique le journalisme automobile depuis bient\u00f4t 30 ans. Il a fait ses classes au c\u00f4t\u00e9 de Daniel H\u00e9raud et au Carnet de route de 1992 \u00e0 2001. Il est fondateur, copropri\u00e9taire et r\u00e9dacteur en chef de L\u2019Annuel de l\u2019automobile, qu\u2019il publie depuis 2001. Il a anim\u00e9 les \u00e9missions RPM et RPM+ sur V et les L\u00e9gendes de la route sur Historia. \u00c0 la radio depuis 1986, il reprend l\u2019antenne cette ann\u00e9e sur les ondes de Cogeco et participe pour la deuxi\u00e8me ann\u00e9e \u00e0 l\u2019\u00e9mission Passion Auto sur RDS en plus de mettre en ligne le site Web officiel de L\u2019Annuel de l\u2019automobile sur annuelauto.ca.","sameAs":["https:\/\/annuelauto.ca\/"],"url":"https:\/\/news.canadamotorjobs.com\/fr\/author\/benoit-charette\/"}]}},"_links":{"self":[{"href":"https:\/\/news.canadamotorjobs.com\/fr\/wp-json\/wp\/v2\/posts\/162460"}],"collection":[{"href":"https:\/\/news.canadamotorjobs.com\/fr\/wp-json\/wp\/v2\/posts"}],"about":[{"href":"https:\/\/news.canadamotorjobs.com\/fr\/wp-json\/wp\/v2\/types\/post"}],"author":[{"embeddable":true,"href":"https:\/\/news.canadamotorjobs.com\/fr\/wp-json\/wp\/v2\/users\/8"}],"replies":[{"embeddable":true,"href":"https:\/\/news.canadamotorjobs.com\/fr\/wp-json\/wp\/v2\/comments?post=162460"}],"version-history":[{"count":2,"href":"https:\/\/news.canadamotorjobs.com\/fr\/wp-json\/wp\/v2\/posts\/162460\/revisions"}],"predecessor-version":[{"id":162464,"href":"https:\/\/news.canadamotorjobs.com\/fr\/wp-json\/wp\/v2\/posts\/162460\/revisions\/162464"}],"wp:featuredmedia":[{"embeddable":true,"href":"https:\/\/news.canadamotorjobs.com\/fr\/wp-json\/wp\/v2\/media\/162462"}],"wp:attachment":[{"href":"https:\/\/news.canadamotorjobs.com\/fr\/wp-json\/wp\/v2\/media?parent=162460"}],"wp:term":[{"taxonomy":"category","embeddable":true,"href":"https:\/\/news.canadamotorjobs.com\/fr\/wp-json\/wp\/v2\/categories?post=162460"},{"taxonomy":"post_tag","embeddable":true,"href":"https:\/\/news.canadamotorjobs.com\/fr\/wp-json\/wp\/v2\/tags?post=162460"}],"curies":[{"name":"wp","href":"https:\/\/api.w.org\/{rel}","templated":true}]}}