{"id":162437,"date":"2024-04-09T10:37:25","date_gmt":"2024-04-09T14:37:25","guid":{"rendered":"https:\/\/news.canadamotorjobs.com\/?p=162437"},"modified":"2024-04-09T10:45:41","modified_gmt":"2024-04-09T14:45:41","slug":"nissan-armada-une-mauvaise-bonne-idee","status":"publish","type":"post","link":"https:\/\/news.canadamotorjobs.com\/fr\/nissan-armada-une-mauvaise-bonne-idee\/","title":{"rendered":"Nissan Armada: une mauvaise bonne id\u00e9e"},"content":{"rendered":"<\/p>\n<p>L\u2019industrie automobile a une r\u00e8gle d\u2019or\u00a0: un constructeur qui veut \u00eatre comp\u00e9titif doit proposer au moins un mod\u00e8le dans chacune des cat\u00e9gories de v\u00e9hicules les plus populaires dans les principaux march\u00e9s de la plan\u00e8te. Des fois, \u00e7a a du bon. D\u2019autres fois, \u00e7a donne des r\u00e9sultats d\u00e9solants, comme le d\u00e9montre l\u2019Armada 2024 de Nissan.<\/p>\n<p>On savait d\u00e9j\u00e0 que Nissan allait tirer la proverbiale plogue pour sa camionnette Titan apr\u00e8s l\u2019ann\u00e9e-mod\u00e8le 2024. C\u2019est une grosse nouvelle, dans la mesure o\u00f9 le march\u00e9 des camionnettes, en Am\u00e9rique du Nord, c\u2019est gros. Au propre comme au figur\u00e9. Mais Nissan n\u2019a jamais su percer ce march\u00e9 et sa camionnette n\u2019avait rien pour la distinguer avantageusement des mod\u00e8les les plus populaires.<\/p>\n<p>On peut dire la m\u00eame chose de l\u2019Armada, un \u00e9norme VUS con\u00e7u pour transporter 8 passagers, et dont une bonne partie des composants sont emprunt\u00e9s \u00e0 la Titan. \u00c0 commencer par son V8 de 5,6 litres qui, on va se le dire, aurait d\u00fb \u00eatre retir\u00e9 du catalogue il y a des ann\u00e9es d\u00e9j\u00e0. Il est poussif. Il est bruyant. Il est surtout extr\u00eamement gourmand. Bref, il n\u2019apporte en aucun cas l\u2019exp\u00e9rience de conduite qu\u2019on aimerait vivre \u00e0 bord d\u2019un VUS qui co\u00fbte, au bas mot, 76\u00a0000 $. Ou, encore pire, 84\u00a0000$ pour l\u2019\u00e9dition Platine que j\u2019ai eu la chance de tester durant une semaine.<\/p>\n<p>C\u2019est l\u2019\u00e9mettrice de ma carte de cr\u00e9dit qui remercie Nissan. J\u2019ai d\u00fb amortir la facture d\u2019essence sur les trois prochains mois. \u00c0 17 litres aux 100 kilom\u00e8tres, \u00e0 vide, et \u00e0 peu pr\u00e8s juste sur l\u2019autoroute, c\u2019est un des v\u00e9hicules les plus \u00e9nergivores sur le march\u00e9 en ce moment.<\/p>\n<p>On vous ferait la liste des marques qui ont des VUS pour sept passagers qui co\u00fbtent moins cher, qui sont plus plaisants \u00e0 conduire, et qui offrent une technologie plus raffin\u00e9e, mais on ferait le tour en entier de l\u2019Annuel de l\u2019automobile\u2026 Mentionnons seulement Kia et Hyundai, d\u2019une part, et Chevrolet ou m\u00eame Toyota, d\u2019autre part.<\/p>\n<p>On essaie de voir dans la fiche technique qu\u2019est-ce que l\u2019Armada poss\u00e8de qui est mieux qu\u2019ailleurs, et on ne trouve pas. L\u2019aide \u00e0 la conduite avanc\u00e9e de Nissan fait bien, mais celle de Ford fait mieux. L\u2019\u00e9cran central fait 12,3 pouces, ce qui est petit, quand on compare avec ce qu\u2019offrent les autres marques.<\/p>\n<p>\u00c0 bord, on a beaucoup de place pour cinq passagers, et de la place en prime pour ceux qui vont aller s\u2019asseoir tout au fond, mais ce n\u2019est pas confortable. Encore plus en raison d\u2019une suspension qui se comporte comme celle d\u2019un fourgon commercial, qui va donner la naus\u00e9e aux gens \u00e0 l\u2019estomac sensible\u2026<\/p>\n<p>Le plus grand atout de l\u2019Armada est qu\u2019il peut remorquer jusqu\u2019\u00e0 8500 livres, ce qui est beaucoup. Il a certainement le couple pour le faire \u2013 \u00e0 413 livres-pied. La bo\u00eete automatique \u00e0 7 rapports est un peut raide, mais elle fait le boulot. Et bien s\u00fbr, on a quatre roues motrices, ce qui aide \u00e0 d\u00e9coller au point mort.<\/p>\n<p>Mais honn\u00eatement, c\u2019est trop peu \u00e0 offrir pour rivaliser avec ce qu\u2019offrent les autres constructeurs dans ce march\u00e9. Les gros VUS, on le sait, sont tr\u00e8s populaires aux \u00c9tats-Unis, et on en voit quand m\u00eame pas mal chez nous aussi, et forc\u00e9ment, Nissan se sentait oblig\u00e9 d\u2019avoir un mod\u00e8le \u00e0 offrir.<\/p>\n<p>Malheureusement, l\u2019Armada nous donne juste h\u00e2te au jour o\u00f9 les moteurs \u00e0 huit cylindres seront disparus du march\u00e9.<\/p>\n<p>Le texte <a rel=\"nofollow\" href=\"https:\/\/annuelauto.ca\/nissan-armada-une-mauvaise-bonne-idee\/\">Nissan Armada: une mauvaise bonne id\u00e9e<\/a> provient de <a rel=\"nofollow\" href=\"https:\/\/annuelauto.ca\">L&#8217;annuel de l&#8217;automobile &#8211; Actualit\u00e9 automobile<\/a><\/p>\n<p><\/p>\n","protected":false},"excerpt":{"rendered":"<p>L\u2019industrie automobile a une r\u00e8gle d\u2019or\u00a0: un constructeur qui veut \u00eatre comp\u00e9titif doit proposer au moins un mod\u00e8le dans chacune des cat\u00e9gories de v\u00e9hicules les plus populaires dans les principaux march\u00e9s de la plan\u00e8te. Des fois, \u00e7a a du bon. D\u2019autres fois, \u00e7a donne des r\u00e9sultats d\u00e9solants, comme le d\u00e9montre l\u2019Armada 2024 de Nissan. On [&hellip;]<\/p>\n","protected":false},"author":8,"featured_media":162439,"comment_status":"close","ping_status":"closed","sticky":false,"template":"","format":"standard","meta":{"_monsterinsights_skip_tracking":false,"_monsterinsights_sitenote_active":false,"_monsterinsights_sitenote_note":"","_monsterinsights_sitenote_category":0,"footnotes":""},"categories":[101],"tags":[],"yoast_head":"<!-- This site is optimized with the Yoast SEO plugin v23.2 - https:\/\/yoast.com\/wordpress\/plugins\/seo\/ -->\n<title>Nissan Armada: une mauvaise bonne id\u00e9e - CanadaMotorJobs.com<\/title>\n<meta name=\"description\" content=\"Nissan Armada: une mauvaise bonne id\u00e9e - Benoit Charette - Annuel automobile - CanadaMotorJobs.com.\" \/>\n<meta name=\"robots\" content=\"index, follow, max-snippet:-1, max-image-preview:large, max-video-preview:-1\" \/>\n<meta property=\"og:locale\" content=\"fr_CA\" \/>\n<meta property=\"og:type\" content=\"article\" \/>\n<meta property=\"og:title\" content=\"Nissan Armada: une mauvaise bonne id\u00e9e - CanadaMotorJobs.com\" \/>\n<meta property=\"og:description\" content=\"Nissan Armada: une mauvaise bonne id\u00e9e - Benoit Charette - Annuel automobile - CanadaMotorJobs.com.\" \/>\n<meta property=\"og:url\" content=\"https:\/\/news.canadamotorjobs.com\/fr\/nissan-armada-une-mauvaise-bonne-idee\/\" \/>\n<meta property=\"og:site_name\" content=\"CanadaMotorJobs.com\" \/>\n<meta property=\"article:publisher\" content=\"https:\/\/www.facebook.com\/canadamotorjobs\/\" \/>\n<meta property=\"article:published_time\" content=\"2024-04-09T14:37:25+00:00\" \/>\n<meta property=\"article:modified_time\" content=\"2024-04-09T14:45:41+00:00\" \/>\n<meta property=\"og:image\" content=\"https:\/\/news.canadamotorjobs.com\/wp-content\/uploads\/2024\/04\/2024_Nissan-Armada-1.jpg\" \/>\n\t<meta property=\"og:image:width\" content=\"1200\" \/>\n\t<meta property=\"og:image:height\" content=\"800\" \/>\n\t<meta property=\"og:image:type\" content=\"image\/jpeg\" \/>\n<meta name=\"author\" content=\"Benoit Charette\" \/>\n<meta name=\"twitter:card\" content=\"summary_large_image\" \/>\n<meta name=\"twitter:creator\" content=\"@canadamotorjobs\" \/>\n<meta name=\"twitter:site\" content=\"@canadamotorjobs\" \/>\n<meta name=\"twitter:label1\" content=\"\u00c9crit par\" \/>\n\t<meta name=\"twitter:data1\" content=\"Benoit Charette\" \/>\n\t<meta name=\"twitter:label2\" content=\"Estimation du temps de lecture\" \/>\n\t<meta name=\"twitter:data2\" content=\"3 minutes\" \/>\n<!-- \/ Yoast SEO plugin. -->","yoast_head_json":{"title":"Nissan Armada: une mauvaise bonne id\u00e9e - CanadaMotorJobs.com","description":"Nissan Armada: une mauvaise bonne id\u00e9e - Benoit Charette - Annuel automobile - CanadaMotorJobs.com.","robots":{"index":"index","follow":"follow","max-snippet":"max-snippet:-1","max-image-preview":"max-image-preview:large","max-video-preview":"max-video-preview:-1"},"og_locale":"fr_CA","og_type":"article","og_title":"Nissan Armada: une mauvaise bonne id\u00e9e - CanadaMotorJobs.com","og_description":"Nissan Armada: une mauvaise bonne id\u00e9e - Benoit Charette - Annuel automobile - CanadaMotorJobs.com.","og_url":"https:\/\/news.canadamotorjobs.com\/fr\/nissan-armada-une-mauvaise-bonne-idee\/","og_site_name":"CanadaMotorJobs.com","article_publisher":"https:\/\/www.facebook.com\/canadamotorjobs\/","article_published_time":"2024-04-09T14:37:25+00:00","article_modified_time":"2024-04-09T14:45:41+00:00","og_image":[{"width":1200,"height":800,"url":"https:\/\/news.canadamotorjobs.com\/wp-content\/uploads\/2024\/04\/2024_Nissan-Armada-1.jpg","type":"image\/jpeg"}],"author":"Benoit Charette","twitter_card":"summary_large_image","twitter_creator":"@canadamotorjobs","twitter_site":"@canadamotorjobs","twitter_misc":{"\u00c9crit par":"Benoit Charette","Estimation du temps de lecture":"3 minutes"},"schema":{"@context":"https:\/\/schema.org","@graph":[{"@type":"Article","@id":"https:\/\/news.canadamotorjobs.com\/fr\/nissan-armada-une-mauvaise-bonne-idee\/#article","isPartOf":{"@id":"https:\/\/news.canadamotorjobs.com\/fr\/nissan-armada-une-mauvaise-bonne-idee\/"},"author":{"name":"Benoit Charette","@id":"https:\/\/news.canadamotorjobs.com\/#\/schema\/person\/51793d1f87d44011d7bcc2ed99269a90"},"headline":"Nissan Armada: une mauvaise bonne id\u00e9e","datePublished":"2024-04-09T14:37:25+00:00","dateModified":"2024-04-09T14:45:41+00:00","mainEntityOfPage":{"@id":"https:\/\/news.canadamotorjobs.com\/fr\/nissan-armada-une-mauvaise-bonne-idee\/"},"wordCount":645,"publisher":{"@id":"https:\/\/news.canadamotorjobs.com\/#organization"},"image":{"@id":"https:\/\/news.canadamotorjobs.com\/fr\/nissan-armada-une-mauvaise-bonne-idee\/#primaryimage"},"thumbnailUrl":"https:\/\/news.canadamotorjobs.com\/wp-content\/uploads\/2024\/04\/2024_Nissan-Armada-1.jpg","articleSection":["Annuel automobile"],"inLanguage":"fr-CA"},{"@type":"WebPage","@id":"https:\/\/news.canadamotorjobs.com\/fr\/nissan-armada-une-mauvaise-bonne-idee\/","url":"https:\/\/news.canadamotorjobs.com\/fr\/nissan-armada-une-mauvaise-bonne-idee\/","name":"Nissan Armada: une mauvaise bonne id\u00e9e - CanadaMotorJobs.com","isPartOf":{"@id":"https:\/\/news.canadamotorjobs.com\/#website"},"primaryImageOfPage":{"@id":"https:\/\/news.canadamotorjobs.com\/fr\/nissan-armada-une-mauvaise-bonne-idee\/#primaryimage"},"image":{"@id":"https:\/\/news.canadamotorjobs.com\/fr\/nissan-armada-une-mauvaise-bonne-idee\/#primaryimage"},"thumbnailUrl":"https:\/\/news.canadamotorjobs.com\/wp-content\/uploads\/2024\/04\/2024_Nissan-Armada-1.jpg","datePublished":"2024-04-09T14:37:25+00:00","dateModified":"2024-04-09T14:45:41+00:00","description":"Nissan Armada: une mauvaise bonne id\u00e9e - Benoit Charette - Annuel automobile - CanadaMotorJobs.com.","breadcrumb":{"@id":"https:\/\/news.canadamotorjobs.com\/fr\/nissan-armada-une-mauvaise-bonne-idee\/#breadcrumb"},"inLanguage":"fr-CA","potentialAction":[{"@type":"ReadAction","target":["https:\/\/news.canadamotorjobs.com\/fr\/nissan-armada-une-mauvaise-bonne-idee\/"]}]},{"@type":"ImageObject","inLanguage":"fr-CA","@id":"https:\/\/news.canadamotorjobs.com\/fr\/nissan-armada-une-mauvaise-bonne-idee\/#primaryimage","url":"https:\/\/news.canadamotorjobs.com\/wp-content\/uploads\/2024\/04\/2024_Nissan-Armada-1.jpg","contentUrl":"https:\/\/news.canadamotorjobs.com\/wp-content\/uploads\/2024\/04\/2024_Nissan-Armada-1.jpg","width":1200,"height":800},{"@type":"BreadcrumbList","@id":"https:\/\/news.canadamotorjobs.com\/fr\/nissan-armada-une-mauvaise-bonne-idee\/#breadcrumb","itemListElement":[{"@type":"ListItem","position":1,"name":"Home","item":"https:\/\/news.canadamotorjobs.com\/fr\/blog\/"},{"@type":"ListItem","position":2,"name":"Nissan Armada: une mauvaise bonne id\u00e9e"}]},{"@type":"WebSite","@id":"https:\/\/news.canadamotorjobs.com\/#website","url":"https:\/\/news.canadamotorjobs.com\/","name":"CanadaMotorJobs.com","description":"Automotive Jobs","publisher":{"@id":"https:\/\/news.canadamotorjobs.com\/#organization"},"potentialAction":[{"@type":"SearchAction","target":{"@type":"EntryPoint","urlTemplate":"https:\/\/news.canadamotorjobs.com\/?s={search_term_string}"},"query-input":"required name=search_term_string"}],"inLanguage":"fr-CA"},{"@type":"Organization","@id":"https:\/\/news.canadamotorjobs.com\/#organization","name":"Canada Motor Jobs","url":"https:\/\/news.canadamotorjobs.com\/","logo":{"@type":"ImageObject","inLanguage":"fr-CA","@id":"https:\/\/news.canadamotorjobs.com\/#\/schema\/logo\/image\/","url":"https:\/\/news.canadamotorjobs.com\/wp-content\/uploads\/2022\/10\/logo-canada-motor-jobs-1.png","contentUrl":"https:\/\/news.canadamotorjobs.com\/wp-content\/uploads\/2022\/10\/logo-canada-motor-jobs-1.png","width":800,"height":400,"caption":"Canada Motor Jobs"},"image":{"@id":"https:\/\/news.canadamotorjobs.com\/#\/schema\/logo\/image\/"},"sameAs":["https:\/\/www.facebook.com\/canadamotorjobs\/","https:\/\/x.com\/canadamotorjobs","https:\/\/www.instagram.com\/canadamotorjobs\/","https:\/\/www.linkedin.com\/company\/canadamotorjobs"]},{"@type":"Person","@id":"https:\/\/news.canadamotorjobs.com\/#\/schema\/person\/51793d1f87d44011d7bcc2ed99269a90","name":"Benoit Charette","image":{"@type":"ImageObject","inLanguage":"fr-CA","@id":"https:\/\/news.canadamotorjobs.com\/#\/schema\/person\/image\/","url":"https:\/\/secure.gravatar.com\/avatar\/45f3d2eebcccd909668d7ce7ea7267b6?s=96&d=mm&r=g","contentUrl":"https:\/\/secure.gravatar.com\/avatar\/45f3d2eebcccd909668d7ce7ea7267b6?s=96&d=mm&r=g","caption":"Benoit Charette"},"description":"Benoit Charette \/ Propri\u00e9taire et r\u00e9dacteur en chef Benoit Charette pratique le journalisme automobile depuis bient\u00f4t 30 ans. Il a fait ses classes au c\u00f4t\u00e9 de Daniel H\u00e9raud et au Carnet de route de 1992 \u00e0 2001. Il est fondateur, copropri\u00e9taire et r\u00e9dacteur en chef de L\u2019Annuel de l\u2019automobile, qu\u2019il publie depuis 2001. Il a anim\u00e9 les \u00e9missions RPM et RPM+ sur V et les L\u00e9gendes de la route sur Historia. \u00c0 la radio depuis 1986, il reprend l\u2019antenne cette ann\u00e9e sur les ondes de Cogeco et participe pour la deuxi\u00e8me ann\u00e9e \u00e0 l\u2019\u00e9mission Passion Auto sur RDS en plus de mettre en ligne le site Web officiel de L\u2019Annuel de l\u2019automobile sur annuelauto.ca.","sameAs":["https:\/\/annuelauto.ca\/"],"url":"https:\/\/news.canadamotorjobs.com\/fr\/author\/benoit-charette\/"}]}},"_links":{"self":[{"href":"https:\/\/news.canadamotorjobs.com\/fr\/wp-json\/wp\/v2\/posts\/162437"}],"collection":[{"href":"https:\/\/news.canadamotorjobs.com\/fr\/wp-json\/wp\/v2\/posts"}],"about":[{"href":"https:\/\/news.canadamotorjobs.com\/fr\/wp-json\/wp\/v2\/types\/post"}],"author":[{"embeddable":true,"href":"https:\/\/news.canadamotorjobs.com\/fr\/wp-json\/wp\/v2\/users\/8"}],"replies":[{"embeddable":true,"href":"https:\/\/news.canadamotorjobs.com\/fr\/wp-json\/wp\/v2\/comments?post=162437"}],"version-history":[{"count":2,"href":"https:\/\/news.canadamotorjobs.com\/fr\/wp-json\/wp\/v2\/posts\/162437\/revisions"}],"predecessor-version":[{"id":162441,"href":"https:\/\/news.canadamotorjobs.com\/fr\/wp-json\/wp\/v2\/posts\/162437\/revisions\/162441"}],"wp:featuredmedia":[{"embeddable":true,"href":"https:\/\/news.canadamotorjobs.com\/fr\/wp-json\/wp\/v2\/media\/162439"}],"wp:attachment":[{"href":"https:\/\/news.canadamotorjobs.com\/fr\/wp-json\/wp\/v2\/media?parent=162437"}],"wp:term":[{"taxonomy":"category","embeddable":true,"href":"https:\/\/news.canadamotorjobs.com\/fr\/wp-json\/wp\/v2\/categories?post=162437"},{"taxonomy":"post_tag","embeddable":true,"href":"https:\/\/news.canadamotorjobs.com\/fr\/wp-json\/wp\/v2\/tags?post=162437"}],"curies":[{"name":"wp","href":"https:\/\/api.w.org\/{rel}","templated":true}]}}