{"id":162406,"date":"2024-04-09T10:21:13","date_gmt":"2024-04-09T14:21:13","guid":{"rendered":"https:\/\/news.canadamotorjobs.com\/?p=162406"},"modified":"2024-04-09T10:31:57","modified_gmt":"2024-04-09T14:31:57","slug":"la-vraie-raison-derriere-la-penurie-de-vehicules-electriques-est","status":"publish","type":"post","link":"https:\/\/news.canadamotorjobs.com\/fr\/la-vraie-raison-derriere-la-penurie-de-vehicules-electriques-est\/","title":{"rendered":"La vraie raison derri\u00e8re la p\u00e9nurie de v\u00e9hicules \u00e9lectriques est\u2026"},"content":{"rendered":"<\/p>\n<p>On commence \u00e0 avoir un portrait assez clair de la situation dans le secteur encore tr\u00e8s \u00e9mergent des batteries pour v\u00e9hicules \u00e9lectriques, et le constat n\u2019est pas celui qu\u2019on pensait. On sait d\u00e9sormais que la plan\u00e8te a plus que suffisamment de mat\u00e9riaux pour \u00e9lectrifier l\u2019ensemble du transport, et m\u00eame plus encore. Le probl\u00e8me, en fait, est plut\u00f4t du c\u00f4t\u00e9 de la main-d\u2019\u0153uvre. Il manque de travailleurs qualifi\u00e9s pour assembler des batteries!<\/p>\n<p>C\u2019est d\u2019ailleurs pourquoi les d\u00e9partements am\u00e9ricains du Travail et de l\u2019\u00c9nergie ont annonc\u00e9 il y a quelques jours un nouveau programme ax\u00e9 sur la formation de travailleurs sp\u00e9cialis\u00e9s dans la fabrication de batteries. Ce programme s\u2019ajoute \u00e0 une strat\u00e9gie qui devrait se d\u00e9ployer au moins jusqu\u2019en 2025 et qui s\u2019appelle la \u00ab\u00a0Battery Workforce Initiative\u00a0\u00bb.<\/p>\n<p>Cette initiative vise \u00e0 acc\u00e9l\u00e9rer la formation de travailleurs pour combler les postes ouverts dans les quelque 400 nouvelles usines de fabrication de batteries qui ont \u00e9t\u00e9 annonc\u00e9es aux \u00c9tats-Unis au cours des trois derni\u00e8res ann\u00e9es seulement.<\/p>\n<p>C\u2019est un probl\u00e8me assez grave. Un sondage men\u00e9 dans l\u2019industrie r\u00e9v\u00e8le qu\u2019environ la moiti\u00e9 des travailleurs actuels qui touchent de pr\u00e8s ou de loin au secteur des batteries pour v\u00e9hicules \u00e9lectriques n\u2019ont pas les comp\u00e9tences requises pour assembler les batteries de prochaine g\u00e9n\u00e9ration.<\/p>\n<p>Un autre probl\u00e8me, et celui-l\u00e0 est assez complexe, c\u2019est qu\u2019il manque de travailleurs assez exp\u00e9riment\u00e9s dans la fabrication de batteries pour encadrer les nouveaux venus. Souvent, les conditions d\u2019embauche dans les usines sont assez peu attrayantes que les gens quittent rapidement vers un emploi dans une autre industrie.<\/p>\n<p>Sans donner de directives claires, le nouveau programme f\u00e9d\u00e9ral am\u00e9ricain sur la main-d\u2019\u0153uvre du secteur des batteries vise \u00e0 corriger cette situation.<\/p>\n<p>C\u2019est un programme qui devrait inspirer les gouvernements du Qu\u00e9bec et du Canada, sinon on risque fort de se buter aux m\u00eames probl\u00e8mes chez nous quand des usines comme celle de Northvolt \u00e0 McMasterville vont ouvrir leurs portes\u2026<\/p>\n<p>Le texte <a rel=\"nofollow\" href=\"https:\/\/annuelauto.ca\/la-vraie-raison-derriere-la-penurie-de-vehicules-electriques-est\/\">La vraie raison derri\u00e8re la p\u00e9nurie de v\u00e9hicules \u00e9lectriques est\u2026<\/a> provient de <a rel=\"nofollow\" href=\"https:\/\/annuelauto.ca\">L&#8217;annuel de l&#8217;automobile &#8211; Actualit\u00e9 automobile<\/a><\/p>\n<p><\/p>\n","protected":false},"excerpt":{"rendered":"<p>On commence \u00e0 avoir un portrait assez clair de la situation dans le secteur encore tr\u00e8s \u00e9mergent des batteries pour v\u00e9hicules \u00e9lectriques, et le constat n\u2019est pas celui qu\u2019on pensait. On sait d\u00e9sormais que la plan\u00e8te a plus que suffisamment de mat\u00e9riaux pour \u00e9lectrifier l\u2019ensemble du transport, et m\u00eame plus encore. Le probl\u00e8me, en fait, [&hellip;]<\/p>\n","protected":false},"author":8,"featured_media":162408,"comment_status":"close","ping_status":"closed","sticky":false,"template":"","format":"standard","meta":{"_monsterinsights_skip_tracking":false,"_monsterinsights_sitenote_active":false,"_monsterinsights_sitenote_note":"","_monsterinsights_sitenote_category":0,"footnotes":""},"categories":[101],"tags":[],"yoast_head":"<!-- This site is optimized with the Yoast SEO plugin v23.2 - https:\/\/yoast.com\/wordpress\/plugins\/seo\/ -->\n<title>La vraie raison derri\u00e8re la p\u00e9nurie de v\u00e9hicules \u00e9lectriques est\u2026 - CanadaMotorJobs.com<\/title>\n<meta name=\"description\" content=\"La vraie raison derri\u00e8re la p\u00e9nurie de v\u00e9hicules \u00e9lectriques est\u2026 - Benoit Charette - Annuel automobile - CanadaMotorJobs.com.\" \/>\n<meta name=\"robots\" content=\"index, follow, max-snippet:-1, max-image-preview:large, max-video-preview:-1\" \/>\n<meta property=\"og:locale\" content=\"fr_CA\" \/>\n<meta property=\"og:type\" content=\"article\" \/>\n<meta property=\"og:title\" content=\"La vraie raison derri\u00e8re la p\u00e9nurie de v\u00e9hicules \u00e9lectriques est\u2026 - CanadaMotorJobs.com\" \/>\n<meta property=\"og:description\" content=\"La vraie raison derri\u00e8re la p\u00e9nurie de v\u00e9hicules \u00e9lectriques est\u2026 - Benoit Charette - Annuel automobile - CanadaMotorJobs.com.\" \/>\n<meta property=\"og:url\" content=\"https:\/\/news.canadamotorjobs.com\/fr\/la-vraie-raison-derriere-la-penurie-de-vehicules-electriques-est\/\" \/>\n<meta property=\"og:site_name\" content=\"CanadaMotorJobs.com\" \/>\n<meta property=\"article:publisher\" content=\"https:\/\/www.facebook.com\/canadamotorjobs\/\" \/>\n<meta property=\"article:published_time\" content=\"2024-04-09T14:21:13+00:00\" \/>\n<meta property=\"article:modified_time\" content=\"2024-04-09T14:31:57+00:00\" \/>\n<meta property=\"og:image\" content=\"https:\/\/news.canadamotorjobs.com\/wp-content\/uploads\/2024\/04\/NESS.jpg\" \/>\n\t<meta property=\"og:image:width\" content=\"2560\" \/>\n\t<meta property=\"og:image:height\" content=\"1440\" \/>\n\t<meta property=\"og:image:type\" content=\"image\/jpeg\" \/>\n<meta name=\"author\" content=\"Benoit Charette\" \/>\n<meta name=\"twitter:card\" content=\"summary_large_image\" \/>\n<meta name=\"twitter:creator\" content=\"@canadamotorjobs\" \/>\n<meta name=\"twitter:site\" content=\"@canadamotorjobs\" \/>\n<meta name=\"twitter:label1\" content=\"\u00c9crit par\" \/>\n\t<meta name=\"twitter:data1\" content=\"Benoit Charette\" \/>\n\t<meta name=\"twitter:label2\" content=\"Estimation du temps de lecture\" \/>\n\t<meta name=\"twitter:data2\" content=\"2 minutes\" \/>\n<!-- \/ Yoast SEO plugin. -->","yoast_head_json":{"title":"La vraie raison derri\u00e8re la p\u00e9nurie de v\u00e9hicules \u00e9lectriques est\u2026 - CanadaMotorJobs.com","description":"La vraie raison derri\u00e8re la p\u00e9nurie de v\u00e9hicules \u00e9lectriques est\u2026 - Benoit Charette - Annuel automobile - CanadaMotorJobs.com.","robots":{"index":"index","follow":"follow","max-snippet":"max-snippet:-1","max-image-preview":"max-image-preview:large","max-video-preview":"max-video-preview:-1"},"og_locale":"fr_CA","og_type":"article","og_title":"La vraie raison derri\u00e8re la p\u00e9nurie de v\u00e9hicules \u00e9lectriques est\u2026 - CanadaMotorJobs.com","og_description":"La vraie raison derri\u00e8re la p\u00e9nurie de v\u00e9hicules \u00e9lectriques est\u2026 - Benoit Charette - Annuel automobile - CanadaMotorJobs.com.","og_url":"https:\/\/news.canadamotorjobs.com\/fr\/la-vraie-raison-derriere-la-penurie-de-vehicules-electriques-est\/","og_site_name":"CanadaMotorJobs.com","article_publisher":"https:\/\/www.facebook.com\/canadamotorjobs\/","article_published_time":"2024-04-09T14:21:13+00:00","article_modified_time":"2024-04-09T14:31:57+00:00","og_image":[{"width":2560,"height":1440,"url":"https:\/\/news.canadamotorjobs.com\/wp-content\/uploads\/2024\/04\/NESS.jpg","type":"image\/jpeg"}],"author":"Benoit Charette","twitter_card":"summary_large_image","twitter_creator":"@canadamotorjobs","twitter_site":"@canadamotorjobs","twitter_misc":{"\u00c9crit par":"Benoit Charette","Estimation du temps de lecture":"2 minutes"},"schema":{"@context":"https:\/\/schema.org","@graph":[{"@type":"Article","@id":"https:\/\/news.canadamotorjobs.com\/fr\/la-vraie-raison-derriere-la-penurie-de-vehicules-electriques-est\/#article","isPartOf":{"@id":"https:\/\/news.canadamotorjobs.com\/fr\/la-vraie-raison-derriere-la-penurie-de-vehicules-electriques-est\/"},"author":{"name":"Benoit Charette","@id":"https:\/\/news.canadamotorjobs.com\/#\/schema\/person\/51793d1f87d44011d7bcc2ed99269a90"},"headline":"La vraie raison derri\u00e8re la p\u00e9nurie de v\u00e9hicules \u00e9lectriques est\u2026","datePublished":"2024-04-09T14:21:13+00:00","dateModified":"2024-04-09T14:31:57+00:00","mainEntityOfPage":{"@id":"https:\/\/news.canadamotorjobs.com\/fr\/la-vraie-raison-derriere-la-penurie-de-vehicules-electriques-est\/"},"wordCount":401,"publisher":{"@id":"https:\/\/news.canadamotorjobs.com\/#organization"},"image":{"@id":"https:\/\/news.canadamotorjobs.com\/fr\/la-vraie-raison-derriere-la-penurie-de-vehicules-electriques-est\/#primaryimage"},"thumbnailUrl":"https:\/\/news.canadamotorjobs.com\/wp-content\/uploads\/2024\/04\/NESS.jpg","articleSection":["Annuel automobile"],"inLanguage":"fr-CA"},{"@type":"WebPage","@id":"https:\/\/news.canadamotorjobs.com\/fr\/la-vraie-raison-derriere-la-penurie-de-vehicules-electriques-est\/","url":"https:\/\/news.canadamotorjobs.com\/fr\/la-vraie-raison-derriere-la-penurie-de-vehicules-electriques-est\/","name":"La vraie raison derri\u00e8re la p\u00e9nurie de v\u00e9hicules \u00e9lectriques est\u2026 - CanadaMotorJobs.com","isPartOf":{"@id":"https:\/\/news.canadamotorjobs.com\/#website"},"primaryImageOfPage":{"@id":"https:\/\/news.canadamotorjobs.com\/fr\/la-vraie-raison-derriere-la-penurie-de-vehicules-electriques-est\/#primaryimage"},"image":{"@id":"https:\/\/news.canadamotorjobs.com\/fr\/la-vraie-raison-derriere-la-penurie-de-vehicules-electriques-est\/#primaryimage"},"thumbnailUrl":"https:\/\/news.canadamotorjobs.com\/wp-content\/uploads\/2024\/04\/NESS.jpg","datePublished":"2024-04-09T14:21:13+00:00","dateModified":"2024-04-09T14:31:57+00:00","description":"La vraie raison derri\u00e8re la p\u00e9nurie de v\u00e9hicules \u00e9lectriques est\u2026 - Benoit Charette - Annuel automobile - CanadaMotorJobs.com.","breadcrumb":{"@id":"https:\/\/news.canadamotorjobs.com\/fr\/la-vraie-raison-derriere-la-penurie-de-vehicules-electriques-est\/#breadcrumb"},"inLanguage":"fr-CA","potentialAction":[{"@type":"ReadAction","target":["https:\/\/news.canadamotorjobs.com\/fr\/la-vraie-raison-derriere-la-penurie-de-vehicules-electriques-est\/"]}]},{"@type":"ImageObject","inLanguage":"fr-CA","@id":"https:\/\/news.canadamotorjobs.com\/fr\/la-vraie-raison-derriere-la-penurie-de-vehicules-electriques-est\/#primaryimage","url":"https:\/\/news.canadamotorjobs.com\/wp-content\/uploads\/2024\/04\/NESS.jpg","contentUrl":"https:\/\/news.canadamotorjobs.com\/wp-content\/uploads\/2024\/04\/NESS.jpg","width":2560,"height":1440},{"@type":"BreadcrumbList","@id":"https:\/\/news.canadamotorjobs.com\/fr\/la-vraie-raison-derriere-la-penurie-de-vehicules-electriques-est\/#breadcrumb","itemListElement":[{"@type":"ListItem","position":1,"name":"Home","item":"https:\/\/news.canadamotorjobs.com\/fr\/blog\/"},{"@type":"ListItem","position":2,"name":"La vraie raison derri\u00e8re la p\u00e9nurie de v\u00e9hicules \u00e9lectriques est\u2026"}]},{"@type":"WebSite","@id":"https:\/\/news.canadamotorjobs.com\/#website","url":"https:\/\/news.canadamotorjobs.com\/","name":"CanadaMotorJobs.com","description":"Automotive Jobs","publisher":{"@id":"https:\/\/news.canadamotorjobs.com\/#organization"},"potentialAction":[{"@type":"SearchAction","target":{"@type":"EntryPoint","urlTemplate":"https:\/\/news.canadamotorjobs.com\/?s={search_term_string}"},"query-input":"required name=search_term_string"}],"inLanguage":"fr-CA"},{"@type":"Organization","@id":"https:\/\/news.canadamotorjobs.com\/#organization","name":"Canada Motor Jobs","url":"https:\/\/news.canadamotorjobs.com\/","logo":{"@type":"ImageObject","inLanguage":"fr-CA","@id":"https:\/\/news.canadamotorjobs.com\/#\/schema\/logo\/image\/","url":"https:\/\/news.canadamotorjobs.com\/wp-content\/uploads\/2022\/10\/logo-canada-motor-jobs-1.png","contentUrl":"https:\/\/news.canadamotorjobs.com\/wp-content\/uploads\/2022\/10\/logo-canada-motor-jobs-1.png","width":800,"height":400,"caption":"Canada Motor Jobs"},"image":{"@id":"https:\/\/news.canadamotorjobs.com\/#\/schema\/logo\/image\/"},"sameAs":["https:\/\/www.facebook.com\/canadamotorjobs\/","https:\/\/x.com\/canadamotorjobs","https:\/\/www.instagram.com\/canadamotorjobs\/","https:\/\/www.linkedin.com\/company\/canadamotorjobs"]},{"@type":"Person","@id":"https:\/\/news.canadamotorjobs.com\/#\/schema\/person\/51793d1f87d44011d7bcc2ed99269a90","name":"Benoit Charette","image":{"@type":"ImageObject","inLanguage":"fr-CA","@id":"https:\/\/news.canadamotorjobs.com\/#\/schema\/person\/image\/","url":"https:\/\/secure.gravatar.com\/avatar\/45f3d2eebcccd909668d7ce7ea7267b6?s=96&d=mm&r=g","contentUrl":"https:\/\/secure.gravatar.com\/avatar\/45f3d2eebcccd909668d7ce7ea7267b6?s=96&d=mm&r=g","caption":"Benoit Charette"},"description":"Benoit Charette \/ Propri\u00e9taire et r\u00e9dacteur en chef Benoit Charette pratique le journalisme automobile depuis bient\u00f4t 30 ans. Il a fait ses classes au c\u00f4t\u00e9 de Daniel H\u00e9raud et au Carnet de route de 1992 \u00e0 2001. Il est fondateur, copropri\u00e9taire et r\u00e9dacteur en chef de L\u2019Annuel de l\u2019automobile, qu\u2019il publie depuis 2001. Il a anim\u00e9 les \u00e9missions RPM et RPM+ sur V et les L\u00e9gendes de la route sur Historia. \u00c0 la radio depuis 1986, il reprend l\u2019antenne cette ann\u00e9e sur les ondes de Cogeco et participe pour la deuxi\u00e8me ann\u00e9e \u00e0 l\u2019\u00e9mission Passion Auto sur RDS en plus de mettre en ligne le site Web officiel de L\u2019Annuel de l\u2019automobile sur annuelauto.ca.","sameAs":["https:\/\/annuelauto.ca\/"],"url":"https:\/\/news.canadamotorjobs.com\/fr\/author\/benoit-charette\/"}]}},"_links":{"self":[{"href":"https:\/\/news.canadamotorjobs.com\/fr\/wp-json\/wp\/v2\/posts\/162406"}],"collection":[{"href":"https:\/\/news.canadamotorjobs.com\/fr\/wp-json\/wp\/v2\/posts"}],"about":[{"href":"https:\/\/news.canadamotorjobs.com\/fr\/wp-json\/wp\/v2\/types\/post"}],"author":[{"embeddable":true,"href":"https:\/\/news.canadamotorjobs.com\/fr\/wp-json\/wp\/v2\/users\/8"}],"replies":[{"embeddable":true,"href":"https:\/\/news.canadamotorjobs.com\/fr\/wp-json\/wp\/v2\/comments?post=162406"}],"version-history":[{"count":2,"href":"https:\/\/news.canadamotorjobs.com\/fr\/wp-json\/wp\/v2\/posts\/162406\/revisions"}],"predecessor-version":[{"id":162410,"href":"https:\/\/news.canadamotorjobs.com\/fr\/wp-json\/wp\/v2\/posts\/162406\/revisions\/162410"}],"wp:featuredmedia":[{"embeddable":true,"href":"https:\/\/news.canadamotorjobs.com\/fr\/wp-json\/wp\/v2\/media\/162408"}],"wp:attachment":[{"href":"https:\/\/news.canadamotorjobs.com\/fr\/wp-json\/wp\/v2\/media?parent=162406"}],"wp:term":[{"taxonomy":"category","embeddable":true,"href":"https:\/\/news.canadamotorjobs.com\/fr\/wp-json\/wp\/v2\/categories?post=162406"},{"taxonomy":"post_tag","embeddable":true,"href":"https:\/\/news.canadamotorjobs.com\/fr\/wp-json\/wp\/v2\/tags?post=162406"}],"curies":[{"name":"wp","href":"https:\/\/api.w.org\/{rel}","templated":true}]}}