{"id":162387,"date":"2024-04-09T10:05:12","date_gmt":"2024-04-09T14:05:12","guid":{"rendered":"https:\/\/news.canadamotorjobs.com\/?p=162387"},"modified":"2024-04-09T10:16:04","modified_gmt":"2024-04-09T14:16:04","slug":"tesla-robotaxi-on-saura-tout-le-8-aout-prochain","status":"publish","type":"post","link":"https:\/\/news.canadamotorjobs.com\/fr\/tesla-robotaxi-on-saura-tout-le-8-aout-prochain\/","title":{"rendered":"Tesla Robotaxi\u00a0: on saura tout le 8 ao\u00fbt prochain"},"content":{"rendered":"<\/p>\n<p>C\u2019est de la bouche \u2013 ou du compte Twitter \u2013 d\u2019Elon Musk qu\u2019on l\u2019a su\u00a0: Tesla va pr\u00e9senter sa strat\u00e9gie de taxis robotis\u00e9s et autonomes le 8 ao\u00fbt prochain. On a bien h\u00e2te de voir quelle forme prendront ce qu\u2019il appelle ses\u00a0\u00abrobotaxis\u00bb\u2026<\/p>\n<p>Nous ne sommes pas les seuls que \u00e7a intrigue. Les investisseurs ont fait bondir la valeur de l\u2019action de Tesla en Bourse dans la journ\u00e9e qui a suivi cette annonce. Il faut dire que Musk a peut-\u00eatre choisi ce moment pour parler de taxis robotis\u00e9s pour freiner une descente de son titre. Dans les jours pr\u00e9c\u00e9dents, bien des analystes se sont dit d\u00e9\u00e7us d\u2019un rapport publi\u00e9 par Reuters selon lequel le projet d\u2019une fameuse Model 2 \u00e0 25\u00a0000 $US, une voiture \u00e9lectrique tr\u00e8s bon march\u00e9, n\u2019\u00e9tait plus dans les plans de Tesla.<\/p>\n<p>Musk a rapidement r\u00e9agi \u00e0 cette nouvelle sur son r\u00e9seau social pr\u00e9f\u00e9r\u00e9 en traitant Reuters de \u00abmenteur\u00ab. On verra bien. Entre temps, on peut dire que le sentiment g\u00e9n\u00e9ralis\u00e9 est que les gens semblent avoir h\u00e2te de voir les premiers v\u00e9hicules Tesla sans conducteur accueillir leurs premiers clients.<\/p>\n<p>Pour Tesla, ce serait un prix de consolation, en quelque sorte. Dans le march\u00e9 des v\u00e9hicules \u00e9lectriques, le premier constructeur qui arrivera avec un v\u00e9hicule vraiment bon march\u00e9 risque fort de s\u2019imposer comme le joueur dominant, et plusieurs pensaient que Tesla serait ce constructeur. \u00c7a semble tout \u00e0 coup moins \u00e9vident.<\/p>\n<p>Si Tesla arrive \u00e0 \u00eatre le premier constructeur \u00e0 mettre en service des taxis robotis\u00e9s, la marque aurait \u00e0 nouveau un avantage sur ses rivaux, \u00e9tant donn\u00e9 que personne n\u2019a pr\u00e9sentement un syst\u00e8me de conduite autonome assez avanc\u00e9 pour qu\u2019on lui fasse confiance \u00e0 100 %. On a vu d\u2019ailleurs les difficult\u00e9s rencontr\u00e9es par les taxis Cruise de GM, l\u2019\u00e9t\u00e9 dernier en Californie.<\/p>\n<p>Il faudra donc patienter jusqu\u2019en ao\u00fbt prochain pour voir ce qui devrait \u00eatre une mise \u00e0 jour assez costaude du syst\u00e8me Autopilot, ou Full Self-Drive, de Tesla. Et peut-\u00eatre, sait-on jamais, que Tesla se r\u00e9serve une petite surprise et qu\u2019on aura une Model 2 \u00e0 se mettre sous la dent d\u2019ici l\u00e0?<\/p>\n<p>Le texte <a rel=\"nofollow\" href=\"https:\/\/annuelauto.ca\/tesla-robotaxi-on-saura-tout-le-8-aout-prochain\/\">Tesla Robotaxi\u00a0: on saura tout le 8 ao\u00fbt prochain<\/a> provient de <a rel=\"nofollow\" href=\"https:\/\/annuelauto.ca\">L&#8217;annuel de l&#8217;automobile &#8211; Actualit\u00e9 automobile<\/a><\/p>\n<p><\/p>\n","protected":false},"excerpt":{"rendered":"<p>C\u2019est de la bouche \u2013 ou du compte Twitter \u2013 d\u2019Elon Musk qu\u2019on l\u2019a su\u00a0: Tesla va pr\u00e9senter sa strat\u00e9gie de taxis robotis\u00e9s et autonomes le 8 ao\u00fbt prochain. On a bien h\u00e2te de voir quelle forme prendront ce qu\u2019il appelle ses\u00a0\u00abrobotaxis\u00bb\u2026 Nous ne sommes pas les seuls que \u00e7a intrigue. Les investisseurs ont fait [&hellip;]<\/p>\n","protected":false},"author":8,"featured_media":162389,"comment_status":"close","ping_status":"closed","sticky":false,"template":"","format":"standard","meta":{"_monsterinsights_skip_tracking":false,"_monsterinsights_sitenote_active":false,"_monsterinsights_sitenote_note":"","_monsterinsights_sitenote_category":0,"footnotes":""},"categories":[101],"tags":[],"yoast_head":"<!-- This site is optimized with the Yoast SEO plugin v23.2 - https:\/\/yoast.com\/wordpress\/plugins\/seo\/ -->\n<title>Tesla Robotaxi\u00a0: on saura tout le 8 ao\u00fbt prochain - CanadaMotorJobs.com<\/title>\n<meta name=\"description\" content=\"Tesla Robotaxi\u00a0: on saura tout le 8 ao\u00fbt prochain - Benoit Charette - Annuel automobile - CanadaMotorJobs.com.\" \/>\n<meta name=\"robots\" content=\"index, follow, max-snippet:-1, max-image-preview:large, max-video-preview:-1\" \/>\n<meta property=\"og:locale\" content=\"fr_CA\" \/>\n<meta property=\"og:type\" content=\"article\" \/>\n<meta property=\"og:title\" content=\"Tesla Robotaxi\u00a0: on saura tout le 8 ao\u00fbt prochain - CanadaMotorJobs.com\" \/>\n<meta property=\"og:description\" content=\"Tesla Robotaxi\u00a0: on saura tout le 8 ao\u00fbt prochain - Benoit Charette - Annuel automobile - CanadaMotorJobs.com.\" \/>\n<meta property=\"og:url\" content=\"https:\/\/news.canadamotorjobs.com\/fr\/tesla-robotaxi-on-saura-tout-le-8-aout-prochain\/\" \/>\n<meta property=\"og:site_name\" content=\"CanadaMotorJobs.com\" \/>\n<meta property=\"article:publisher\" content=\"https:\/\/www.facebook.com\/canadamotorjobs\/\" \/>\n<meta property=\"article:published_time\" content=\"2024-04-09T14:05:12+00:00\" \/>\n<meta property=\"article:modified_time\" content=\"2024-04-09T14:16:04+00:00\" \/>\n<meta property=\"og:image\" content=\"https:\/\/news.canadamotorjobs.com\/wp-content\/uploads\/2024\/04\/BB1l9yUt.jpg\" \/>\n\t<meta property=\"og:image:width\" content=\"768\" \/>\n\t<meta property=\"og:image:height\" content=\"768\" \/>\n\t<meta property=\"og:image:type\" content=\"image\/jpeg\" \/>\n<meta name=\"author\" content=\"Benoit Charette\" \/>\n<meta name=\"twitter:card\" content=\"summary_large_image\" \/>\n<meta name=\"twitter:creator\" content=\"@canadamotorjobs\" \/>\n<meta name=\"twitter:site\" content=\"@canadamotorjobs\" \/>\n<meta name=\"twitter:label1\" content=\"\u00c9crit par\" \/>\n\t<meta name=\"twitter:data1\" content=\"Benoit Charette\" \/>\n\t<meta name=\"twitter:label2\" content=\"Estimation du temps de lecture\" \/>\n\t<meta name=\"twitter:data2\" content=\"2 minutes\" \/>\n<!-- \/ Yoast SEO plugin. -->","yoast_head_json":{"title":"Tesla Robotaxi\u00a0: on saura tout le 8 ao\u00fbt prochain - CanadaMotorJobs.com","description":"Tesla Robotaxi\u00a0: on saura tout le 8 ao\u00fbt prochain - Benoit Charette - Annuel automobile - CanadaMotorJobs.com.","robots":{"index":"index","follow":"follow","max-snippet":"max-snippet:-1","max-image-preview":"max-image-preview:large","max-video-preview":"max-video-preview:-1"},"og_locale":"fr_CA","og_type":"article","og_title":"Tesla Robotaxi\u00a0: on saura tout le 8 ao\u00fbt prochain - CanadaMotorJobs.com","og_description":"Tesla Robotaxi\u00a0: on saura tout le 8 ao\u00fbt prochain - Benoit Charette - Annuel automobile - CanadaMotorJobs.com.","og_url":"https:\/\/news.canadamotorjobs.com\/fr\/tesla-robotaxi-on-saura-tout-le-8-aout-prochain\/","og_site_name":"CanadaMotorJobs.com","article_publisher":"https:\/\/www.facebook.com\/canadamotorjobs\/","article_published_time":"2024-04-09T14:05:12+00:00","article_modified_time":"2024-04-09T14:16:04+00:00","og_image":[{"width":768,"height":768,"url":"https:\/\/news.canadamotorjobs.com\/wp-content\/uploads\/2024\/04\/BB1l9yUt.jpg","type":"image\/jpeg"}],"author":"Benoit Charette","twitter_card":"summary_large_image","twitter_creator":"@canadamotorjobs","twitter_site":"@canadamotorjobs","twitter_misc":{"\u00c9crit par":"Benoit Charette","Estimation du temps de lecture":"2 minutes"},"schema":{"@context":"https:\/\/schema.org","@graph":[{"@type":"Article","@id":"https:\/\/news.canadamotorjobs.com\/fr\/tesla-robotaxi-on-saura-tout-le-8-aout-prochain\/#article","isPartOf":{"@id":"https:\/\/news.canadamotorjobs.com\/fr\/tesla-robotaxi-on-saura-tout-le-8-aout-prochain\/"},"author":{"name":"Benoit Charette","@id":"https:\/\/news.canadamotorjobs.com\/#\/schema\/person\/51793d1f87d44011d7bcc2ed99269a90"},"headline":"Tesla Robotaxi\u00a0: on saura tout le 8 ao\u00fbt prochain","datePublished":"2024-04-09T14:05:12+00:00","dateModified":"2024-04-09T14:16:04+00:00","mainEntityOfPage":{"@id":"https:\/\/news.canadamotorjobs.com\/fr\/tesla-robotaxi-on-saura-tout-le-8-aout-prochain\/"},"wordCount":410,"publisher":{"@id":"https:\/\/news.canadamotorjobs.com\/#organization"},"image":{"@id":"https:\/\/news.canadamotorjobs.com\/fr\/tesla-robotaxi-on-saura-tout-le-8-aout-prochain\/#primaryimage"},"thumbnailUrl":"https:\/\/news.canadamotorjobs.com\/wp-content\/uploads\/2024\/04\/BB1l9yUt.jpg","articleSection":["Annuel automobile"],"inLanguage":"fr-CA"},{"@type":"WebPage","@id":"https:\/\/news.canadamotorjobs.com\/fr\/tesla-robotaxi-on-saura-tout-le-8-aout-prochain\/","url":"https:\/\/news.canadamotorjobs.com\/fr\/tesla-robotaxi-on-saura-tout-le-8-aout-prochain\/","name":"Tesla Robotaxi\u00a0: on saura tout le 8 ao\u00fbt prochain - CanadaMotorJobs.com","isPartOf":{"@id":"https:\/\/news.canadamotorjobs.com\/#website"},"primaryImageOfPage":{"@id":"https:\/\/news.canadamotorjobs.com\/fr\/tesla-robotaxi-on-saura-tout-le-8-aout-prochain\/#primaryimage"},"image":{"@id":"https:\/\/news.canadamotorjobs.com\/fr\/tesla-robotaxi-on-saura-tout-le-8-aout-prochain\/#primaryimage"},"thumbnailUrl":"https:\/\/news.canadamotorjobs.com\/wp-content\/uploads\/2024\/04\/BB1l9yUt.jpg","datePublished":"2024-04-09T14:05:12+00:00","dateModified":"2024-04-09T14:16:04+00:00","description":"Tesla Robotaxi\u00a0: on saura tout le 8 ao\u00fbt prochain - Benoit Charette - Annuel automobile - CanadaMotorJobs.com.","breadcrumb":{"@id":"https:\/\/news.canadamotorjobs.com\/fr\/tesla-robotaxi-on-saura-tout-le-8-aout-prochain\/#breadcrumb"},"inLanguage":"fr-CA","potentialAction":[{"@type":"ReadAction","target":["https:\/\/news.canadamotorjobs.com\/fr\/tesla-robotaxi-on-saura-tout-le-8-aout-prochain\/"]}]},{"@type":"ImageObject","inLanguage":"fr-CA","@id":"https:\/\/news.canadamotorjobs.com\/fr\/tesla-robotaxi-on-saura-tout-le-8-aout-prochain\/#primaryimage","url":"https:\/\/news.canadamotorjobs.com\/wp-content\/uploads\/2024\/04\/BB1l9yUt.jpg","contentUrl":"https:\/\/news.canadamotorjobs.com\/wp-content\/uploads\/2024\/04\/BB1l9yUt.jpg","width":768,"height":768},{"@type":"BreadcrumbList","@id":"https:\/\/news.canadamotorjobs.com\/fr\/tesla-robotaxi-on-saura-tout-le-8-aout-prochain\/#breadcrumb","itemListElement":[{"@type":"ListItem","position":1,"name":"Home","item":"https:\/\/news.canadamotorjobs.com\/fr\/blog\/"},{"@type":"ListItem","position":2,"name":"Tesla Robotaxi\u00a0: on saura tout le 8 ao\u00fbt prochain"}]},{"@type":"WebSite","@id":"https:\/\/news.canadamotorjobs.com\/#website","url":"https:\/\/news.canadamotorjobs.com\/","name":"CanadaMotorJobs.com","description":"Automotive Jobs","publisher":{"@id":"https:\/\/news.canadamotorjobs.com\/#organization"},"potentialAction":[{"@type":"SearchAction","target":{"@type":"EntryPoint","urlTemplate":"https:\/\/news.canadamotorjobs.com\/?s={search_term_string}"},"query-input":"required name=search_term_string"}],"inLanguage":"fr-CA"},{"@type":"Organization","@id":"https:\/\/news.canadamotorjobs.com\/#organization","name":"Canada Motor Jobs","url":"https:\/\/news.canadamotorjobs.com\/","logo":{"@type":"ImageObject","inLanguage":"fr-CA","@id":"https:\/\/news.canadamotorjobs.com\/#\/schema\/logo\/image\/","url":"https:\/\/news.canadamotorjobs.com\/wp-content\/uploads\/2022\/10\/logo-canada-motor-jobs-1.png","contentUrl":"https:\/\/news.canadamotorjobs.com\/wp-content\/uploads\/2022\/10\/logo-canada-motor-jobs-1.png","width":800,"height":400,"caption":"Canada Motor Jobs"},"image":{"@id":"https:\/\/news.canadamotorjobs.com\/#\/schema\/logo\/image\/"},"sameAs":["https:\/\/www.facebook.com\/canadamotorjobs\/","https:\/\/x.com\/canadamotorjobs","https:\/\/www.instagram.com\/canadamotorjobs\/","https:\/\/www.linkedin.com\/company\/canadamotorjobs"]},{"@type":"Person","@id":"https:\/\/news.canadamotorjobs.com\/#\/schema\/person\/51793d1f87d44011d7bcc2ed99269a90","name":"Benoit Charette","image":{"@type":"ImageObject","inLanguage":"fr-CA","@id":"https:\/\/news.canadamotorjobs.com\/#\/schema\/person\/image\/","url":"https:\/\/secure.gravatar.com\/avatar\/45f3d2eebcccd909668d7ce7ea7267b6?s=96&d=mm&r=g","contentUrl":"https:\/\/secure.gravatar.com\/avatar\/45f3d2eebcccd909668d7ce7ea7267b6?s=96&d=mm&r=g","caption":"Benoit Charette"},"description":"Benoit Charette \/ Propri\u00e9taire et r\u00e9dacteur en chef Benoit Charette pratique le journalisme automobile depuis bient\u00f4t 30 ans. Il a fait ses classes au c\u00f4t\u00e9 de Daniel H\u00e9raud et au Carnet de route de 1992 \u00e0 2001. Il est fondateur, copropri\u00e9taire et r\u00e9dacteur en chef de L\u2019Annuel de l\u2019automobile, qu\u2019il publie depuis 2001. Il a anim\u00e9 les \u00e9missions RPM et RPM+ sur V et les L\u00e9gendes de la route sur Historia. \u00c0 la radio depuis 1986, il reprend l\u2019antenne cette ann\u00e9e sur les ondes de Cogeco et participe pour la deuxi\u00e8me ann\u00e9e \u00e0 l\u2019\u00e9mission Passion Auto sur RDS en plus de mettre en ligne le site Web officiel de L\u2019Annuel de l\u2019automobile sur annuelauto.ca.","sameAs":["https:\/\/annuelauto.ca\/"],"url":"https:\/\/news.canadamotorjobs.com\/fr\/author\/benoit-charette\/"}]}},"_links":{"self":[{"href":"https:\/\/news.canadamotorjobs.com\/fr\/wp-json\/wp\/v2\/posts\/162387"}],"collection":[{"href":"https:\/\/news.canadamotorjobs.com\/fr\/wp-json\/wp\/v2\/posts"}],"about":[{"href":"https:\/\/news.canadamotorjobs.com\/fr\/wp-json\/wp\/v2\/types\/post"}],"author":[{"embeddable":true,"href":"https:\/\/news.canadamotorjobs.com\/fr\/wp-json\/wp\/v2\/users\/8"}],"replies":[{"embeddable":true,"href":"https:\/\/news.canadamotorjobs.com\/fr\/wp-json\/wp\/v2\/comments?post=162387"}],"version-history":[{"count":2,"href":"https:\/\/news.canadamotorjobs.com\/fr\/wp-json\/wp\/v2\/posts\/162387\/revisions"}],"predecessor-version":[{"id":162391,"href":"https:\/\/news.canadamotorjobs.com\/fr\/wp-json\/wp\/v2\/posts\/162387\/revisions\/162391"}],"wp:featuredmedia":[{"embeddable":true,"href":"https:\/\/news.canadamotorjobs.com\/fr\/wp-json\/wp\/v2\/media\/162389"}],"wp:attachment":[{"href":"https:\/\/news.canadamotorjobs.com\/fr\/wp-json\/wp\/v2\/media?parent=162387"}],"wp:term":[{"taxonomy":"category","embeddable":true,"href":"https:\/\/news.canadamotorjobs.com\/fr\/wp-json\/wp\/v2\/categories?post=162387"},{"taxonomy":"post_tag","embeddable":true,"href":"https:\/\/news.canadamotorjobs.com\/fr\/wp-json\/wp\/v2\/tags?post=162387"}],"curies":[{"name":"wp","href":"https:\/\/api.w.org\/{rel}","templated":true}]}}