{"id":162295,"date":"2024-04-06T11:22:01","date_gmt":"2024-04-06T15:22:01","guid":{"rendered":"https:\/\/news.canadamotorjobs.com\/?p=162295"},"modified":"2024-04-06T11:34:05","modified_gmt":"2024-04-06T15:34:05","slug":"le-ralentissement-du-marche-des-vehicules-electriques-un-simple-hoquet-ou-un-signe-precurseur","status":"publish","type":"post","link":"https:\/\/news.canadamotorjobs.com\/fr\/le-ralentissement-du-marche-des-vehicules-electriques-un-simple-hoquet-ou-un-signe-precurseur\/","title":{"rendered":"Le ralentissement du march\u00e9 des v\u00e9hicules \u00e9lectriques : Un simple hoquet ou un signe pr\u00e9curseur ?"},"content":{"rendered":"<\/p>\n<p>Le r\u00e9cent ralentissement des ventes de v\u00e9hicules \u00e9lectriques (VE), illustr\u00e9 par les derniers r\u00e9sultats de Tesla et BYD, suscite des interrogations sur l&#8217;avenir de cette r\u00e9volution dans le secteur automobile. Il faut sortir du vase clos du Qu\u00e9bec pour constater que l&#8217;acceptation des V\u00c9S n&#8217;est pas partout la m\u00eame.<\/p>\n<h4>Tesla : Un d\u00e9clin des ventes inattendu<\/h4>\n<p>\nTesla, figure embl\u00e9matique de l&#8217;industrie des VE, a r\u00e9cemment atteint un jalon significatif en produisant six millions de v\u00e9hicules \u00e9lectriques, \u00e0 peine six mois apr\u00e8s avoir franchi le cap des cinq millions. Cependant, malgr\u00e9 ces succ\u00e8s, les derniers chiffres ont surpris : une baisse de 20,2 % des livraisons au premier trimestre 2024 par rapport au trimestre pr\u00e9c\u00e9dent, et une diminution de 8,5 % sur un an. Cette baisse survient malgr\u00e9 une production accrue, ce qui a conduit \u00e0 une accumulation de stocks et \u00e0 des perspectives de r\u00e9ductions de prix.<\/p>\n<h4>Facteurs de ralentissement du march\u00e9 des VE<\/h4>\n<p>\nPlusieurs facteurs contribuent au ralentissement observ\u00e9 sur le march\u00e9 des VE. L&#8217;augmentation des primes d&#8217;assurance, les retards dans le d\u00e9ploiement des infrastructures de recharge ailleurs au Canada et aux \u00c9tats-Unis et le manque de mod\u00e8les abordables ont tous jou\u00e9 un r\u00f4le. De plus, la stabilisation des tensions li\u00e9es \u00e0 l&#8217;approvisionnement en p\u00e9trole et la crise \u00e9nerg\u00e9tique sont des \u00e9l\u00e9ments \u00e0 consid\u00e9rer. Des \u00e9tudes r\u00e9v\u00e8lent \u00e9galement une d\u00e9pr\u00e9ciation rapide des VE, ce qui impacte leur attractivit\u00e9 sur le march\u00e9.<\/p>\n<h4>BYD et le march\u00e9 chinois<\/h4>\n<p>\nLe constructeur chinois BYD, autre acteur majeur du march\u00e9 des VE, a \u00e9galement subi une chute des ventes, perdant ainsi sa position de premier producteur mondial. Cette tendance remet en question la menace que les constructeurs chinois semblaient repr\u00e9senter pour les acteurs traditionnels.<\/p>\n<h4>Perspectives futures<\/h4>\n<p>\nMalgr\u00e9 ce ralentissement, les VES restent une force montante. Des initiatives telles que l&#8217;interdiction des nouvelles ventes de voitures \u00e0 essence ou diesel dans certains pays, comme la Norv\u00e8ge, soulignent le potentiel continu des VE. De nouveaux acteurs, comme Xiaomi, entrent sur le march\u00e9 avec des offres comp\u00e9titives, tandis que des constructeurs \u00e9tablis, dont Tesla, ajustent leur strat\u00e9gie pour s&#8217;adapter \u00e0 cette \u00e9volution.<\/p>\n<h4>Un tournant dans l&#8217;\u00e9volution des VE ?<\/h4>\n<p>\nAlors que certains consid\u00e8rent ce ralentissement comme le d\u00e9but de la fin de la r\u00e9volution des VE, d&#8217;autres y voient une pause temporaire pour se r\u00e9orienter sur le march\u00e9 de l&#8217;automobile. Les v\u00e9hicules z\u00e9ro \u00e9mission continuent de susciter un int\u00e9r\u00eat croissant, bien que leur trajectoire future reste \u00e0 d\u00e9terminer.<\/p>\n<p>\u00a0<\/p>\n<p>Le texte <a rel=\"nofollow\" href=\"https:\/\/annuelauto.ca\/le-ralentissement-du-marche-des-vehicules-electriques-un-simple-hoquet-ou-un-signe-precurseur\/\">Le ralentissement du march\u00e9 des v\u00e9hicules \u00e9lectriques : Un simple hoquet ou un signe pr\u00e9curseur ?<\/a> provient de <a rel=\"nofollow\" href=\"https:\/\/annuelauto.ca\">L&#8217;annuel de l&#8217;automobile &#8211; Actualit\u00e9 automobile<\/a><\/p>\n<p><\/p>\n","protected":false},"excerpt":{"rendered":"<p>Le r\u00e9cent ralentissement des ventes de v\u00e9hicules \u00e9lectriques (VE), illustr\u00e9 par les derniers r\u00e9sultats de Tesla et BYD, suscite des interrogations sur l&#8217;avenir de cette r\u00e9volution dans le secteur automobile. Il faut sortir du vase clos du Qu\u00e9bec pour constater que l&#8217;acceptation des V\u00c9S n&#8217;est pas partout la m\u00eame. Tesla : Un d\u00e9clin des ventes [&hellip;]<\/p>\n","protected":false},"author":8,"featured_media":162297,"comment_status":"close","ping_status":"closed","sticky":false,"template":"","format":"standard","meta":{"_monsterinsights_skip_tracking":false,"_monsterinsights_sitenote_active":false,"_monsterinsights_sitenote_note":"","_monsterinsights_sitenote_category":0,"footnotes":""},"categories":[101],"tags":[],"yoast_head":"<!-- This site is optimized with the Yoast SEO plugin v23.2 - https:\/\/yoast.com\/wordpress\/plugins\/seo\/ -->\n<title>Le ralentissement du march\u00e9 des v\u00e9hicules \u00e9lectriques : Un simple hoquet ou un signe pr\u00e9curseur ? - CanadaMotorJobs.com<\/title>\n<meta name=\"description\" content=\"Le ralentissement du march\u00e9 des v\u00e9hicules \u00e9lectriques : Un simple hoquet ou un signe pr\u00e9curseur ? - Benoit Charette - Annuel automobile - CanadaMotorJobs.com.\" \/>\n<meta name=\"robots\" content=\"index, follow, max-snippet:-1, max-image-preview:large, max-video-preview:-1\" \/>\n<meta property=\"og:locale\" content=\"fr_CA\" \/>\n<meta property=\"og:type\" content=\"article\" \/>\n<meta property=\"og:title\" content=\"Le ralentissement du march\u00e9 des v\u00e9hicules \u00e9lectriques : Un simple hoquet ou un signe pr\u00e9curseur ? - CanadaMotorJobs.com\" \/>\n<meta property=\"og:description\" content=\"Le ralentissement du march\u00e9 des v\u00e9hicules \u00e9lectriques : Un simple hoquet ou un signe pr\u00e9curseur ? - Benoit Charette - Annuel automobile - CanadaMotorJobs.com.\" \/>\n<meta property=\"og:url\" content=\"https:\/\/news.canadamotorjobs.com\/fr\/le-ralentissement-du-marche-des-vehicules-electriques-un-simple-hoquet-ou-un-signe-precurseur\/\" \/>\n<meta property=\"og:site_name\" content=\"CanadaMotorJobs.com\" \/>\n<meta property=\"article:publisher\" content=\"https:\/\/www.facebook.com\/canadamotorjobs\/\" \/>\n<meta property=\"article:published_time\" content=\"2024-04-06T15:22:01+00:00\" \/>\n<meta property=\"article:modified_time\" content=\"2024-04-06T15:34:05+00:00\" \/>\n<meta property=\"og:image\" content=\"https:\/\/news.canadamotorjobs.com\/wp-content\/uploads\/2024\/04\/commercial-ev-charging-station.jpg\" \/>\n\t<meta property=\"og:image:width\" content=\"1600\" \/>\n\t<meta property=\"og:image:height\" content=\"1066\" \/>\n\t<meta property=\"og:image:type\" content=\"image\/jpeg\" \/>\n<meta name=\"author\" content=\"Benoit Charette\" \/>\n<meta name=\"twitter:card\" content=\"summary_large_image\" \/>\n<meta name=\"twitter:creator\" content=\"@canadamotorjobs\" \/>\n<meta name=\"twitter:site\" content=\"@canadamotorjobs\" \/>\n<meta name=\"twitter:label1\" content=\"\u00c9crit par\" \/>\n\t<meta name=\"twitter:data1\" content=\"Benoit Charette\" \/>\n\t<meta name=\"twitter:label2\" content=\"Estimation du temps de lecture\" \/>\n\t<meta name=\"twitter:data2\" content=\"2 minutes\" \/>\n<!-- \/ Yoast SEO plugin. -->","yoast_head_json":{"title":"Le ralentissement du march\u00e9 des v\u00e9hicules \u00e9lectriques : Un simple hoquet ou un signe pr\u00e9curseur ? - CanadaMotorJobs.com","description":"Le ralentissement du march\u00e9 des v\u00e9hicules \u00e9lectriques : Un simple hoquet ou un signe pr\u00e9curseur ? - Benoit Charette - Annuel automobile - CanadaMotorJobs.com.","robots":{"index":"index","follow":"follow","max-snippet":"max-snippet:-1","max-image-preview":"max-image-preview:large","max-video-preview":"max-video-preview:-1"},"og_locale":"fr_CA","og_type":"article","og_title":"Le ralentissement du march\u00e9 des v\u00e9hicules \u00e9lectriques : Un simple hoquet ou un signe pr\u00e9curseur ? - CanadaMotorJobs.com","og_description":"Le ralentissement du march\u00e9 des v\u00e9hicules \u00e9lectriques : Un simple hoquet ou un signe pr\u00e9curseur ? - Benoit Charette - Annuel automobile - CanadaMotorJobs.com.","og_url":"https:\/\/news.canadamotorjobs.com\/fr\/le-ralentissement-du-marche-des-vehicules-electriques-un-simple-hoquet-ou-un-signe-precurseur\/","og_site_name":"CanadaMotorJobs.com","article_publisher":"https:\/\/www.facebook.com\/canadamotorjobs\/","article_published_time":"2024-04-06T15:22:01+00:00","article_modified_time":"2024-04-06T15:34:05+00:00","og_image":[{"width":1600,"height":1066,"url":"https:\/\/news.canadamotorjobs.com\/wp-content\/uploads\/2024\/04\/commercial-ev-charging-station.jpg","type":"image\/jpeg"}],"author":"Benoit Charette","twitter_card":"summary_large_image","twitter_creator":"@canadamotorjobs","twitter_site":"@canadamotorjobs","twitter_misc":{"\u00c9crit par":"Benoit Charette","Estimation du temps de lecture":"2 minutes"},"schema":{"@context":"https:\/\/schema.org","@graph":[{"@type":"Article","@id":"https:\/\/news.canadamotorjobs.com\/fr\/le-ralentissement-du-marche-des-vehicules-electriques-un-simple-hoquet-ou-un-signe-precurseur\/#article","isPartOf":{"@id":"https:\/\/news.canadamotorjobs.com\/fr\/le-ralentissement-du-marche-des-vehicules-electriques-un-simple-hoquet-ou-un-signe-precurseur\/"},"author":{"name":"Benoit Charette","@id":"https:\/\/news.canadamotorjobs.com\/#\/schema\/person\/51793d1f87d44011d7bcc2ed99269a90"},"headline":"Le ralentissement du march\u00e9 des v\u00e9hicules \u00e9lectriques : Un simple hoquet ou un signe pr\u00e9curseur ?","datePublished":"2024-04-06T15:22:01+00:00","dateModified":"2024-04-06T15:34:05+00:00","mainEntityOfPage":{"@id":"https:\/\/news.canadamotorjobs.com\/fr\/le-ralentissement-du-marche-des-vehicules-electriques-un-simple-hoquet-ou-un-signe-precurseur\/"},"wordCount":482,"publisher":{"@id":"https:\/\/news.canadamotorjobs.com\/#organization"},"image":{"@id":"https:\/\/news.canadamotorjobs.com\/fr\/le-ralentissement-du-marche-des-vehicules-electriques-un-simple-hoquet-ou-un-signe-precurseur\/#primaryimage"},"thumbnailUrl":"https:\/\/news.canadamotorjobs.com\/wp-content\/uploads\/2024\/04\/commercial-ev-charging-station.jpg","articleSection":["Annuel automobile"],"inLanguage":"fr-CA"},{"@type":"WebPage","@id":"https:\/\/news.canadamotorjobs.com\/fr\/le-ralentissement-du-marche-des-vehicules-electriques-un-simple-hoquet-ou-un-signe-precurseur\/","url":"https:\/\/news.canadamotorjobs.com\/fr\/le-ralentissement-du-marche-des-vehicules-electriques-un-simple-hoquet-ou-un-signe-precurseur\/","name":"Le ralentissement du march\u00e9 des v\u00e9hicules \u00e9lectriques : Un simple hoquet ou un signe pr\u00e9curseur ? - CanadaMotorJobs.com","isPartOf":{"@id":"https:\/\/news.canadamotorjobs.com\/#website"},"primaryImageOfPage":{"@id":"https:\/\/news.canadamotorjobs.com\/fr\/le-ralentissement-du-marche-des-vehicules-electriques-un-simple-hoquet-ou-un-signe-precurseur\/#primaryimage"},"image":{"@id":"https:\/\/news.canadamotorjobs.com\/fr\/le-ralentissement-du-marche-des-vehicules-electriques-un-simple-hoquet-ou-un-signe-precurseur\/#primaryimage"},"thumbnailUrl":"https:\/\/news.canadamotorjobs.com\/wp-content\/uploads\/2024\/04\/commercial-ev-charging-station.jpg","datePublished":"2024-04-06T15:22:01+00:00","dateModified":"2024-04-06T15:34:05+00:00","description":"Le ralentissement du march\u00e9 des v\u00e9hicules \u00e9lectriques : Un simple hoquet ou un signe pr\u00e9curseur ? - Benoit Charette - Annuel automobile - CanadaMotorJobs.com.","breadcrumb":{"@id":"https:\/\/news.canadamotorjobs.com\/fr\/le-ralentissement-du-marche-des-vehicules-electriques-un-simple-hoquet-ou-un-signe-precurseur\/#breadcrumb"},"inLanguage":"fr-CA","potentialAction":[{"@type":"ReadAction","target":["https:\/\/news.canadamotorjobs.com\/fr\/le-ralentissement-du-marche-des-vehicules-electriques-un-simple-hoquet-ou-un-signe-precurseur\/"]}]},{"@type":"ImageObject","inLanguage":"fr-CA","@id":"https:\/\/news.canadamotorjobs.com\/fr\/le-ralentissement-du-marche-des-vehicules-electriques-un-simple-hoquet-ou-un-signe-precurseur\/#primaryimage","url":"https:\/\/news.canadamotorjobs.com\/wp-content\/uploads\/2024\/04\/commercial-ev-charging-station.jpg","contentUrl":"https:\/\/news.canadamotorjobs.com\/wp-content\/uploads\/2024\/04\/commercial-ev-charging-station.jpg","width":1600,"height":1066},{"@type":"BreadcrumbList","@id":"https:\/\/news.canadamotorjobs.com\/fr\/le-ralentissement-du-marche-des-vehicules-electriques-un-simple-hoquet-ou-un-signe-precurseur\/#breadcrumb","itemListElement":[{"@type":"ListItem","position":1,"name":"Home","item":"https:\/\/news.canadamotorjobs.com\/fr\/blog\/"},{"@type":"ListItem","position":2,"name":"Le ralentissement du march\u00e9 des v\u00e9hicules \u00e9lectriques : Un simple hoquet ou un signe pr\u00e9curseur ?"}]},{"@type":"WebSite","@id":"https:\/\/news.canadamotorjobs.com\/#website","url":"https:\/\/news.canadamotorjobs.com\/","name":"CanadaMotorJobs.com","description":"Automotive Jobs","publisher":{"@id":"https:\/\/news.canadamotorjobs.com\/#organization"},"potentialAction":[{"@type":"SearchAction","target":{"@type":"EntryPoint","urlTemplate":"https:\/\/news.canadamotorjobs.com\/?s={search_term_string}"},"query-input":"required name=search_term_string"}],"inLanguage":"fr-CA"},{"@type":"Organization","@id":"https:\/\/news.canadamotorjobs.com\/#organization","name":"Canada Motor Jobs","url":"https:\/\/news.canadamotorjobs.com\/","logo":{"@type":"ImageObject","inLanguage":"fr-CA","@id":"https:\/\/news.canadamotorjobs.com\/#\/schema\/logo\/image\/","url":"https:\/\/news.canadamotorjobs.com\/wp-content\/uploads\/2022\/10\/logo-canada-motor-jobs-1.png","contentUrl":"https:\/\/news.canadamotorjobs.com\/wp-content\/uploads\/2022\/10\/logo-canada-motor-jobs-1.png","width":800,"height":400,"caption":"Canada Motor Jobs"},"image":{"@id":"https:\/\/news.canadamotorjobs.com\/#\/schema\/logo\/image\/"},"sameAs":["https:\/\/www.facebook.com\/canadamotorjobs\/","https:\/\/x.com\/canadamotorjobs","https:\/\/www.instagram.com\/canadamotorjobs\/","https:\/\/www.linkedin.com\/company\/canadamotorjobs"]},{"@type":"Person","@id":"https:\/\/news.canadamotorjobs.com\/#\/schema\/person\/51793d1f87d44011d7bcc2ed99269a90","name":"Benoit Charette","image":{"@type":"ImageObject","inLanguage":"fr-CA","@id":"https:\/\/news.canadamotorjobs.com\/#\/schema\/person\/image\/","url":"https:\/\/secure.gravatar.com\/avatar\/45f3d2eebcccd909668d7ce7ea7267b6?s=96&d=mm&r=g","contentUrl":"https:\/\/secure.gravatar.com\/avatar\/45f3d2eebcccd909668d7ce7ea7267b6?s=96&d=mm&r=g","caption":"Benoit Charette"},"description":"Benoit Charette \/ Propri\u00e9taire et r\u00e9dacteur en chef Benoit Charette pratique le journalisme automobile depuis bient\u00f4t 30 ans. Il a fait ses classes au c\u00f4t\u00e9 de Daniel H\u00e9raud et au Carnet de route de 1992 \u00e0 2001. Il est fondateur, copropri\u00e9taire et r\u00e9dacteur en chef de L\u2019Annuel de l\u2019automobile, qu\u2019il publie depuis 2001. Il a anim\u00e9 les \u00e9missions RPM et RPM+ sur V et les L\u00e9gendes de la route sur Historia. \u00c0 la radio depuis 1986, il reprend l\u2019antenne cette ann\u00e9e sur les ondes de Cogeco et participe pour la deuxi\u00e8me ann\u00e9e \u00e0 l\u2019\u00e9mission Passion Auto sur RDS en plus de mettre en ligne le site Web officiel de L\u2019Annuel de l\u2019automobile sur annuelauto.ca.","sameAs":["https:\/\/annuelauto.ca\/"],"url":"https:\/\/news.canadamotorjobs.com\/fr\/author\/benoit-charette\/"}]}},"_links":{"self":[{"href":"https:\/\/news.canadamotorjobs.com\/fr\/wp-json\/wp\/v2\/posts\/162295"}],"collection":[{"href":"https:\/\/news.canadamotorjobs.com\/fr\/wp-json\/wp\/v2\/posts"}],"about":[{"href":"https:\/\/news.canadamotorjobs.com\/fr\/wp-json\/wp\/v2\/types\/post"}],"author":[{"embeddable":true,"href":"https:\/\/news.canadamotorjobs.com\/fr\/wp-json\/wp\/v2\/users\/8"}],"replies":[{"embeddable":true,"href":"https:\/\/news.canadamotorjobs.com\/fr\/wp-json\/wp\/v2\/comments?post=162295"}],"version-history":[{"count":2,"href":"https:\/\/news.canadamotorjobs.com\/fr\/wp-json\/wp\/v2\/posts\/162295\/revisions"}],"predecessor-version":[{"id":162299,"href":"https:\/\/news.canadamotorjobs.com\/fr\/wp-json\/wp\/v2\/posts\/162295\/revisions\/162299"}],"wp:featuredmedia":[{"embeddable":true,"href":"https:\/\/news.canadamotorjobs.com\/fr\/wp-json\/wp\/v2\/media\/162297"}],"wp:attachment":[{"href":"https:\/\/news.canadamotorjobs.com\/fr\/wp-json\/wp\/v2\/media?parent=162295"}],"wp:term":[{"taxonomy":"category","embeddable":true,"href":"https:\/\/news.canadamotorjobs.com\/fr\/wp-json\/wp\/v2\/categories?post=162295"},{"taxonomy":"post_tag","embeddable":true,"href":"https:\/\/news.canadamotorjobs.com\/fr\/wp-json\/wp\/v2\/tags?post=162295"}],"curies":[{"name":"wp","href":"https:\/\/api.w.org\/{rel}","templated":true}]}}