{"id":162276,"date":"2024-04-05T13:51:35","date_gmt":"2024-04-05T17:51:35","guid":{"rendered":"https:\/\/news.canadamotorjobs.com\/?p=162276"},"modified":"2024-04-05T13:58:55","modified_gmt":"2024-04-05T17:58:55","slug":"tesla-abandonne-son-projet-de-model-2","status":"publish","type":"post","link":"https:\/\/news.canadamotorjobs.com\/fr\/tesla-abandonne-son-projet-de-model-2\/","title":{"rendered":"Tesla abandonne son projet de Model 2"},"content":{"rendered":"<\/p>\n<p>La Tesla 2 promise depuis longtemps par la firme am\u00e9ricaine sera finalement abandonn\u00e9e. Jusqu\u2019\u00e0 tout r\u00e9cemment, Elon Musk laissait entendre qu&#8217;elle pourrait entrer en production \u00e0 la fin de l&#8217;ann\u00e9e prochaine, devait \u00eatre commercialis\u00e9e \u00e0 moins de 25 000 dollars US pour rivaliser avec des mod\u00e8les d\u2019entr\u00e9e de gamme du march\u00e9.<\/p>\n<h3>La plateforme r\u00e9cup\u00e9r\u00e9e pour des robotaxis.<\/h3>\n<p>\nCitant trois sources famili\u00e8res avec le sujet et des messages internes \u00e0 l&#8217;entreprise, Reuters affirme que le projet a \u00e9t\u00e9 abandonn\u00e9 et que la plateforme qui devait sous-tendre le VE sera d\u00e9sormais utilis\u00e9e pour une ligne de robotaxis autonomes, produits \u00e0 des volumes beaucoup plus faibles.<\/p>\n<h3>La voiture \u00e0 rabais va-t-elle survivre ?<\/h3>\n<p>\nTesla a longtemps fait allusion \u00e0 des plans pour une nouvelle voiture \u00e0 prix r\u00e9duit qui se situerait en dessous de la Model 3 et du Model Y, mais n&#8217;a donn\u00e9 que des indications limit\u00e9es sur son positionnement au cours des derni\u00e8res ann\u00e9es. Plus r\u00e9cemment, l&#8217;entreprise a publi\u00e9 une image de sa silhouette, sugg\u00e9rant qu&#8217;il s&#8217;agirait en fait d&#8217;une version r\u00e9duite de la Model 3.<\/p>\n<h3>La porte ouverte \u00e0 la concurrence<\/h3>\n<p>\nL&#8217;abandon par Tesla du march\u00e9 des v\u00e9hicules \u00e9lectriques les moins chers intervient \u00e0 un moment o\u00f9 des voitures chinoises abordables, telles que la BYD Dolphin, arrivent en Europe. Le prix plus bas reposait sur un nouveau processus de production appel\u00e9 Unboxed, qui consistait essentiellement \u00e0 r\u00e9duire la quantit\u00e9 de travail effectu\u00e9e \u00e0 chaque \u00e9tape de la cha\u00eene de production, en \u00e9vitant tout mouvement ou d\u00e9montage inutile de la voiture ou de ses composants au cours de son parcours sur la cha\u00eene de production. Par exemple, les si\u00e8ges sont mont\u00e9s directement sur le bloc-batterie situ\u00e9 sous le plancher, l&#8217;ensemble \u00e9tant ensuite soulev\u00e9 dans une carrosserie peinte par sections afin d&#8217;\u00e9viter le d\u00e9montage et la r\u00e9installation des portes.<\/p>\n<h3>D\u2019abord l\u2019Europe<\/h3>\n<p>\nLa production initiale du mod\u00e8le 2 \u00e9tait pr\u00e9vue pour l&#8217;Allemagne. On pensait que la plateforme de la voiture n&#8217;\u00e9tait pas li\u00e9e aux autres Teslas. Reuters sugg\u00e8re que ce processus de production et la plateforme \u00e0 laquelle il s&#8217;applique seront plut\u00f4t d\u00e9ploy\u00e9s pour le v\u00e9hicule autonome de covoiturage de Tesla, dont on parle depuis longtemps, mais qui ne sera pas produit dans les m\u00eames volumes colossaux. L&#8217;agence cite une source selon laquelle &#8220;la directive d&#8217;Elon est de tout miser sur Robotaxi&#8221;.<\/p>\n<p>\u00a0<\/p>\n<p>Avec des renseignements d\u2019Autocar<\/p>\n<p>Le texte <a rel=\"nofollow\" href=\"https:\/\/annuelauto.ca\/tesla-abandonne-son-projet-de-model-2\/\">Tesla abandonne son projet de Model 2<\/a> provient de <a rel=\"nofollow\" href=\"https:\/\/annuelauto.ca\">L&#8217;annuel de l&#8217;automobile &#8211; Actualit\u00e9 automobile<\/a><\/p>\n<p><\/p>\n","protected":false},"excerpt":{"rendered":"<p>La Tesla 2 promise depuis longtemps par la firme am\u00e9ricaine sera finalement abandonn\u00e9e. Jusqu\u2019\u00e0 tout r\u00e9cemment, Elon Musk laissait entendre qu&#8217;elle pourrait entrer en production \u00e0 la fin de l&#8217;ann\u00e9e prochaine, devait \u00eatre commercialis\u00e9e \u00e0 moins de 25 000 dollars US pour rivaliser avec des mod\u00e8les d\u2019entr\u00e9e de gamme du march\u00e9. La plateforme r\u00e9cup\u00e9r\u00e9e pour [&hellip;]<\/p>\n","protected":false},"author":8,"featured_media":162278,"comment_status":"close","ping_status":"closed","sticky":false,"template":"","format":"standard","meta":{"_monsterinsights_skip_tracking":false,"_monsterinsights_sitenote_active":false,"_monsterinsights_sitenote_note":"","_monsterinsights_sitenote_category":0,"footnotes":""},"categories":[101],"tags":[],"yoast_head":"<!-- This site is optimized with the Yoast SEO plugin v23.2 - https:\/\/yoast.com\/wordpress\/plugins\/seo\/ -->\n<title>Tesla abandonne son projet de Model 2 - CanadaMotorJobs.com<\/title>\n<meta name=\"description\" content=\"Tesla abandonne son projet de Model 2 - Benoit Charette - Annuel automobile - CanadaMotorJobs.com.\" \/>\n<meta name=\"robots\" content=\"index, follow, max-snippet:-1, max-image-preview:large, max-video-preview:-1\" \/>\n<meta property=\"og:locale\" content=\"fr_CA\" \/>\n<meta property=\"og:type\" content=\"article\" \/>\n<meta property=\"og:title\" content=\"Tesla abandonne son projet de Model 2 - CanadaMotorJobs.com\" \/>\n<meta property=\"og:description\" content=\"Tesla abandonne son projet de Model 2 - Benoit Charette - Annuel automobile - CanadaMotorJobs.com.\" \/>\n<meta property=\"og:url\" content=\"https:\/\/news.canadamotorjobs.com\/fr\/tesla-abandonne-son-projet-de-model-2\/\" \/>\n<meta property=\"og:site_name\" content=\"CanadaMotorJobs.com\" \/>\n<meta property=\"article:publisher\" content=\"https:\/\/www.facebook.com\/canadamotorjobs\/\" \/>\n<meta property=\"article:published_time\" content=\"2024-04-05T17:51:35+00:00\" \/>\n<meta property=\"article:modified_time\" content=\"2024-04-05T17:58:55+00:00\" \/>\n<meta property=\"og:image\" content=\"https:\/\/news.canadamotorjobs.com\/wp-content\/uploads\/2024\/04\/tesla_model_2_autocar_render85-1.jpg\" \/>\n\t<meta property=\"og:image:width\" content=\"900\" \/>\n\t<meta property=\"og:image:height\" content=\"506\" \/>\n\t<meta property=\"og:image:type\" content=\"image\/jpeg\" \/>\n<meta name=\"author\" content=\"Benoit Charette\" \/>\n<meta name=\"twitter:card\" content=\"summary_large_image\" \/>\n<meta name=\"twitter:creator\" content=\"@canadamotorjobs\" \/>\n<meta name=\"twitter:site\" content=\"@canadamotorjobs\" \/>\n<meta name=\"twitter:label1\" content=\"\u00c9crit par\" \/>\n\t<meta name=\"twitter:data1\" content=\"Benoit Charette\" \/>\n\t<meta name=\"twitter:label2\" content=\"Estimation du temps de lecture\" \/>\n\t<meta name=\"twitter:data2\" content=\"2 minutes\" \/>\n<!-- \/ Yoast SEO plugin. -->","yoast_head_json":{"title":"Tesla abandonne son projet de Model 2 - CanadaMotorJobs.com","description":"Tesla abandonne son projet de Model 2 - Benoit Charette - Annuel automobile - CanadaMotorJobs.com.","robots":{"index":"index","follow":"follow","max-snippet":"max-snippet:-1","max-image-preview":"max-image-preview:large","max-video-preview":"max-video-preview:-1"},"og_locale":"fr_CA","og_type":"article","og_title":"Tesla abandonne son projet de Model 2 - CanadaMotorJobs.com","og_description":"Tesla abandonne son projet de Model 2 - Benoit Charette - Annuel automobile - CanadaMotorJobs.com.","og_url":"https:\/\/news.canadamotorjobs.com\/fr\/tesla-abandonne-son-projet-de-model-2\/","og_site_name":"CanadaMotorJobs.com","article_publisher":"https:\/\/www.facebook.com\/canadamotorjobs\/","article_published_time":"2024-04-05T17:51:35+00:00","article_modified_time":"2024-04-05T17:58:55+00:00","og_image":[{"width":900,"height":506,"url":"https:\/\/news.canadamotorjobs.com\/wp-content\/uploads\/2024\/04\/tesla_model_2_autocar_render85-1.jpg","type":"image\/jpeg"}],"author":"Benoit Charette","twitter_card":"summary_large_image","twitter_creator":"@canadamotorjobs","twitter_site":"@canadamotorjobs","twitter_misc":{"\u00c9crit par":"Benoit Charette","Estimation du temps de lecture":"2 minutes"},"schema":{"@context":"https:\/\/schema.org","@graph":[{"@type":"Article","@id":"https:\/\/news.canadamotorjobs.com\/fr\/tesla-abandonne-son-projet-de-model-2\/#article","isPartOf":{"@id":"https:\/\/news.canadamotorjobs.com\/fr\/tesla-abandonne-son-projet-de-model-2\/"},"author":{"name":"Benoit Charette","@id":"https:\/\/news.canadamotorjobs.com\/#\/schema\/person\/51793d1f87d44011d7bcc2ed99269a90"},"headline":"Tesla abandonne son projet de Model 2","datePublished":"2024-04-05T17:51:35+00:00","dateModified":"2024-04-05T17:58:55+00:00","mainEntityOfPage":{"@id":"https:\/\/news.canadamotorjobs.com\/fr\/tesla-abandonne-son-projet-de-model-2\/"},"wordCount":446,"publisher":{"@id":"https:\/\/news.canadamotorjobs.com\/#organization"},"image":{"@id":"https:\/\/news.canadamotorjobs.com\/fr\/tesla-abandonne-son-projet-de-model-2\/#primaryimage"},"thumbnailUrl":"https:\/\/news.canadamotorjobs.com\/wp-content\/uploads\/2024\/04\/tesla_model_2_autocar_render85-1.jpg","articleSection":["Annuel automobile"],"inLanguage":"fr-CA"},{"@type":"WebPage","@id":"https:\/\/news.canadamotorjobs.com\/fr\/tesla-abandonne-son-projet-de-model-2\/","url":"https:\/\/news.canadamotorjobs.com\/fr\/tesla-abandonne-son-projet-de-model-2\/","name":"Tesla abandonne son projet de Model 2 - CanadaMotorJobs.com","isPartOf":{"@id":"https:\/\/news.canadamotorjobs.com\/#website"},"primaryImageOfPage":{"@id":"https:\/\/news.canadamotorjobs.com\/fr\/tesla-abandonne-son-projet-de-model-2\/#primaryimage"},"image":{"@id":"https:\/\/news.canadamotorjobs.com\/fr\/tesla-abandonne-son-projet-de-model-2\/#primaryimage"},"thumbnailUrl":"https:\/\/news.canadamotorjobs.com\/wp-content\/uploads\/2024\/04\/tesla_model_2_autocar_render85-1.jpg","datePublished":"2024-04-05T17:51:35+00:00","dateModified":"2024-04-05T17:58:55+00:00","description":"Tesla abandonne son projet de Model 2 - Benoit Charette - Annuel automobile - CanadaMotorJobs.com.","breadcrumb":{"@id":"https:\/\/news.canadamotorjobs.com\/fr\/tesla-abandonne-son-projet-de-model-2\/#breadcrumb"},"inLanguage":"fr-CA","potentialAction":[{"@type":"ReadAction","target":["https:\/\/news.canadamotorjobs.com\/fr\/tesla-abandonne-son-projet-de-model-2\/"]}]},{"@type":"ImageObject","inLanguage":"fr-CA","@id":"https:\/\/news.canadamotorjobs.com\/fr\/tesla-abandonne-son-projet-de-model-2\/#primaryimage","url":"https:\/\/news.canadamotorjobs.com\/wp-content\/uploads\/2024\/04\/tesla_model_2_autocar_render85-1.jpg","contentUrl":"https:\/\/news.canadamotorjobs.com\/wp-content\/uploads\/2024\/04\/tesla_model_2_autocar_render85-1.jpg","width":900,"height":506},{"@type":"BreadcrumbList","@id":"https:\/\/news.canadamotorjobs.com\/fr\/tesla-abandonne-son-projet-de-model-2\/#breadcrumb","itemListElement":[{"@type":"ListItem","position":1,"name":"Home","item":"https:\/\/news.canadamotorjobs.com\/fr\/blog\/"},{"@type":"ListItem","position":2,"name":"Tesla abandonne son projet de Model 2"}]},{"@type":"WebSite","@id":"https:\/\/news.canadamotorjobs.com\/#website","url":"https:\/\/news.canadamotorjobs.com\/","name":"CanadaMotorJobs.com","description":"Automotive Jobs","publisher":{"@id":"https:\/\/news.canadamotorjobs.com\/#organization"},"potentialAction":[{"@type":"SearchAction","target":{"@type":"EntryPoint","urlTemplate":"https:\/\/news.canadamotorjobs.com\/?s={search_term_string}"},"query-input":"required name=search_term_string"}],"inLanguage":"fr-CA"},{"@type":"Organization","@id":"https:\/\/news.canadamotorjobs.com\/#organization","name":"Canada Motor Jobs","url":"https:\/\/news.canadamotorjobs.com\/","logo":{"@type":"ImageObject","inLanguage":"fr-CA","@id":"https:\/\/news.canadamotorjobs.com\/#\/schema\/logo\/image\/","url":"https:\/\/news.canadamotorjobs.com\/wp-content\/uploads\/2022\/10\/logo-canada-motor-jobs-1.png","contentUrl":"https:\/\/news.canadamotorjobs.com\/wp-content\/uploads\/2022\/10\/logo-canada-motor-jobs-1.png","width":800,"height":400,"caption":"Canada Motor Jobs"},"image":{"@id":"https:\/\/news.canadamotorjobs.com\/#\/schema\/logo\/image\/"},"sameAs":["https:\/\/www.facebook.com\/canadamotorjobs\/","https:\/\/x.com\/canadamotorjobs","https:\/\/www.instagram.com\/canadamotorjobs\/","https:\/\/www.linkedin.com\/company\/canadamotorjobs"]},{"@type":"Person","@id":"https:\/\/news.canadamotorjobs.com\/#\/schema\/person\/51793d1f87d44011d7bcc2ed99269a90","name":"Benoit Charette","image":{"@type":"ImageObject","inLanguage":"fr-CA","@id":"https:\/\/news.canadamotorjobs.com\/#\/schema\/person\/image\/","url":"https:\/\/secure.gravatar.com\/avatar\/45f3d2eebcccd909668d7ce7ea7267b6?s=96&d=mm&r=g","contentUrl":"https:\/\/secure.gravatar.com\/avatar\/45f3d2eebcccd909668d7ce7ea7267b6?s=96&d=mm&r=g","caption":"Benoit Charette"},"description":"Benoit Charette \/ Propri\u00e9taire et r\u00e9dacteur en chef Benoit Charette pratique le journalisme automobile depuis bient\u00f4t 30 ans. Il a fait ses classes au c\u00f4t\u00e9 de Daniel H\u00e9raud et au Carnet de route de 1992 \u00e0 2001. Il est fondateur, copropri\u00e9taire et r\u00e9dacteur en chef de L\u2019Annuel de l\u2019automobile, qu\u2019il publie depuis 2001. Il a anim\u00e9 les \u00e9missions RPM et RPM+ sur V et les L\u00e9gendes de la route sur Historia. \u00c0 la radio depuis 1986, il reprend l\u2019antenne cette ann\u00e9e sur les ondes de Cogeco et participe pour la deuxi\u00e8me ann\u00e9e \u00e0 l\u2019\u00e9mission Passion Auto sur RDS en plus de mettre en ligne le site Web officiel de L\u2019Annuel de l\u2019automobile sur annuelauto.ca.","sameAs":["https:\/\/annuelauto.ca\/"],"url":"https:\/\/news.canadamotorjobs.com\/fr\/author\/benoit-charette\/"}]}},"_links":{"self":[{"href":"https:\/\/news.canadamotorjobs.com\/fr\/wp-json\/wp\/v2\/posts\/162276"}],"collection":[{"href":"https:\/\/news.canadamotorjobs.com\/fr\/wp-json\/wp\/v2\/posts"}],"about":[{"href":"https:\/\/news.canadamotorjobs.com\/fr\/wp-json\/wp\/v2\/types\/post"}],"author":[{"embeddable":true,"href":"https:\/\/news.canadamotorjobs.com\/fr\/wp-json\/wp\/v2\/users\/8"}],"replies":[{"embeddable":true,"href":"https:\/\/news.canadamotorjobs.com\/fr\/wp-json\/wp\/v2\/comments?post=162276"}],"version-history":[{"count":2,"href":"https:\/\/news.canadamotorjobs.com\/fr\/wp-json\/wp\/v2\/posts\/162276\/revisions"}],"predecessor-version":[{"id":162280,"href":"https:\/\/news.canadamotorjobs.com\/fr\/wp-json\/wp\/v2\/posts\/162276\/revisions\/162280"}],"wp:featuredmedia":[{"embeddable":true,"href":"https:\/\/news.canadamotorjobs.com\/fr\/wp-json\/wp\/v2\/media\/162278"}],"wp:attachment":[{"href":"https:\/\/news.canadamotorjobs.com\/fr\/wp-json\/wp\/v2\/media?parent=162276"}],"wp:term":[{"taxonomy":"category","embeddable":true,"href":"https:\/\/news.canadamotorjobs.com\/fr\/wp-json\/wp\/v2\/categories?post=162276"},{"taxonomy":"post_tag","embeddable":true,"href":"https:\/\/news.canadamotorjobs.com\/fr\/wp-json\/wp\/v2\/tags?post=162276"}],"curies":[{"name":"wp","href":"https:\/\/api.w.org\/{rel}","templated":true}]}}