{"id":162230,"date":"2024-04-05T08:47:39","date_gmt":"2024-04-05T12:47:39","guid":{"rendered":"https:\/\/news.canadamotorjobs.com\/?p=162230"},"modified":"2024-04-05T08:58:55","modified_gmt":"2024-04-05T12:58:55","slug":"la-bmw-m5-touring-sera-officiellement-vendue-au-canada","status":"publish","type":"post","link":"https:\/\/news.canadamotorjobs.com\/fr\/la-bmw-m5-touring-sera-officiellement-vendue-au-canada\/","title":{"rendered":"La BMW M5 Touring sera officiellement vendue au Canada"},"content":{"rendered":"<\/p>\n<p>Une responsable du design nous avait confirm\u00e9 la chose\u00a0 au Portugal il y a quelques mois, BMW a par la suite d\u00e9menti cette information. Voil\u00e0 maintenant que la nouvelle devient officielle.<\/p>\n<h3>Un beau mod\u00e8le<\/h3>\n<p>\nBMW vient de confirmer ce que nous savions d\u00e9j\u00e0. La BMW M5 Touring 2025 arrivera au Canada, marquant la premi\u00e8re fois que la grande familiale de BMW sera officiellement vendue dans ce pays. BMW avait lanc\u00e9 une campagne le mois dernier pour t\u00e2ter l\u2019int\u00e9r\u00eat des amateurs. BMW Canada a d\u00e9clar\u00e9 avoir re\u00e7u plus de 7 200 p\u00e9titions et avoir enregistr\u00e9 un taux d&#8217;engagement record sur ses canaux sociaux. Dire non, \u00e0 ce stade, aurait pu conduire \u00e0 une r\u00e9volte.<\/p>\n<p>La nouvelle M5 familiale arrivera au Canada vers la fin de l&#8217;ann\u00e9e. La production commencera au quatri\u00e8me trimestre. Bien entendu, nous ne savons toujours pas ce que la M5 Touring, ou la berline, offrira. Elle pourrait \u00eatre \u00e9quip\u00e9e du groupe motopropulseur PHEV de 735 chevaux de la XM, ou d&#8217;une version am\u00e9lior\u00e9e du V8 4,4 L de 600 chevaux de la voiture actuelle.<\/p>\n<p>Quoi qu&#8217;il en soit, il faut s&#8217;attendre \u00e0 ce qu&#8217;il soit cher. La seule v\u00e9ritable concurrente est la RS6 Avant d&#8217;Audi, un v\u00e9hicule familial de 621 chevaux propos\u00e9 \u00e0 partir de 146 492 euros.<\/p>\n<p>\u00a0<\/p>\n<p>Avec des renseignements de Motor Illustrated<\/p>\n<p>Le texte <a rel=\"nofollow\" href=\"https:\/\/annuelauto.ca\/la-bmw-m5-touring-sera-officiellement-vendue-au-canada\/\">La BMW M5 Touring sera officiellement vendue au Canada<\/a> provient de <a rel=\"nofollow\" href=\"https:\/\/annuelauto.ca\">L&#8217;annuel de l&#8217;automobile &#8211; Actualit\u00e9 automobile<\/a><\/p>\n<p><\/p>\n","protected":false},"excerpt":{"rendered":"<p>Une responsable du design nous avait confirm\u00e9 la chose\u00a0 au Portugal il y a quelques mois, BMW a par la suite d\u00e9menti cette information. Voil\u00e0 maintenant que la nouvelle devient officielle. Un beau mod\u00e8le BMW vient de confirmer ce que nous savions d\u00e9j\u00e0. La BMW M5 Touring 2025 arrivera au Canada, marquant la premi\u00e8re fois [&hellip;]<\/p>\n","protected":false},"author":8,"featured_media":162232,"comment_status":"close","ping_status":"closed","sticky":false,"template":"","format":"standard","meta":{"_monsterinsights_skip_tracking":false,"_monsterinsights_sitenote_active":false,"_monsterinsights_sitenote_note":"","_monsterinsights_sitenote_category":0,"footnotes":""},"categories":[101],"tags":[],"yoast_head":"<!-- This site is optimized with the Yoast SEO plugin v23.2 - https:\/\/yoast.com\/wordpress\/plugins\/seo\/ -->\n<title>La BMW M5 Touring sera officiellement vendue au Canada - CanadaMotorJobs.com<\/title>\n<meta name=\"description\" content=\"La BMW M5 Touring sera officiellement vendue au Canada - Benoit Charette - Annuel automobile - CanadaMotorJobs.com.\" \/>\n<meta name=\"robots\" content=\"index, follow, max-snippet:-1, max-image-preview:large, max-video-preview:-1\" \/>\n<meta property=\"og:locale\" content=\"fr_CA\" \/>\n<meta property=\"og:type\" content=\"article\" \/>\n<meta property=\"og:title\" content=\"La BMW M5 Touring sera officiellement vendue au Canada - CanadaMotorJobs.com\" \/>\n<meta property=\"og:description\" content=\"La BMW M5 Touring sera officiellement vendue au Canada - Benoit Charette - Annuel automobile - CanadaMotorJobs.com.\" \/>\n<meta property=\"og:url\" content=\"https:\/\/news.canadamotorjobs.com\/fr\/la-bmw-m5-touring-sera-officiellement-vendue-au-canada\/\" \/>\n<meta property=\"og:site_name\" content=\"CanadaMotorJobs.com\" \/>\n<meta property=\"article:publisher\" content=\"https:\/\/www.facebook.com\/canadamotorjobs\/\" \/>\n<meta property=\"article:published_time\" content=\"2024-04-05T12:47:39+00:00\" \/>\n<meta property=\"article:modified_time\" content=\"2024-04-05T12:58:55+00:00\" \/>\n<meta property=\"og:image\" content=\"https:\/\/news.canadamotorjobs.com\/wp-content\/uploads\/2024\/04\/2025-BMW-M5-Touring-811-CarScoops.jpg\" \/>\n\t<meta property=\"og:image:width\" content=\"1920\" \/>\n\t<meta property=\"og:image:height\" content=\"1080\" \/>\n\t<meta property=\"og:image:type\" content=\"image\/jpeg\" \/>\n<meta name=\"author\" content=\"Benoit Charette\" \/>\n<meta name=\"twitter:card\" content=\"summary_large_image\" \/>\n<meta name=\"twitter:creator\" content=\"@canadamotorjobs\" \/>\n<meta name=\"twitter:site\" content=\"@canadamotorjobs\" \/>\n<meta name=\"twitter:label1\" content=\"\u00c9crit par\" \/>\n\t<meta name=\"twitter:data1\" content=\"Benoit Charette\" \/>\n\t<meta name=\"twitter:label2\" content=\"Estimation du temps de lecture\" \/>\n\t<meta name=\"twitter:data2\" content=\"1 minute\" \/>\n<!-- \/ Yoast SEO plugin. -->","yoast_head_json":{"title":"La BMW M5 Touring sera officiellement vendue au Canada - CanadaMotorJobs.com","description":"La BMW M5 Touring sera officiellement vendue au Canada - Benoit Charette - Annuel automobile - CanadaMotorJobs.com.","robots":{"index":"index","follow":"follow","max-snippet":"max-snippet:-1","max-image-preview":"max-image-preview:large","max-video-preview":"max-video-preview:-1"},"og_locale":"fr_CA","og_type":"article","og_title":"La BMW M5 Touring sera officiellement vendue au Canada - CanadaMotorJobs.com","og_description":"La BMW M5 Touring sera officiellement vendue au Canada - Benoit Charette - Annuel automobile - CanadaMotorJobs.com.","og_url":"https:\/\/news.canadamotorjobs.com\/fr\/la-bmw-m5-touring-sera-officiellement-vendue-au-canada\/","og_site_name":"CanadaMotorJobs.com","article_publisher":"https:\/\/www.facebook.com\/canadamotorjobs\/","article_published_time":"2024-04-05T12:47:39+00:00","article_modified_time":"2024-04-05T12:58:55+00:00","og_image":[{"width":1920,"height":1080,"url":"https:\/\/news.canadamotorjobs.com\/wp-content\/uploads\/2024\/04\/2025-BMW-M5-Touring-811-CarScoops.jpg","type":"image\/jpeg"}],"author":"Benoit Charette","twitter_card":"summary_large_image","twitter_creator":"@canadamotorjobs","twitter_site":"@canadamotorjobs","twitter_misc":{"\u00c9crit par":"Benoit Charette","Estimation du temps de lecture":"1 minute"},"schema":{"@context":"https:\/\/schema.org","@graph":[{"@type":"Article","@id":"https:\/\/news.canadamotorjobs.com\/fr\/la-bmw-m5-touring-sera-officiellement-vendue-au-canada\/#article","isPartOf":{"@id":"https:\/\/news.canadamotorjobs.com\/fr\/la-bmw-m5-touring-sera-officiellement-vendue-au-canada\/"},"author":{"name":"Benoit Charette","@id":"https:\/\/news.canadamotorjobs.com\/#\/schema\/person\/51793d1f87d44011d7bcc2ed99269a90"},"headline":"La BMW M5 Touring sera officiellement vendue au Canada","datePublished":"2024-04-05T12:47:39+00:00","dateModified":"2024-04-05T12:58:55+00:00","mainEntityOfPage":{"@id":"https:\/\/news.canadamotorjobs.com\/fr\/la-bmw-m5-touring-sera-officiellement-vendue-au-canada\/"},"wordCount":258,"publisher":{"@id":"https:\/\/news.canadamotorjobs.com\/#organization"},"image":{"@id":"https:\/\/news.canadamotorjobs.com\/fr\/la-bmw-m5-touring-sera-officiellement-vendue-au-canada\/#primaryimage"},"thumbnailUrl":"https:\/\/news.canadamotorjobs.com\/wp-content\/uploads\/2024\/04\/2025-BMW-M5-Touring-811-CarScoops.jpg","articleSection":["Annuel automobile"],"inLanguage":"fr-CA"},{"@type":"WebPage","@id":"https:\/\/news.canadamotorjobs.com\/fr\/la-bmw-m5-touring-sera-officiellement-vendue-au-canada\/","url":"https:\/\/news.canadamotorjobs.com\/fr\/la-bmw-m5-touring-sera-officiellement-vendue-au-canada\/","name":"La BMW M5 Touring sera officiellement vendue au Canada - CanadaMotorJobs.com","isPartOf":{"@id":"https:\/\/news.canadamotorjobs.com\/#website"},"primaryImageOfPage":{"@id":"https:\/\/news.canadamotorjobs.com\/fr\/la-bmw-m5-touring-sera-officiellement-vendue-au-canada\/#primaryimage"},"image":{"@id":"https:\/\/news.canadamotorjobs.com\/fr\/la-bmw-m5-touring-sera-officiellement-vendue-au-canada\/#primaryimage"},"thumbnailUrl":"https:\/\/news.canadamotorjobs.com\/wp-content\/uploads\/2024\/04\/2025-BMW-M5-Touring-811-CarScoops.jpg","datePublished":"2024-04-05T12:47:39+00:00","dateModified":"2024-04-05T12:58:55+00:00","description":"La BMW M5 Touring sera officiellement vendue au Canada - Benoit Charette - Annuel automobile - CanadaMotorJobs.com.","breadcrumb":{"@id":"https:\/\/news.canadamotorjobs.com\/fr\/la-bmw-m5-touring-sera-officiellement-vendue-au-canada\/#breadcrumb"},"inLanguage":"fr-CA","potentialAction":[{"@type":"ReadAction","target":["https:\/\/news.canadamotorjobs.com\/fr\/la-bmw-m5-touring-sera-officiellement-vendue-au-canada\/"]}]},{"@type":"ImageObject","inLanguage":"fr-CA","@id":"https:\/\/news.canadamotorjobs.com\/fr\/la-bmw-m5-touring-sera-officiellement-vendue-au-canada\/#primaryimage","url":"https:\/\/news.canadamotorjobs.com\/wp-content\/uploads\/2024\/04\/2025-BMW-M5-Touring-811-CarScoops.jpg","contentUrl":"https:\/\/news.canadamotorjobs.com\/wp-content\/uploads\/2024\/04\/2025-BMW-M5-Touring-811-CarScoops.jpg","width":1920,"height":1080},{"@type":"BreadcrumbList","@id":"https:\/\/news.canadamotorjobs.com\/fr\/la-bmw-m5-touring-sera-officiellement-vendue-au-canada\/#breadcrumb","itemListElement":[{"@type":"ListItem","position":1,"name":"Home","item":"https:\/\/news.canadamotorjobs.com\/fr\/blog\/"},{"@type":"ListItem","position":2,"name":"La BMW M5 Touring sera officiellement vendue au Canada"}]},{"@type":"WebSite","@id":"https:\/\/news.canadamotorjobs.com\/#website","url":"https:\/\/news.canadamotorjobs.com\/","name":"CanadaMotorJobs.com","description":"Automotive Jobs","publisher":{"@id":"https:\/\/news.canadamotorjobs.com\/#organization"},"potentialAction":[{"@type":"SearchAction","target":{"@type":"EntryPoint","urlTemplate":"https:\/\/news.canadamotorjobs.com\/?s={search_term_string}"},"query-input":"required name=search_term_string"}],"inLanguage":"fr-CA"},{"@type":"Organization","@id":"https:\/\/news.canadamotorjobs.com\/#organization","name":"Canada Motor Jobs","url":"https:\/\/news.canadamotorjobs.com\/","logo":{"@type":"ImageObject","inLanguage":"fr-CA","@id":"https:\/\/news.canadamotorjobs.com\/#\/schema\/logo\/image\/","url":"https:\/\/news.canadamotorjobs.com\/wp-content\/uploads\/2022\/10\/logo-canada-motor-jobs-1.png","contentUrl":"https:\/\/news.canadamotorjobs.com\/wp-content\/uploads\/2022\/10\/logo-canada-motor-jobs-1.png","width":800,"height":400,"caption":"Canada Motor Jobs"},"image":{"@id":"https:\/\/news.canadamotorjobs.com\/#\/schema\/logo\/image\/"},"sameAs":["https:\/\/www.facebook.com\/canadamotorjobs\/","https:\/\/x.com\/canadamotorjobs","https:\/\/www.instagram.com\/canadamotorjobs\/","https:\/\/www.linkedin.com\/company\/canadamotorjobs"]},{"@type":"Person","@id":"https:\/\/news.canadamotorjobs.com\/#\/schema\/person\/51793d1f87d44011d7bcc2ed99269a90","name":"Benoit Charette","image":{"@type":"ImageObject","inLanguage":"fr-CA","@id":"https:\/\/news.canadamotorjobs.com\/#\/schema\/person\/image\/","url":"https:\/\/secure.gravatar.com\/avatar\/45f3d2eebcccd909668d7ce7ea7267b6?s=96&d=mm&r=g","contentUrl":"https:\/\/secure.gravatar.com\/avatar\/45f3d2eebcccd909668d7ce7ea7267b6?s=96&d=mm&r=g","caption":"Benoit Charette"},"description":"Benoit Charette \/ Propri\u00e9taire et r\u00e9dacteur en chef Benoit Charette pratique le journalisme automobile depuis bient\u00f4t 30 ans. Il a fait ses classes au c\u00f4t\u00e9 de Daniel H\u00e9raud et au Carnet de route de 1992 \u00e0 2001. Il est fondateur, copropri\u00e9taire et r\u00e9dacteur en chef de L\u2019Annuel de l\u2019automobile, qu\u2019il publie depuis 2001. Il a anim\u00e9 les \u00e9missions RPM et RPM+ sur V et les L\u00e9gendes de la route sur Historia. \u00c0 la radio depuis 1986, il reprend l\u2019antenne cette ann\u00e9e sur les ondes de Cogeco et participe pour la deuxi\u00e8me ann\u00e9e \u00e0 l\u2019\u00e9mission Passion Auto sur RDS en plus de mettre en ligne le site Web officiel de L\u2019Annuel de l\u2019automobile sur annuelauto.ca.","sameAs":["https:\/\/annuelauto.ca\/"],"url":"https:\/\/news.canadamotorjobs.com\/fr\/author\/benoit-charette\/"}]}},"_links":{"self":[{"href":"https:\/\/news.canadamotorjobs.com\/fr\/wp-json\/wp\/v2\/posts\/162230"}],"collection":[{"href":"https:\/\/news.canadamotorjobs.com\/fr\/wp-json\/wp\/v2\/posts"}],"about":[{"href":"https:\/\/news.canadamotorjobs.com\/fr\/wp-json\/wp\/v2\/types\/post"}],"author":[{"embeddable":true,"href":"https:\/\/news.canadamotorjobs.com\/fr\/wp-json\/wp\/v2\/users\/8"}],"replies":[{"embeddable":true,"href":"https:\/\/news.canadamotorjobs.com\/fr\/wp-json\/wp\/v2\/comments?post=162230"}],"version-history":[{"count":2,"href":"https:\/\/news.canadamotorjobs.com\/fr\/wp-json\/wp\/v2\/posts\/162230\/revisions"}],"predecessor-version":[{"id":162234,"href":"https:\/\/news.canadamotorjobs.com\/fr\/wp-json\/wp\/v2\/posts\/162230\/revisions\/162234"}],"wp:featuredmedia":[{"embeddable":true,"href":"https:\/\/news.canadamotorjobs.com\/fr\/wp-json\/wp\/v2\/media\/162232"}],"wp:attachment":[{"href":"https:\/\/news.canadamotorjobs.com\/fr\/wp-json\/wp\/v2\/media?parent=162230"}],"wp:term":[{"taxonomy":"category","embeddable":true,"href":"https:\/\/news.canadamotorjobs.com\/fr\/wp-json\/wp\/v2\/categories?post=162230"},{"taxonomy":"post_tag","embeddable":true,"href":"https:\/\/news.canadamotorjobs.com\/fr\/wp-json\/wp\/v2\/tags?post=162230"}],"curies":[{"name":"wp","href":"https:\/\/api.w.org\/{rel}","templated":true}]}}