{"id":162206,"date":"2024-04-04T10:26:47","date_gmt":"2024-04-04T14:26:47","guid":{"rendered":"https:\/\/news.canadamotorjobs.com\/?p=162206"},"modified":"2024-04-04T10:29:58","modified_gmt":"2024-04-04T14:29:58","slug":"pendant-que-les-ventes-electrifiees-de-toyota-augmente-celles-de-tesla-baisse","status":"publish","type":"post","link":"https:\/\/news.canadamotorjobs.com\/fr\/pendant-que-les-ventes-electrifiees-de-toyota-augmente-celles-de-tesla-baisse\/","title":{"rendered":"Pendant que les ventes \u00e9lectrifi\u00e9es de Toyota augmente, celles de Tesla baisse"},"content":{"rendered":"<\/p>\n<p>Les ventes de v\u00e9hicules \u00e9lectrifi\u00e9s de Toyota sont en hausse, tandis que celles de Tesla sont en baisse. Est-ce que l\u2019histoire va encore donn\u00e9 raison \u00e0 Toyota, ou Tesla est-elle simplement confront\u00e9e \u00e0 une v\u00e9ritable concurrence pour la premi\u00e8re fois ?<\/p>\n<h3>Toyota en hausse, Tesla en baisse<\/h3>\n<p>\nEn d\u00e9but de semaine, Tesla a annonc\u00e9 ses livraisons de v\u00e9hicules pour le premier trimestre et les nouvelles n&#8217;\u00e9taient pas bonnes. Les analystes s&#8217;attendaient \u00e0 pr\u00e8s de 457 000 v\u00e9hicules et la soci\u00e9t\u00e9 s&#8217;attendait \u00e0 quelque chose de similaire, mais les chiffres r\u00e9els ont \u00e9t\u00e9 de 386 810. Il s&#8217;agit d&#8217;une baisse de 8,5 % par rapport au premier trimestre 2023 et de la premi\u00e8re baisse d&#8217;une ann\u00e9e sur l&#8217;autre depuis les arr\u00eats pour cause de pand\u00e9mie. Toyota Motor North America a d\u00e9clar\u00e9 565 098 ventes, soit une augmentation de 21,8 % par rapport \u00e0 l&#8217;ann\u00e9e pr\u00e9c\u00e9dente. Les ventes de mod\u00e8les \u00e9lectrifi\u00e9s, qui sont un m\u00e9lange d&#8217;hybrides, de v\u00e9hicules hybrides rechargeables et de v\u00e9hicules \u00e9lectriques, ont augment\u00e9 de 74 %. 36,6 % du volume total de l&#8217;entreprise \u00e9tait \u00e9lectrifi\u00e9.<\/p>\n<h3>Je vous l\u2019avais dit<\/h3>\n<p>\nSi vous \u00eates Toyota, qui affirme depuis longtemps que les VE ne sont pas pr\u00eats et ne le seront jamais pour la plupart des acheteurs, cela peut sembler \u00eatre une justification. Depuis le d\u00e9but de l&#8217;ann\u00e9e, l&#8217;action de Toyota a bondi de 41 %, tandis que celle de Tesla a baiss\u00e9 de 35 % sur la m\u00eame p\u00e9riode. Mais l&#8217;histoire ne se r\u00e9sume pas \u00e0 cela. Les ventes de Tesla sont peut-\u00eatre en difficult\u00e9, mais d&#8217;autres constructeurs de v\u00e9hicules \u00e9lectriques se portent bien. Le concurrent chinois BYD a vu ses ventes s&#8217;effondrer au cours des deux premiers mois de l&#8217;ann\u00e9e, mais les r\u00e9ductions de prix les ont fait rebondir en mars \u00e0 des niveaux presque record.<\/p>\n<h3>La concurrence est plus forte<\/h3>\n<p>\nHyundai USA a fait \u00e9tat d&#8217;une hausse significative de ses ventes de VE au premier trimestre, la Ioniq 5 ayant progress\u00e9 de 18 % et la Ioniq 6 de 1 542 %. Kia USA a vendu 4 000 exemplaires de l&#8217;EV6 et de l&#8217;EV9, ce qui t\u00e9moigne \u00e9galement d&#8217;une croissance significative. M\u00eame chez Ford et GM, qui se sont montr\u00e9s tr\u00e8s r\u00e9ticents \u00e0 l&#8217;\u00e9gard des VE ces derniers temps, les ventes sont en hausse. La Ford Mach-E a augment\u00e9 de 77 % et la Lightning de 80 %, ce qui fait de la marque le deuxi\u00e8me vendeur de VE en Am\u00e9rique. Les ventes de Cadillac Lyriq ont d\u00e9pass\u00e9 les 5 000 unit\u00e9s au cours du trimestre, et GM pr\u00e9voit d&#8217;autres VE cet \u00e9t\u00e9. M\u00eame les BEV de Toyota se vendent bien. La bZ4X et la RZ ont toutes deux atteint des records de vente avec 1 897 et 1 603 unit\u00e9s sur le trimestre.<\/p>\n<h3>Qui aura le dernier mot<\/h3>\n<p>\nAinsi, alors que Toyota se vante de ses chiffres sur les hybrides et d\u00e9nigre les VE, et que Tesla d\u00e9\u00e7oit avec ses chiffres de livraison, l&#8217;histoire ne s&#8217;arr\u00eate pas l\u00e0. Les ventes de VE continuent de cro\u00eetre, et m\u00eame Toyota cherche \u00e0 obtenir plus de cellules de batterie en urgence et travaille sur des batteries \u00e0 l&#8217;\u00e9tat solide pour la prochaine g\u00e9n\u00e9ration de v\u00e9hicules hybrides. tech.<\/p>\n<p>Avec des renseignements de Motor Illustrated<\/p>\n<p>\u00a0<\/p>\n<p>\u00a0<\/p>\n<p>Le texte <a rel=\"nofollow\" href=\"https:\/\/annuelauto.ca\/pendant-que-les-ventes-electrifiees-de-toyota-augmente-celles-de-tesla-baisse\/\">Pendant que les ventes \u00e9lectrifi\u00e9es de Toyota augmente, celles de Tesla baisse<\/a> provient de <a rel=\"nofollow\" href=\"https:\/\/annuelauto.ca\">L&#8217;annuel de l&#8217;automobile &#8211; Actualit\u00e9 automobile<\/a><\/p>\n<p><\/p>\n","protected":false},"excerpt":{"rendered":"<p>Les ventes de v\u00e9hicules \u00e9lectrifi\u00e9s de Toyota sont en hausse, tandis que celles de Tesla sont en baisse. Est-ce que l\u2019histoire va encore donn\u00e9 raison \u00e0 Toyota, ou Tesla est-elle simplement confront\u00e9e \u00e0 une v\u00e9ritable concurrence pour la premi\u00e8re fois ? Toyota en hausse, Tesla en baisse En d\u00e9but de semaine, Tesla a annonc\u00e9 ses [&hellip;]<\/p>\n","protected":false},"author":8,"featured_media":162208,"comment_status":"close","ping_status":"closed","sticky":false,"template":"","format":"standard","meta":{"_monsterinsights_skip_tracking":false,"_monsterinsights_sitenote_active":false,"_monsterinsights_sitenote_note":"","_monsterinsights_sitenote_category":0,"footnotes":""},"categories":[101],"tags":[],"yoast_head":"<!-- This site is optimized with the Yoast SEO plugin v23.2 - https:\/\/yoast.com\/wordpress\/plugins\/seo\/ -->\n<title>Pendant que les ventes \u00e9lectrifi\u00e9es de Toyota augmente, celles de Tesla baisse - CanadaMotorJobs.com<\/title>\n<meta name=\"description\" content=\"Pendant que les ventes \u00e9lectrifi\u00e9es de Toyota augmente, celles de Tesla baisse - Benoit Charette - Annuel automobile - CanadaMotorJobs.com.\" \/>\n<meta name=\"robots\" content=\"index, follow, max-snippet:-1, max-image-preview:large, max-video-preview:-1\" \/>\n<meta property=\"og:locale\" content=\"fr_CA\" \/>\n<meta property=\"og:type\" content=\"article\" \/>\n<meta property=\"og:title\" content=\"Pendant que les ventes \u00e9lectrifi\u00e9es de Toyota augmente, celles de Tesla baisse - CanadaMotorJobs.com\" \/>\n<meta property=\"og:description\" content=\"Pendant que les ventes \u00e9lectrifi\u00e9es de Toyota augmente, celles de Tesla baisse - Benoit Charette - Annuel automobile - CanadaMotorJobs.com.\" \/>\n<meta property=\"og:url\" content=\"https:\/\/news.canadamotorjobs.com\/fr\/pendant-que-les-ventes-electrifiees-de-toyota-augmente-celles-de-tesla-baisse\/\" \/>\n<meta property=\"og:site_name\" content=\"CanadaMotorJobs.com\" \/>\n<meta property=\"article:publisher\" content=\"https:\/\/www.facebook.com\/canadamotorjobs\/\" \/>\n<meta property=\"article:published_time\" content=\"2024-04-04T14:26:47+00:00\" \/>\n<meta property=\"article:modified_time\" content=\"2024-04-04T14:29:58+00:00\" \/>\n<meta property=\"og:image\" content=\"https:\/\/news.canadamotorjobs.com\/wp-content\/uploads\/2024\/04\/hero-toyota-BZ4X.jpg\" \/>\n\t<meta property=\"og:image:width\" content=\"1200\" \/>\n\t<meta property=\"og:image:height\" content=\"750\" \/>\n\t<meta property=\"og:image:type\" content=\"image\/jpeg\" \/>\n<meta name=\"author\" content=\"Benoit Charette\" \/>\n<meta name=\"twitter:card\" content=\"summary_large_image\" \/>\n<meta name=\"twitter:creator\" content=\"@canadamotorjobs\" \/>\n<meta name=\"twitter:site\" content=\"@canadamotorjobs\" \/>\n<meta name=\"twitter:label1\" content=\"\u00c9crit par\" \/>\n\t<meta name=\"twitter:data1\" content=\"Benoit Charette\" \/>\n\t<meta name=\"twitter:label2\" content=\"Estimation du temps de lecture\" \/>\n\t<meta name=\"twitter:data2\" content=\"3 minutes\" \/>\n<!-- \/ Yoast SEO plugin. -->","yoast_head_json":{"title":"Pendant que les ventes \u00e9lectrifi\u00e9es de Toyota augmente, celles de Tesla baisse - CanadaMotorJobs.com","description":"Pendant que les ventes \u00e9lectrifi\u00e9es de Toyota augmente, celles de Tesla baisse - Benoit Charette - Annuel automobile - CanadaMotorJobs.com.","robots":{"index":"index","follow":"follow","max-snippet":"max-snippet:-1","max-image-preview":"max-image-preview:large","max-video-preview":"max-video-preview:-1"},"og_locale":"fr_CA","og_type":"article","og_title":"Pendant que les ventes \u00e9lectrifi\u00e9es de Toyota augmente, celles de Tesla baisse - CanadaMotorJobs.com","og_description":"Pendant que les ventes \u00e9lectrifi\u00e9es de Toyota augmente, celles de Tesla baisse - Benoit Charette - Annuel automobile - CanadaMotorJobs.com.","og_url":"https:\/\/news.canadamotorjobs.com\/fr\/pendant-que-les-ventes-electrifiees-de-toyota-augmente-celles-de-tesla-baisse\/","og_site_name":"CanadaMotorJobs.com","article_publisher":"https:\/\/www.facebook.com\/canadamotorjobs\/","article_published_time":"2024-04-04T14:26:47+00:00","article_modified_time":"2024-04-04T14:29:58+00:00","og_image":[{"width":1200,"height":750,"url":"https:\/\/news.canadamotorjobs.com\/wp-content\/uploads\/2024\/04\/hero-toyota-BZ4X.jpg","type":"image\/jpeg"}],"author":"Benoit Charette","twitter_card":"summary_large_image","twitter_creator":"@canadamotorjobs","twitter_site":"@canadamotorjobs","twitter_misc":{"\u00c9crit par":"Benoit Charette","Estimation du temps de lecture":"3 minutes"},"schema":{"@context":"https:\/\/schema.org","@graph":[{"@type":"Article","@id":"https:\/\/news.canadamotorjobs.com\/fr\/pendant-que-les-ventes-electrifiees-de-toyota-augmente-celles-de-tesla-baisse\/#article","isPartOf":{"@id":"https:\/\/news.canadamotorjobs.com\/fr\/pendant-que-les-ventes-electrifiees-de-toyota-augmente-celles-de-tesla-baisse\/"},"author":{"name":"Benoit Charette","@id":"https:\/\/news.canadamotorjobs.com\/#\/schema\/person\/51793d1f87d44011d7bcc2ed99269a90"},"headline":"Pendant que les ventes \u00e9lectrifi\u00e9es de Toyota augmente, celles de Tesla baisse","datePublished":"2024-04-04T14:26:47+00:00","dateModified":"2024-04-04T14:29:58+00:00","mainEntityOfPage":{"@id":"https:\/\/news.canadamotorjobs.com\/fr\/pendant-que-les-ventes-electrifiees-de-toyota-augmente-celles-de-tesla-baisse\/"},"wordCount":603,"publisher":{"@id":"https:\/\/news.canadamotorjobs.com\/#organization"},"image":{"@id":"https:\/\/news.canadamotorjobs.com\/fr\/pendant-que-les-ventes-electrifiees-de-toyota-augmente-celles-de-tesla-baisse\/#primaryimage"},"thumbnailUrl":"https:\/\/news.canadamotorjobs.com\/wp-content\/uploads\/2024\/04\/hero-toyota-BZ4X.jpg","articleSection":["Annuel automobile"],"inLanguage":"fr-CA"},{"@type":"WebPage","@id":"https:\/\/news.canadamotorjobs.com\/fr\/pendant-que-les-ventes-electrifiees-de-toyota-augmente-celles-de-tesla-baisse\/","url":"https:\/\/news.canadamotorjobs.com\/fr\/pendant-que-les-ventes-electrifiees-de-toyota-augmente-celles-de-tesla-baisse\/","name":"Pendant que les ventes \u00e9lectrifi\u00e9es de Toyota augmente, celles de Tesla baisse - CanadaMotorJobs.com","isPartOf":{"@id":"https:\/\/news.canadamotorjobs.com\/#website"},"primaryImageOfPage":{"@id":"https:\/\/news.canadamotorjobs.com\/fr\/pendant-que-les-ventes-electrifiees-de-toyota-augmente-celles-de-tesla-baisse\/#primaryimage"},"image":{"@id":"https:\/\/news.canadamotorjobs.com\/fr\/pendant-que-les-ventes-electrifiees-de-toyota-augmente-celles-de-tesla-baisse\/#primaryimage"},"thumbnailUrl":"https:\/\/news.canadamotorjobs.com\/wp-content\/uploads\/2024\/04\/hero-toyota-BZ4X.jpg","datePublished":"2024-04-04T14:26:47+00:00","dateModified":"2024-04-04T14:29:58+00:00","description":"Pendant que les ventes \u00e9lectrifi\u00e9es de Toyota augmente, celles de Tesla baisse - Benoit Charette - Annuel automobile - CanadaMotorJobs.com.","breadcrumb":{"@id":"https:\/\/news.canadamotorjobs.com\/fr\/pendant-que-les-ventes-electrifiees-de-toyota-augmente-celles-de-tesla-baisse\/#breadcrumb"},"inLanguage":"fr-CA","potentialAction":[{"@type":"ReadAction","target":["https:\/\/news.canadamotorjobs.com\/fr\/pendant-que-les-ventes-electrifiees-de-toyota-augmente-celles-de-tesla-baisse\/"]}]},{"@type":"ImageObject","inLanguage":"fr-CA","@id":"https:\/\/news.canadamotorjobs.com\/fr\/pendant-que-les-ventes-electrifiees-de-toyota-augmente-celles-de-tesla-baisse\/#primaryimage","url":"https:\/\/news.canadamotorjobs.com\/wp-content\/uploads\/2024\/04\/hero-toyota-BZ4X.jpg","contentUrl":"https:\/\/news.canadamotorjobs.com\/wp-content\/uploads\/2024\/04\/hero-toyota-BZ4X.jpg","width":1200,"height":750},{"@type":"BreadcrumbList","@id":"https:\/\/news.canadamotorjobs.com\/fr\/pendant-que-les-ventes-electrifiees-de-toyota-augmente-celles-de-tesla-baisse\/#breadcrumb","itemListElement":[{"@type":"ListItem","position":1,"name":"Home","item":"https:\/\/news.canadamotorjobs.com\/fr\/blog\/"},{"@type":"ListItem","position":2,"name":"Pendant que les ventes \u00e9lectrifi\u00e9es de Toyota augmente, celles de Tesla baisse"}]},{"@type":"WebSite","@id":"https:\/\/news.canadamotorjobs.com\/#website","url":"https:\/\/news.canadamotorjobs.com\/","name":"CanadaMotorJobs.com","description":"Automotive Jobs","publisher":{"@id":"https:\/\/news.canadamotorjobs.com\/#organization"},"potentialAction":[{"@type":"SearchAction","target":{"@type":"EntryPoint","urlTemplate":"https:\/\/news.canadamotorjobs.com\/?s={search_term_string}"},"query-input":"required name=search_term_string"}],"inLanguage":"fr-CA"},{"@type":"Organization","@id":"https:\/\/news.canadamotorjobs.com\/#organization","name":"Canada Motor Jobs","url":"https:\/\/news.canadamotorjobs.com\/","logo":{"@type":"ImageObject","inLanguage":"fr-CA","@id":"https:\/\/news.canadamotorjobs.com\/#\/schema\/logo\/image\/","url":"https:\/\/news.canadamotorjobs.com\/wp-content\/uploads\/2022\/10\/logo-canada-motor-jobs-1.png","contentUrl":"https:\/\/news.canadamotorjobs.com\/wp-content\/uploads\/2022\/10\/logo-canada-motor-jobs-1.png","width":800,"height":400,"caption":"Canada Motor Jobs"},"image":{"@id":"https:\/\/news.canadamotorjobs.com\/#\/schema\/logo\/image\/"},"sameAs":["https:\/\/www.facebook.com\/canadamotorjobs\/","https:\/\/x.com\/canadamotorjobs","https:\/\/www.instagram.com\/canadamotorjobs\/","https:\/\/www.linkedin.com\/company\/canadamotorjobs"]},{"@type":"Person","@id":"https:\/\/news.canadamotorjobs.com\/#\/schema\/person\/51793d1f87d44011d7bcc2ed99269a90","name":"Benoit Charette","image":{"@type":"ImageObject","inLanguage":"fr-CA","@id":"https:\/\/news.canadamotorjobs.com\/#\/schema\/person\/image\/","url":"https:\/\/secure.gravatar.com\/avatar\/45f3d2eebcccd909668d7ce7ea7267b6?s=96&d=mm&r=g","contentUrl":"https:\/\/secure.gravatar.com\/avatar\/45f3d2eebcccd909668d7ce7ea7267b6?s=96&d=mm&r=g","caption":"Benoit Charette"},"description":"Benoit Charette \/ Propri\u00e9taire et r\u00e9dacteur en chef Benoit Charette pratique le journalisme automobile depuis bient\u00f4t 30 ans. Il a fait ses classes au c\u00f4t\u00e9 de Daniel H\u00e9raud et au Carnet de route de 1992 \u00e0 2001. Il est fondateur, copropri\u00e9taire et r\u00e9dacteur en chef de L\u2019Annuel de l\u2019automobile, qu\u2019il publie depuis 2001. Il a anim\u00e9 les \u00e9missions RPM et RPM+ sur V et les L\u00e9gendes de la route sur Historia. \u00c0 la radio depuis 1986, il reprend l\u2019antenne cette ann\u00e9e sur les ondes de Cogeco et participe pour la deuxi\u00e8me ann\u00e9e \u00e0 l\u2019\u00e9mission Passion Auto sur RDS en plus de mettre en ligne le site Web officiel de L\u2019Annuel de l\u2019automobile sur annuelauto.ca.","sameAs":["https:\/\/annuelauto.ca\/"],"url":"https:\/\/news.canadamotorjobs.com\/fr\/author\/benoit-charette\/"}]}},"_links":{"self":[{"href":"https:\/\/news.canadamotorjobs.com\/fr\/wp-json\/wp\/v2\/posts\/162206"}],"collection":[{"href":"https:\/\/news.canadamotorjobs.com\/fr\/wp-json\/wp\/v2\/posts"}],"about":[{"href":"https:\/\/news.canadamotorjobs.com\/fr\/wp-json\/wp\/v2\/types\/post"}],"author":[{"embeddable":true,"href":"https:\/\/news.canadamotorjobs.com\/fr\/wp-json\/wp\/v2\/users\/8"}],"replies":[{"embeddable":true,"href":"https:\/\/news.canadamotorjobs.com\/fr\/wp-json\/wp\/v2\/comments?post=162206"}],"version-history":[{"count":2,"href":"https:\/\/news.canadamotorjobs.com\/fr\/wp-json\/wp\/v2\/posts\/162206\/revisions"}],"predecessor-version":[{"id":162210,"href":"https:\/\/news.canadamotorjobs.com\/fr\/wp-json\/wp\/v2\/posts\/162206\/revisions\/162210"}],"wp:featuredmedia":[{"embeddable":true,"href":"https:\/\/news.canadamotorjobs.com\/fr\/wp-json\/wp\/v2\/media\/162208"}],"wp:attachment":[{"href":"https:\/\/news.canadamotorjobs.com\/fr\/wp-json\/wp\/v2\/media?parent=162206"}],"wp:term":[{"taxonomy":"category","embeddable":true,"href":"https:\/\/news.canadamotorjobs.com\/fr\/wp-json\/wp\/v2\/categories?post=162206"},{"taxonomy":"post_tag","embeddable":true,"href":"https:\/\/news.canadamotorjobs.com\/fr\/wp-json\/wp\/v2\/tags?post=162206"}],"curies":[{"name":"wp","href":"https:\/\/api.w.org\/{rel}","templated":true}]}}