{"id":162185,"date":"2024-04-04T10:07:09","date_gmt":"2024-04-04T14:07:09","guid":{"rendered":"https:\/\/news.canadamotorjobs.com\/?p=162185"},"modified":"2024-04-04T10:14:34","modified_gmt":"2024-04-04T14:14:34","slug":"ford-repousse-le-lancement-de-ses-vehicules-electriques-en-optimisant-la-fabrication-des-hybrides","status":"publish","type":"post","link":"https:\/\/news.canadamotorjobs.com\/fr\/ford-repousse-le-lancement-de-ses-vehicules-electriques-en-optimisant-la-fabrication-des-hybrides\/","title":{"rendered":"Ford repousse le lancement de ses v\u00e9hicules \u00e9lectriques en optimisant la fabrication des hybrides"},"content":{"rendered":"<\/p>\n<p>Ford Motor Co. a annonc\u00e9 jeudi qu&#8217;il retardait ses plans de lancement pour ses nouveaux pick-up \u00e9lectriques et ses v\u00e9hicules utilitaires \u00e9lectriques \u00e0 trois rang\u00e9es, attribuant cette d\u00e9cision au ralentissement de la demande pour les v\u00e9hicules \u00e9lectriques. Pendant ce temps, le constructeur automobile vise \u00e0 \u00e9largir sa gamme en offrant des variantes hybrides pour chaque v\u00e9hicule \u00e0 essence de sa gamme d&#8217;ici la fin de la d\u00e9cennie.<\/p>\n<h3><strong>Objectif : hybrider toute la gamme<\/strong><\/h3>\n<p>\nFord a d\u00e9clar\u00e9 son intention d&#8217;offrir des variantes hybrides pour chaque mod\u00e8le \u00e0 essence d&#8217;ici la fin de la d\u00e9cennie, soulignant son engagement envers le d\u00e9veloppement d&#8217;une activit\u00e9 rentable dans le domaine des v\u00e9hicules \u00e9lectriques.<\/p>\n<h3><strong>Report des projets de production<\/strong><\/h3>\n<p>\nLa production de l&#8217;usine Blue Oval City au Tennessee est report\u00e9e de fin 2025 \u00e0 2026. Cette usine, en cours de construction, devait initialement avoir une capacit\u00e9 annuelle de 500 000 v\u00e9hicules \u00e9lectriques et employer 6 000 personnes. De m\u00eame, la production d&#8217;utilitaires EV \u00e0 trois rang\u00e9es dans une usine au Canada est retard\u00e9e de 2025 \u00e0 2027.<\/p>\n<h3><strong>Transition vers les v\u00e9hicules \u00e9lectriques \u00e0 Oakville<\/strong><\/h3>\n<p>\nFord pr\u00e9voit de transformer son usine d&#8217;assemblage d&#8217;Oakville en un complexe de v\u00e9hicules \u00e9lectriques au cours du trimestre en cours. Les travailleurs de cette usine recevront 70 % de leur salaire s&#8217;ils sont mis \u00e0 pied pendant la transition.<\/p>\n<h3><strong>Engagements envers le Canada<\/strong><\/h3>\n<p>\nJim Farley, PDG de Ford, a exprim\u00e9 son engagement envers la fabrication au Canada malgr\u00e9 les retards, affirmant que cette d\u00e9cision aidera \u00e0 b\u00e2tir une entreprise rentable \u00e0 long terme.<\/p>\n<h3><strong>Continuit\u00e9 de la production dans l&#8217;Ohio<\/strong><\/h3>\n<p>\nL&#8217;usine d&#8217;assemblage de l&#8217;Ohio continuera \u00e0 construire un nouveau v\u00e9hicule \u00e9lectrique commercial, avec le d\u00e9marrage de l&#8217;installation de l&#8217;outillage pr\u00e9vu pour 2025, comme initialement pr\u00e9vu.<\/p>\n<h3><strong>Conclusion<\/strong><\/h3>\n<p>\nLa d\u00e9cision de Ford de retarder le lancement de ses v\u00e9hicules \u00e9lectriques refl\u00e8te les fluctuations du march\u00e9 et l&#8217;importance pour les constructeurs automobiles de s&#8217;adapter aux \u00e9volutions de la demande. Toutefois, son engagement envers l&#8217;\u00e9lectrification de sa gamme et la transformation de ses installations t\u00e9moignent de sa vision \u00e0 long terme dans le domaine de la mobilit\u00e9 \u00e9lectrique.<\/p>\n<p>\u00a0<\/p>\n<p>Avec des renseignements d&#8217;Automotive News<\/p>\n<p>\u00a0<\/p>\n<p>Le texte <a rel=\"nofollow\" href=\"https:\/\/annuelauto.ca\/ford-repousse-le-lancement-de-ses-vehicules-electriques-en-optimisant-la-fabrication-des-hybrides\/\">Ford repousse le lancement de ses v\u00e9hicules \u00e9lectriques en optimisant la fabrication des hybrides<\/a> provient de <a rel=\"nofollow\" href=\"https:\/\/annuelauto.ca\">L&#8217;annuel de l&#8217;automobile &#8211; Actualit\u00e9 automobile<\/a><\/p>\n<p><\/p>\n","protected":false},"excerpt":{"rendered":"<p>Ford Motor Co. a annonc\u00e9 jeudi qu&#8217;il retardait ses plans de lancement pour ses nouveaux pick-up \u00e9lectriques et ses v\u00e9hicules utilitaires \u00e9lectriques \u00e0 trois rang\u00e9es, attribuant cette d\u00e9cision au ralentissement de la demande pour les v\u00e9hicules \u00e9lectriques. Pendant ce temps, le constructeur automobile vise \u00e0 \u00e9largir sa gamme en offrant des variantes hybrides pour chaque [&hellip;]<\/p>\n","protected":false},"author":8,"featured_media":162187,"comment_status":"close","ping_status":"closed","sticky":false,"template":"","format":"standard","meta":{"_monsterinsights_skip_tracking":false,"_monsterinsights_sitenote_active":false,"_monsterinsights_sitenote_note":"","_monsterinsights_sitenote_category":0,"footnotes":""},"categories":[101],"tags":[],"yoast_head":"<!-- This site is optimized with the Yoast SEO plugin v23.2 - https:\/\/yoast.com\/wordpress\/plugins\/seo\/ -->\n<title>Ford repousse le lancement de ses v\u00e9hicules \u00e9lectriques en optimisant la fabrication des hybrides - CanadaMotorJobs.com<\/title>\n<meta name=\"description\" content=\"Ford repousse le lancement de ses v\u00e9hicules \u00e9lectriques en optimisant la fabrication des hybrides - Benoit Charette - Annuel automobile - CanadaMotorJobs.com.\" \/>\n<meta name=\"robots\" content=\"index, follow, max-snippet:-1, max-image-preview:large, max-video-preview:-1\" \/>\n<meta property=\"og:locale\" content=\"fr_CA\" \/>\n<meta property=\"og:type\" content=\"article\" \/>\n<meta property=\"og:title\" content=\"Ford repousse le lancement de ses v\u00e9hicules \u00e9lectriques en optimisant la fabrication des hybrides - CanadaMotorJobs.com\" \/>\n<meta property=\"og:description\" content=\"Ford repousse le lancement de ses v\u00e9hicules \u00e9lectriques en optimisant la fabrication des hybrides - Benoit Charette - Annuel automobile - CanadaMotorJobs.com.\" \/>\n<meta property=\"og:url\" content=\"https:\/\/news.canadamotorjobs.com\/fr\/ford-repousse-le-lancement-de-ses-vehicules-electriques-en-optimisant-la-fabrication-des-hybrides\/\" \/>\n<meta property=\"og:site_name\" content=\"CanadaMotorJobs.com\" \/>\n<meta property=\"article:publisher\" content=\"https:\/\/www.facebook.com\/canadamotorjobs\/\" \/>\n<meta property=\"article:published_time\" content=\"2024-04-04T14:07:09+00:00\" \/>\n<meta property=\"article:modified_time\" content=\"2024-04-04T14:14:34+00:00\" \/>\n<meta property=\"og:image\" content=\"https:\/\/news.canadamotorjobs.com\/wp-content\/uploads\/2024\/04\/DSC01389-1024x768-1.jpg\" \/>\n\t<meta property=\"og:image:width\" content=\"1024\" \/>\n\t<meta property=\"og:image:height\" content=\"768\" \/>\n\t<meta property=\"og:image:type\" content=\"image\/jpeg\" \/>\n<meta name=\"author\" content=\"Benoit Charette\" \/>\n<meta name=\"twitter:card\" content=\"summary_large_image\" \/>\n<meta name=\"twitter:creator\" content=\"@canadamotorjobs\" \/>\n<meta name=\"twitter:site\" content=\"@canadamotorjobs\" \/>\n<meta name=\"twitter:label1\" content=\"\u00c9crit par\" \/>\n\t<meta name=\"twitter:data1\" content=\"Benoit Charette\" \/>\n\t<meta name=\"twitter:label2\" content=\"Estimation du temps de lecture\" \/>\n\t<meta name=\"twitter:data2\" content=\"2 minutes\" \/>\n<!-- \/ Yoast SEO plugin. -->","yoast_head_json":{"title":"Ford repousse le lancement de ses v\u00e9hicules \u00e9lectriques en optimisant la fabrication des hybrides - CanadaMotorJobs.com","description":"Ford repousse le lancement de ses v\u00e9hicules \u00e9lectriques en optimisant la fabrication des hybrides - Benoit Charette - Annuel automobile - CanadaMotorJobs.com.","robots":{"index":"index","follow":"follow","max-snippet":"max-snippet:-1","max-image-preview":"max-image-preview:large","max-video-preview":"max-video-preview:-1"},"og_locale":"fr_CA","og_type":"article","og_title":"Ford repousse le lancement de ses v\u00e9hicules \u00e9lectriques en optimisant la fabrication des hybrides - CanadaMotorJobs.com","og_description":"Ford repousse le lancement de ses v\u00e9hicules \u00e9lectriques en optimisant la fabrication des hybrides - Benoit Charette - Annuel automobile - CanadaMotorJobs.com.","og_url":"https:\/\/news.canadamotorjobs.com\/fr\/ford-repousse-le-lancement-de-ses-vehicules-electriques-en-optimisant-la-fabrication-des-hybrides\/","og_site_name":"CanadaMotorJobs.com","article_publisher":"https:\/\/www.facebook.com\/canadamotorjobs\/","article_published_time":"2024-04-04T14:07:09+00:00","article_modified_time":"2024-04-04T14:14:34+00:00","og_image":[{"width":1024,"height":768,"url":"https:\/\/news.canadamotorjobs.com\/wp-content\/uploads\/2024\/04\/DSC01389-1024x768-1.jpg","type":"image\/jpeg"}],"author":"Benoit Charette","twitter_card":"summary_large_image","twitter_creator":"@canadamotorjobs","twitter_site":"@canadamotorjobs","twitter_misc":{"\u00c9crit par":"Benoit Charette","Estimation du temps de lecture":"2 minutes"},"schema":{"@context":"https:\/\/schema.org","@graph":[{"@type":"Article","@id":"https:\/\/news.canadamotorjobs.com\/fr\/ford-repousse-le-lancement-de-ses-vehicules-electriques-en-optimisant-la-fabrication-des-hybrides\/#article","isPartOf":{"@id":"https:\/\/news.canadamotorjobs.com\/fr\/ford-repousse-le-lancement-de-ses-vehicules-electriques-en-optimisant-la-fabrication-des-hybrides\/"},"author":{"name":"Benoit Charette","@id":"https:\/\/news.canadamotorjobs.com\/#\/schema\/person\/51793d1f87d44011d7bcc2ed99269a90"},"headline":"Ford repousse le lancement de ses v\u00e9hicules \u00e9lectriques en optimisant la fabrication des hybrides","datePublished":"2024-04-04T14:07:09+00:00","dateModified":"2024-04-04T14:14:34+00:00","mainEntityOfPage":{"@id":"https:\/\/news.canadamotorjobs.com\/fr\/ford-repousse-le-lancement-de-ses-vehicules-electriques-en-optimisant-la-fabrication-des-hybrides\/"},"wordCount":412,"publisher":{"@id":"https:\/\/news.canadamotorjobs.com\/#organization"},"image":{"@id":"https:\/\/news.canadamotorjobs.com\/fr\/ford-repousse-le-lancement-de-ses-vehicules-electriques-en-optimisant-la-fabrication-des-hybrides\/#primaryimage"},"thumbnailUrl":"https:\/\/news.canadamotorjobs.com\/wp-content\/uploads\/2024\/04\/DSC01389-1024x768-1.jpg","articleSection":["Annuel automobile"],"inLanguage":"fr-CA"},{"@type":"WebPage","@id":"https:\/\/news.canadamotorjobs.com\/fr\/ford-repousse-le-lancement-de-ses-vehicules-electriques-en-optimisant-la-fabrication-des-hybrides\/","url":"https:\/\/news.canadamotorjobs.com\/fr\/ford-repousse-le-lancement-de-ses-vehicules-electriques-en-optimisant-la-fabrication-des-hybrides\/","name":"Ford repousse le lancement de ses v\u00e9hicules \u00e9lectriques en optimisant la fabrication des hybrides - CanadaMotorJobs.com","isPartOf":{"@id":"https:\/\/news.canadamotorjobs.com\/#website"},"primaryImageOfPage":{"@id":"https:\/\/news.canadamotorjobs.com\/fr\/ford-repousse-le-lancement-de-ses-vehicules-electriques-en-optimisant-la-fabrication-des-hybrides\/#primaryimage"},"image":{"@id":"https:\/\/news.canadamotorjobs.com\/fr\/ford-repousse-le-lancement-de-ses-vehicules-electriques-en-optimisant-la-fabrication-des-hybrides\/#primaryimage"},"thumbnailUrl":"https:\/\/news.canadamotorjobs.com\/wp-content\/uploads\/2024\/04\/DSC01389-1024x768-1.jpg","datePublished":"2024-04-04T14:07:09+00:00","dateModified":"2024-04-04T14:14:34+00:00","description":"Ford repousse le lancement de ses v\u00e9hicules \u00e9lectriques en optimisant la fabrication des hybrides - Benoit Charette - Annuel automobile - CanadaMotorJobs.com.","breadcrumb":{"@id":"https:\/\/news.canadamotorjobs.com\/fr\/ford-repousse-le-lancement-de-ses-vehicules-electriques-en-optimisant-la-fabrication-des-hybrides\/#breadcrumb"},"inLanguage":"fr-CA","potentialAction":[{"@type":"ReadAction","target":["https:\/\/news.canadamotorjobs.com\/fr\/ford-repousse-le-lancement-de-ses-vehicules-electriques-en-optimisant-la-fabrication-des-hybrides\/"]}]},{"@type":"ImageObject","inLanguage":"fr-CA","@id":"https:\/\/news.canadamotorjobs.com\/fr\/ford-repousse-le-lancement-de-ses-vehicules-electriques-en-optimisant-la-fabrication-des-hybrides\/#primaryimage","url":"https:\/\/news.canadamotorjobs.com\/wp-content\/uploads\/2024\/04\/DSC01389-1024x768-1.jpg","contentUrl":"https:\/\/news.canadamotorjobs.com\/wp-content\/uploads\/2024\/04\/DSC01389-1024x768-1.jpg","width":1024,"height":768},{"@type":"BreadcrumbList","@id":"https:\/\/news.canadamotorjobs.com\/fr\/ford-repousse-le-lancement-de-ses-vehicules-electriques-en-optimisant-la-fabrication-des-hybrides\/#breadcrumb","itemListElement":[{"@type":"ListItem","position":1,"name":"Home","item":"https:\/\/news.canadamotorjobs.com\/fr\/blog\/"},{"@type":"ListItem","position":2,"name":"Ford repousse le lancement de ses v\u00e9hicules \u00e9lectriques en optimisant la fabrication des hybrides"}]},{"@type":"WebSite","@id":"https:\/\/news.canadamotorjobs.com\/#website","url":"https:\/\/news.canadamotorjobs.com\/","name":"CanadaMotorJobs.com","description":"Automotive Jobs","publisher":{"@id":"https:\/\/news.canadamotorjobs.com\/#organization"},"potentialAction":[{"@type":"SearchAction","target":{"@type":"EntryPoint","urlTemplate":"https:\/\/news.canadamotorjobs.com\/?s={search_term_string}"},"query-input":"required name=search_term_string"}],"inLanguage":"fr-CA"},{"@type":"Organization","@id":"https:\/\/news.canadamotorjobs.com\/#organization","name":"Canada Motor Jobs","url":"https:\/\/news.canadamotorjobs.com\/","logo":{"@type":"ImageObject","inLanguage":"fr-CA","@id":"https:\/\/news.canadamotorjobs.com\/#\/schema\/logo\/image\/","url":"https:\/\/news.canadamotorjobs.com\/wp-content\/uploads\/2022\/10\/logo-canada-motor-jobs-1.png","contentUrl":"https:\/\/news.canadamotorjobs.com\/wp-content\/uploads\/2022\/10\/logo-canada-motor-jobs-1.png","width":800,"height":400,"caption":"Canada Motor Jobs"},"image":{"@id":"https:\/\/news.canadamotorjobs.com\/#\/schema\/logo\/image\/"},"sameAs":["https:\/\/www.facebook.com\/canadamotorjobs\/","https:\/\/x.com\/canadamotorjobs","https:\/\/www.instagram.com\/canadamotorjobs\/","https:\/\/www.linkedin.com\/company\/canadamotorjobs"]},{"@type":"Person","@id":"https:\/\/news.canadamotorjobs.com\/#\/schema\/person\/51793d1f87d44011d7bcc2ed99269a90","name":"Benoit Charette","image":{"@type":"ImageObject","inLanguage":"fr-CA","@id":"https:\/\/news.canadamotorjobs.com\/#\/schema\/person\/image\/","url":"https:\/\/secure.gravatar.com\/avatar\/45f3d2eebcccd909668d7ce7ea7267b6?s=96&d=mm&r=g","contentUrl":"https:\/\/secure.gravatar.com\/avatar\/45f3d2eebcccd909668d7ce7ea7267b6?s=96&d=mm&r=g","caption":"Benoit Charette"},"description":"Benoit Charette \/ Propri\u00e9taire et r\u00e9dacteur en chef Benoit Charette pratique le journalisme automobile depuis bient\u00f4t 30 ans. Il a fait ses classes au c\u00f4t\u00e9 de Daniel H\u00e9raud et au Carnet de route de 1992 \u00e0 2001. Il est fondateur, copropri\u00e9taire et r\u00e9dacteur en chef de L\u2019Annuel de l\u2019automobile, qu\u2019il publie depuis 2001. Il a anim\u00e9 les \u00e9missions RPM et RPM+ sur V et les L\u00e9gendes de la route sur Historia. \u00c0 la radio depuis 1986, il reprend l\u2019antenne cette ann\u00e9e sur les ondes de Cogeco et participe pour la deuxi\u00e8me ann\u00e9e \u00e0 l\u2019\u00e9mission Passion Auto sur RDS en plus de mettre en ligne le site Web officiel de L\u2019Annuel de l\u2019automobile sur annuelauto.ca.","sameAs":["https:\/\/annuelauto.ca\/"],"url":"https:\/\/news.canadamotorjobs.com\/fr\/author\/benoit-charette\/"}]}},"_links":{"self":[{"href":"https:\/\/news.canadamotorjobs.com\/fr\/wp-json\/wp\/v2\/posts\/162185"}],"collection":[{"href":"https:\/\/news.canadamotorjobs.com\/fr\/wp-json\/wp\/v2\/posts"}],"about":[{"href":"https:\/\/news.canadamotorjobs.com\/fr\/wp-json\/wp\/v2\/types\/post"}],"author":[{"embeddable":true,"href":"https:\/\/news.canadamotorjobs.com\/fr\/wp-json\/wp\/v2\/users\/8"}],"replies":[{"embeddable":true,"href":"https:\/\/news.canadamotorjobs.com\/fr\/wp-json\/wp\/v2\/comments?post=162185"}],"version-history":[{"count":2,"href":"https:\/\/news.canadamotorjobs.com\/fr\/wp-json\/wp\/v2\/posts\/162185\/revisions"}],"predecessor-version":[{"id":162189,"href":"https:\/\/news.canadamotorjobs.com\/fr\/wp-json\/wp\/v2\/posts\/162185\/revisions\/162189"}],"wp:featuredmedia":[{"embeddable":true,"href":"https:\/\/news.canadamotorjobs.com\/fr\/wp-json\/wp\/v2\/media\/162187"}],"wp:attachment":[{"href":"https:\/\/news.canadamotorjobs.com\/fr\/wp-json\/wp\/v2\/media?parent=162185"}],"wp:term":[{"taxonomy":"category","embeddable":true,"href":"https:\/\/news.canadamotorjobs.com\/fr\/wp-json\/wp\/v2\/categories?post=162185"},{"taxonomy":"post_tag","embeddable":true,"href":"https:\/\/news.canadamotorjobs.com\/fr\/wp-json\/wp\/v2\/tags?post=162185"}],"curies":[{"name":"wp","href":"https:\/\/api.w.org\/{rel}","templated":true}]}}