{"id":162162,"date":"2024-04-04T09:53:28","date_gmt":"2024-04-04T13:53:28","guid":{"rendered":"https:\/\/news.canadamotorjobs.com\/?p=162162"},"modified":"2024-04-04T09:59:46","modified_gmt":"2024-04-04T13:59:46","slug":"mercedes-benz-presente-une-nouvelle-classe-e","status":"publish","type":"post","link":"https:\/\/news.canadamotorjobs.com\/fr\/mercedes-benz-presente-une-nouvelle-classe-e\/","title":{"rendered":"Mercedes-Benz pr\u00e9sente une nouvelle Classe E"},"content":{"rendered":"<\/p>\n<p>La nouvelle Clase E arrive chez les concessionnaires canadiens en avril 2024 avec un prix d&#8217;achat qui commence \u00e0 73 900 $ (plus les frais et les charges suppl\u00e9mentaires) pour le mod\u00e8le E 350 berline. Ce prix inclus les jantes AMG en alliage \u00e0 rayons multiples de 20 pouces en option. Le mod\u00e8le Pinnacle arrive \u00e0 83,235 $.<\/p>\n<h3><strong>Technologie de pointe et \u00e9l\u00e9gance intemporelle<\/strong><\/h3>\n<p>\nLa nouvelle Classe E se distingue par son syst\u00e8me d&#8217;infodivertissement de troisi\u00e8me g\u00e9n\u00e9ration MBUX (Mercedes-Benz User Experience), qui promet une exp\u00e9rience immersive in\u00e9gal\u00e9e. Dot\u00e9e de l&#8217;\u00e9cran MBUX Superscreen en option, cette berline offre une connectivit\u00e9 et un divertissement de haut niveau. Sous le capot, le choix entre un moteur 4 cylindres 2,0 litres Turbo (255 ch et 295 lb-pi de couple) avec syst\u00e8me hybride l\u00e9ger 48V pour la E 350, et un six cylindre en ligne Turbo de 3,0 litres (375 ch et 369 lb-pi de couple) avec syst\u00e8me hybride l\u00e9ger 48V pour la E 450 qui garantit des performances dynamiques et une efficacit\u00e9 accrue.<\/p>\n<h3><strong>Confort ultime et innovation technologique<\/strong><\/h3>\n<p>\n\u00c0 bord de la nouvelle Classe E, le conducteur et les passagers sont accueillis dans un cocon de luxe, avec des surfaces int\u00e9rieures de la plus haute qualit\u00e9 et une attention m\u00e9ticuleuse aux d\u00e9tails. L&#8217;\u00e9cran haute r\u00e9solution du tableau de bord semble flotter, offrant une interface intuitive pour contr\u00f4ler les nombreuses fonctionnalit\u00e9s de la voiture. Les \u00e9quipements de s\u00e9rie incluent un toit ouvrant coulissant panoramique, des si\u00e8ges avant chauffants, un volant chauffant, KEYLESS-GO et bien plus encore.<\/p>\n<h3><strong>Des avanc\u00e9es technologiques r\u00e9volutionnaires<\/strong><\/h3>\n<p>\nLa nouvelle Classe E est \u00e9galement \u00e0 la pointe de l&#8217;innovation technologique, avec une architecture \u00e9lectronique pilot\u00e9e par logiciel qui permettra des mises \u00e0 jour individuelles \u00e0 l&#8217;avenir. Le syst\u00e8me d&#8217;infodivertissement MBUX est dot\u00e9 d&#8217;une intelligence artificielle qui s&#8217;adapte aux habitudes personnelles des conducteurs, facilitant ainsi leur quotidien. En option, le syst\u00e8me audio Burmester\u00ae 4D Surround Sound avec Dolby Atmos\u00ae Spatial Audio offre une exp\u00e9rience sonore immersive digne d&#8217;une salle de concert.<\/p>\n<h3><strong>Conduite souple et confortable<\/strong><\/h3>\n<p>\nSur la route, la Classe E offre une exp\u00e9rience de conduite incomparable, avec une transmission int\u00e9grale 4MATIC de s\u00e9rie et une suspension AGILITY CONTROL \u00e0 amortissement s\u00e9lectif. En option, la direction de l&#8217;essieu arri\u00e8re et la suspension AIRMATIC am\u00e9liorent encore la stabilit\u00e9 et la maniabilit\u00e9. De plus, la nouvelle cl\u00e9 num\u00e9rique Mercedes-Benz permet un acc\u00e8s pratique et s\u00e9curis\u00e9 au v\u00e9hicule \u00e0 l&#8217;aide d&#8217;un iPhone ou d&#8217;une Apple Watch compatible.<\/p>\n<h3><strong>Conclusion<\/strong><\/h3>\n<p>\nLa nouvelle Classe E de Mercedes-Benz incarne l&#8217;essence m\u00eame du luxe, de l&#8217;innovation et du confort. Avec son mariage r\u00e9ussi entre tradition et modernit\u00e9, elle est pr\u00eate \u00e0 red\u00e9finir les normes du segment des berlines de luxe de milieu de gamme.<\/p>\n<p>\u00a0<\/p>\n<p>Source\u00a0: Mercedes-Benz<\/p>\n<p>\u00a0<\/p>\n<p>Le texte <a rel=\"nofollow\" href=\"https:\/\/annuelauto.ca\/mercedes-benz-presente-une-nouvelle-classe-e\/\">Mercedes-Benz pr\u00e9sente une nouvelle Classe E<\/a> provient de <a rel=\"nofollow\" href=\"https:\/\/annuelauto.ca\">L&#8217;annuel de l&#8217;automobile &#8211; Actualit\u00e9 automobile<\/a><\/p>\n<p><\/p>\n","protected":false},"excerpt":{"rendered":"<p>La nouvelle Clase E arrive chez les concessionnaires canadiens en avril 2024 avec un prix d&#8217;achat qui commence \u00e0 73 900 $ (plus les frais et les charges suppl\u00e9mentaires) pour le mod\u00e8le E 350 berline. Ce prix inclus les jantes AMG en alliage \u00e0 rayons multiples de 20 pouces en option. Le mod\u00e8le Pinnacle arrive [&hellip;]<\/p>\n","protected":false},"author":8,"featured_media":162164,"comment_status":"close","ping_status":"closed","sticky":false,"template":"","format":"standard","meta":{"_monsterinsights_skip_tracking":false,"_monsterinsights_sitenote_active":false,"_monsterinsights_sitenote_note":"","_monsterinsights_sitenote_category":0,"footnotes":""},"categories":[101],"tags":[],"yoast_head":"<!-- This site is optimized with the Yoast SEO plugin v23.2 - https:\/\/yoast.com\/wordpress\/plugins\/seo\/ -->\n<title>Mercedes-Benz pr\u00e9sente une nouvelle Classe E - CanadaMotorJobs.com<\/title>\n<meta name=\"description\" content=\"Mercedes-Benz pr\u00e9sente une nouvelle Classe E - Benoit Charette - Annuel automobile - CanadaMotorJobs.com.\" \/>\n<meta name=\"robots\" content=\"index, follow, max-snippet:-1, max-image-preview:large, max-video-preview:-1\" \/>\n<meta property=\"og:locale\" content=\"fr_CA\" \/>\n<meta property=\"og:type\" content=\"article\" \/>\n<meta property=\"og:title\" content=\"Mercedes-Benz pr\u00e9sente une nouvelle Classe E - CanadaMotorJobs.com\" \/>\n<meta property=\"og:description\" content=\"Mercedes-Benz pr\u00e9sente une nouvelle Classe E - Benoit Charette - Annuel automobile - CanadaMotorJobs.com.\" \/>\n<meta property=\"og:url\" content=\"https:\/\/news.canadamotorjobs.com\/fr\/mercedes-benz-presente-une-nouvelle-classe-e\/\" \/>\n<meta property=\"og:site_name\" content=\"CanadaMotorJobs.com\" \/>\n<meta property=\"article:publisher\" content=\"https:\/\/www.facebook.com\/canadamotorjobs\/\" \/>\n<meta property=\"article:published_time\" content=\"2024-04-04T13:53:28+00:00\" \/>\n<meta property=\"article:modified_time\" content=\"2024-04-04T13:59:46+00:00\" \/>\n<meta property=\"og:image\" content=\"https:\/\/news.canadamotorjobs.com\/wp-content\/uploads\/2024\/04\/23C0255_010.jpg\" \/>\n\t<meta property=\"og:image:width\" content=\"1200\" \/>\n\t<meta property=\"og:image:height\" content=\"800\" \/>\n\t<meta property=\"og:image:type\" content=\"image\/jpeg\" \/>\n<meta name=\"author\" content=\"Benoit Charette\" \/>\n<meta name=\"twitter:card\" content=\"summary_large_image\" \/>\n<meta name=\"twitter:creator\" content=\"@canadamotorjobs\" \/>\n<meta name=\"twitter:site\" content=\"@canadamotorjobs\" \/>\n<meta name=\"twitter:label1\" content=\"\u00c9crit par\" \/>\n\t<meta name=\"twitter:data1\" content=\"Benoit Charette\" \/>\n\t<meta name=\"twitter:label2\" content=\"Estimation du temps de lecture\" \/>\n\t<meta name=\"twitter:data2\" content=\"2 minutes\" \/>\n<!-- \/ Yoast SEO plugin. -->","yoast_head_json":{"title":"Mercedes-Benz pr\u00e9sente une nouvelle Classe E - CanadaMotorJobs.com","description":"Mercedes-Benz pr\u00e9sente une nouvelle Classe E - Benoit Charette - Annuel automobile - CanadaMotorJobs.com.","robots":{"index":"index","follow":"follow","max-snippet":"max-snippet:-1","max-image-preview":"max-image-preview:large","max-video-preview":"max-video-preview:-1"},"og_locale":"fr_CA","og_type":"article","og_title":"Mercedes-Benz pr\u00e9sente une nouvelle Classe E - CanadaMotorJobs.com","og_description":"Mercedes-Benz pr\u00e9sente une nouvelle Classe E - Benoit Charette - Annuel automobile - CanadaMotorJobs.com.","og_url":"https:\/\/news.canadamotorjobs.com\/fr\/mercedes-benz-presente-une-nouvelle-classe-e\/","og_site_name":"CanadaMotorJobs.com","article_publisher":"https:\/\/www.facebook.com\/canadamotorjobs\/","article_published_time":"2024-04-04T13:53:28+00:00","article_modified_time":"2024-04-04T13:59:46+00:00","og_image":[{"width":1200,"height":800,"url":"https:\/\/news.canadamotorjobs.com\/wp-content\/uploads\/2024\/04\/23C0255_010.jpg","type":"image\/jpeg"}],"author":"Benoit Charette","twitter_card":"summary_large_image","twitter_creator":"@canadamotorjobs","twitter_site":"@canadamotorjobs","twitter_misc":{"\u00c9crit par":"Benoit Charette","Estimation du temps de lecture":"2 minutes"},"schema":{"@context":"https:\/\/schema.org","@graph":[{"@type":"Article","@id":"https:\/\/news.canadamotorjobs.com\/fr\/mercedes-benz-presente-une-nouvelle-classe-e\/#article","isPartOf":{"@id":"https:\/\/news.canadamotorjobs.com\/fr\/mercedes-benz-presente-une-nouvelle-classe-e\/"},"author":{"name":"Benoit Charette","@id":"https:\/\/news.canadamotorjobs.com\/#\/schema\/person\/51793d1f87d44011d7bcc2ed99269a90"},"headline":"Mercedes-Benz pr\u00e9sente une nouvelle Classe E","datePublished":"2024-04-04T13:53:28+00:00","dateModified":"2024-04-04T13:59:46+00:00","mainEntityOfPage":{"@id":"https:\/\/news.canadamotorjobs.com\/fr\/mercedes-benz-presente-une-nouvelle-classe-e\/"},"wordCount":503,"publisher":{"@id":"https:\/\/news.canadamotorjobs.com\/#organization"},"image":{"@id":"https:\/\/news.canadamotorjobs.com\/fr\/mercedes-benz-presente-une-nouvelle-classe-e\/#primaryimage"},"thumbnailUrl":"https:\/\/news.canadamotorjobs.com\/wp-content\/uploads\/2024\/04\/23C0255_010.jpg","articleSection":["Annuel automobile"],"inLanguage":"fr-CA"},{"@type":"WebPage","@id":"https:\/\/news.canadamotorjobs.com\/fr\/mercedes-benz-presente-une-nouvelle-classe-e\/","url":"https:\/\/news.canadamotorjobs.com\/fr\/mercedes-benz-presente-une-nouvelle-classe-e\/","name":"Mercedes-Benz pr\u00e9sente une nouvelle Classe E - CanadaMotorJobs.com","isPartOf":{"@id":"https:\/\/news.canadamotorjobs.com\/#website"},"primaryImageOfPage":{"@id":"https:\/\/news.canadamotorjobs.com\/fr\/mercedes-benz-presente-une-nouvelle-classe-e\/#primaryimage"},"image":{"@id":"https:\/\/news.canadamotorjobs.com\/fr\/mercedes-benz-presente-une-nouvelle-classe-e\/#primaryimage"},"thumbnailUrl":"https:\/\/news.canadamotorjobs.com\/wp-content\/uploads\/2024\/04\/23C0255_010.jpg","datePublished":"2024-04-04T13:53:28+00:00","dateModified":"2024-04-04T13:59:46+00:00","description":"Mercedes-Benz pr\u00e9sente une nouvelle Classe E - Benoit Charette - Annuel automobile - CanadaMotorJobs.com.","breadcrumb":{"@id":"https:\/\/news.canadamotorjobs.com\/fr\/mercedes-benz-presente-une-nouvelle-classe-e\/#breadcrumb"},"inLanguage":"fr-CA","potentialAction":[{"@type":"ReadAction","target":["https:\/\/news.canadamotorjobs.com\/fr\/mercedes-benz-presente-une-nouvelle-classe-e\/"]}]},{"@type":"ImageObject","inLanguage":"fr-CA","@id":"https:\/\/news.canadamotorjobs.com\/fr\/mercedes-benz-presente-une-nouvelle-classe-e\/#primaryimage","url":"https:\/\/news.canadamotorjobs.com\/wp-content\/uploads\/2024\/04\/23C0255_010.jpg","contentUrl":"https:\/\/news.canadamotorjobs.com\/wp-content\/uploads\/2024\/04\/23C0255_010.jpg","width":1200,"height":800},{"@type":"BreadcrumbList","@id":"https:\/\/news.canadamotorjobs.com\/fr\/mercedes-benz-presente-une-nouvelle-classe-e\/#breadcrumb","itemListElement":[{"@type":"ListItem","position":1,"name":"Home","item":"https:\/\/news.canadamotorjobs.com\/fr\/blog\/"},{"@type":"ListItem","position":2,"name":"Mercedes-Benz pr\u00e9sente une nouvelle Classe E"}]},{"@type":"WebSite","@id":"https:\/\/news.canadamotorjobs.com\/#website","url":"https:\/\/news.canadamotorjobs.com\/","name":"CanadaMotorJobs.com","description":"Automotive Jobs","publisher":{"@id":"https:\/\/news.canadamotorjobs.com\/#organization"},"potentialAction":[{"@type":"SearchAction","target":{"@type":"EntryPoint","urlTemplate":"https:\/\/news.canadamotorjobs.com\/?s={search_term_string}"},"query-input":"required name=search_term_string"}],"inLanguage":"fr-CA"},{"@type":"Organization","@id":"https:\/\/news.canadamotorjobs.com\/#organization","name":"Canada Motor Jobs","url":"https:\/\/news.canadamotorjobs.com\/","logo":{"@type":"ImageObject","inLanguage":"fr-CA","@id":"https:\/\/news.canadamotorjobs.com\/#\/schema\/logo\/image\/","url":"https:\/\/news.canadamotorjobs.com\/wp-content\/uploads\/2022\/10\/logo-canada-motor-jobs-1.png","contentUrl":"https:\/\/news.canadamotorjobs.com\/wp-content\/uploads\/2022\/10\/logo-canada-motor-jobs-1.png","width":800,"height":400,"caption":"Canada Motor Jobs"},"image":{"@id":"https:\/\/news.canadamotorjobs.com\/#\/schema\/logo\/image\/"},"sameAs":["https:\/\/www.facebook.com\/canadamotorjobs\/","https:\/\/x.com\/canadamotorjobs","https:\/\/www.instagram.com\/canadamotorjobs\/","https:\/\/www.linkedin.com\/company\/canadamotorjobs"]},{"@type":"Person","@id":"https:\/\/news.canadamotorjobs.com\/#\/schema\/person\/51793d1f87d44011d7bcc2ed99269a90","name":"Benoit Charette","image":{"@type":"ImageObject","inLanguage":"fr-CA","@id":"https:\/\/news.canadamotorjobs.com\/#\/schema\/person\/image\/","url":"https:\/\/secure.gravatar.com\/avatar\/45f3d2eebcccd909668d7ce7ea7267b6?s=96&d=mm&r=g","contentUrl":"https:\/\/secure.gravatar.com\/avatar\/45f3d2eebcccd909668d7ce7ea7267b6?s=96&d=mm&r=g","caption":"Benoit Charette"},"description":"Benoit Charette \/ Propri\u00e9taire et r\u00e9dacteur en chef Benoit Charette pratique le journalisme automobile depuis bient\u00f4t 30 ans. Il a fait ses classes au c\u00f4t\u00e9 de Daniel H\u00e9raud et au Carnet de route de 1992 \u00e0 2001. Il est fondateur, copropri\u00e9taire et r\u00e9dacteur en chef de L\u2019Annuel de l\u2019automobile, qu\u2019il publie depuis 2001. Il a anim\u00e9 les \u00e9missions RPM et RPM+ sur V et les L\u00e9gendes de la route sur Historia. \u00c0 la radio depuis 1986, il reprend l\u2019antenne cette ann\u00e9e sur les ondes de Cogeco et participe pour la deuxi\u00e8me ann\u00e9e \u00e0 l\u2019\u00e9mission Passion Auto sur RDS en plus de mettre en ligne le site Web officiel de L\u2019Annuel de l\u2019automobile sur annuelauto.ca.","sameAs":["https:\/\/annuelauto.ca\/"],"url":"https:\/\/news.canadamotorjobs.com\/fr\/author\/benoit-charette\/"}]}},"_links":{"self":[{"href":"https:\/\/news.canadamotorjobs.com\/fr\/wp-json\/wp\/v2\/posts\/162162"}],"collection":[{"href":"https:\/\/news.canadamotorjobs.com\/fr\/wp-json\/wp\/v2\/posts"}],"about":[{"href":"https:\/\/news.canadamotorjobs.com\/fr\/wp-json\/wp\/v2\/types\/post"}],"author":[{"embeddable":true,"href":"https:\/\/news.canadamotorjobs.com\/fr\/wp-json\/wp\/v2\/users\/8"}],"replies":[{"embeddable":true,"href":"https:\/\/news.canadamotorjobs.com\/fr\/wp-json\/wp\/v2\/comments?post=162162"}],"version-history":[{"count":2,"href":"https:\/\/news.canadamotorjobs.com\/fr\/wp-json\/wp\/v2\/posts\/162162\/revisions"}],"predecessor-version":[{"id":162166,"href":"https:\/\/news.canadamotorjobs.com\/fr\/wp-json\/wp\/v2\/posts\/162162\/revisions\/162166"}],"wp:featuredmedia":[{"embeddable":true,"href":"https:\/\/news.canadamotorjobs.com\/fr\/wp-json\/wp\/v2\/media\/162164"}],"wp:attachment":[{"href":"https:\/\/news.canadamotorjobs.com\/fr\/wp-json\/wp\/v2\/media?parent=162162"}],"wp:term":[{"taxonomy":"category","embeddable":true,"href":"https:\/\/news.canadamotorjobs.com\/fr\/wp-json\/wp\/v2\/categories?post=162162"},{"taxonomy":"post_tag","embeddable":true,"href":"https:\/\/news.canadamotorjobs.com\/fr\/wp-json\/wp\/v2\/tags?post=162162"}],"curies":[{"name":"wp","href":"https:\/\/api.w.org\/{rel}","templated":true}]}}