{"id":162143,"date":"2024-04-03T19:04:16","date_gmt":"2024-04-03T23:04:16","guid":{"rendered":"https:\/\/news.canadamotorjobs.com\/?p=162143"},"modified":"2024-04-03T19:44:13","modified_gmt":"2024-04-03T23:44:13","slug":"fresco-presente-une-version-amelioree-de-sa-mysterieuse-capsule","status":"publish","type":"post","link":"https:\/\/news.canadamotorjobs.com\/fr\/fresco-presente-une-version-amelioree-de-sa-mysterieuse-capsule\/","title":{"rendered":"Fresco pr\u00e9sente une version am\u00e9lior\u00e9e de sa myst\u00e9rieuse \u00ab\u00a0capsule\u00a0\u00bb"},"content":{"rendered":"<\/p>\n<p>Le 1er avril, Fresco Motors a diffus\u00e9 des images d\u2019une version dite am\u00e9lior\u00e9e du Fresco XL, un <a href=\"https:\/\/annuelauto.ca\/ford-reduit-du-deux-tiers-sa-production-de-f-150-lightning-en-raison-de-la-faible-demande\/\" target=\"_blank\" rel=\"noopener noreferrer\">v\u00e9hicule \u00e9lectrique<\/a> aux traits futuristes que ses concepteurs surnomment \u00e9galement \u00ab <em>pod<\/em>\u00a0\u00bb (capsule en fran\u00e7ais). Or, malgr\u00e9 la date, il ne s\u2019agit apparemment pas d\u2019un poisson d\u2019avril. Ou le serait-ce\u00a0?<\/p>\n<p>Avec un nom comme Fresco, on imagine facilement une entreprise \u00e9tablie en Espagne ou au Mexique, ou encore dans un pays hispanophone d\u2019Am\u00e9rique latine. Mais il n\u2019en est rien. Le si\u00e8ge social d\u2019Oslo qu\u2019occupe Fresco Motors\u00a0AS confirme sa \u00ab\u00a0norv\u00e9giennit\u00e9\u00a0\u00bb, tout comme la sonorit\u00e9 tr\u00e8s scandinave des personnes qui composent sa tr\u00e8s petite \u00e9quipe.<\/p>\n<p>Ce n\u2019est toutefois pas le cas du nom Fresco. Un article du m\u00e9dia technique norv\u00e9gien <em>TU<\/em> nous apprend qu\u2019il r\u00e9f\u00e8re plut\u00f4t \u00e0 Jacque Fresco (1916-2017), un futuriste et designer autodidacte \u00e9tatsunien qui a \u00e9t\u00e9 \u00e9cologiste avant l\u2019heure. Un emprunt saugrenu\u00a0? Pas plus que celui d\u2019<a href=\"https:\/\/annuelauto.ca\/lelon-musk-bresilien-lance-la-lecar\/\" target=\"_blank\" rel=\"noopener noreferrer\">Elon Musk<\/a>, qui a choisi de d\u00e9signer ses V\u00c9 du nom de Nikola <a href=\"https:\/\/annuelauto.ca\/unplugged-performance-veut-rendre-la-tesla-cybertruck-invincible\/\" target=\"_blank\" rel=\"noopener noreferrer\">Tesla<\/a> (1856-1943), l\u2019inventeur et ing\u00e9nieur serbo-am\u00e9ricain qui a contribu\u00e9, notamment, au d\u00e9veloppement et \u00e0 l\u2019adoption du courant alternatif.<\/p>\n<p>D\u2019ailleurs, la presse norv\u00e9gienne aime bien faire un parall\u00e8le entre Musk et Espen Kvalvik, le cofondateur de Fresco. Dans la jeune vingtaine, ce PDG et chef de la direction n\u2019a pas h\u00e9sit\u00e9, pour sa part, \u00e0 en rajouter en pr\u00e9tendant ouvertement \u00e0 <em>TU<\/em> que Fresco allait battre Tesla\u00a0!<\/p>\n<h3><strong>Format extra-large<\/strong><\/h3>\n<p>\nLe Fresco XL n\u2019a cependant rien d\u2019un V\u00c9 ordinaire, du genre Tesla Mod\u00e8le\u00a03. Misant sur un \u00ab\u00a0design norv\u00e9gien minimaliste\u00a0\u00bb et un \u00ab\u00a0format extra-large\u00a0\u00bb (d\u2019o\u00f9 l\u2019appellation XL), il pourra transporter jusqu\u2019\u00e0 8\u00a0personnes. De plus, il aura deux moteurs, quatre roues motrices et son autonomie fr\u00f4lera les 1\u00a0000\u00a0km.<\/p>\n<p>Ironiquement, on ne sait pas grand-chose de plus sur le XL. Le constructeur n\u2019a publi\u00e9 aucune fiche technique et on ignore tout de sa motorisation, de sa batterie de grande capacit\u00e9, de sa construction. Bref, tout ce qui le concerne.<\/p>\n<p>Dans un communiqu\u00e9 publi\u00e9 ce 1er avril, Kvalvik se limite \u00e0 affirmer que la silhouette \u00ab\u00a0hautement a\u00e9rodynamique du Fresco XL a fait l&#8217;objet d&#8217;une red\u00e9finition et d&#8217;un resurfa\u00e7age complets, visant strat\u00e9giquement \u00e0 optimiser \u00e0 la fois l&#8217;a\u00e9rodynamisme et \u00e0 att\u00e9nuer les probl\u00e8mes de givrage r\u00e9pandus dans les r\u00e9gions g\u00e9ographiques o\u00f9 se trouvent nos clients exigeants.\u00a0\u00bb Les images de synth\u00e8se diffus\u00e9es cette semaine montrent d\u2019ailleurs un v\u00e9hicule dot\u00e9 d\u2019essuie-glaces, d\u2019incontournables accessoires qui faisaient d\u00e9faut aux images de 2022.<\/p>\n<p>Le PDG parle aussi d\u2019une \u00ab\u00a0philosophie de conception tout aussi sophistiqu\u00e9e et distinctive\u00a0\u00bb pour l\u2019habitacle, qu\u2019aucune image n\u2019a permis de d\u00e9couvrir jusqu\u2019ici ironiquement. On sait \u00e0 tout le moins que son design \u00ab\u00a0embrasse un minimalisme avec des surfaces ultra-\u00e9pur\u00e9es et des si\u00e8ges luxueux et inclinables en mousse \u00e0 m\u00e9moire de forme qui incarnent le confort.\u00a0\u00bb De plus, \u00ab\u00a0les \u00e9crans inutiles ont \u00e9t\u00e9 d\u00e9lib\u00e9r\u00e9ment \u00e9vit\u00e9s.\u00a0\u00bb La planche de bord n\u2019a donc qu\u2019un indicateur de vitesse\u00a0!<\/p>\n<h3><strong>Des ant\u00e9c\u00e9dents troubles<\/strong><\/h3>\n<p>\nC\u2019est dans ce contexte avare de renseignements qu\u2019on pr\u00e9sente le Fresco\u00a0XL, tout en \u00e9voquant une production \u00e9ventuelle sans donner plus de d\u00e9tails. Un contexte d\u2019autant plus voil\u00e9 par les projets de Fresco ant\u00e9rieurs au <em>pod<\/em>, et qui ont avort\u00e9.<\/p>\n<p>Cette entreprise fond\u00e9e en 2016 s\u2019est d\u2019abord fait conna\u00eetre par une\u2026 Reverie. C\u2019est le nom qu\u2019on avait donn\u00e9 \u00e0 une automobile \u00e9lectrique. Pr\u00e9sent\u00e9e en 2019, toujours \u00e0 l\u2019aide d\u2019images de synth\u00e8se, elle devait avoir les dimensions d\u2019une Tesla Mod\u00e8le\u00a03. Cette berline aurait eu une batterie au lithium-ion modulable et rechargeable sans fil, dont l\u2019autonomie restait cependant inconnue. En outre, sa motorisation lui aurait permis de d\u00e9passer les 300\u00a0km\/h. Fresco a pr\u00e9tendu avoir re\u00e7u 3\u00a0000 r\u00e9servations en une semaine pour cette nouvelle venue, qui devait prendre forme avec un premier prototype \u00e0 la fin de 2020, suivi d\u2019une production d\u00e8s 2021. Puis, les images et les bribes d\u2019informations relatives \u00e0 ce bolide ont myst\u00e9rieusement disparu du site internet de l\u2019entreprise et de ses pages de r\u00e9seaux sociaux sans plus d\u2019explications.<\/p>\n<p>Fin 2021, Espen Kvalvik est r\u00e9apparu, cette fois pour faire miroiter dans les r\u00e9seaux sociaux le projet d\u2019une moto \u00e9lectrique \u00e0 batteries interchangeables. Elle \u00e9tait propos\u00e9e par AOE Mobility, une firme \u00e9tablie \u00e0\u2026 Oslo. Au bout de quelques mois, ce projet aussi s\u2019est \u00e9vanoui dans le cyberespace.<\/p>\n<p>C\u2019est sans compter cet autre projet qui annon\u00e7ait la construction de rien de moins qu\u2019une cit\u00e9\u00a0! Baptis\u00e9e Campus Fresco, l\u2019entreprise norv\u00e9gienne en a fait l\u2019annonce en mars 2022. Cette fois, Kvalvik promettait une ville jumel\u00e9e aux installations de son entreprise, le tout aliment\u00e9 par l\u2019\u00e9nergie solaire et \u00e9olienne. Un communiqu\u00e9 d\u00e9crivant le Campus affirmait qu\u2019on y trouverait \u00ab\u00a0tout ce qu\u2019une ville saine peut offrir, c&#8217;est-\u00e0-dire des espaces de bureaux, des installations de production souterraines, des centres commerciaux, des immeubles d&#8217;habitation, de jolis parcs, etc.\u00a0\u00bb Depuis, cet \u00c9den industriel est tomb\u00e9 dans l\u2019oubli aussi.<\/p>\n<p>Pareil contexte jette un doute sur le s\u00e9rieux de ce nouveau projet de Fresco. Qui plus est, le choix du 1er avril pour d\u00e9voiler une nouvelle mouture du XL ne fait qu\u2019ajouter \u00e0 l\u2019aura de myst\u00e8re enveloppant ce projet et l\u2019entreprise qui le pr\u00e9sente.<\/p>\n<p><em>Photos : Fresco<\/em><\/p>\n<p>Le texte <a rel=\"nofollow\" href=\"https:\/\/annuelauto.ca\/fresco-presente-une-version-amelioree-de-sa-mysterieuse-capsule\/\">Fresco pr\u00e9sente une version am\u00e9lior\u00e9e de sa myst\u00e9rieuse \u00ab\u00a0capsule\u00a0\u00bb<\/a> provient de <a rel=\"nofollow\" href=\"https:\/\/annuelauto.ca\">L&#8217;annuel de l&#8217;automobile &#8211; Actualit\u00e9 automobile<\/a><\/p>\n<p><\/p>\n","protected":false},"excerpt":{"rendered":"<p>Le 1er avril, Fresco Motors a diffus\u00e9 des images d\u2019une version dite am\u00e9lior\u00e9e du Fresco XL, un v\u00e9hicule \u00e9lectrique aux traits futuristes que ses concepteurs surnomment \u00e9galement \u00ab pod\u00a0\u00bb (capsule en fran\u00e7ais). Or, malgr\u00e9 la date, il ne s\u2019agit apparemment pas d\u2019un poisson d\u2019avril. Ou le serait-ce\u00a0? Avec un nom comme Fresco, on imagine facilement [&hellip;]<\/p>\n","protected":false},"author":8,"featured_media":162145,"comment_status":"close","ping_status":"closed","sticky":false,"template":"","format":"standard","meta":{"_monsterinsights_skip_tracking":false,"_monsterinsights_sitenote_active":false,"_monsterinsights_sitenote_note":"","_monsterinsights_sitenote_category":0,"footnotes":""},"categories":[101],"tags":[],"yoast_head":"<!-- This site is optimized with the Yoast SEO plugin v23.2 - https:\/\/yoast.com\/wordpress\/plugins\/seo\/ -->\n<title>Fresco pr\u00e9sente une version am\u00e9lior\u00e9e de sa myst\u00e9rieuse \u00ab\u00a0capsule\u00a0\u00bb - CanadaMotorJobs.com<\/title>\n<meta name=\"description\" content=\"Fresco pr\u00e9sente une version am\u00e9lior\u00e9e de sa myst\u00e9rieuse \u00ab\u00a0capsule\u00a0\u00bb - Benoit Charette - Annuel automobile - CanadaMotorJobs.com.\" \/>\n<meta name=\"robots\" content=\"index, follow, max-snippet:-1, max-image-preview:large, max-video-preview:-1\" \/>\n<meta property=\"og:locale\" content=\"fr_CA\" \/>\n<meta property=\"og:type\" content=\"article\" \/>\n<meta property=\"og:title\" content=\"Fresco pr\u00e9sente une version am\u00e9lior\u00e9e de sa myst\u00e9rieuse \u00ab\u00a0capsule\u00a0\u00bb - CanadaMotorJobs.com\" \/>\n<meta property=\"og:description\" content=\"Fresco pr\u00e9sente une version am\u00e9lior\u00e9e de sa myst\u00e9rieuse \u00ab\u00a0capsule\u00a0\u00bb - Benoit Charette - Annuel automobile - CanadaMotorJobs.com.\" \/>\n<meta property=\"og:url\" content=\"https:\/\/news.canadamotorjobs.com\/fr\/fresco-presente-une-version-amelioree-de-sa-mysterieuse-capsule\/\" \/>\n<meta property=\"og:site_name\" content=\"CanadaMotorJobs.com\" \/>\n<meta property=\"article:publisher\" content=\"https:\/\/www.facebook.com\/canadamotorjobs\/\" \/>\n<meta property=\"article:published_time\" content=\"2024-04-03T23:04:16+00:00\" \/>\n<meta property=\"article:modified_time\" content=\"2024-04-03T23:44:13+00:00\" \/>\n<meta property=\"og:image\" content=\"https:\/\/news.canadamotorjobs.com\/wp-content\/uploads\/2024\/04\/Fresco-XL_2.jpg\" \/>\n\t<meta property=\"og:image:width\" content=\"1024\" \/>\n\t<meta property=\"og:image:height\" content=\"683\" \/>\n\t<meta property=\"og:image:type\" content=\"image\/jpeg\" \/>\n<meta name=\"author\" content=\"Benoit Charette\" \/>\n<meta name=\"twitter:card\" content=\"summary_large_image\" \/>\n<meta name=\"twitter:creator\" content=\"@canadamotorjobs\" \/>\n<meta name=\"twitter:site\" content=\"@canadamotorjobs\" \/>\n<meta name=\"twitter:label1\" content=\"\u00c9crit par\" \/>\n\t<meta name=\"twitter:data1\" content=\"Benoit Charette\" \/>\n\t<meta name=\"twitter:label2\" content=\"Estimation du temps de lecture\" \/>\n\t<meta name=\"twitter:data2\" content=\"5 minutes\" \/>\n<!-- \/ Yoast SEO plugin. -->","yoast_head_json":{"title":"Fresco pr\u00e9sente une version am\u00e9lior\u00e9e de sa myst\u00e9rieuse \u00ab\u00a0capsule\u00a0\u00bb - CanadaMotorJobs.com","description":"Fresco pr\u00e9sente une version am\u00e9lior\u00e9e de sa myst\u00e9rieuse \u00ab\u00a0capsule\u00a0\u00bb - Benoit Charette - Annuel automobile - CanadaMotorJobs.com.","robots":{"index":"index","follow":"follow","max-snippet":"max-snippet:-1","max-image-preview":"max-image-preview:large","max-video-preview":"max-video-preview:-1"},"og_locale":"fr_CA","og_type":"article","og_title":"Fresco pr\u00e9sente une version am\u00e9lior\u00e9e de sa myst\u00e9rieuse \u00ab\u00a0capsule\u00a0\u00bb - CanadaMotorJobs.com","og_description":"Fresco pr\u00e9sente une version am\u00e9lior\u00e9e de sa myst\u00e9rieuse \u00ab\u00a0capsule\u00a0\u00bb - Benoit Charette - Annuel automobile - CanadaMotorJobs.com.","og_url":"https:\/\/news.canadamotorjobs.com\/fr\/fresco-presente-une-version-amelioree-de-sa-mysterieuse-capsule\/","og_site_name":"CanadaMotorJobs.com","article_publisher":"https:\/\/www.facebook.com\/canadamotorjobs\/","article_published_time":"2024-04-03T23:04:16+00:00","article_modified_time":"2024-04-03T23:44:13+00:00","og_image":[{"width":1024,"height":683,"url":"https:\/\/news.canadamotorjobs.com\/wp-content\/uploads\/2024\/04\/Fresco-XL_2.jpg","type":"image\/jpeg"}],"author":"Benoit Charette","twitter_card":"summary_large_image","twitter_creator":"@canadamotorjobs","twitter_site":"@canadamotorjobs","twitter_misc":{"\u00c9crit par":"Benoit Charette","Estimation du temps de lecture":"5 minutes"},"schema":{"@context":"https:\/\/schema.org","@graph":[{"@type":"Article","@id":"https:\/\/news.canadamotorjobs.com\/fr\/fresco-presente-une-version-amelioree-de-sa-mysterieuse-capsule\/#article","isPartOf":{"@id":"https:\/\/news.canadamotorjobs.com\/fr\/fresco-presente-une-version-amelioree-de-sa-mysterieuse-capsule\/"},"author":{"name":"Benoit Charette","@id":"https:\/\/news.canadamotorjobs.com\/#\/schema\/person\/51793d1f87d44011d7bcc2ed99269a90"},"headline":"Fresco pr\u00e9sente une version am\u00e9lior\u00e9e de sa myst\u00e9rieuse \u00ab\u00a0capsule\u00a0\u00bb","datePublished":"2024-04-03T23:04:16+00:00","dateModified":"2024-04-03T23:44:13+00:00","mainEntityOfPage":{"@id":"https:\/\/news.canadamotorjobs.com\/fr\/fresco-presente-une-version-amelioree-de-sa-mysterieuse-capsule\/"},"wordCount":979,"publisher":{"@id":"https:\/\/news.canadamotorjobs.com\/#organization"},"image":{"@id":"https:\/\/news.canadamotorjobs.com\/fr\/fresco-presente-une-version-amelioree-de-sa-mysterieuse-capsule\/#primaryimage"},"thumbnailUrl":"https:\/\/news.canadamotorjobs.com\/wp-content\/uploads\/2024\/04\/Fresco-XL_2.jpg","articleSection":["Annuel automobile"],"inLanguage":"fr-CA"},{"@type":"WebPage","@id":"https:\/\/news.canadamotorjobs.com\/fr\/fresco-presente-une-version-amelioree-de-sa-mysterieuse-capsule\/","url":"https:\/\/news.canadamotorjobs.com\/fr\/fresco-presente-une-version-amelioree-de-sa-mysterieuse-capsule\/","name":"Fresco pr\u00e9sente une version am\u00e9lior\u00e9e de sa myst\u00e9rieuse \u00ab\u00a0capsule\u00a0\u00bb - CanadaMotorJobs.com","isPartOf":{"@id":"https:\/\/news.canadamotorjobs.com\/#website"},"primaryImageOfPage":{"@id":"https:\/\/news.canadamotorjobs.com\/fr\/fresco-presente-une-version-amelioree-de-sa-mysterieuse-capsule\/#primaryimage"},"image":{"@id":"https:\/\/news.canadamotorjobs.com\/fr\/fresco-presente-une-version-amelioree-de-sa-mysterieuse-capsule\/#primaryimage"},"thumbnailUrl":"https:\/\/news.canadamotorjobs.com\/wp-content\/uploads\/2024\/04\/Fresco-XL_2.jpg","datePublished":"2024-04-03T23:04:16+00:00","dateModified":"2024-04-03T23:44:13+00:00","description":"Fresco pr\u00e9sente une version am\u00e9lior\u00e9e de sa myst\u00e9rieuse \u00ab\u00a0capsule\u00a0\u00bb - Benoit Charette - Annuel automobile - CanadaMotorJobs.com.","breadcrumb":{"@id":"https:\/\/news.canadamotorjobs.com\/fr\/fresco-presente-une-version-amelioree-de-sa-mysterieuse-capsule\/#breadcrumb"},"inLanguage":"fr-CA","potentialAction":[{"@type":"ReadAction","target":["https:\/\/news.canadamotorjobs.com\/fr\/fresco-presente-une-version-amelioree-de-sa-mysterieuse-capsule\/"]}]},{"@type":"ImageObject","inLanguage":"fr-CA","@id":"https:\/\/news.canadamotorjobs.com\/fr\/fresco-presente-une-version-amelioree-de-sa-mysterieuse-capsule\/#primaryimage","url":"https:\/\/news.canadamotorjobs.com\/wp-content\/uploads\/2024\/04\/Fresco-XL_2.jpg","contentUrl":"https:\/\/news.canadamotorjobs.com\/wp-content\/uploads\/2024\/04\/Fresco-XL_2.jpg","width":1024,"height":683},{"@type":"BreadcrumbList","@id":"https:\/\/news.canadamotorjobs.com\/fr\/fresco-presente-une-version-amelioree-de-sa-mysterieuse-capsule\/#breadcrumb","itemListElement":[{"@type":"ListItem","position":1,"name":"Home","item":"https:\/\/news.canadamotorjobs.com\/fr\/blog\/"},{"@type":"ListItem","position":2,"name":"Fresco pr\u00e9sente une version am\u00e9lior\u00e9e de sa myst\u00e9rieuse \u00ab\u00a0capsule\u00a0\u00bb"}]},{"@type":"WebSite","@id":"https:\/\/news.canadamotorjobs.com\/#website","url":"https:\/\/news.canadamotorjobs.com\/","name":"CanadaMotorJobs.com","description":"Automotive Jobs","publisher":{"@id":"https:\/\/news.canadamotorjobs.com\/#organization"},"potentialAction":[{"@type":"SearchAction","target":{"@type":"EntryPoint","urlTemplate":"https:\/\/news.canadamotorjobs.com\/?s={search_term_string}"},"query-input":"required name=search_term_string"}],"inLanguage":"fr-CA"},{"@type":"Organization","@id":"https:\/\/news.canadamotorjobs.com\/#organization","name":"Canada Motor Jobs","url":"https:\/\/news.canadamotorjobs.com\/","logo":{"@type":"ImageObject","inLanguage":"fr-CA","@id":"https:\/\/news.canadamotorjobs.com\/#\/schema\/logo\/image\/","url":"https:\/\/news.canadamotorjobs.com\/wp-content\/uploads\/2022\/10\/logo-canada-motor-jobs-1.png","contentUrl":"https:\/\/news.canadamotorjobs.com\/wp-content\/uploads\/2022\/10\/logo-canada-motor-jobs-1.png","width":800,"height":400,"caption":"Canada Motor Jobs"},"image":{"@id":"https:\/\/news.canadamotorjobs.com\/#\/schema\/logo\/image\/"},"sameAs":["https:\/\/www.facebook.com\/canadamotorjobs\/","https:\/\/x.com\/canadamotorjobs","https:\/\/www.instagram.com\/canadamotorjobs\/","https:\/\/www.linkedin.com\/company\/canadamotorjobs"]},{"@type":"Person","@id":"https:\/\/news.canadamotorjobs.com\/#\/schema\/person\/51793d1f87d44011d7bcc2ed99269a90","name":"Benoit Charette","image":{"@type":"ImageObject","inLanguage":"fr-CA","@id":"https:\/\/news.canadamotorjobs.com\/#\/schema\/person\/image\/","url":"https:\/\/secure.gravatar.com\/avatar\/45f3d2eebcccd909668d7ce7ea7267b6?s=96&d=mm&r=g","contentUrl":"https:\/\/secure.gravatar.com\/avatar\/45f3d2eebcccd909668d7ce7ea7267b6?s=96&d=mm&r=g","caption":"Benoit Charette"},"description":"Benoit Charette \/ Propri\u00e9taire et r\u00e9dacteur en chef Benoit Charette pratique le journalisme automobile depuis bient\u00f4t 30 ans. Il a fait ses classes au c\u00f4t\u00e9 de Daniel H\u00e9raud et au Carnet de route de 1992 \u00e0 2001. Il est fondateur, copropri\u00e9taire et r\u00e9dacteur en chef de L\u2019Annuel de l\u2019automobile, qu\u2019il publie depuis 2001. Il a anim\u00e9 les \u00e9missions RPM et RPM+ sur V et les L\u00e9gendes de la route sur Historia. \u00c0 la radio depuis 1986, il reprend l\u2019antenne cette ann\u00e9e sur les ondes de Cogeco et participe pour la deuxi\u00e8me ann\u00e9e \u00e0 l\u2019\u00e9mission Passion Auto sur RDS en plus de mettre en ligne le site Web officiel de L\u2019Annuel de l\u2019automobile sur annuelauto.ca.","sameAs":["https:\/\/annuelauto.ca\/"],"url":"https:\/\/news.canadamotorjobs.com\/fr\/author\/benoit-charette\/"}]}},"_links":{"self":[{"href":"https:\/\/news.canadamotorjobs.com\/fr\/wp-json\/wp\/v2\/posts\/162143"}],"collection":[{"href":"https:\/\/news.canadamotorjobs.com\/fr\/wp-json\/wp\/v2\/posts"}],"about":[{"href":"https:\/\/news.canadamotorjobs.com\/fr\/wp-json\/wp\/v2\/types\/post"}],"author":[{"embeddable":true,"href":"https:\/\/news.canadamotorjobs.com\/fr\/wp-json\/wp\/v2\/users\/8"}],"replies":[{"embeddable":true,"href":"https:\/\/news.canadamotorjobs.com\/fr\/wp-json\/wp\/v2\/comments?post=162143"}],"version-history":[{"count":2,"href":"https:\/\/news.canadamotorjobs.com\/fr\/wp-json\/wp\/v2\/posts\/162143\/revisions"}],"predecessor-version":[{"id":162147,"href":"https:\/\/news.canadamotorjobs.com\/fr\/wp-json\/wp\/v2\/posts\/162143\/revisions\/162147"}],"wp:featuredmedia":[{"embeddable":true,"href":"https:\/\/news.canadamotorjobs.com\/fr\/wp-json\/wp\/v2\/media\/162145"}],"wp:attachment":[{"href":"https:\/\/news.canadamotorjobs.com\/fr\/wp-json\/wp\/v2\/media?parent=162143"}],"wp:term":[{"taxonomy":"category","embeddable":true,"href":"https:\/\/news.canadamotorjobs.com\/fr\/wp-json\/wp\/v2\/categories?post=162143"},{"taxonomy":"post_tag","embeddable":true,"href":"https:\/\/news.canadamotorjobs.com\/fr\/wp-json\/wp\/v2\/tags?post=162143"}],"curies":[{"name":"wp","href":"https:\/\/api.w.org\/{rel}","templated":true}]}}