{"id":162070,"date":"2024-04-03T11:34:37","date_gmt":"2024-04-03T15:34:37","guid":{"rendered":"https:\/\/news.canadamotorjobs.com\/?p=162070"},"modified":"2024-04-03T11:46:04","modified_gmt":"2024-04-03T15:46:04","slug":"nissan-veut-mettre-fin-aux-ecrans-a-bord-de-ses-voitures","status":"publish","type":"post","link":"https:\/\/news.canadamotorjobs.com\/fr\/nissan-veut-mettre-fin-aux-ecrans-a-bord-de-ses-voitures\/","title":{"rendered":"Nissan veut mettre fin aux \u00e9crans \u00e0 bord de ses voitures"},"content":{"rendered":"<\/p>\n<p>On le sait, les \u00e9crans sont en train de devenir le mal de la d\u00e9cennie. Il y a peut-\u00eatre une solution pour les automobilistes qui pestent contre l\u2019omnipr\u00e9sence des \u00e9crans et des surfaces tactiles. En tout cas, Nissan pense qu\u2019on pourra bient\u00f4t s\u2019en d\u00e9barrasser, au profit d\u2019un affichage\u2026 directement dans le pare-brise.<\/p>\n<p>C\u2019est en tout cas ce qu\u2019a affirm\u00e9 la semaine derni\u00e8re durant le Salon de l\u2019auto de New York le directeur du design de Nissan, Alfonso Albaisa.<\/p>\n<p>Selon lui, le futur de l\u2019affichage \u00e0 bord des v\u00e9hicules se trouve dans le pare-brise. Il n\u2019est pas seul \u00e0 penser \u00e7a. Bien des \u00e9quipementiers d\u2019un peu partout dans le monde, poussent ces jours-ci pour la prochaine g\u00e9n\u00e9ration des fameux dispositifs d\u2019affichage t\u00eate haute qu\u2019on trouve \u00e0 bord de bien des v\u00e9hicules qui sont d\u00e9j\u00e0 sur la route.<\/p>\n<p>Nissan, par contre, a une vision toute particuli\u00e8re de la fa\u00e7on dont l\u2019information sera \u00e9ventuellement affich\u00e9e sur le pare-brise. Alfonso Albaisa pense qu\u2019on verra bient\u00f4t des \u00e9crans \u00e0 DEL transparents ultraminces \u00eatre lamin\u00e9s \u00e0 m\u00eame le verre des pare-brise. Ces \u00e9crans pourront afficher de l\u2019information en tout genre, partout sur leur surface. On y verra de la r\u00e9alit\u00e9 augment\u00e9e, par exemple, des \u00e9l\u00e9ments de guidage superpos\u00e9s \u00e0 la route et aux v\u00e9hicules qui se trouvent devant le conducteur, ainsi que d\u2019autres formes d\u2019information plus g\u00e9n\u00e9rale, comme la climatisation ou la radio.<\/p>\n<p>Des \u00e9crans \u00e0 DEL transparents ne sont pas exactement de la science-fiction. En janvier dernier au CES, LG Electronics et Samsung ont d\u00e9voil\u00e9 de grands t\u00e9l\u00e9viseurs transparents particuli\u00e8rement lumineux. LG pr\u00e9voit d\u2019ailleurs mettre son t\u00e9l\u00e9viseur en vente avant la fin de l\u2019ann\u00e9e. Samsung voit des applications au-del\u00e0 du salon des t\u00e9l\u00e9spectateurs, et l\u2019automobile en fait probablement partie.<\/p>\n<p>Samsung, rappelons-le, est propri\u00e9taire de la marque de syst\u00e8mes de divertissement Harman Kardon, qui est tr\u00e8s pr\u00e9sente dans l\u2019automobile. On peut donc imaginer qu\u2019un \u00e9cran transparent de la taille d\u2019un pare-brise n\u2019est pas un concept si farfelu que \u00e7a\u2026<\/p>\n<p>Chez Nissan, on pense aussi qu\u2019Apple et Google pourraient \u00eatre des partenaires pour r\u00e9aliser cette vision. Apple a d\u00e9j\u00e0 un brevet d\u2019affichage sur pare-brise dans ses cartons.<\/p>\n<p>\u00a0<\/p>\n<p>Alors, est-ce la fin des \u00e9crans tactiles? \u00c0 suivre\u2026<\/p>\n<p>Le texte <a rel=\"nofollow\" href=\"https:\/\/annuelauto.ca\/nissan-veut-mettre-fin-aux-ecrans-a-bord-de-ses-voitures\/\">Nissan veut mettre fin aux \u00e9crans \u00e0 bord de ses voitures<\/a> provient de <a rel=\"nofollow\" href=\"https:\/\/annuelauto.ca\">L&#8217;annuel de l&#8217;automobile &#8211; Actualit\u00e9 automobile<\/a><\/p>\n<p><\/p>\n","protected":false},"excerpt":{"rendered":"<p>On le sait, les \u00e9crans sont en train de devenir le mal de la d\u00e9cennie. Il y a peut-\u00eatre une solution pour les automobilistes qui pestent contre l\u2019omnipr\u00e9sence des \u00e9crans et des surfaces tactiles. En tout cas, Nissan pense qu\u2019on pourra bient\u00f4t s\u2019en d\u00e9barrasser, au profit d\u2019un affichage\u2026 directement dans le pare-brise. C\u2019est en tout [&hellip;]<\/p>\n","protected":false},"author":8,"featured_media":162072,"comment_status":"close","ping_status":"closed","sticky":false,"template":"","format":"standard","meta":{"_monsterinsights_skip_tracking":false,"_monsterinsights_sitenote_active":false,"_monsterinsights_sitenote_note":"","_monsterinsights_sitenote_category":0,"footnotes":""},"categories":[101],"tags":[],"yoast_head":"<!-- This site is optimized with the Yoast SEO plugin v23.2 - https:\/\/yoast.com\/wordpress\/plugins\/seo\/ -->\n<title>Nissan veut mettre fin aux \u00e9crans \u00e0 bord de ses voitures - CanadaMotorJobs.com<\/title>\n<meta name=\"description\" content=\"Nissan veut mettre fin aux \u00e9crans \u00e0 bord de ses voitures - Benoit Charette - Annuel automobile - CanadaMotorJobs.com.\" \/>\n<meta name=\"robots\" content=\"index, follow, max-snippet:-1, max-image-preview:large, max-video-preview:-1\" \/>\n<meta property=\"og:locale\" content=\"fr_CA\" \/>\n<meta property=\"og:type\" content=\"article\" \/>\n<meta property=\"og:title\" content=\"Nissan veut mettre fin aux \u00e9crans \u00e0 bord de ses voitures - CanadaMotorJobs.com\" \/>\n<meta property=\"og:description\" content=\"Nissan veut mettre fin aux \u00e9crans \u00e0 bord de ses voitures - Benoit Charette - Annuel automobile - CanadaMotorJobs.com.\" \/>\n<meta property=\"og:url\" content=\"https:\/\/news.canadamotorjobs.com\/fr\/nissan-veut-mettre-fin-aux-ecrans-a-bord-de-ses-voitures\/\" \/>\n<meta property=\"og:site_name\" content=\"CanadaMotorJobs.com\" \/>\n<meta property=\"article:publisher\" content=\"https:\/\/www.facebook.com\/canadamotorjobs\/\" \/>\n<meta property=\"article:published_time\" content=\"2024-04-03T15:34:37+00:00\" \/>\n<meta property=\"article:modified_time\" content=\"2024-04-03T15:46:04+00:00\" \/>\n<meta property=\"og:image\" content=\"https:\/\/news.canadamotorjobs.com\/wp-content\/uploads\/2024\/04\/nissan_100721122.jpg\" \/>\n\t<meta property=\"og:image:width\" content=\"1920\" \/>\n\t<meta property=\"og:image:height\" content=\"1080\" \/>\n\t<meta property=\"og:image:type\" content=\"image\/jpeg\" \/>\n<meta name=\"author\" content=\"Benoit Charette\" \/>\n<meta name=\"twitter:card\" content=\"summary_large_image\" \/>\n<meta name=\"twitter:creator\" content=\"@canadamotorjobs\" \/>\n<meta name=\"twitter:site\" content=\"@canadamotorjobs\" \/>\n<meta name=\"twitter:label1\" content=\"\u00c9crit par\" \/>\n\t<meta name=\"twitter:data1\" content=\"Benoit Charette\" \/>\n\t<meta name=\"twitter:label2\" content=\"Estimation du temps de lecture\" \/>\n\t<meta name=\"twitter:data2\" content=\"2 minutes\" \/>\n<!-- \/ Yoast SEO plugin. -->","yoast_head_json":{"title":"Nissan veut mettre fin aux \u00e9crans \u00e0 bord de ses voitures - CanadaMotorJobs.com","description":"Nissan veut mettre fin aux \u00e9crans \u00e0 bord de ses voitures - Benoit Charette - Annuel automobile - CanadaMotorJobs.com.","robots":{"index":"index","follow":"follow","max-snippet":"max-snippet:-1","max-image-preview":"max-image-preview:large","max-video-preview":"max-video-preview:-1"},"og_locale":"fr_CA","og_type":"article","og_title":"Nissan veut mettre fin aux \u00e9crans \u00e0 bord de ses voitures - CanadaMotorJobs.com","og_description":"Nissan veut mettre fin aux \u00e9crans \u00e0 bord de ses voitures - Benoit Charette - Annuel automobile - CanadaMotorJobs.com.","og_url":"https:\/\/news.canadamotorjobs.com\/fr\/nissan-veut-mettre-fin-aux-ecrans-a-bord-de-ses-voitures\/","og_site_name":"CanadaMotorJobs.com","article_publisher":"https:\/\/www.facebook.com\/canadamotorjobs\/","article_published_time":"2024-04-03T15:34:37+00:00","article_modified_time":"2024-04-03T15:46:04+00:00","og_image":[{"width":1920,"height":1080,"url":"https:\/\/news.canadamotorjobs.com\/wp-content\/uploads\/2024\/04\/nissan_100721122.jpg","type":"image\/jpeg"}],"author":"Benoit Charette","twitter_card":"summary_large_image","twitter_creator":"@canadamotorjobs","twitter_site":"@canadamotorjobs","twitter_misc":{"\u00c9crit par":"Benoit Charette","Estimation du temps de lecture":"2 minutes"},"schema":{"@context":"https:\/\/schema.org","@graph":[{"@type":"Article","@id":"https:\/\/news.canadamotorjobs.com\/fr\/nissan-veut-mettre-fin-aux-ecrans-a-bord-de-ses-voitures\/#article","isPartOf":{"@id":"https:\/\/news.canadamotorjobs.com\/fr\/nissan-veut-mettre-fin-aux-ecrans-a-bord-de-ses-voitures\/"},"author":{"name":"Benoit Charette","@id":"https:\/\/news.canadamotorjobs.com\/#\/schema\/person\/51793d1f87d44011d7bcc2ed99269a90"},"headline":"Nissan veut mettre fin aux \u00e9crans \u00e0 bord de ses voitures","datePublished":"2024-04-03T15:34:37+00:00","dateModified":"2024-04-03T15:46:04+00:00","mainEntityOfPage":{"@id":"https:\/\/news.canadamotorjobs.com\/fr\/nissan-veut-mettre-fin-aux-ecrans-a-bord-de-ses-voitures\/"},"wordCount":450,"publisher":{"@id":"https:\/\/news.canadamotorjobs.com\/#organization"},"image":{"@id":"https:\/\/news.canadamotorjobs.com\/fr\/nissan-veut-mettre-fin-aux-ecrans-a-bord-de-ses-voitures\/#primaryimage"},"thumbnailUrl":"https:\/\/news.canadamotorjobs.com\/wp-content\/uploads\/2024\/04\/nissan_100721122.jpg","articleSection":["Annuel automobile"],"inLanguage":"fr-CA"},{"@type":"WebPage","@id":"https:\/\/news.canadamotorjobs.com\/fr\/nissan-veut-mettre-fin-aux-ecrans-a-bord-de-ses-voitures\/","url":"https:\/\/news.canadamotorjobs.com\/fr\/nissan-veut-mettre-fin-aux-ecrans-a-bord-de-ses-voitures\/","name":"Nissan veut mettre fin aux \u00e9crans \u00e0 bord de ses voitures - CanadaMotorJobs.com","isPartOf":{"@id":"https:\/\/news.canadamotorjobs.com\/#website"},"primaryImageOfPage":{"@id":"https:\/\/news.canadamotorjobs.com\/fr\/nissan-veut-mettre-fin-aux-ecrans-a-bord-de-ses-voitures\/#primaryimage"},"image":{"@id":"https:\/\/news.canadamotorjobs.com\/fr\/nissan-veut-mettre-fin-aux-ecrans-a-bord-de-ses-voitures\/#primaryimage"},"thumbnailUrl":"https:\/\/news.canadamotorjobs.com\/wp-content\/uploads\/2024\/04\/nissan_100721122.jpg","datePublished":"2024-04-03T15:34:37+00:00","dateModified":"2024-04-03T15:46:04+00:00","description":"Nissan veut mettre fin aux \u00e9crans \u00e0 bord de ses voitures - Benoit Charette - Annuel automobile - CanadaMotorJobs.com.","breadcrumb":{"@id":"https:\/\/news.canadamotorjobs.com\/fr\/nissan-veut-mettre-fin-aux-ecrans-a-bord-de-ses-voitures\/#breadcrumb"},"inLanguage":"fr-CA","potentialAction":[{"@type":"ReadAction","target":["https:\/\/news.canadamotorjobs.com\/fr\/nissan-veut-mettre-fin-aux-ecrans-a-bord-de-ses-voitures\/"]}]},{"@type":"ImageObject","inLanguage":"fr-CA","@id":"https:\/\/news.canadamotorjobs.com\/fr\/nissan-veut-mettre-fin-aux-ecrans-a-bord-de-ses-voitures\/#primaryimage","url":"https:\/\/news.canadamotorjobs.com\/wp-content\/uploads\/2024\/04\/nissan_100721122.jpg","contentUrl":"https:\/\/news.canadamotorjobs.com\/wp-content\/uploads\/2024\/04\/nissan_100721122.jpg","width":1920,"height":1080},{"@type":"BreadcrumbList","@id":"https:\/\/news.canadamotorjobs.com\/fr\/nissan-veut-mettre-fin-aux-ecrans-a-bord-de-ses-voitures\/#breadcrumb","itemListElement":[{"@type":"ListItem","position":1,"name":"Home","item":"https:\/\/news.canadamotorjobs.com\/fr\/blog\/"},{"@type":"ListItem","position":2,"name":"Nissan veut mettre fin aux \u00e9crans \u00e0 bord de ses voitures"}]},{"@type":"WebSite","@id":"https:\/\/news.canadamotorjobs.com\/#website","url":"https:\/\/news.canadamotorjobs.com\/","name":"CanadaMotorJobs.com","description":"Automotive Jobs","publisher":{"@id":"https:\/\/news.canadamotorjobs.com\/#organization"},"potentialAction":[{"@type":"SearchAction","target":{"@type":"EntryPoint","urlTemplate":"https:\/\/news.canadamotorjobs.com\/?s={search_term_string}"},"query-input":"required name=search_term_string"}],"inLanguage":"fr-CA"},{"@type":"Organization","@id":"https:\/\/news.canadamotorjobs.com\/#organization","name":"Canada Motor Jobs","url":"https:\/\/news.canadamotorjobs.com\/","logo":{"@type":"ImageObject","inLanguage":"fr-CA","@id":"https:\/\/news.canadamotorjobs.com\/#\/schema\/logo\/image\/","url":"https:\/\/news.canadamotorjobs.com\/wp-content\/uploads\/2022\/10\/logo-canada-motor-jobs-1.png","contentUrl":"https:\/\/news.canadamotorjobs.com\/wp-content\/uploads\/2022\/10\/logo-canada-motor-jobs-1.png","width":800,"height":400,"caption":"Canada Motor Jobs"},"image":{"@id":"https:\/\/news.canadamotorjobs.com\/#\/schema\/logo\/image\/"},"sameAs":["https:\/\/www.facebook.com\/canadamotorjobs\/","https:\/\/x.com\/canadamotorjobs","https:\/\/www.instagram.com\/canadamotorjobs\/","https:\/\/www.linkedin.com\/company\/canadamotorjobs"]},{"@type":"Person","@id":"https:\/\/news.canadamotorjobs.com\/#\/schema\/person\/51793d1f87d44011d7bcc2ed99269a90","name":"Benoit Charette","image":{"@type":"ImageObject","inLanguage":"fr-CA","@id":"https:\/\/news.canadamotorjobs.com\/#\/schema\/person\/image\/","url":"https:\/\/secure.gravatar.com\/avatar\/45f3d2eebcccd909668d7ce7ea7267b6?s=96&d=mm&r=g","contentUrl":"https:\/\/secure.gravatar.com\/avatar\/45f3d2eebcccd909668d7ce7ea7267b6?s=96&d=mm&r=g","caption":"Benoit Charette"},"description":"Benoit Charette \/ Propri\u00e9taire et r\u00e9dacteur en chef Benoit Charette pratique le journalisme automobile depuis bient\u00f4t 30 ans. Il a fait ses classes au c\u00f4t\u00e9 de Daniel H\u00e9raud et au Carnet de route de 1992 \u00e0 2001. Il est fondateur, copropri\u00e9taire et r\u00e9dacteur en chef de L\u2019Annuel de l\u2019automobile, qu\u2019il publie depuis 2001. Il a anim\u00e9 les \u00e9missions RPM et RPM+ sur V et les L\u00e9gendes de la route sur Historia. \u00c0 la radio depuis 1986, il reprend l\u2019antenne cette ann\u00e9e sur les ondes de Cogeco et participe pour la deuxi\u00e8me ann\u00e9e \u00e0 l\u2019\u00e9mission Passion Auto sur RDS en plus de mettre en ligne le site Web officiel de L\u2019Annuel de l\u2019automobile sur annuelauto.ca.","sameAs":["https:\/\/annuelauto.ca\/"],"url":"https:\/\/news.canadamotorjobs.com\/fr\/author\/benoit-charette\/"}]}},"_links":{"self":[{"href":"https:\/\/news.canadamotorjobs.com\/fr\/wp-json\/wp\/v2\/posts\/162070"}],"collection":[{"href":"https:\/\/news.canadamotorjobs.com\/fr\/wp-json\/wp\/v2\/posts"}],"about":[{"href":"https:\/\/news.canadamotorjobs.com\/fr\/wp-json\/wp\/v2\/types\/post"}],"author":[{"embeddable":true,"href":"https:\/\/news.canadamotorjobs.com\/fr\/wp-json\/wp\/v2\/users\/8"}],"replies":[{"embeddable":true,"href":"https:\/\/news.canadamotorjobs.com\/fr\/wp-json\/wp\/v2\/comments?post=162070"}],"version-history":[{"count":2,"href":"https:\/\/news.canadamotorjobs.com\/fr\/wp-json\/wp\/v2\/posts\/162070\/revisions"}],"predecessor-version":[{"id":162074,"href":"https:\/\/news.canadamotorjobs.com\/fr\/wp-json\/wp\/v2\/posts\/162070\/revisions\/162074"}],"wp:featuredmedia":[{"embeddable":true,"href":"https:\/\/news.canadamotorjobs.com\/fr\/wp-json\/wp\/v2\/media\/162072"}],"wp:attachment":[{"href":"https:\/\/news.canadamotorjobs.com\/fr\/wp-json\/wp\/v2\/media?parent=162070"}],"wp:term":[{"taxonomy":"category","embeddable":true,"href":"https:\/\/news.canadamotorjobs.com\/fr\/wp-json\/wp\/v2\/categories?post=162070"},{"taxonomy":"post_tag","embeddable":true,"href":"https:\/\/news.canadamotorjobs.com\/fr\/wp-json\/wp\/v2\/tags?post=162070"}],"curies":[{"name":"wp","href":"https:\/\/api.w.org\/{rel}","templated":true}]}}