{"id":162043,"date":"2024-04-03T11:23:08","date_gmt":"2024-04-03T15:23:08","guid":{"rendered":"https:\/\/news.canadamotorjobs.com\/?p=162043"},"modified":"2024-04-03T11:29:00","modified_gmt":"2024-04-03T15:29:00","slug":"porsche-prepare-un-vus-electrique-a-trois-rangees","status":"publish","type":"post","link":"https:\/\/news.canadamotorjobs.com\/fr\/porsche-prepare-un-vus-electrique-a-trois-rangees\/","title":{"rendered":"Porsche pr\u00e9pare un VUS \u00e9lectrique \u00e0 trois rang\u00e9es"},"content":{"rendered":"<\/p>\n<p>En 2022, Oliver Blume, PDG de Porsche, a annonc\u00e9 un projet ambitieux lors d&#8217;une interview : la conception d&#8217;un VUS \u00e9lectrique avec trois rang\u00e9es de si\u00e8ges, surpassant m\u00eame le c\u00e9l\u00e8bre Cayenne de la marque. Connu sous le nom de code K1, ce v\u00e9hicule devrait devenir le fer de lance de Porsche.<\/p>\n<h3><strong>Une r\u00e9ponse audacieuse \u00e0 la demande croissante de SUV de luxe<\/strong><\/h3>\n<p>\nMalgr\u00e9 l&#8217;essor des v\u00e9hicules \u00e9lectriques ax\u00e9s sur l&#8217;efficacit\u00e9, Porsche poursuit son expansion dans le segment des SUV de luxe. Avec le K1, la marque d\u00e9fie les attentes en proposant un mod\u00e8le encore plus imposant que le Cayenne, d\u00e9montrant ainsi son engagement envers l&#8217;innovation et le confort.<\/p>\n<h3><strong>Origines et \u00e9volution du projet<\/strong><\/h3>\n<p>\nLes premiers plans du vus \u00e0 trois rang\u00e9es ont \u00e9t\u00e9 d\u00e9voil\u00e9s en 2021, suscitant l&#8217;enthousiasme des concessionnaires et des passionn\u00e9s. Cependant, des d\u00e9fis techniques ont entra\u00een\u00e9 des ajustements dans le calendrier de production, mettant en suspens certains aspects du projet. Malgr\u00e9 ces obstacles, le d\u00e9veloppement du K1 reste une priorit\u00e9 pour Porsche.<\/p>\n<h3><strong>Aper\u00e7u du futur VUS \u00e9lectrique<\/strong><\/h3>\n<p>\nDes clich\u00e9s espions r\u00e9cemment captur\u00e9s offrent un premier aper\u00e7u du prototype du K1 lors de tests sur route. Malgr\u00e9 le camouflage, ses proportions distinctives et son design novateur se d\u00e9marquent. Avec son empattement allong\u00e9 et sa silhouette imposante, le K1 promet d&#8217;offrir une exp\u00e9rience de conduite unique dans sa cat\u00e9gorie.<\/p>\n<h3><strong>Perspectives d&#8217;avenir<\/strong><\/h3>\n<p>\nBien que des incertitudes subsistent quant \u00e0 la date de sortie officielle du K1, les observateurs de l&#8217;industrie automobile s&#8217;attendent \u00e0 ce que le v\u00e9hicule soit commercialis\u00e9 d\u00e8s 2027. Fabriqu\u00e9 dans l&#8217;usine Porsche de Leipzig, en Allemagne, le K1 repr\u00e9sente l&#8217;avenir \u00e9lectrique et luxueux de la marque.<\/p>\n<p>Pour les amateurs de VUS \u00e9lectriques \u00e0 la recherche de performances et de confort haut de gamme, le projet Porsche K1 promet une exp\u00e9rience de conduite in\u00e9gal\u00e9e. Suivez notre couverture pour rester inform\u00e9 des derni\u00e8res actualit\u00e9s sur ce mod\u00e8le r\u00e9volutionnaire.<\/p>\n<p>Avec des renseignements d\u2019Auto evolution<\/p>\n<p>Le texte <a rel=\"nofollow\" href=\"https:\/\/annuelauto.ca\/porsche-prepare-un-vus-electrique-a-trois-rangees\/\">Porsche pr\u00e9pare un VUS \u00e9lectrique \u00e0 trois rang\u00e9es<\/a> provient de <a rel=\"nofollow\" href=\"https:\/\/annuelauto.ca\">L&#8217;annuel de l&#8217;automobile &#8211; Actualit\u00e9 automobile<\/a><\/p>\n<p><\/p>\n","protected":false},"excerpt":{"rendered":"<p>En 2022, Oliver Blume, PDG de Porsche, a annonc\u00e9 un projet ambitieux lors d&#8217;une interview : la conception d&#8217;un VUS \u00e9lectrique avec trois rang\u00e9es de si\u00e8ges, surpassant m\u00eame le c\u00e9l\u00e8bre Cayenne de la marque. Connu sous le nom de code K1, ce v\u00e9hicule devrait devenir le fer de lance de Porsche. Une r\u00e9ponse audacieuse \u00e0 [&hellip;]<\/p>\n","protected":false},"author":8,"featured_media":162045,"comment_status":"close","ping_status":"closed","sticky":false,"template":"","format":"standard","meta":{"_monsterinsights_skip_tracking":false,"_monsterinsights_sitenote_active":false,"_monsterinsights_sitenote_note":"","_monsterinsights_sitenote_category":0,"footnotes":""},"categories":[101],"tags":[],"yoast_head":"<!-- This site is optimized with the Yoast SEO plugin v23.2 - https:\/\/yoast.com\/wordpress\/plugins\/seo\/ -->\n<title>Porsche pr\u00e9pare un VUS \u00e9lectrique \u00e0 trois rang\u00e9es - CanadaMotorJobs.com<\/title>\n<meta name=\"description\" content=\"Porsche pr\u00e9pare un VUS \u00e9lectrique \u00e0 trois rang\u00e9es - Benoit Charette - Annuel automobile - CanadaMotorJobs.com.\" \/>\n<meta name=\"robots\" content=\"index, follow, max-snippet:-1, max-image-preview:large, max-video-preview:-1\" \/>\n<meta property=\"og:locale\" content=\"fr_CA\" \/>\n<meta property=\"og:type\" content=\"article\" \/>\n<meta property=\"og:title\" content=\"Porsche pr\u00e9pare un VUS \u00e9lectrique \u00e0 trois rang\u00e9es - CanadaMotorJobs.com\" \/>\n<meta property=\"og:description\" content=\"Porsche pr\u00e9pare un VUS \u00e9lectrique \u00e0 trois rang\u00e9es - Benoit Charette - Annuel automobile - CanadaMotorJobs.com.\" \/>\n<meta property=\"og:url\" content=\"https:\/\/news.canadamotorjobs.com\/fr\/porsche-prepare-un-vus-electrique-a-trois-rangees\/\" \/>\n<meta property=\"og:site_name\" content=\"CanadaMotorJobs.com\" \/>\n<meta property=\"article:publisher\" content=\"https:\/\/www.facebook.com\/canadamotorjobs\/\" \/>\n<meta property=\"article:published_time\" content=\"2024-04-03T15:23:08+00:00\" \/>\n<meta property=\"article:modified_time\" content=\"2024-04-03T15:29:00+00:00\" \/>\n<meta property=\"og:image\" content=\"https:\/\/news.canadamotorjobs.com\/wp-content\/uploads\/2024\/04\/2027-porsche-3-row-electric-suv-k1-spy-shots-photo-credit-baldauf_100923868.jpg\" \/>\n\t<meta property=\"og:image:width\" content=\"1920\" \/>\n\t<meta property=\"og:image:height\" content=\"1080\" \/>\n\t<meta property=\"og:image:type\" content=\"image\/jpeg\" \/>\n<meta name=\"author\" content=\"Benoit Charette\" \/>\n<meta name=\"twitter:card\" content=\"summary_large_image\" \/>\n<meta name=\"twitter:creator\" content=\"@canadamotorjobs\" \/>\n<meta name=\"twitter:site\" content=\"@canadamotorjobs\" \/>\n<meta name=\"twitter:label1\" content=\"\u00c9crit par\" \/>\n\t<meta name=\"twitter:data1\" content=\"Benoit Charette\" \/>\n\t<meta name=\"twitter:label2\" content=\"Estimation du temps de lecture\" \/>\n\t<meta name=\"twitter:data2\" content=\"2 minutes\" \/>\n<!-- \/ Yoast SEO plugin. -->","yoast_head_json":{"title":"Porsche pr\u00e9pare un VUS \u00e9lectrique \u00e0 trois rang\u00e9es - CanadaMotorJobs.com","description":"Porsche pr\u00e9pare un VUS \u00e9lectrique \u00e0 trois rang\u00e9es - Benoit Charette - Annuel automobile - CanadaMotorJobs.com.","robots":{"index":"index","follow":"follow","max-snippet":"max-snippet:-1","max-image-preview":"max-image-preview:large","max-video-preview":"max-video-preview:-1"},"og_locale":"fr_CA","og_type":"article","og_title":"Porsche pr\u00e9pare un VUS \u00e9lectrique \u00e0 trois rang\u00e9es - CanadaMotorJobs.com","og_description":"Porsche pr\u00e9pare un VUS \u00e9lectrique \u00e0 trois rang\u00e9es - Benoit Charette - Annuel automobile - CanadaMotorJobs.com.","og_url":"https:\/\/news.canadamotorjobs.com\/fr\/porsche-prepare-un-vus-electrique-a-trois-rangees\/","og_site_name":"CanadaMotorJobs.com","article_publisher":"https:\/\/www.facebook.com\/canadamotorjobs\/","article_published_time":"2024-04-03T15:23:08+00:00","article_modified_time":"2024-04-03T15:29:00+00:00","og_image":[{"width":1920,"height":1080,"url":"https:\/\/news.canadamotorjobs.com\/wp-content\/uploads\/2024\/04\/2027-porsche-3-row-electric-suv-k1-spy-shots-photo-credit-baldauf_100923868.jpg","type":"image\/jpeg"}],"author":"Benoit Charette","twitter_card":"summary_large_image","twitter_creator":"@canadamotorjobs","twitter_site":"@canadamotorjobs","twitter_misc":{"\u00c9crit par":"Benoit Charette","Estimation du temps de lecture":"2 minutes"},"schema":{"@context":"https:\/\/schema.org","@graph":[{"@type":"Article","@id":"https:\/\/news.canadamotorjobs.com\/fr\/porsche-prepare-un-vus-electrique-a-trois-rangees\/#article","isPartOf":{"@id":"https:\/\/news.canadamotorjobs.com\/fr\/porsche-prepare-un-vus-electrique-a-trois-rangees\/"},"author":{"name":"Benoit Charette","@id":"https:\/\/news.canadamotorjobs.com\/#\/schema\/person\/51793d1f87d44011d7bcc2ed99269a90"},"headline":"Porsche pr\u00e9pare un VUS \u00e9lectrique \u00e0 trois rang\u00e9es","datePublished":"2024-04-03T15:23:08+00:00","dateModified":"2024-04-03T15:29:00+00:00","mainEntityOfPage":{"@id":"https:\/\/news.canadamotorjobs.com\/fr\/porsche-prepare-un-vus-electrique-a-trois-rangees\/"},"wordCount":384,"publisher":{"@id":"https:\/\/news.canadamotorjobs.com\/#organization"},"image":{"@id":"https:\/\/news.canadamotorjobs.com\/fr\/porsche-prepare-un-vus-electrique-a-trois-rangees\/#primaryimage"},"thumbnailUrl":"https:\/\/news.canadamotorjobs.com\/wp-content\/uploads\/2024\/04\/2027-porsche-3-row-electric-suv-k1-spy-shots-photo-credit-baldauf_100923868.jpg","articleSection":["Annuel automobile"],"inLanguage":"fr-CA"},{"@type":"WebPage","@id":"https:\/\/news.canadamotorjobs.com\/fr\/porsche-prepare-un-vus-electrique-a-trois-rangees\/","url":"https:\/\/news.canadamotorjobs.com\/fr\/porsche-prepare-un-vus-electrique-a-trois-rangees\/","name":"Porsche pr\u00e9pare un VUS \u00e9lectrique \u00e0 trois rang\u00e9es - CanadaMotorJobs.com","isPartOf":{"@id":"https:\/\/news.canadamotorjobs.com\/#website"},"primaryImageOfPage":{"@id":"https:\/\/news.canadamotorjobs.com\/fr\/porsche-prepare-un-vus-electrique-a-trois-rangees\/#primaryimage"},"image":{"@id":"https:\/\/news.canadamotorjobs.com\/fr\/porsche-prepare-un-vus-electrique-a-trois-rangees\/#primaryimage"},"thumbnailUrl":"https:\/\/news.canadamotorjobs.com\/wp-content\/uploads\/2024\/04\/2027-porsche-3-row-electric-suv-k1-spy-shots-photo-credit-baldauf_100923868.jpg","datePublished":"2024-04-03T15:23:08+00:00","dateModified":"2024-04-03T15:29:00+00:00","description":"Porsche pr\u00e9pare un VUS \u00e9lectrique \u00e0 trois rang\u00e9es - Benoit Charette - Annuel automobile - CanadaMotorJobs.com.","breadcrumb":{"@id":"https:\/\/news.canadamotorjobs.com\/fr\/porsche-prepare-un-vus-electrique-a-trois-rangees\/#breadcrumb"},"inLanguage":"fr-CA","potentialAction":[{"@type":"ReadAction","target":["https:\/\/news.canadamotorjobs.com\/fr\/porsche-prepare-un-vus-electrique-a-trois-rangees\/"]}]},{"@type":"ImageObject","inLanguage":"fr-CA","@id":"https:\/\/news.canadamotorjobs.com\/fr\/porsche-prepare-un-vus-electrique-a-trois-rangees\/#primaryimage","url":"https:\/\/news.canadamotorjobs.com\/wp-content\/uploads\/2024\/04\/2027-porsche-3-row-electric-suv-k1-spy-shots-photo-credit-baldauf_100923868.jpg","contentUrl":"https:\/\/news.canadamotorjobs.com\/wp-content\/uploads\/2024\/04\/2027-porsche-3-row-electric-suv-k1-spy-shots-photo-credit-baldauf_100923868.jpg","width":1920,"height":1080},{"@type":"BreadcrumbList","@id":"https:\/\/news.canadamotorjobs.com\/fr\/porsche-prepare-un-vus-electrique-a-trois-rangees\/#breadcrumb","itemListElement":[{"@type":"ListItem","position":1,"name":"Home","item":"https:\/\/news.canadamotorjobs.com\/fr\/blog\/"},{"@type":"ListItem","position":2,"name":"Porsche pr\u00e9pare un VUS \u00e9lectrique \u00e0 trois rang\u00e9es"}]},{"@type":"WebSite","@id":"https:\/\/news.canadamotorjobs.com\/#website","url":"https:\/\/news.canadamotorjobs.com\/","name":"CanadaMotorJobs.com","description":"Automotive Jobs","publisher":{"@id":"https:\/\/news.canadamotorjobs.com\/#organization"},"potentialAction":[{"@type":"SearchAction","target":{"@type":"EntryPoint","urlTemplate":"https:\/\/news.canadamotorjobs.com\/?s={search_term_string}"},"query-input":"required name=search_term_string"}],"inLanguage":"fr-CA"},{"@type":"Organization","@id":"https:\/\/news.canadamotorjobs.com\/#organization","name":"Canada Motor Jobs","url":"https:\/\/news.canadamotorjobs.com\/","logo":{"@type":"ImageObject","inLanguage":"fr-CA","@id":"https:\/\/news.canadamotorjobs.com\/#\/schema\/logo\/image\/","url":"https:\/\/news.canadamotorjobs.com\/wp-content\/uploads\/2022\/10\/logo-canada-motor-jobs-1.png","contentUrl":"https:\/\/news.canadamotorjobs.com\/wp-content\/uploads\/2022\/10\/logo-canada-motor-jobs-1.png","width":800,"height":400,"caption":"Canada Motor Jobs"},"image":{"@id":"https:\/\/news.canadamotorjobs.com\/#\/schema\/logo\/image\/"},"sameAs":["https:\/\/www.facebook.com\/canadamotorjobs\/","https:\/\/x.com\/canadamotorjobs","https:\/\/www.instagram.com\/canadamotorjobs\/","https:\/\/www.linkedin.com\/company\/canadamotorjobs"]},{"@type":"Person","@id":"https:\/\/news.canadamotorjobs.com\/#\/schema\/person\/51793d1f87d44011d7bcc2ed99269a90","name":"Benoit Charette","image":{"@type":"ImageObject","inLanguage":"fr-CA","@id":"https:\/\/news.canadamotorjobs.com\/#\/schema\/person\/image\/","url":"https:\/\/secure.gravatar.com\/avatar\/45f3d2eebcccd909668d7ce7ea7267b6?s=96&d=mm&r=g","contentUrl":"https:\/\/secure.gravatar.com\/avatar\/45f3d2eebcccd909668d7ce7ea7267b6?s=96&d=mm&r=g","caption":"Benoit Charette"},"description":"Benoit Charette \/ Propri\u00e9taire et r\u00e9dacteur en chef Benoit Charette pratique le journalisme automobile depuis bient\u00f4t 30 ans. Il a fait ses classes au c\u00f4t\u00e9 de Daniel H\u00e9raud et au Carnet de route de 1992 \u00e0 2001. Il est fondateur, copropri\u00e9taire et r\u00e9dacteur en chef de L\u2019Annuel de l\u2019automobile, qu\u2019il publie depuis 2001. Il a anim\u00e9 les \u00e9missions RPM et RPM+ sur V et les L\u00e9gendes de la route sur Historia. \u00c0 la radio depuis 1986, il reprend l\u2019antenne cette ann\u00e9e sur les ondes de Cogeco et participe pour la deuxi\u00e8me ann\u00e9e \u00e0 l\u2019\u00e9mission Passion Auto sur RDS en plus de mettre en ligne le site Web officiel de L\u2019Annuel de l\u2019automobile sur annuelauto.ca.","sameAs":["https:\/\/annuelauto.ca\/"],"url":"https:\/\/news.canadamotorjobs.com\/fr\/author\/benoit-charette\/"}]}},"_links":{"self":[{"href":"https:\/\/news.canadamotorjobs.com\/fr\/wp-json\/wp\/v2\/posts\/162043"}],"collection":[{"href":"https:\/\/news.canadamotorjobs.com\/fr\/wp-json\/wp\/v2\/posts"}],"about":[{"href":"https:\/\/news.canadamotorjobs.com\/fr\/wp-json\/wp\/v2\/types\/post"}],"author":[{"embeddable":true,"href":"https:\/\/news.canadamotorjobs.com\/fr\/wp-json\/wp\/v2\/users\/8"}],"replies":[{"embeddable":true,"href":"https:\/\/news.canadamotorjobs.com\/fr\/wp-json\/wp\/v2\/comments?post=162043"}],"version-history":[{"count":2,"href":"https:\/\/news.canadamotorjobs.com\/fr\/wp-json\/wp\/v2\/posts\/162043\/revisions"}],"predecessor-version":[{"id":162047,"href":"https:\/\/news.canadamotorjobs.com\/fr\/wp-json\/wp\/v2\/posts\/162043\/revisions\/162047"}],"wp:featuredmedia":[{"embeddable":true,"href":"https:\/\/news.canadamotorjobs.com\/fr\/wp-json\/wp\/v2\/media\/162045"}],"wp:attachment":[{"href":"https:\/\/news.canadamotorjobs.com\/fr\/wp-json\/wp\/v2\/media?parent=162043"}],"wp:term":[{"taxonomy":"category","embeddable":true,"href":"https:\/\/news.canadamotorjobs.com\/fr\/wp-json\/wp\/v2\/categories?post=162043"},{"taxonomy":"post_tag","embeddable":true,"href":"https:\/\/news.canadamotorjobs.com\/fr\/wp-json\/wp\/v2\/tags?post=162043"}],"curies":[{"name":"wp","href":"https:\/\/api.w.org\/{rel}","templated":true}]}}