{"id":162001,"date":"2024-04-01T12:46:25","date_gmt":"2024-04-01T16:46:25","guid":{"rendered":"https:\/\/news.canadamotorjobs.com\/?p=162001"},"modified":"2024-04-01T13:02:46","modified_gmt":"2024-04-01T17:02:46","slug":"nissan-et-mitsubishi-travailleraient-sur-un-pick-up-dune-tonne-electrique-pour-lamerique-du-nord","status":"publish","type":"post","link":"https:\/\/news.canadamotorjobs.com\/fr\/nissan-et-mitsubishi-travailleraient-sur-un-pick-up-dune-tonne-electrique-pour-lamerique-du-nord\/","title":{"rendered":"Nissan et Mitsubishi travailleraient sur un pick-up d\u2019une tonne \u00e9lectrique pour l\u2019Am\u00e9rique du Nord."},"content":{"rendered":"<\/p>\n<h3>Le plan<\/h3>\n<p>\nNissan a annonc\u00e9 en mars un plan d&#8217;entreprise r\u00e9vis\u00e9 appel\u00e9 &#8220;The Arc&#8221;. Ce plan pr\u00e9voit la commercialisation de 30 nouveaux mod\u00e8les d&#8217;ici \u00e0 la fin de l&#8217;exercice fiscal 2026 (mars 2027), dont 16 seront \u00e9lectrifi\u00e9s. Notez la r\u00e9gression : L&#8217;Ambition 2030 voulait mettre sur le march\u00e9 23 v\u00e9hicules \u00e9lectrifi\u00e9s, dont 15 purement \u00e9lectriques. The Arc veut 30 v\u00e9hicules au total, 16 \u00e9lectrifi\u00e9s, dont huit purement \u00e9lectriques.<\/p>\n<h3>Partage de plateforme<\/h3>\n<p>\nSelon un rapport d&#8217;Automotive News, l&#8217;un de ces v\u00e9hicule \u00e9lectrtique pourrait \u00eatre un pick-up d&#8217;une tonne que Nissan d\u00e9veloppera avec Mitsubishi pour le march\u00e9 nord-am\u00e9ricain, ainsi qu&#8217;un groupe motopropulseur hybride rechargeable qui \u00e9quipera un mod\u00e8le de carrosserie inconnu et qui pourrait \u00e9galement servir pour le pick-up. Le v\u00e9hicule hybride rechargeable arriverait en premier. Mitsubishi d\u00e9velopperait le groupe motopropulseur PHEV, peut-\u00eatre une \u00e9volution du syst\u00e8me vendu dans l&#8217;Outlander PHEV.<\/p>\n<h3>Construit au Mexique<\/h3>\n<p>\nL&#8217;introduction d&#8217;un PHEV donnerait \u00e0 Mitsu un troisi\u00e8me mod\u00e8le hybride branchable, et un premier sur le continent nord-am\u00e9ricain \u00e0 Nissan. Le pick-up, quant \u00e0 lui, b\u00e9n\u00e9ficierait de l&#8217;expertise de Nissan en mati\u00e8re de v\u00e9hicules \u00e9lectriques. Il est pr\u00e9vu pour notre march\u00e9 entre le 31 mars 2027 et la m\u00eame date en 2031. Il pourrait donc faire partie de la famille de V\u00c9S modulaires de nouvelle g\u00e9n\u00e9ration pr\u00e9vue par Nissan, qui d\u00e9butera apr\u00e8s les huit mod\u00e8les pr\u00e9vus d&#8217;ici 2026. Le pick-up sera probablement construit au Mexique afin d&#8217;\u00e9viter les droits de douane am\u00e9ricains sur les pick-up et les camionnettes. S&#8217;il est r\u00e9ellement propos\u00e9 en version une tonne, il sera plus grand et plus performant que le Nissan Frontier d&#8217;une demi-tonne.<\/p>\n<h3>Une version Mitsubishi<\/h3>\n<p>\nIl y aura \u00e9galement une version Mitsubishi, et d&#8217;autres produits Mitsu pourraient provenir de Nissan et de Renault. \u00a0Outre le pick-up, un rapport distinct d\u2019Automotive News indique que la m\u00eame p\u00e9riode 2027-2031 permettra de commercialiser cinq nouveaux v\u00e9hicules \u00e9lectriques Nissan : une berline \u00e0 hayon, une berline et trois VUS dans les segments compact, interm\u00e9diaire et \u00e0 trois rang\u00e9es de si\u00e8ges.<\/p>\n<p>\u00a0<\/p>\n<p>\u00a0<\/p>\n<p>Avec des renseignements d\u2019Autoblog<\/p>\n<p>Le texte <a rel=\"nofollow\" href=\"https:\/\/annuelauto.ca\/nissan-et-mitsubishi-travailleraient-sur-un-pick-up-dune-tonne-electrique-pour-lamerique-du-nord\/\">Nissan et Mitsubishi travailleraient sur un pick-up d\u2019une tonne \u00e9lectrique pour l\u2019Am\u00e9rique du Nord.<\/a> provient de <a rel=\"nofollow\" href=\"https:\/\/annuelauto.ca\">L&#8217;annuel de l&#8217;automobile &#8211; Actualit\u00e9 automobile<\/a><\/p>\n<p><\/p>\n","protected":false},"excerpt":{"rendered":"<p>Le plan Nissan a annonc\u00e9 en mars un plan d&#8217;entreprise r\u00e9vis\u00e9 appel\u00e9 &#8220;The Arc&#8221;. Ce plan pr\u00e9voit la commercialisation de 30 nouveaux mod\u00e8les d&#8217;ici \u00e0 la fin de l&#8217;exercice fiscal 2026 (mars 2027), dont 16 seront \u00e9lectrifi\u00e9s. Notez la r\u00e9gression : L&#8217;Ambition 2030 voulait mettre sur le march\u00e9 23 v\u00e9hicules \u00e9lectrifi\u00e9s, dont 15 purement \u00e9lectriques. [&hellip;]<\/p>\n","protected":false},"author":8,"featured_media":162003,"comment_status":"close","ping_status":"closed","sticky":false,"template":"","format":"standard","meta":{"_monsterinsights_skip_tracking":false,"_monsterinsights_sitenote_active":false,"_monsterinsights_sitenote_note":"","_monsterinsights_sitenote_category":0,"footnotes":""},"categories":[101],"tags":[],"yoast_head":"<!-- This site is optimized with the Yoast SEO plugin v23.2 - https:\/\/yoast.com\/wordpress\/plugins\/seo\/ -->\n<title>Nissan et Mitsubishi travailleraient sur un pick-up d\u2019une tonne \u00e9lectrique pour l\u2019Am\u00e9rique du Nord. - CanadaMotorJobs.com<\/title>\n<meta name=\"description\" content=\"Nissan et Mitsubishi travailleraient sur un pick-up d\u2019une tonne \u00e9lectrique pour l\u2019Am\u00e9rique du Nord. - Benoit Charette - Annuel automobile - CanadaMotorJobs.com.\" \/>\n<meta name=\"robots\" content=\"index, follow, max-snippet:-1, max-image-preview:large, max-video-preview:-1\" \/>\n<meta property=\"og:locale\" content=\"fr_CA\" \/>\n<meta property=\"og:type\" content=\"article\" \/>\n<meta property=\"og:title\" content=\"Nissan et Mitsubishi travailleraient sur un pick-up d\u2019une tonne \u00e9lectrique pour l\u2019Am\u00e9rique du Nord. - CanadaMotorJobs.com\" \/>\n<meta property=\"og:description\" content=\"Nissan et Mitsubishi travailleraient sur un pick-up d\u2019une tonne \u00e9lectrique pour l\u2019Am\u00e9rique du Nord. - Benoit Charette - Annuel automobile - CanadaMotorJobs.com.\" \/>\n<meta property=\"og:url\" content=\"https:\/\/news.canadamotorjobs.com\/fr\/nissan-et-mitsubishi-travailleraient-sur-un-pick-up-dune-tonne-electrique-pour-lamerique-du-nord\/\" \/>\n<meta property=\"og:site_name\" content=\"CanadaMotorJobs.com\" \/>\n<meta property=\"article:publisher\" content=\"https:\/\/www.facebook.com\/canadamotorjobs\/\" \/>\n<meta property=\"article:published_time\" content=\"2024-04-01T16:46:25+00:00\" \/>\n<meta property=\"article:modified_time\" content=\"2024-04-01T17:02:46+00:00\" \/>\n<meta property=\"og:image\" content=\"https:\/\/news.canadamotorjobs.com\/wp-content\/uploads\/2024\/04\/european-commission-approves-nissans-purchase-of-mitsubishi-111922_1.jpg\" \/>\n\t<meta property=\"og:image:width\" content=\"1456\" \/>\n\t<meta property=\"og:image:height\" content=\"600\" \/>\n\t<meta property=\"og:image:type\" content=\"image\/jpeg\" \/>\n<meta name=\"author\" content=\"Benoit Charette\" \/>\n<meta name=\"twitter:card\" content=\"summary_large_image\" \/>\n<meta name=\"twitter:creator\" content=\"@canadamotorjobs\" \/>\n<meta name=\"twitter:site\" content=\"@canadamotorjobs\" \/>\n<meta name=\"twitter:label1\" content=\"\u00c9crit par\" \/>\n\t<meta name=\"twitter:data1\" content=\"Benoit Charette\" \/>\n\t<meta name=\"twitter:label2\" content=\"Estimation du temps de lecture\" \/>\n\t<meta name=\"twitter:data2\" content=\"2 minutes\" \/>\n<!-- \/ Yoast SEO plugin. -->","yoast_head_json":{"title":"Nissan et Mitsubishi travailleraient sur un pick-up d\u2019une tonne \u00e9lectrique pour l\u2019Am\u00e9rique du Nord. - CanadaMotorJobs.com","description":"Nissan et Mitsubishi travailleraient sur un pick-up d\u2019une tonne \u00e9lectrique pour l\u2019Am\u00e9rique du Nord. - Benoit Charette - Annuel automobile - CanadaMotorJobs.com.","robots":{"index":"index","follow":"follow","max-snippet":"max-snippet:-1","max-image-preview":"max-image-preview:large","max-video-preview":"max-video-preview:-1"},"og_locale":"fr_CA","og_type":"article","og_title":"Nissan et Mitsubishi travailleraient sur un pick-up d\u2019une tonne \u00e9lectrique pour l\u2019Am\u00e9rique du Nord. - CanadaMotorJobs.com","og_description":"Nissan et Mitsubishi travailleraient sur un pick-up d\u2019une tonne \u00e9lectrique pour l\u2019Am\u00e9rique du Nord. - Benoit Charette - Annuel automobile - CanadaMotorJobs.com.","og_url":"https:\/\/news.canadamotorjobs.com\/fr\/nissan-et-mitsubishi-travailleraient-sur-un-pick-up-dune-tonne-electrique-pour-lamerique-du-nord\/","og_site_name":"CanadaMotorJobs.com","article_publisher":"https:\/\/www.facebook.com\/canadamotorjobs\/","article_published_time":"2024-04-01T16:46:25+00:00","article_modified_time":"2024-04-01T17:02:46+00:00","og_image":[{"width":1456,"height":600,"url":"https:\/\/news.canadamotorjobs.com\/wp-content\/uploads\/2024\/04\/european-commission-approves-nissans-purchase-of-mitsubishi-111922_1.jpg","type":"image\/jpeg"}],"author":"Benoit Charette","twitter_card":"summary_large_image","twitter_creator":"@canadamotorjobs","twitter_site":"@canadamotorjobs","twitter_misc":{"\u00c9crit par":"Benoit Charette","Estimation du temps de lecture":"2 minutes"},"schema":{"@context":"https:\/\/schema.org","@graph":[{"@type":"Article","@id":"https:\/\/news.canadamotorjobs.com\/fr\/nissan-et-mitsubishi-travailleraient-sur-un-pick-up-dune-tonne-electrique-pour-lamerique-du-nord\/#article","isPartOf":{"@id":"https:\/\/news.canadamotorjobs.com\/fr\/nissan-et-mitsubishi-travailleraient-sur-un-pick-up-dune-tonne-electrique-pour-lamerique-du-nord\/"},"author":{"name":"Benoit Charette","@id":"https:\/\/news.canadamotorjobs.com\/#\/schema\/person\/51793d1f87d44011d7bcc2ed99269a90"},"headline":"Nissan et Mitsubishi travailleraient sur un pick-up d\u2019une tonne \u00e9lectrique pour l\u2019Am\u00e9rique du Nord.","datePublished":"2024-04-01T16:46:25+00:00","dateModified":"2024-04-01T17:02:46+00:00","mainEntityOfPage":{"@id":"https:\/\/news.canadamotorjobs.com\/fr\/nissan-et-mitsubishi-travailleraient-sur-un-pick-up-dune-tonne-electrique-pour-lamerique-du-nord\/"},"wordCount":414,"publisher":{"@id":"https:\/\/news.canadamotorjobs.com\/#organization"},"image":{"@id":"https:\/\/news.canadamotorjobs.com\/fr\/nissan-et-mitsubishi-travailleraient-sur-un-pick-up-dune-tonne-electrique-pour-lamerique-du-nord\/#primaryimage"},"thumbnailUrl":"https:\/\/news.canadamotorjobs.com\/wp-content\/uploads\/2024\/04\/european-commission-approves-nissans-purchase-of-mitsubishi-111922_1.jpg","articleSection":["Annuel automobile"],"inLanguage":"fr-CA"},{"@type":"WebPage","@id":"https:\/\/news.canadamotorjobs.com\/fr\/nissan-et-mitsubishi-travailleraient-sur-un-pick-up-dune-tonne-electrique-pour-lamerique-du-nord\/","url":"https:\/\/news.canadamotorjobs.com\/fr\/nissan-et-mitsubishi-travailleraient-sur-un-pick-up-dune-tonne-electrique-pour-lamerique-du-nord\/","name":"Nissan et Mitsubishi travailleraient sur un pick-up d\u2019une tonne \u00e9lectrique pour l\u2019Am\u00e9rique du Nord. - CanadaMotorJobs.com","isPartOf":{"@id":"https:\/\/news.canadamotorjobs.com\/#website"},"primaryImageOfPage":{"@id":"https:\/\/news.canadamotorjobs.com\/fr\/nissan-et-mitsubishi-travailleraient-sur-un-pick-up-dune-tonne-electrique-pour-lamerique-du-nord\/#primaryimage"},"image":{"@id":"https:\/\/news.canadamotorjobs.com\/fr\/nissan-et-mitsubishi-travailleraient-sur-un-pick-up-dune-tonne-electrique-pour-lamerique-du-nord\/#primaryimage"},"thumbnailUrl":"https:\/\/news.canadamotorjobs.com\/wp-content\/uploads\/2024\/04\/european-commission-approves-nissans-purchase-of-mitsubishi-111922_1.jpg","datePublished":"2024-04-01T16:46:25+00:00","dateModified":"2024-04-01T17:02:46+00:00","description":"Nissan et Mitsubishi travailleraient sur un pick-up d\u2019une tonne \u00e9lectrique pour l\u2019Am\u00e9rique du Nord. - Benoit Charette - Annuel automobile - CanadaMotorJobs.com.","breadcrumb":{"@id":"https:\/\/news.canadamotorjobs.com\/fr\/nissan-et-mitsubishi-travailleraient-sur-un-pick-up-dune-tonne-electrique-pour-lamerique-du-nord\/#breadcrumb"},"inLanguage":"fr-CA","potentialAction":[{"@type":"ReadAction","target":["https:\/\/news.canadamotorjobs.com\/fr\/nissan-et-mitsubishi-travailleraient-sur-un-pick-up-dune-tonne-electrique-pour-lamerique-du-nord\/"]}]},{"@type":"ImageObject","inLanguage":"fr-CA","@id":"https:\/\/news.canadamotorjobs.com\/fr\/nissan-et-mitsubishi-travailleraient-sur-un-pick-up-dune-tonne-electrique-pour-lamerique-du-nord\/#primaryimage","url":"https:\/\/news.canadamotorjobs.com\/wp-content\/uploads\/2024\/04\/european-commission-approves-nissans-purchase-of-mitsubishi-111922_1.jpg","contentUrl":"https:\/\/news.canadamotorjobs.com\/wp-content\/uploads\/2024\/04\/european-commission-approves-nissans-purchase-of-mitsubishi-111922_1.jpg","width":1456,"height":600},{"@type":"BreadcrumbList","@id":"https:\/\/news.canadamotorjobs.com\/fr\/nissan-et-mitsubishi-travailleraient-sur-un-pick-up-dune-tonne-electrique-pour-lamerique-du-nord\/#breadcrumb","itemListElement":[{"@type":"ListItem","position":1,"name":"Home","item":"https:\/\/news.canadamotorjobs.com\/fr\/blog\/"},{"@type":"ListItem","position":2,"name":"Nissan et Mitsubishi travailleraient sur un pick-up d\u2019une tonne \u00e9lectrique pour l\u2019Am\u00e9rique du Nord."}]},{"@type":"WebSite","@id":"https:\/\/news.canadamotorjobs.com\/#website","url":"https:\/\/news.canadamotorjobs.com\/","name":"CanadaMotorJobs.com","description":"Automotive Jobs","publisher":{"@id":"https:\/\/news.canadamotorjobs.com\/#organization"},"potentialAction":[{"@type":"SearchAction","target":{"@type":"EntryPoint","urlTemplate":"https:\/\/news.canadamotorjobs.com\/?s={search_term_string}"},"query-input":"required name=search_term_string"}],"inLanguage":"fr-CA"},{"@type":"Organization","@id":"https:\/\/news.canadamotorjobs.com\/#organization","name":"Canada Motor Jobs","url":"https:\/\/news.canadamotorjobs.com\/","logo":{"@type":"ImageObject","inLanguage":"fr-CA","@id":"https:\/\/news.canadamotorjobs.com\/#\/schema\/logo\/image\/","url":"https:\/\/news.canadamotorjobs.com\/wp-content\/uploads\/2022\/10\/logo-canada-motor-jobs-1.png","contentUrl":"https:\/\/news.canadamotorjobs.com\/wp-content\/uploads\/2022\/10\/logo-canada-motor-jobs-1.png","width":800,"height":400,"caption":"Canada Motor Jobs"},"image":{"@id":"https:\/\/news.canadamotorjobs.com\/#\/schema\/logo\/image\/"},"sameAs":["https:\/\/www.facebook.com\/canadamotorjobs\/","https:\/\/x.com\/canadamotorjobs","https:\/\/www.instagram.com\/canadamotorjobs\/","https:\/\/www.linkedin.com\/company\/canadamotorjobs"]},{"@type":"Person","@id":"https:\/\/news.canadamotorjobs.com\/#\/schema\/person\/51793d1f87d44011d7bcc2ed99269a90","name":"Benoit Charette","image":{"@type":"ImageObject","inLanguage":"fr-CA","@id":"https:\/\/news.canadamotorjobs.com\/#\/schema\/person\/image\/","url":"https:\/\/secure.gravatar.com\/avatar\/45f3d2eebcccd909668d7ce7ea7267b6?s=96&d=mm&r=g","contentUrl":"https:\/\/secure.gravatar.com\/avatar\/45f3d2eebcccd909668d7ce7ea7267b6?s=96&d=mm&r=g","caption":"Benoit Charette"},"description":"Benoit Charette \/ Propri\u00e9taire et r\u00e9dacteur en chef Benoit Charette pratique le journalisme automobile depuis bient\u00f4t 30 ans. Il a fait ses classes au c\u00f4t\u00e9 de Daniel H\u00e9raud et au Carnet de route de 1992 \u00e0 2001. Il est fondateur, copropri\u00e9taire et r\u00e9dacteur en chef de L\u2019Annuel de l\u2019automobile, qu\u2019il publie depuis 2001. Il a anim\u00e9 les \u00e9missions RPM et RPM+ sur V et les L\u00e9gendes de la route sur Historia. \u00c0 la radio depuis 1986, il reprend l\u2019antenne cette ann\u00e9e sur les ondes de Cogeco et participe pour la deuxi\u00e8me ann\u00e9e \u00e0 l\u2019\u00e9mission Passion Auto sur RDS en plus de mettre en ligne le site Web officiel de L\u2019Annuel de l\u2019automobile sur annuelauto.ca.","sameAs":["https:\/\/annuelauto.ca\/"],"url":"https:\/\/news.canadamotorjobs.com\/fr\/author\/benoit-charette\/"}]}},"_links":{"self":[{"href":"https:\/\/news.canadamotorjobs.com\/fr\/wp-json\/wp\/v2\/posts\/162001"}],"collection":[{"href":"https:\/\/news.canadamotorjobs.com\/fr\/wp-json\/wp\/v2\/posts"}],"about":[{"href":"https:\/\/news.canadamotorjobs.com\/fr\/wp-json\/wp\/v2\/types\/post"}],"author":[{"embeddable":true,"href":"https:\/\/news.canadamotorjobs.com\/fr\/wp-json\/wp\/v2\/users\/8"}],"replies":[{"embeddable":true,"href":"https:\/\/news.canadamotorjobs.com\/fr\/wp-json\/wp\/v2\/comments?post=162001"}],"version-history":[{"count":2,"href":"https:\/\/news.canadamotorjobs.com\/fr\/wp-json\/wp\/v2\/posts\/162001\/revisions"}],"predecessor-version":[{"id":162005,"href":"https:\/\/news.canadamotorjobs.com\/fr\/wp-json\/wp\/v2\/posts\/162001\/revisions\/162005"}],"wp:featuredmedia":[{"embeddable":true,"href":"https:\/\/news.canadamotorjobs.com\/fr\/wp-json\/wp\/v2\/media\/162003"}],"wp:attachment":[{"href":"https:\/\/news.canadamotorjobs.com\/fr\/wp-json\/wp\/v2\/media?parent=162001"}],"wp:term":[{"taxonomy":"category","embeddable":true,"href":"https:\/\/news.canadamotorjobs.com\/fr\/wp-json\/wp\/v2\/categories?post=162001"},{"taxonomy":"post_tag","embeddable":true,"href":"https:\/\/news.canadamotorjobs.com\/fr\/wp-json\/wp\/v2\/tags?post=162001"}],"curies":[{"name":"wp","href":"https:\/\/api.w.org\/{rel}","templated":true}]}}