{"id":161978,"date":"2024-04-01T09:20:50","date_gmt":"2024-04-01T13:20:50","guid":{"rendered":"https:\/\/news.canadamotorjobs.com\/?p=161978"},"modified":"2024-04-01T09:32:33","modified_gmt":"2024-04-01T13:32:33","slug":"les-vehicules-anciens-du-salon-de-lauto-de-new-york","status":"publish","type":"post","link":"https:\/\/news.canadamotorjobs.com\/fr\/les-vehicules-anciens-du-salon-de-lauto-de-new-york\/","title":{"rendered":"Les v\u00e9hicules anciens du Salon de l\u2019auto de New York"},"content":{"rendered":"<\/p>\n<p>On a d\u00e9j\u00e0 eu l\u2019occasion de vous pr\u00e9senter les nouveaux mod\u00e8les qui ont \u00e9t\u00e9 d\u00e9voil\u00e9s au plus r\u00e9cent Salon de l\u2019auto de New York 2024, ainsi qu\u2019un bus GM de 1956 qui nous a permis de faire un petit voyage dans le temps. Cette fois, il est question des v\u00e9hicules anciens que l\u2019on pouvait retrouver un peu partout \u00e0 travers les diff\u00e9rentes salles d\u2019exposition. Comme vous allez le voir, \u00e7a va dans toutes les directions.<\/p>\n<h3><strong><em>\u00a0<\/em><\/strong><strong><em>Le pr\u00e9sent article est pr\u00e9sent\u00e9 en collaboration avec Fitzback Garage, sp\u00e9cialis\u00e9 dans la restauration d\u2019origine de voitures anciennes. Fitzback Garage est situ\u00e9 \u00e0 Sainte-Madeleine, en Mont\u00e9r\u00e9gie. <\/em><\/strong><\/h3>\n<p><\/p>\n<h3>1 \u2014 Jaguar\u00a0XJ220-N 1993<\/h3>\n<p>\nLa Jaguar\u00a0XJ220 est une voiture tr\u00e8s rare, elle qui n\u2019a \u00e9t\u00e9 produite qu\u2019\u00e0 raison de 289\u00a0exemplaires. Elle \u00e9tait la sportive la plus rapide de production \u00e0 l\u2019\u00e9poque, avec une vitesse de pointe qui pouvait atteindre 341\u00a0km (record enregistr\u00e9 lors d\u2019essais). L\u2019exemplaire qui repose au sous-sol du salon de New York est une raret\u00e9 parmi les raret\u00e9s. En effet, elle est l\u2019une de trois de la S\u00e9rie N, des versions qui avaient \u00e9t\u00e9 modifi\u00e9es pour le championnat italien Gran Turismo de 1993. Une carrosserie en aluminium et un int\u00e9rieur d\u00e9pouill\u00e9 sont des caract\u00e9ristiques uniques de cet exemplaire.<\/p>\n<h3>2 \u2014 Camion de pompier hommage au 11\u00a0septembre<\/h3>\n<p>\nCe camion de pompier a \u00e9t\u00e9 mis en service en 2015, et ce qu\u2019il a de particulier, c\u2019est qu\u2019il a \u00e9t\u00e9 d\u00e9cor\u00e9 pour rendre hommage aux h\u00e9ros du 11\u00a0septembre \u00e0 la suite de l\u2019attaque sur le World Trade Center. Le camion porte des images de cette journ\u00e9e, ainsi que les noms des 343\u00a0pompiers qui ont sacrifi\u00e9 leur vie cette journ\u00e9e-l\u00e0 afin de tenter de sauver celle des autres. Il est impossible de ne pas ressentir une \u00e9motion \u00e0 la vue de ce camion.<\/p>\n<h3>3\u2014 Les voitures de la collection de Robert Downey Jr.<\/h3>\n<p>\nLes cinq v\u00e9hicules suivants font partie de la collection de l\u2019acteur Robert Downey Jr. Ce qu\u2019il y a de particulier \u00e0 propos de ces versions de toute \u00e9vidence modifi\u00e9es, c\u2019est qu\u2019elles ont \u00e9t\u00e9 rendues plus \u00ab\u2009verte\u2009\u00bb, tant\u00f4t avec une motorisation hybride, tant\u00f4t avec un groupe motopropulseur tout \u00e9lectrique, et m\u00eame une solution Diesel. Mieux, vous pouvez vous inscrire sur le site rdjdreamcars.com pour tenter de gagner l\u2019une de ces voitures. La camionnette Chevrolet a d\u00e9j\u00e0 \u00e9t\u00e9 remise \u00e0 un gagnant, alors que la date d\u2019inscription pour le El Camino est pass\u00e9e. C\u2019est ouvert pour les autres mod\u00e8les et les citoyens canadiens, sauf ceux du Qu\u00e9bec, peuvent participer. On vous livrera le v\u00e9hicule pr\u00e8s des douanes canadiennes, si jamais la chance vous sourit. Parmi les mod\u00e8les toujours en lice, il y a une Mercedes-Benz\u00a0280SE de 1969 (d\u00e9sormais biodiesel), une Buick Riviera\u00a01966 (hybride), une Chevrolet Corvette\u00a01965 (\u00e9lectrique), ainsi qu\u2019un bus Volkswagen de 1972 (\u00e9lectrique). Notez que la carrosserie est celle de la premi\u00e8re g\u00e9n\u00e9ration, 1950-1967. Jusqu\u2019en 1975, Volkswagen fournissait \u00e0 sa branche br\u00e9silienne des pi\u00e8ces du mod\u00e8le de premi\u00e8re g\u00e9n\u00e9ration.<\/p>\n<h3>4 \u2014 Voitures anciennes du service de police de la ville de New York<\/h3>\n<p>\nLa ville de New York poss\u00e8de une impressionnante collection de voitures anciennes, des mod\u00e8les qui nous permettent de revivre diff\u00e9rentes \u00e9poques. Chaque ann\u00e9e, certains v\u00e9hicules sont l\u00e0 pour le bon plaisir des visiteurs. Cette ann\u00e9e, on a pu voir une Plymouth Fury\u00a01972, des Chevrolet Caprice des ann\u00e9es\u00a080 et 90, une Ford Crown Victoria, ainsi qu\u2019une Plymouth Grand Fury\u00a01986.<\/p>\n<h3>5 \u2014 Volkswagen Beetle\u00a01949<\/h3>\n<p>\nSi vous avez suivi le match du Super Bowl en f\u00e9vrier dernier, vous avez peut-\u00eatre eu la chance de voir la publicit\u00e9 de Volkswagen visant \u00e0 c\u00e9l\u00e9brer ses 75\u00a0ans en Am\u00e9rique du Nord. C\u2019est d\u2019ailleurs \u00e0 New York qu\u2019\u00e9tait d\u00e9barqu\u00e9e la premi\u00e8re Beetle, en 1949. Au kiosque de la compagnie, on retrouvait un magnifique exemplaire de cette ann\u00e9e-l\u00e0, aux c\u00f4t\u00e9s de la fourgonnette \u00e9lectrique ID.Buzz qui doit nous arriver avant la fin de l\u2019ann\u00e9e.<\/p>\n<h3>6 \u2014 Lamborghini\u00a0LM002<\/h3>\n<p>\nEntre 1986 et 1993, Lamborghini proposait un VUS de performance aux consommateurs, le LM002. Seulement 328\u00a0exemplaires ont \u00e9t\u00e9 produits. Il est toujours particulier d\u2019en croiser un. Au d\u00e9but de cette ann\u00e9e, un exemplaire a \u00e9t\u00e9 vendu au prix de 325\u2009000\u00a0$ US sur le site Bring a Trailer.<\/p>\n<h3>7 \u2014 Subaru GL\u00a01983<\/h3>\n<p>\nSous la robe de cette voiture de rallye se cache une familiale GL de l\u2019ann\u00e9e\u00a01983. Ce mod\u00e8le a \u00e9t\u00e9 modifi\u00e9 dans le cadre d\u2019un projet r\u00e9alis\u00e9 avec le pilote Travis Pastrana, qui court en rallye au volant de mod\u00e8les Subaru. Belle gueule.<\/p>\n<h3>8 \u2014 Subaru Forester<\/h3>\n<p>\nAu Kiosque de Subaru, la compagnie en profitait pour parler de la s\u00e9curit\u00e9 de ses mod\u00e8les, ainsi que de leur durabilit\u00e9, expliquant au passage que 96\u00a0% des Forester vendus depuis 10\u00a0ans sont toujours sur la route. Il \u00e9tait agr\u00e9able de revoir un mod\u00e8le de premi\u00e8re g\u00e9n\u00e9ration en si bonne condition. Il est vrai que \u00e7a avait tendance \u00e0 rouiller \u00e0 l\u2019\u00e9poque chez nous.<\/p>\n<h3>9 \u2014 Packard Super\u00a08 1948<\/h3>\n<p>\nPoss\u00e9der une vielle Packard, c\u2019est d\u00e9j\u00e0 int\u00e9ressant. Poss\u00e9der une vieille Packard ayant appartenu \u00e0 une l\u00e9gende du sport, \u00e7a ajoute un petit quelque chose. Pour les amateurs de basketball, sachez que cette voiture a d\u00e9j\u00e0 appartenu \u00e0 Kareem Abdul-Jabbar, qui a connu ses moments de gloire avec les Lakers de Los Angeles au c\u0153ur des ann\u00e9es\u00a080. Cet exemplaire a beau se pr\u00e9senter sous son allure d\u2019origine, elle a \u00e9t\u00e9 modernis\u00e9e avec une suspension plus actuelle, la servodirection, mais surtout, un V8 GM de 454\u00a0pouces cubes et 425\u00a0chevaux.<\/p>\n<h3>10 \u2014 Mercedes-Benz 220 S Cabriolet\u00a01958<\/h3>\n<p>\nVoici une autre pi\u00e8ce plut\u00f4t incroyable. Outre son style intemporel et son \u00e9tat impeccable, fruit d\u2019une restauration compl\u00e8te effectu\u00e9e en 2005, il est int\u00e9ressant de noter que le premier propri\u00e9taire de cette voiture ne fut nul autre que le Prince Rainier\u00a0III de Monaco, qui a offert cette Mercedes \u00e0 sa femme, la princesse Grace Kelly.<\/p>\n<h3>11 \u2014 Porsche 912\u00a01967<\/h3>\n<p>\nIl y avait une fois de plus quantit\u00e9 de Porsche anciennes expos\u00e9es ici et l\u00e0 \u00e0 travers le Salon de New York. Retenons la pr\u00e9sence de cette 912, une version qui a \u00e9t\u00e9 produite \u00e0 raison d\u2019environ 32\u2009000\u00a0exemplaires entre 1965 et 1969. Le mod\u00e8le faisait le pont, en fait de prix, entre la 356 et la 911. La particularit\u00e9 de la 912, c\u2019est qu\u2019elle est anim\u00e9e par un moteur\u00a04-cylindres et que les performances qu\u2019elle offre sont plus modestes. Une magnifique pi\u00e8ce, qu\u2019importe la m\u00e9canique.<\/p>\n<h3>12 \u2014 Ford Tudor\u00a01933<\/h3>\n<p>\nLes Hot Rod font partie de la sc\u00e8ne lors des rassemblements de voitures anciennes, et parmi les mod\u00e8les les plus pris\u00e9s, on retrouve les Ford des ann\u00e9es\u00a030. Cette voiture \u00e9tait expos\u00e9e au petit kiosque du Automotive Hall of Fame, une sorte de temps de la renomm\u00e9e du monde automobile. Ce dernier est situ\u00e9 \u00e0 Dearborn, au Michigan.<\/p>\n<p>\u00a0<\/p>\n<p>\u00a0<\/p>\n<p>\u00a0<\/p>\n<p>\u00a0<\/p>\n<p>\u00a0<\/p>\n<p>\u00a0<\/p>\n<p>\u00a0<\/p>\n<p>Le texte <a rel=\"nofollow\" href=\"https:\/\/annuelauto.ca\/les-vehicules-anciens-du-salon-de-lauto-de-new-york\/\">Les v\u00e9hicules anciens du Salon de l\u2019auto de New York<\/a> provient de <a rel=\"nofollow\" href=\"https:\/\/annuelauto.ca\">L&#8217;annuel de l&#8217;automobile &#8211; Actualit\u00e9 automobile<\/a><\/p>\n<p><\/p>\n","protected":false},"excerpt":{"rendered":"<p>On a d\u00e9j\u00e0 eu l\u2019occasion de vous pr\u00e9senter les nouveaux mod\u00e8les qui ont \u00e9t\u00e9 d\u00e9voil\u00e9s au plus r\u00e9cent Salon de l\u2019auto de New York 2024, ainsi qu\u2019un bus GM de 1956 qui nous a permis de faire un petit voyage dans le temps. Cette fois, il est question des v\u00e9hicules anciens que l\u2019on pouvait retrouver [&hellip;]<\/p>\n","protected":false},"author":8,"featured_media":161980,"comment_status":"close","ping_status":"closed","sticky":false,"template":"","format":"standard","meta":{"_monsterinsights_skip_tracking":false,"_monsterinsights_sitenote_active":false,"_monsterinsights_sitenote_note":"","_monsterinsights_sitenote_category":0,"footnotes":""},"categories":[101],"tags":[],"yoast_head":"<!-- This site is optimized with the Yoast SEO plugin v23.2 - https:\/\/yoast.com\/wordpress\/plugins\/seo\/ -->\n<title>Les v\u00e9hicules anciens du Salon de l\u2019auto de New York - CanadaMotorJobs.com<\/title>\n<meta name=\"description\" content=\"Les v\u00e9hicules anciens du Salon de l\u2019auto de New York - Benoit Charette - Annuel automobile - CanadaMotorJobs.com.\" \/>\n<meta name=\"robots\" content=\"index, follow, max-snippet:-1, max-image-preview:large, max-video-preview:-1\" \/>\n<meta property=\"og:locale\" content=\"fr_CA\" \/>\n<meta property=\"og:type\" content=\"article\" \/>\n<meta property=\"og:title\" content=\"Les v\u00e9hicules anciens du Salon de l\u2019auto de New York - CanadaMotorJobs.com\" \/>\n<meta property=\"og:description\" content=\"Les v\u00e9hicules anciens du Salon de l\u2019auto de New York - Benoit Charette - Annuel automobile - CanadaMotorJobs.com.\" \/>\n<meta property=\"og:url\" content=\"https:\/\/news.canadamotorjobs.com\/fr\/les-vehicules-anciens-du-salon-de-lauto-de-new-york\/\" \/>\n<meta property=\"og:site_name\" content=\"CanadaMotorJobs.com\" \/>\n<meta property=\"article:publisher\" content=\"https:\/\/www.facebook.com\/canadamotorjobs\/\" \/>\n<meta property=\"article:published_time\" content=\"2024-04-01T13:20:50+00:00\" \/>\n<meta property=\"article:modified_time\" content=\"2024-04-01T13:32:33+00:00\" \/>\n<meta property=\"og:image\" content=\"https:\/\/news.canadamotorjobs.com\/wp-content\/uploads\/2024\/04\/NYIAS_Hero.jpg\" \/>\n\t<meta property=\"og:image:width\" content=\"1180\" \/>\n\t<meta property=\"og:image:height\" content=\"590\" \/>\n\t<meta property=\"og:image:type\" content=\"image\/jpeg\" \/>\n<meta name=\"author\" content=\"Benoit Charette\" \/>\n<meta name=\"twitter:card\" content=\"summary_large_image\" \/>\n<meta name=\"twitter:creator\" content=\"@canadamotorjobs\" \/>\n<meta name=\"twitter:site\" content=\"@canadamotorjobs\" \/>\n<meta name=\"twitter:label1\" content=\"\u00c9crit par\" \/>\n\t<meta name=\"twitter:data1\" content=\"Benoit Charette\" \/>\n\t<meta name=\"twitter:label2\" content=\"Estimation du temps de lecture\" \/>\n\t<meta name=\"twitter:data2\" content=\"6 minutes\" \/>\n<!-- \/ Yoast SEO plugin. -->","yoast_head_json":{"title":"Les v\u00e9hicules anciens du Salon de l\u2019auto de New York - CanadaMotorJobs.com","description":"Les v\u00e9hicules anciens du Salon de l\u2019auto de New York - Benoit Charette - Annuel automobile - CanadaMotorJobs.com.","robots":{"index":"index","follow":"follow","max-snippet":"max-snippet:-1","max-image-preview":"max-image-preview:large","max-video-preview":"max-video-preview:-1"},"og_locale":"fr_CA","og_type":"article","og_title":"Les v\u00e9hicules anciens du Salon de l\u2019auto de New York - CanadaMotorJobs.com","og_description":"Les v\u00e9hicules anciens du Salon de l\u2019auto de New York - Benoit Charette - Annuel automobile - CanadaMotorJobs.com.","og_url":"https:\/\/news.canadamotorjobs.com\/fr\/les-vehicules-anciens-du-salon-de-lauto-de-new-york\/","og_site_name":"CanadaMotorJobs.com","article_publisher":"https:\/\/www.facebook.com\/canadamotorjobs\/","article_published_time":"2024-04-01T13:20:50+00:00","article_modified_time":"2024-04-01T13:32:33+00:00","og_image":[{"width":1180,"height":590,"url":"https:\/\/news.canadamotorjobs.com\/wp-content\/uploads\/2024\/04\/NYIAS_Hero.jpg","type":"image\/jpeg"}],"author":"Benoit Charette","twitter_card":"summary_large_image","twitter_creator":"@canadamotorjobs","twitter_site":"@canadamotorjobs","twitter_misc":{"\u00c9crit par":"Benoit Charette","Estimation du temps de lecture":"6 minutes"},"schema":{"@context":"https:\/\/schema.org","@graph":[{"@type":"Article","@id":"https:\/\/news.canadamotorjobs.com\/fr\/les-vehicules-anciens-du-salon-de-lauto-de-new-york\/#article","isPartOf":{"@id":"https:\/\/news.canadamotorjobs.com\/fr\/les-vehicules-anciens-du-salon-de-lauto-de-new-york\/"},"author":{"name":"Benoit Charette","@id":"https:\/\/news.canadamotorjobs.com\/#\/schema\/person\/51793d1f87d44011d7bcc2ed99269a90"},"headline":"Les v\u00e9hicules anciens du Salon de l\u2019auto de New York","datePublished":"2024-04-01T13:20:50+00:00","dateModified":"2024-04-01T13:32:33+00:00","mainEntityOfPage":{"@id":"https:\/\/news.canadamotorjobs.com\/fr\/les-vehicules-anciens-du-salon-de-lauto-de-new-york\/"},"wordCount":1222,"publisher":{"@id":"https:\/\/news.canadamotorjobs.com\/#organization"},"image":{"@id":"https:\/\/news.canadamotorjobs.com\/fr\/les-vehicules-anciens-du-salon-de-lauto-de-new-york\/#primaryimage"},"thumbnailUrl":"https:\/\/news.canadamotorjobs.com\/wp-content\/uploads\/2024\/04\/NYIAS_Hero.jpg","articleSection":["Annuel automobile"],"inLanguage":"fr-CA"},{"@type":"WebPage","@id":"https:\/\/news.canadamotorjobs.com\/fr\/les-vehicules-anciens-du-salon-de-lauto-de-new-york\/","url":"https:\/\/news.canadamotorjobs.com\/fr\/les-vehicules-anciens-du-salon-de-lauto-de-new-york\/","name":"Les v\u00e9hicules anciens du Salon de l\u2019auto de New York - CanadaMotorJobs.com","isPartOf":{"@id":"https:\/\/news.canadamotorjobs.com\/#website"},"primaryImageOfPage":{"@id":"https:\/\/news.canadamotorjobs.com\/fr\/les-vehicules-anciens-du-salon-de-lauto-de-new-york\/#primaryimage"},"image":{"@id":"https:\/\/news.canadamotorjobs.com\/fr\/les-vehicules-anciens-du-salon-de-lauto-de-new-york\/#primaryimage"},"thumbnailUrl":"https:\/\/news.canadamotorjobs.com\/wp-content\/uploads\/2024\/04\/NYIAS_Hero.jpg","datePublished":"2024-04-01T13:20:50+00:00","dateModified":"2024-04-01T13:32:33+00:00","description":"Les v\u00e9hicules anciens du Salon de l\u2019auto de New York - Benoit Charette - Annuel automobile - CanadaMotorJobs.com.","breadcrumb":{"@id":"https:\/\/news.canadamotorjobs.com\/fr\/les-vehicules-anciens-du-salon-de-lauto-de-new-york\/#breadcrumb"},"inLanguage":"fr-CA","potentialAction":[{"@type":"ReadAction","target":["https:\/\/news.canadamotorjobs.com\/fr\/les-vehicules-anciens-du-salon-de-lauto-de-new-york\/"]}]},{"@type":"ImageObject","inLanguage":"fr-CA","@id":"https:\/\/news.canadamotorjobs.com\/fr\/les-vehicules-anciens-du-salon-de-lauto-de-new-york\/#primaryimage","url":"https:\/\/news.canadamotorjobs.com\/wp-content\/uploads\/2024\/04\/NYIAS_Hero.jpg","contentUrl":"https:\/\/news.canadamotorjobs.com\/wp-content\/uploads\/2024\/04\/NYIAS_Hero.jpg","width":1180,"height":590},{"@type":"BreadcrumbList","@id":"https:\/\/news.canadamotorjobs.com\/fr\/les-vehicules-anciens-du-salon-de-lauto-de-new-york\/#breadcrumb","itemListElement":[{"@type":"ListItem","position":1,"name":"Home","item":"https:\/\/news.canadamotorjobs.com\/fr\/blog\/"},{"@type":"ListItem","position":2,"name":"Les v\u00e9hicules anciens du Salon de l\u2019auto de New York"}]},{"@type":"WebSite","@id":"https:\/\/news.canadamotorjobs.com\/#website","url":"https:\/\/news.canadamotorjobs.com\/","name":"CanadaMotorJobs.com","description":"Automotive Jobs","publisher":{"@id":"https:\/\/news.canadamotorjobs.com\/#organization"},"potentialAction":[{"@type":"SearchAction","target":{"@type":"EntryPoint","urlTemplate":"https:\/\/news.canadamotorjobs.com\/?s={search_term_string}"},"query-input":"required name=search_term_string"}],"inLanguage":"fr-CA"},{"@type":"Organization","@id":"https:\/\/news.canadamotorjobs.com\/#organization","name":"Canada Motor Jobs","url":"https:\/\/news.canadamotorjobs.com\/","logo":{"@type":"ImageObject","inLanguage":"fr-CA","@id":"https:\/\/news.canadamotorjobs.com\/#\/schema\/logo\/image\/","url":"https:\/\/news.canadamotorjobs.com\/wp-content\/uploads\/2022\/10\/logo-canada-motor-jobs-1.png","contentUrl":"https:\/\/news.canadamotorjobs.com\/wp-content\/uploads\/2022\/10\/logo-canada-motor-jobs-1.png","width":800,"height":400,"caption":"Canada Motor Jobs"},"image":{"@id":"https:\/\/news.canadamotorjobs.com\/#\/schema\/logo\/image\/"},"sameAs":["https:\/\/www.facebook.com\/canadamotorjobs\/","https:\/\/x.com\/canadamotorjobs","https:\/\/www.instagram.com\/canadamotorjobs\/","https:\/\/www.linkedin.com\/company\/canadamotorjobs"]},{"@type":"Person","@id":"https:\/\/news.canadamotorjobs.com\/#\/schema\/person\/51793d1f87d44011d7bcc2ed99269a90","name":"Benoit Charette","image":{"@type":"ImageObject","inLanguage":"fr-CA","@id":"https:\/\/news.canadamotorjobs.com\/#\/schema\/person\/image\/","url":"https:\/\/secure.gravatar.com\/avatar\/45f3d2eebcccd909668d7ce7ea7267b6?s=96&d=mm&r=g","contentUrl":"https:\/\/secure.gravatar.com\/avatar\/45f3d2eebcccd909668d7ce7ea7267b6?s=96&d=mm&r=g","caption":"Benoit Charette"},"description":"Benoit Charette \/ Propri\u00e9taire et r\u00e9dacteur en chef Benoit Charette pratique le journalisme automobile depuis bient\u00f4t 30 ans. Il a fait ses classes au c\u00f4t\u00e9 de Daniel H\u00e9raud et au Carnet de route de 1992 \u00e0 2001. Il est fondateur, copropri\u00e9taire et r\u00e9dacteur en chef de L\u2019Annuel de l\u2019automobile, qu\u2019il publie depuis 2001. Il a anim\u00e9 les \u00e9missions RPM et RPM+ sur V et les L\u00e9gendes de la route sur Historia. \u00c0 la radio depuis 1986, il reprend l\u2019antenne cette ann\u00e9e sur les ondes de Cogeco et participe pour la deuxi\u00e8me ann\u00e9e \u00e0 l\u2019\u00e9mission Passion Auto sur RDS en plus de mettre en ligne le site Web officiel de L\u2019Annuel de l\u2019automobile sur annuelauto.ca.","sameAs":["https:\/\/annuelauto.ca\/"],"url":"https:\/\/news.canadamotorjobs.com\/fr\/author\/benoit-charette\/"}]}},"_links":{"self":[{"href":"https:\/\/news.canadamotorjobs.com\/fr\/wp-json\/wp\/v2\/posts\/161978"}],"collection":[{"href":"https:\/\/news.canadamotorjobs.com\/fr\/wp-json\/wp\/v2\/posts"}],"about":[{"href":"https:\/\/news.canadamotorjobs.com\/fr\/wp-json\/wp\/v2\/types\/post"}],"author":[{"embeddable":true,"href":"https:\/\/news.canadamotorjobs.com\/fr\/wp-json\/wp\/v2\/users\/8"}],"replies":[{"embeddable":true,"href":"https:\/\/news.canadamotorjobs.com\/fr\/wp-json\/wp\/v2\/comments?post=161978"}],"version-history":[{"count":2,"href":"https:\/\/news.canadamotorjobs.com\/fr\/wp-json\/wp\/v2\/posts\/161978\/revisions"}],"predecessor-version":[{"id":161982,"href":"https:\/\/news.canadamotorjobs.com\/fr\/wp-json\/wp\/v2\/posts\/161978\/revisions\/161982"}],"wp:featuredmedia":[{"embeddable":true,"href":"https:\/\/news.canadamotorjobs.com\/fr\/wp-json\/wp\/v2\/media\/161980"}],"wp:attachment":[{"href":"https:\/\/news.canadamotorjobs.com\/fr\/wp-json\/wp\/v2\/media?parent=161978"}],"wp:term":[{"taxonomy":"category","embeddable":true,"href":"https:\/\/news.canadamotorjobs.com\/fr\/wp-json\/wp\/v2\/categories?post=161978"},{"taxonomy":"post_tag","embeddable":true,"href":"https:\/\/news.canadamotorjobs.com\/fr\/wp-json\/wp\/v2\/tags?post=161978"}],"curies":[{"name":"wp","href":"https:\/\/api.w.org\/{rel}","templated":true}]}}