{"id":161951,"date":"2024-03-30T08:33:02","date_gmt":"2024-03-30T12:33:02","guid":{"rendered":"https:\/\/news.canadamotorjobs.com\/?p=161951"},"modified":"2024-03-30T08:45:05","modified_gmt":"2024-03-30T12:45:05","slug":"un-autobus-gm-de-1956-au-salon-de-lauto-de-new-york","status":"publish","type":"post","link":"https:\/\/news.canadamotorjobs.com\/fr\/un-autobus-gm-de-1956-au-salon-de-lauto-de-new-york\/","title":{"rendered":"Un autobus GM de 1956 au Salon de l\u2019auto de New York"},"content":{"rendered":"<\/p>\n<p>Lors de chaque salon automobile, on trouve des sections r\u00e9serv\u00e9es aux v\u00e9hicules anciens. Certains sont parfois m\u00eame \u00e9parpill\u00e9s \u00e0 gauche et \u00e0 droite \u00e0 travers les mod\u00e8les tout neufs, afin de nous rappeler le pass\u00e9 de certaines marques, de certains mod\u00e8les.<\/p>\n<p>Au plus r\u00e9cent Salon de l\u2019auto de New York, il y avait une fois de plus des dizaines de v\u00e9hicules r\u00e9tro. Je vous pr\u00e9pare d\u2019ailleurs un article l\u00e0-dessus, mais avant, je me devais de vous partager mon coup de c\u0153ur, soit ce bus GM de 1956.<\/p>\n<p>Si jamais vous passez par le Salon de New York, sachez qu\u2019il est au sous-sol, loin des regards. C\u2019est cependant toute une perle que j\u2019ai eu l\u2019occasion de d\u00e9couvrir et d\u2019examiner sur place.<\/p>\n<h3>Le design<\/h3>\n<p>\nLa premi\u00e8re chose qui m\u2019a s\u00e9duite, c\u2019est son design. Ma formation en histoire refait toujours surface lorsqu\u2019il est question de v\u00e9hicules d\u2019\u00e9poque, car le style d\u2019un mod\u00e8le en particulier me replonge toujours dans une p\u00e9riode bien pr\u00e9cise. Celle de ce bus ne me rappelle aucun souvenir, cependant, puisqu\u2019elle pr\u00e9c\u00e8de mon arriv\u00e9e sur cette terre, en 1968. Le bus dont il est question ici date de 1956, mais le design g\u00e9n\u00e9ral de cette g\u00e9n\u00e9ration a \u00e9t\u00e9 propos\u00e9 de 1940 \u00e0 1959, avec des d\u00e9tails et particularit\u00e9s relatifs \u00e0 chaque version.<\/p>\n<p>Fait int\u00e9ressant, on a cess\u00e9 la mise en service de cette g\u00e9n\u00e9ration de mod\u00e8les en 1959 alors qu\u2019ils ont \u00e9t\u00e9 remplac\u00e9s par ceux que vous avez peut-\u00eatre connus, dot\u00e9s d\u2019une vitre arrondie \u00e0 l\u2019avant et de fen\u00eatres lat\u00e9rales inclin\u00e9es. On parlait des GM New Look comparativement aux GM Old Look. Ces derniers ont cependant \u00e9t\u00e9 produits jusqu\u2019en 1969 pour certains clients, car ils co\u00fbtaient moins cher et offraient de meilleures possibilit\u00e9s de rentabilit\u00e9.<\/p>\n<p>Si vous effectuez quelques recherches sur les mod\u00e8les Old Look, vous trouverez trois lettres dans leur appellation, comme TDH. La premi\u00e8re renvoie au mot Transit, la deuxi\u00e8me au type de moteurs que l\u2019on trouvait \u00e0 l\u2019animation (D pour Diesel dans ce cas), la troisi\u00e8me pour le type de transmission, M pour manuel ou H pour hydraulique.<\/p>\n<p>D\u2019autres chiffres servaient \u00e0 d\u00e9signer les s\u00e9ries ou le nombre de passagers, bref, une nomenclature aussi simple que complexe, mais qui servait \u00e0 bien diff\u00e9rencier et d\u00e9finir les mod\u00e8les.<\/p>\n<h3>Le bus\u00a03100 de New York<\/h3>\n<p>\nConcernant la version photographi\u00e9e au Salon de New York, elle a \u00e9t\u00e9 op\u00e9rationnelle de 1956 \u00e0 1968. Elle a \u00e9t\u00e9 achet\u00e9e par la <em>Fifth Avenue Coach Company<\/em> environ un an apr\u00e8s sa fabrication. Ce qui \u00e9tait incroyable \u00e0 propos de ce mod\u00e8le, c\u2019est qu\u2019il avait \u00e9t\u00e9 construit \u00e0 titre exp\u00e9rimental, proposant une foule de caract\u00e9ristiques novatrices \u00e0 l\u2019\u00e9poque.<\/p>\n<p>Par exemple, vous avez devant vous le premier autobus climatis\u00e9 utilis\u00e9 pour les transports publics aux \u00c9tats-Unis. Il pr\u00e9sentait aussi pour la premi\u00e8re fois dans les ann\u00e9es\u00a050 une porte de sortie vers l\u2019arri\u00e8re, des si\u00e8ges en forme de U \u00e0 l\u2019arri\u00e8re, des assises et des dossiers rembourr\u00e9s et un \u00e9clairage fluorescent. La pr\u00e9sence des publicit\u00e9s de l\u2019\u00e9poque ajoute un cachet unique \u00e0 cette version.<\/p>\n<p>Apr\u00e8s son retrait de la circulation, il a \u00e9t\u00e9 affect\u00e9 au service de police de New York pour diff\u00e9rentes t\u00e2ches de transports, avant d\u2019\u00eatre compl\u00e8tement retir\u00e9 de la route au milieu des ann\u00e9es\u00a070.<\/p>\n<p>Si vous ne pouvez voir ce mod\u00e8le au Salon de l\u2019auto de New York, sachez que vous pouvez faire un d\u00e9tour au New York Transit Museum lors de votre prochaine visite dans cette ville. Sur place, vous pourrez voir quantit\u00e9 d\u2019autres bus, ainsi que plusieurs wagons de m\u00e9tro utilis\u00e9s au fil des d\u00e9cennies.<\/p>\n<p>Vous pouvez \u00eatre certains que je vais y faire un d\u00e9tour lors de ma prochaine visite.<\/p>\n<p>\u00a0<\/p>\n<p>\u00a0<\/p>\n<p>\u00a0<\/p>\n<p>Le texte <a rel=\"nofollow\" href=\"https:\/\/annuelauto.ca\/un-autobus-gm-de-1956-au-salon-de-lauto-de-new-york\/\">Un autobus GM de 1956 au Salon de l\u2019auto de New York<\/a> provient de <a rel=\"nofollow\" href=\"https:\/\/annuelauto.ca\">L&#8217;annuel de l&#8217;automobile &#8211; Actualit\u00e9 automobile<\/a><\/p>\n<p><\/p>\n","protected":false},"excerpt":{"rendered":"<p>Lors de chaque salon automobile, on trouve des sections r\u00e9serv\u00e9es aux v\u00e9hicules anciens. Certains sont parfois m\u00eame \u00e9parpill\u00e9s \u00e0 gauche et \u00e0 droite \u00e0 travers les mod\u00e8les tout neufs, afin de nous rappeler le pass\u00e9 de certaines marques, de certains mod\u00e8les. Au plus r\u00e9cent Salon de l\u2019auto de New York, il y avait une fois [&hellip;]<\/p>\n","protected":false},"author":8,"featured_media":161953,"comment_status":"close","ping_status":"closed","sticky":false,"template":"","format":"standard","meta":{"_monsterinsights_skip_tracking":false,"_monsterinsights_sitenote_active":false,"_monsterinsights_sitenote_note":"","_monsterinsights_sitenote_category":0,"footnotes":""},"categories":[101],"tags":[],"yoast_head":"<!-- This site is optimized with the Yoast SEO plugin v23.2 - https:\/\/yoast.com\/wordpress\/plugins\/seo\/ -->\n<title>Un autobus GM de 1956 au Salon de l\u2019auto de New York - CanadaMotorJobs.com<\/title>\n<meta name=\"description\" content=\"Un autobus GM de 1956 au Salon de l\u2019auto de New York - Benoit Charette - Annuel automobile - CanadaMotorJobs.com.\" \/>\n<meta name=\"robots\" content=\"index, follow, max-snippet:-1, max-image-preview:large, max-video-preview:-1\" \/>\n<meta property=\"og:locale\" content=\"fr_CA\" \/>\n<meta property=\"og:type\" content=\"article\" \/>\n<meta property=\"og:title\" content=\"Un autobus GM de 1956 au Salon de l\u2019auto de New York - CanadaMotorJobs.com\" \/>\n<meta property=\"og:description\" content=\"Un autobus GM de 1956 au Salon de l\u2019auto de New York - Benoit Charette - Annuel automobile - CanadaMotorJobs.com.\" \/>\n<meta property=\"og:url\" content=\"https:\/\/news.canadamotorjobs.com\/fr\/un-autobus-gm-de-1956-au-salon-de-lauto-de-new-york\/\" \/>\n<meta property=\"og:site_name\" content=\"CanadaMotorJobs.com\" \/>\n<meta property=\"article:publisher\" content=\"https:\/\/www.facebook.com\/canadamotorjobs\/\" \/>\n<meta property=\"article:published_time\" content=\"2024-03-30T12:33:02+00:00\" \/>\n<meta property=\"article:modified_time\" content=\"2024-03-30T12:45:05+00:00\" \/>\n<meta property=\"og:image\" content=\"https:\/\/news.canadamotorjobs.com\/wp-content\/uploads\/2024\/03\/GM-TDH-1956-00.jpg\" \/>\n\t<meta property=\"og:image:width\" content=\"2016\" \/>\n\t<meta property=\"og:image:height\" content=\"1512\" \/>\n\t<meta property=\"og:image:type\" content=\"image\/jpeg\" \/>\n<meta name=\"author\" content=\"Benoit Charette\" \/>\n<meta name=\"twitter:card\" content=\"summary_large_image\" \/>\n<meta name=\"twitter:creator\" content=\"@canadamotorjobs\" \/>\n<meta name=\"twitter:site\" content=\"@canadamotorjobs\" \/>\n<meta name=\"twitter:label1\" content=\"\u00c9crit par\" \/>\n\t<meta name=\"twitter:data1\" content=\"Benoit Charette\" \/>\n\t<meta name=\"twitter:label2\" content=\"Estimation du temps de lecture\" \/>\n\t<meta name=\"twitter:data2\" content=\"4 minutes\" \/>\n<!-- \/ Yoast SEO plugin. -->","yoast_head_json":{"title":"Un autobus GM de 1956 au Salon de l\u2019auto de New York - CanadaMotorJobs.com","description":"Un autobus GM de 1956 au Salon de l\u2019auto de New York - Benoit Charette - Annuel automobile - CanadaMotorJobs.com.","robots":{"index":"index","follow":"follow","max-snippet":"max-snippet:-1","max-image-preview":"max-image-preview:large","max-video-preview":"max-video-preview:-1"},"og_locale":"fr_CA","og_type":"article","og_title":"Un autobus GM de 1956 au Salon de l\u2019auto de New York - CanadaMotorJobs.com","og_description":"Un autobus GM de 1956 au Salon de l\u2019auto de New York - Benoit Charette - Annuel automobile - CanadaMotorJobs.com.","og_url":"https:\/\/news.canadamotorjobs.com\/fr\/un-autobus-gm-de-1956-au-salon-de-lauto-de-new-york\/","og_site_name":"CanadaMotorJobs.com","article_publisher":"https:\/\/www.facebook.com\/canadamotorjobs\/","article_published_time":"2024-03-30T12:33:02+00:00","article_modified_time":"2024-03-30T12:45:05+00:00","og_image":[{"width":2016,"height":1512,"url":"https:\/\/news.canadamotorjobs.com\/wp-content\/uploads\/2024\/03\/GM-TDH-1956-00.jpg","type":"image\/jpeg"}],"author":"Benoit Charette","twitter_card":"summary_large_image","twitter_creator":"@canadamotorjobs","twitter_site":"@canadamotorjobs","twitter_misc":{"\u00c9crit par":"Benoit Charette","Estimation du temps de lecture":"4 minutes"},"schema":{"@context":"https:\/\/schema.org","@graph":[{"@type":"Article","@id":"https:\/\/news.canadamotorjobs.com\/fr\/un-autobus-gm-de-1956-au-salon-de-lauto-de-new-york\/#article","isPartOf":{"@id":"https:\/\/news.canadamotorjobs.com\/fr\/un-autobus-gm-de-1956-au-salon-de-lauto-de-new-york\/"},"author":{"name":"Benoit Charette","@id":"https:\/\/news.canadamotorjobs.com\/#\/schema\/person\/51793d1f87d44011d7bcc2ed99269a90"},"headline":"Un autobus GM de 1956 au Salon de l\u2019auto de New York","datePublished":"2024-03-30T12:33:02+00:00","dateModified":"2024-03-30T12:45:05+00:00","mainEntityOfPage":{"@id":"https:\/\/news.canadamotorjobs.com\/fr\/un-autobus-gm-de-1956-au-salon-de-lauto-de-new-york\/"},"wordCount":716,"publisher":{"@id":"https:\/\/news.canadamotorjobs.com\/#organization"},"image":{"@id":"https:\/\/news.canadamotorjobs.com\/fr\/un-autobus-gm-de-1956-au-salon-de-lauto-de-new-york\/#primaryimage"},"thumbnailUrl":"https:\/\/news.canadamotorjobs.com\/wp-content\/uploads\/2024\/03\/GM-TDH-1956-00.jpg","articleSection":["Annuel automobile"],"inLanguage":"fr-CA"},{"@type":"WebPage","@id":"https:\/\/news.canadamotorjobs.com\/fr\/un-autobus-gm-de-1956-au-salon-de-lauto-de-new-york\/","url":"https:\/\/news.canadamotorjobs.com\/fr\/un-autobus-gm-de-1956-au-salon-de-lauto-de-new-york\/","name":"Un autobus GM de 1956 au Salon de l\u2019auto de New York - CanadaMotorJobs.com","isPartOf":{"@id":"https:\/\/news.canadamotorjobs.com\/#website"},"primaryImageOfPage":{"@id":"https:\/\/news.canadamotorjobs.com\/fr\/un-autobus-gm-de-1956-au-salon-de-lauto-de-new-york\/#primaryimage"},"image":{"@id":"https:\/\/news.canadamotorjobs.com\/fr\/un-autobus-gm-de-1956-au-salon-de-lauto-de-new-york\/#primaryimage"},"thumbnailUrl":"https:\/\/news.canadamotorjobs.com\/wp-content\/uploads\/2024\/03\/GM-TDH-1956-00.jpg","datePublished":"2024-03-30T12:33:02+00:00","dateModified":"2024-03-30T12:45:05+00:00","description":"Un autobus GM de 1956 au Salon de l\u2019auto de New York - Benoit Charette - Annuel automobile - CanadaMotorJobs.com.","breadcrumb":{"@id":"https:\/\/news.canadamotorjobs.com\/fr\/un-autobus-gm-de-1956-au-salon-de-lauto-de-new-york\/#breadcrumb"},"inLanguage":"fr-CA","potentialAction":[{"@type":"ReadAction","target":["https:\/\/news.canadamotorjobs.com\/fr\/un-autobus-gm-de-1956-au-salon-de-lauto-de-new-york\/"]}]},{"@type":"ImageObject","inLanguage":"fr-CA","@id":"https:\/\/news.canadamotorjobs.com\/fr\/un-autobus-gm-de-1956-au-salon-de-lauto-de-new-york\/#primaryimage","url":"https:\/\/news.canadamotorjobs.com\/wp-content\/uploads\/2024\/03\/GM-TDH-1956-00.jpg","contentUrl":"https:\/\/news.canadamotorjobs.com\/wp-content\/uploads\/2024\/03\/GM-TDH-1956-00.jpg","width":2016,"height":1512},{"@type":"BreadcrumbList","@id":"https:\/\/news.canadamotorjobs.com\/fr\/un-autobus-gm-de-1956-au-salon-de-lauto-de-new-york\/#breadcrumb","itemListElement":[{"@type":"ListItem","position":1,"name":"Home","item":"https:\/\/news.canadamotorjobs.com\/fr\/blog\/"},{"@type":"ListItem","position":2,"name":"Un autobus GM de 1956 au Salon de l\u2019auto de New York"}]},{"@type":"WebSite","@id":"https:\/\/news.canadamotorjobs.com\/#website","url":"https:\/\/news.canadamotorjobs.com\/","name":"CanadaMotorJobs.com","description":"Automotive Jobs","publisher":{"@id":"https:\/\/news.canadamotorjobs.com\/#organization"},"potentialAction":[{"@type":"SearchAction","target":{"@type":"EntryPoint","urlTemplate":"https:\/\/news.canadamotorjobs.com\/?s={search_term_string}"},"query-input":"required name=search_term_string"}],"inLanguage":"fr-CA"},{"@type":"Organization","@id":"https:\/\/news.canadamotorjobs.com\/#organization","name":"Canada Motor Jobs","url":"https:\/\/news.canadamotorjobs.com\/","logo":{"@type":"ImageObject","inLanguage":"fr-CA","@id":"https:\/\/news.canadamotorjobs.com\/#\/schema\/logo\/image\/","url":"https:\/\/news.canadamotorjobs.com\/wp-content\/uploads\/2022\/10\/logo-canada-motor-jobs-1.png","contentUrl":"https:\/\/news.canadamotorjobs.com\/wp-content\/uploads\/2022\/10\/logo-canada-motor-jobs-1.png","width":800,"height":400,"caption":"Canada Motor Jobs"},"image":{"@id":"https:\/\/news.canadamotorjobs.com\/#\/schema\/logo\/image\/"},"sameAs":["https:\/\/www.facebook.com\/canadamotorjobs\/","https:\/\/x.com\/canadamotorjobs","https:\/\/www.instagram.com\/canadamotorjobs\/","https:\/\/www.linkedin.com\/company\/canadamotorjobs"]},{"@type":"Person","@id":"https:\/\/news.canadamotorjobs.com\/#\/schema\/person\/51793d1f87d44011d7bcc2ed99269a90","name":"Benoit Charette","image":{"@type":"ImageObject","inLanguage":"fr-CA","@id":"https:\/\/news.canadamotorjobs.com\/#\/schema\/person\/image\/","url":"https:\/\/secure.gravatar.com\/avatar\/45f3d2eebcccd909668d7ce7ea7267b6?s=96&d=mm&r=g","contentUrl":"https:\/\/secure.gravatar.com\/avatar\/45f3d2eebcccd909668d7ce7ea7267b6?s=96&d=mm&r=g","caption":"Benoit Charette"},"description":"Benoit Charette \/ Propri\u00e9taire et r\u00e9dacteur en chef Benoit Charette pratique le journalisme automobile depuis bient\u00f4t 30 ans. Il a fait ses classes au c\u00f4t\u00e9 de Daniel H\u00e9raud et au Carnet de route de 1992 \u00e0 2001. Il est fondateur, copropri\u00e9taire et r\u00e9dacteur en chef de L\u2019Annuel de l\u2019automobile, qu\u2019il publie depuis 2001. Il a anim\u00e9 les \u00e9missions RPM et RPM+ sur V et les L\u00e9gendes de la route sur Historia. \u00c0 la radio depuis 1986, il reprend l\u2019antenne cette ann\u00e9e sur les ondes de Cogeco et participe pour la deuxi\u00e8me ann\u00e9e \u00e0 l\u2019\u00e9mission Passion Auto sur RDS en plus de mettre en ligne le site Web officiel de L\u2019Annuel de l\u2019automobile sur annuelauto.ca.","sameAs":["https:\/\/annuelauto.ca\/"],"url":"https:\/\/news.canadamotorjobs.com\/fr\/author\/benoit-charette\/"}]}},"_links":{"self":[{"href":"https:\/\/news.canadamotorjobs.com\/fr\/wp-json\/wp\/v2\/posts\/161951"}],"collection":[{"href":"https:\/\/news.canadamotorjobs.com\/fr\/wp-json\/wp\/v2\/posts"}],"about":[{"href":"https:\/\/news.canadamotorjobs.com\/fr\/wp-json\/wp\/v2\/types\/post"}],"author":[{"embeddable":true,"href":"https:\/\/news.canadamotorjobs.com\/fr\/wp-json\/wp\/v2\/users\/8"}],"replies":[{"embeddable":true,"href":"https:\/\/news.canadamotorjobs.com\/fr\/wp-json\/wp\/v2\/comments?post=161951"}],"version-history":[{"count":2,"href":"https:\/\/news.canadamotorjobs.com\/fr\/wp-json\/wp\/v2\/posts\/161951\/revisions"}],"predecessor-version":[{"id":161955,"href":"https:\/\/news.canadamotorjobs.com\/fr\/wp-json\/wp\/v2\/posts\/161951\/revisions\/161955"}],"wp:featuredmedia":[{"embeddable":true,"href":"https:\/\/news.canadamotorjobs.com\/fr\/wp-json\/wp\/v2\/media\/161953"}],"wp:attachment":[{"href":"https:\/\/news.canadamotorjobs.com\/fr\/wp-json\/wp\/v2\/media?parent=161951"}],"wp:term":[{"taxonomy":"category","embeddable":true,"href":"https:\/\/news.canadamotorjobs.com\/fr\/wp-json\/wp\/v2\/categories?post=161951"},{"taxonomy":"post_tag","embeddable":true,"href":"https:\/\/news.canadamotorjobs.com\/fr\/wp-json\/wp\/v2\/tags?post=161951"}],"curies":[{"name":"wp","href":"https:\/\/api.w.org\/{rel}","templated":true}]}}