{"id":161897,"date":"2024-03-29T09:19:34","date_gmt":"2024-03-29T13:19:34","guid":{"rendered":"https:\/\/news.canadamotorjobs.com\/?p=161897"},"modified":"2024-03-29T09:30:29","modified_gmt":"2024-03-29T13:30:29","slug":"la-derniere-audi-r8-a-ete-produite","status":"publish","type":"post","link":"https:\/\/news.canadamotorjobs.com\/fr\/la-derniere-audi-r8-a-ete-produite\/","title":{"rendered":"La derni\u00e8re Audi R8 a \u00e9t\u00e9 produite"},"content":{"rendered":"<\/p>\n<h3>&#8211; La derni\u00e8re Audi R8 a \u00e9t\u00e9 produite.<\/h3>\n<p><\/p>\n<h3>&#8211; L&#8217;Audi R8 Performance Edition est peinte en jaune Vegas et \u00e9quip\u00e9e de jantes en bronze.<\/h3>\n<p><\/p>\n<h3>&#8211; Dernier exemplaire de la R8 destin\u00e9 \u00e0 \u00eatre stock\u00e9 dans l&#8217;entrep\u00f4t d&#8217;Audi Tradition.<\/h3>\n<p>\nApr\u00e8s plusieurs hommages et \u00e9ditions sp\u00e9ciales, la derni\u00e8re Audi R8 est enfin sortie des cha\u00eenes de production. La derni\u00e8re Audi R8 est une Performance Edition avec une peinture jaune Vegas, des jantes en alliage de 20 pouces de couleur bronze et un ensemble carbone. Elle prendra le chenin du mus\u00e9e chez Audi Tradition \u00e0 Ingolstadt, en Allemagne.<\/p>\n<h3>Un adieu d\u00e9finitif<\/h3>\n<p>\nBien que la version finale ait \u00e9t\u00e9 confirm\u00e9e en 2022, Audi n&#8217;a sorti le dernier exemplaire que r\u00e9cemment, probablement en raison de retards de production \u00e0 l&#8217;usine de Bollinger Hofe. Cette usine sp\u00e9cialis\u00e9e s&#8217;occupe \u00e9galement de la production de l&#8217;e-tron GT et de la finition de la nouvelle RS6 Avant GT.<\/p>\n<h3>Plusieurs hommages<\/h3>\n<p>\nPour c\u00e9l\u00e9brer la marque, plusieurs hommages ont \u00e9t\u00e9 rendus au cours des derniers mois, y compris l&#8217;\u00e9loge fun\u00e8bre d&#8217;Audi sous la forme d&#8217;une vid\u00e9o intitul\u00e9e The Last Lap (Le dernier tour). M\u00eame le Japon a eu droit \u00e0 une \u00e9dition finale ultra limit\u00e9e en guise de chant du cygne pour la R8.<\/p>\n<h3>Quelle est la prochaine \u00e9tape pour la R8 ?<\/h3>\n<p>\nL&#8217;actuelle Audi R8 sera la derni\u00e8re \u00e0 porter son nom &#8211; du moins, c&#8217;est ce que nous savons pour l&#8217;instant. Le constructeur allemand n&#8217;a pas encore confirm\u00e9 son retour en tant que v\u00e9hicule \u00e9lectrique, bien qu&#8217;une telle chose ait \u00e9t\u00e9 sugg\u00e9r\u00e9e. La soci\u00e9t\u00e9 s\u0153ur Lamborghini ne partagera pas son groupe motopropulseur hybride avec d&#8217;autres v\u00e9hicules que ceux de Sant&#8217;Agata (du moins pas dans un premier temps), alors ne retenez pas votre souffle pour une autre R8 \u00e0 moteur \u00e0 combustion, quelle qu&#8217;elle soit.<\/p>\n<h3>Le retour d\u2019une R8 \u00e9lectrique<\/h3>\n<p>\nAudi avait fabriqu\u00e9e, il y a quelques ann\u00e9es une Audi R8 \u00e9lectrique que nous avions eu la chance de conduire en Allemagne. Mais, Audi n\u2019a pas de projet pour ramener un tel v\u00e9hicule sur la route. Il faudra voir \u00e0 quel rythme l\u2019\u00e9lectrique prend sa place avant de voir si des exotiques \u00e9lectriques auront leur place.<\/p>\n<p>\u00a0<\/p>\n<p>Avec des renseignements de Carbuzz<\/p>\n<p>\u00a0<\/p>\n<p>\u00a0<\/p>\n<p>\u00a0<\/p>\n<p>Le texte <a rel=\"nofollow\" href=\"https:\/\/annuelauto.ca\/la-derniere-audi-r8-a-ete-produite\/\">La derni\u00e8re Audi R8 a \u00e9t\u00e9 produite<\/a> provient de <a rel=\"nofollow\" href=\"https:\/\/annuelauto.ca\">L&#8217;annuel de l&#8217;automobile &#8211; Actualit\u00e9 automobile<\/a><\/p>\n<p><\/p>\n","protected":false},"excerpt":{"rendered":"<p>&#8211; La derni\u00e8re Audi R8 a \u00e9t\u00e9 produite. &#8211; L&#8217;Audi R8 Performance Edition est peinte en jaune Vegas et \u00e9quip\u00e9e de jantes en bronze. &#8211; Dernier exemplaire de la R8 destin\u00e9 \u00e0 \u00eatre stock\u00e9 dans l&#8217;entrep\u00f4t d&#8217;Audi Tradition. Apr\u00e8s plusieurs hommages et \u00e9ditions sp\u00e9ciales, la derni\u00e8re Audi R8 est enfin sortie des cha\u00eenes de production. [&hellip;]<\/p>\n","protected":false},"author":8,"featured_media":161899,"comment_status":"close","ping_status":"closed","sticky":false,"template":"","format":"standard","meta":{"_monsterinsights_skip_tracking":false,"_monsterinsights_sitenote_active":false,"_monsterinsights_sitenote_note":"","_monsterinsights_sitenote_category":0,"footnotes":""},"categories":[101],"tags":[],"yoast_head":"<!-- This site is optimized with the Yoast SEO plugin v23.2 - https:\/\/yoast.com\/wordpress\/plugins\/seo\/ -->\n<title>La derni\u00e8re Audi R8 a \u00e9t\u00e9 produite - CanadaMotorJobs.com<\/title>\n<meta name=\"description\" content=\"La derni\u00e8re Audi R8 a \u00e9t\u00e9 produite - Benoit Charette - Annuel automobile - CanadaMotorJobs.com.\" \/>\n<meta name=\"robots\" content=\"index, follow, max-snippet:-1, max-image-preview:large, max-video-preview:-1\" \/>\n<meta property=\"og:locale\" content=\"fr_CA\" \/>\n<meta property=\"og:type\" content=\"article\" \/>\n<meta property=\"og:title\" content=\"La derni\u00e8re Audi R8 a \u00e9t\u00e9 produite - CanadaMotorJobs.com\" \/>\n<meta property=\"og:description\" content=\"La derni\u00e8re Audi R8 a \u00e9t\u00e9 produite - Benoit Charette - Annuel automobile - CanadaMotorJobs.com.\" \/>\n<meta property=\"og:url\" content=\"https:\/\/news.canadamotorjobs.com\/fr\/la-derniere-audi-r8-a-ete-produite\/\" \/>\n<meta property=\"og:site_name\" content=\"CanadaMotorJobs.com\" \/>\n<meta property=\"article:publisher\" content=\"https:\/\/www.facebook.com\/canadamotorjobs\/\" \/>\n<meta property=\"article:published_time\" content=\"2024-03-29T13:19:34+00:00\" \/>\n<meta property=\"article:modified_time\" content=\"2024-03-29T13:30:29+00:00\" \/>\n<meta property=\"og:image\" content=\"https:\/\/news.canadamotorjobs.com\/wp-content\/uploads\/2024\/03\/OL9_4746-Edit-scaled-1.jpg\" \/>\n\t<meta property=\"og:image:width\" content=\"2560\" \/>\n\t<meta property=\"og:image:height\" content=\"1440\" \/>\n\t<meta property=\"og:image:type\" content=\"image\/jpeg\" \/>\n<meta name=\"author\" content=\"Benoit Charette\" \/>\n<meta name=\"twitter:card\" content=\"summary_large_image\" \/>\n<meta name=\"twitter:creator\" content=\"@canadamotorjobs\" \/>\n<meta name=\"twitter:site\" content=\"@canadamotorjobs\" \/>\n<meta name=\"twitter:label1\" content=\"\u00c9crit par\" \/>\n\t<meta name=\"twitter:data1\" content=\"Benoit Charette\" \/>\n\t<meta name=\"twitter:label2\" content=\"Estimation du temps de lecture\" \/>\n\t<meta name=\"twitter:data2\" content=\"2 minutes\" \/>\n<!-- \/ Yoast SEO plugin. -->","yoast_head_json":{"title":"La derni\u00e8re Audi R8 a \u00e9t\u00e9 produite - CanadaMotorJobs.com","description":"La derni\u00e8re Audi R8 a \u00e9t\u00e9 produite - Benoit Charette - Annuel automobile - CanadaMotorJobs.com.","robots":{"index":"index","follow":"follow","max-snippet":"max-snippet:-1","max-image-preview":"max-image-preview:large","max-video-preview":"max-video-preview:-1"},"og_locale":"fr_CA","og_type":"article","og_title":"La derni\u00e8re Audi R8 a \u00e9t\u00e9 produite - CanadaMotorJobs.com","og_description":"La derni\u00e8re Audi R8 a \u00e9t\u00e9 produite - Benoit Charette - Annuel automobile - CanadaMotorJobs.com.","og_url":"https:\/\/news.canadamotorjobs.com\/fr\/la-derniere-audi-r8-a-ete-produite\/","og_site_name":"CanadaMotorJobs.com","article_publisher":"https:\/\/www.facebook.com\/canadamotorjobs\/","article_published_time":"2024-03-29T13:19:34+00:00","article_modified_time":"2024-03-29T13:30:29+00:00","og_image":[{"width":2560,"height":1440,"url":"https:\/\/news.canadamotorjobs.com\/wp-content\/uploads\/2024\/03\/OL9_4746-Edit-scaled-1.jpg","type":"image\/jpeg"}],"author":"Benoit Charette","twitter_card":"summary_large_image","twitter_creator":"@canadamotorjobs","twitter_site":"@canadamotorjobs","twitter_misc":{"\u00c9crit par":"Benoit Charette","Estimation du temps de lecture":"2 minutes"},"schema":{"@context":"https:\/\/schema.org","@graph":[{"@type":"Article","@id":"https:\/\/news.canadamotorjobs.com\/fr\/la-derniere-audi-r8-a-ete-produite\/#article","isPartOf":{"@id":"https:\/\/news.canadamotorjobs.com\/fr\/la-derniere-audi-r8-a-ete-produite\/"},"author":{"name":"Benoit Charette","@id":"https:\/\/news.canadamotorjobs.com\/#\/schema\/person\/51793d1f87d44011d7bcc2ed99269a90"},"headline":"La derni\u00e8re Audi R8 a \u00e9t\u00e9 produite","datePublished":"2024-03-29T13:19:34+00:00","dateModified":"2024-03-29T13:30:29+00:00","mainEntityOfPage":{"@id":"https:\/\/news.canadamotorjobs.com\/fr\/la-derniere-audi-r8-a-ete-produite\/"},"wordCount":430,"publisher":{"@id":"https:\/\/news.canadamotorjobs.com\/#organization"},"image":{"@id":"https:\/\/news.canadamotorjobs.com\/fr\/la-derniere-audi-r8-a-ete-produite\/#primaryimage"},"thumbnailUrl":"https:\/\/news.canadamotorjobs.com\/wp-content\/uploads\/2024\/03\/OL9_4746-Edit-scaled-1.jpg","articleSection":["Annuel automobile"],"inLanguage":"fr-CA"},{"@type":"WebPage","@id":"https:\/\/news.canadamotorjobs.com\/fr\/la-derniere-audi-r8-a-ete-produite\/","url":"https:\/\/news.canadamotorjobs.com\/fr\/la-derniere-audi-r8-a-ete-produite\/","name":"La derni\u00e8re Audi R8 a \u00e9t\u00e9 produite - CanadaMotorJobs.com","isPartOf":{"@id":"https:\/\/news.canadamotorjobs.com\/#website"},"primaryImageOfPage":{"@id":"https:\/\/news.canadamotorjobs.com\/fr\/la-derniere-audi-r8-a-ete-produite\/#primaryimage"},"image":{"@id":"https:\/\/news.canadamotorjobs.com\/fr\/la-derniere-audi-r8-a-ete-produite\/#primaryimage"},"thumbnailUrl":"https:\/\/news.canadamotorjobs.com\/wp-content\/uploads\/2024\/03\/OL9_4746-Edit-scaled-1.jpg","datePublished":"2024-03-29T13:19:34+00:00","dateModified":"2024-03-29T13:30:29+00:00","description":"La derni\u00e8re Audi R8 a \u00e9t\u00e9 produite - Benoit Charette - Annuel automobile - CanadaMotorJobs.com.","breadcrumb":{"@id":"https:\/\/news.canadamotorjobs.com\/fr\/la-derniere-audi-r8-a-ete-produite\/#breadcrumb"},"inLanguage":"fr-CA","potentialAction":[{"@type":"ReadAction","target":["https:\/\/news.canadamotorjobs.com\/fr\/la-derniere-audi-r8-a-ete-produite\/"]}]},{"@type":"ImageObject","inLanguage":"fr-CA","@id":"https:\/\/news.canadamotorjobs.com\/fr\/la-derniere-audi-r8-a-ete-produite\/#primaryimage","url":"https:\/\/news.canadamotorjobs.com\/wp-content\/uploads\/2024\/03\/OL9_4746-Edit-scaled-1.jpg","contentUrl":"https:\/\/news.canadamotorjobs.com\/wp-content\/uploads\/2024\/03\/OL9_4746-Edit-scaled-1.jpg","width":2560,"height":1440},{"@type":"BreadcrumbList","@id":"https:\/\/news.canadamotorjobs.com\/fr\/la-derniere-audi-r8-a-ete-produite\/#breadcrumb","itemListElement":[{"@type":"ListItem","position":1,"name":"Home","item":"https:\/\/news.canadamotorjobs.com\/fr\/blog\/"},{"@type":"ListItem","position":2,"name":"La derni\u00e8re Audi R8 a \u00e9t\u00e9 produite"}]},{"@type":"WebSite","@id":"https:\/\/news.canadamotorjobs.com\/#website","url":"https:\/\/news.canadamotorjobs.com\/","name":"CanadaMotorJobs.com","description":"Automotive Jobs","publisher":{"@id":"https:\/\/news.canadamotorjobs.com\/#organization"},"potentialAction":[{"@type":"SearchAction","target":{"@type":"EntryPoint","urlTemplate":"https:\/\/news.canadamotorjobs.com\/?s={search_term_string}"},"query-input":"required name=search_term_string"}],"inLanguage":"fr-CA"},{"@type":"Organization","@id":"https:\/\/news.canadamotorjobs.com\/#organization","name":"Canada Motor Jobs","url":"https:\/\/news.canadamotorjobs.com\/","logo":{"@type":"ImageObject","inLanguage":"fr-CA","@id":"https:\/\/news.canadamotorjobs.com\/#\/schema\/logo\/image\/","url":"https:\/\/news.canadamotorjobs.com\/wp-content\/uploads\/2022\/10\/logo-canada-motor-jobs-1.png","contentUrl":"https:\/\/news.canadamotorjobs.com\/wp-content\/uploads\/2022\/10\/logo-canada-motor-jobs-1.png","width":800,"height":400,"caption":"Canada Motor Jobs"},"image":{"@id":"https:\/\/news.canadamotorjobs.com\/#\/schema\/logo\/image\/"},"sameAs":["https:\/\/www.facebook.com\/canadamotorjobs\/","https:\/\/x.com\/canadamotorjobs","https:\/\/www.instagram.com\/canadamotorjobs\/","https:\/\/www.linkedin.com\/company\/canadamotorjobs"]},{"@type":"Person","@id":"https:\/\/news.canadamotorjobs.com\/#\/schema\/person\/51793d1f87d44011d7bcc2ed99269a90","name":"Benoit Charette","image":{"@type":"ImageObject","inLanguage":"fr-CA","@id":"https:\/\/news.canadamotorjobs.com\/#\/schema\/person\/image\/","url":"https:\/\/secure.gravatar.com\/avatar\/45f3d2eebcccd909668d7ce7ea7267b6?s=96&d=mm&r=g","contentUrl":"https:\/\/secure.gravatar.com\/avatar\/45f3d2eebcccd909668d7ce7ea7267b6?s=96&d=mm&r=g","caption":"Benoit Charette"},"description":"Benoit Charette \/ Propri\u00e9taire et r\u00e9dacteur en chef Benoit Charette pratique le journalisme automobile depuis bient\u00f4t 30 ans. Il a fait ses classes au c\u00f4t\u00e9 de Daniel H\u00e9raud et au Carnet de route de 1992 \u00e0 2001. Il est fondateur, copropri\u00e9taire et r\u00e9dacteur en chef de L\u2019Annuel de l\u2019automobile, qu\u2019il publie depuis 2001. Il a anim\u00e9 les \u00e9missions RPM et RPM+ sur V et les L\u00e9gendes de la route sur Historia. \u00c0 la radio depuis 1986, il reprend l\u2019antenne cette ann\u00e9e sur les ondes de Cogeco et participe pour la deuxi\u00e8me ann\u00e9e \u00e0 l\u2019\u00e9mission Passion Auto sur RDS en plus de mettre en ligne le site Web officiel de L\u2019Annuel de l\u2019automobile sur annuelauto.ca.","sameAs":["https:\/\/annuelauto.ca\/"],"url":"https:\/\/news.canadamotorjobs.com\/fr\/author\/benoit-charette\/"}]}},"_links":{"self":[{"href":"https:\/\/news.canadamotorjobs.com\/fr\/wp-json\/wp\/v2\/posts\/161897"}],"collection":[{"href":"https:\/\/news.canadamotorjobs.com\/fr\/wp-json\/wp\/v2\/posts"}],"about":[{"href":"https:\/\/news.canadamotorjobs.com\/fr\/wp-json\/wp\/v2\/types\/post"}],"author":[{"embeddable":true,"href":"https:\/\/news.canadamotorjobs.com\/fr\/wp-json\/wp\/v2\/users\/8"}],"replies":[{"embeddable":true,"href":"https:\/\/news.canadamotorjobs.com\/fr\/wp-json\/wp\/v2\/comments?post=161897"}],"version-history":[{"count":2,"href":"https:\/\/news.canadamotorjobs.com\/fr\/wp-json\/wp\/v2\/posts\/161897\/revisions"}],"predecessor-version":[{"id":161901,"href":"https:\/\/news.canadamotorjobs.com\/fr\/wp-json\/wp\/v2\/posts\/161897\/revisions\/161901"}],"wp:featuredmedia":[{"embeddable":true,"href":"https:\/\/news.canadamotorjobs.com\/fr\/wp-json\/wp\/v2\/media\/161899"}],"wp:attachment":[{"href":"https:\/\/news.canadamotorjobs.com\/fr\/wp-json\/wp\/v2\/media?parent=161897"}],"wp:term":[{"taxonomy":"category","embeddable":true,"href":"https:\/\/news.canadamotorjobs.com\/fr\/wp-json\/wp\/v2\/categories?post=161897"},{"taxonomy":"post_tag","embeddable":true,"href":"https:\/\/news.canadamotorjobs.com\/fr\/wp-json\/wp\/v2\/tags?post=161897"}],"curies":[{"name":"wp","href":"https:\/\/api.w.org\/{rel}","templated":true}]}}