{"id":161832,"date":"2024-03-28T13:54:48","date_gmt":"2024-03-28T17:54:48","guid":{"rendered":"https:\/\/news.canadamotorjobs.com\/?p=161832"},"modified":"2024-03-28T13:58:58","modified_gmt":"2024-03-28T17:58:58","slug":"ford-reduit-du-deux-tiers-sa-production-de-f-150-lightning-en-raison-de-la-faible-demande","status":"publish","type":"post","link":"https:\/\/news.canadamotorjobs.com\/fr\/ford-reduit-du-deux-tiers-sa-production-de-f-150-lightning-en-raison-de-la-faible-demande\/","title":{"rendered":"Ford r\u00e9duit du deux tiers sa production de F-150 Lightning en raison de la faible demande"},"content":{"rendered":"<\/p>\n<p>Ford Motor Company annonce des changements significatifs dans sa strat\u00e9gie de production, r\u00e9duisant les ambitions pour son camion \u00e9lectrique phare, le F-150 Lightning, en r\u00e9ponse \u00e0 une demande plus faible que pr\u00e9vu.<\/p>\n<h3><strong>R\u00e9duction Drastique des Objectifs de Production<\/strong><\/h3>\n<p>\nLes objectifs de production du F-150 Lightning sont r\u00e9duits d&#8217;environ deux tiers afin de mieux aligner l&#8217;offre sur la demande fluctuante du march\u00e9.<\/p>\n<h3><strong>R\u00e9organisation au Rouge Electric Vehicle Center<\/strong><\/h3>\n<p>\nLe Rouge Electric Vehicle Center, situ\u00e9 \u00e0 Dearborn, Michigan, pr\u00e9voit d&#8217;importantes r\u00e9ductions de personnel, avec des travailleurs transf\u00e9r\u00e9s vers d&#8217;autres installations de Ford ou offerts des plans de retraite. Selon Todd Dunn, pr\u00e9sident de la section locale 862 de l&#8217;UAW, le Rouge Electric Vehicle Center devait monter en puissance avec une troisi\u00e8me \u00e9quipe, mais cette expansion est maintenant annul\u00e9e, entra\u00eenant des r\u00e9ductions de personnel.<\/p>\n<h3><strong>Garantie de Maintien de l&#8217;Emploi<\/strong><\/h3>\n<p>\nFord assure qu&#8217;aucun licenciement n&#8217;est pr\u00e9vu malgr\u00e9 ces ajustements de production. La soci\u00e9t\u00e9 affirme que les concessionnaires auront toujours acc\u00e8s aux F-150 Lightning, avec des livraisons \u00e0 venir bient\u00f4t.<\/p>\n<h3><strong>D\u00e9clarations du Directeur Financier de Ford<\/strong><\/h3>\n<p>\nJohn Lawler, directeur financier de Ford, reconna\u00eet les d\u00e9fis du march\u00e9 des v\u00e9hicules \u00e9lectriques et souligne l&#8217;importance de s&#8217;adapter \u00e0 la demande. Il met en avant la n\u00e9cessit\u00e9 de ma\u00eetriser les co\u00fbts et d&#8217;atteindre la rentabilit\u00e9 dans un march\u00e9 concurrentiel.<\/p>\n<h3><strong>Adaptation \u00e0 un March\u00e9 en \u00c9volution<\/strong><\/h3>\n<p>\nFord annonce une r\u00e9vision de sa strat\u00e9gie \u00e9lectrique, avec un accent accru sur la rentabilit\u00e9 et des ajustements dans la construction de ses v\u00e9hicules \u00e9lectriques.<\/p>\n<h3><strong>Conclusion<\/strong><\/h3>\n<p>\nLa d\u00e9cision de Ford de r\u00e9duire la production du F-150 Lightning et d&#8217;apporter des ajustements au Rouge Electric Vehicle Center refl\u00e8te les d\u00e9fis du march\u00e9 des v\u00e9hicules \u00e9lectriques et la n\u00e9cessit\u00e9 pour les constructeurs automobiles de s&#8217;adapter \u00e0 une demande en \u00e9volution rapide.<\/p>\n<p>\u00a0<\/p>\n<p>Avec des renseignements de Carbuzz<\/p>\n<p>\u00a0<\/p>\n<p>Le texte <a rel=\"nofollow\" href=\"https:\/\/annuelauto.ca\/ford-reduit-du-deux-tiers-sa-production-de-f-150-lightning-en-raison-de-la-faible-demande\/\">Ford r\u00e9duit du deux tiers sa production de F-150 Lightning en raison de la faible demande<\/a> provient de <a rel=\"nofollow\" href=\"https:\/\/annuelauto.ca\">L&#8217;annuel de l&#8217;automobile &#8211; Actualit\u00e9 automobile<\/a><\/p>\n<p><\/p>\n","protected":false},"excerpt":{"rendered":"<p>Ford Motor Company annonce des changements significatifs dans sa strat\u00e9gie de production, r\u00e9duisant les ambitions pour son camion \u00e9lectrique phare, le F-150 Lightning, en r\u00e9ponse \u00e0 une demande plus faible que pr\u00e9vu. R\u00e9duction Drastique des Objectifs de Production Les objectifs de production du F-150 Lightning sont r\u00e9duits d&#8217;environ deux tiers afin de mieux aligner l&#8217;offre [&hellip;]<\/p>\n","protected":false},"author":8,"featured_media":161834,"comment_status":"close","ping_status":"closed","sticky":false,"template":"","format":"standard","meta":{"_monsterinsights_skip_tracking":false,"_monsterinsights_sitenote_active":false,"_monsterinsights_sitenote_note":"","_monsterinsights_sitenote_category":0,"footnotes":""},"categories":[101],"tags":[],"yoast_head":"<!-- This site is optimized with the Yoast SEO plugin v23.2 - https:\/\/yoast.com\/wordpress\/plugins\/seo\/ -->\n<title>Ford r\u00e9duit du deux tiers sa production de F-150 Lightning en raison de la faible demande - CanadaMotorJobs.com<\/title>\n<meta name=\"description\" content=\"Ford r\u00e9duit du deux tiers sa production de F-150 Lightning en raison de la faible demande - Benoit Charette - Annuel automobile - CanadaMotorJobs.com.\" \/>\n<meta name=\"robots\" content=\"index, follow, max-snippet:-1, max-image-preview:large, max-video-preview:-1\" \/>\n<meta property=\"og:locale\" content=\"fr_CA\" \/>\n<meta property=\"og:type\" content=\"article\" \/>\n<meta property=\"og:title\" content=\"Ford r\u00e9duit du deux tiers sa production de F-150 Lightning en raison de la faible demande - CanadaMotorJobs.com\" \/>\n<meta property=\"og:description\" content=\"Ford r\u00e9duit du deux tiers sa production de F-150 Lightning en raison de la faible demande - Benoit Charette - Annuel automobile - CanadaMotorJobs.com.\" \/>\n<meta property=\"og:url\" content=\"https:\/\/news.canadamotorjobs.com\/fr\/ford-reduit-du-deux-tiers-sa-production-de-f-150-lightning-en-raison-de-la-faible-demande\/\" \/>\n<meta property=\"og:site_name\" content=\"CanadaMotorJobs.com\" \/>\n<meta property=\"article:publisher\" content=\"https:\/\/www.facebook.com\/canadamotorjobs\/\" \/>\n<meta property=\"article:published_time\" content=\"2024-03-28T17:54:48+00:00\" \/>\n<meta property=\"article:modified_time\" content=\"2024-03-28T17:58:58+00:00\" \/>\n<meta property=\"og:image\" content=\"https:\/\/news.canadamotorjobs.com\/wp-content\/uploads\/2024\/03\/DSC01398-1024x768-1.jpg\" \/>\n\t<meta property=\"og:image:width\" content=\"1024\" \/>\n\t<meta property=\"og:image:height\" content=\"768\" \/>\n\t<meta property=\"og:image:type\" content=\"image\/jpeg\" \/>\n<meta name=\"author\" content=\"Benoit Charette\" \/>\n<meta name=\"twitter:card\" content=\"summary_large_image\" \/>\n<meta name=\"twitter:creator\" content=\"@canadamotorjobs\" \/>\n<meta name=\"twitter:site\" content=\"@canadamotorjobs\" \/>\n<meta name=\"twitter:label1\" content=\"\u00c9crit par\" \/>\n\t<meta name=\"twitter:data1\" content=\"Benoit Charette\" \/>\n\t<meta name=\"twitter:label2\" content=\"Estimation du temps de lecture\" \/>\n\t<meta name=\"twitter:data2\" content=\"2 minutes\" \/>\n<!-- \/ Yoast SEO plugin. -->","yoast_head_json":{"title":"Ford r\u00e9duit du deux tiers sa production de F-150 Lightning en raison de la faible demande - CanadaMotorJobs.com","description":"Ford r\u00e9duit du deux tiers sa production de F-150 Lightning en raison de la faible demande - Benoit Charette - Annuel automobile - CanadaMotorJobs.com.","robots":{"index":"index","follow":"follow","max-snippet":"max-snippet:-1","max-image-preview":"max-image-preview:large","max-video-preview":"max-video-preview:-1"},"og_locale":"fr_CA","og_type":"article","og_title":"Ford r\u00e9duit du deux tiers sa production de F-150 Lightning en raison de la faible demande - CanadaMotorJobs.com","og_description":"Ford r\u00e9duit du deux tiers sa production de F-150 Lightning en raison de la faible demande - Benoit Charette - Annuel automobile - CanadaMotorJobs.com.","og_url":"https:\/\/news.canadamotorjobs.com\/fr\/ford-reduit-du-deux-tiers-sa-production-de-f-150-lightning-en-raison-de-la-faible-demande\/","og_site_name":"CanadaMotorJobs.com","article_publisher":"https:\/\/www.facebook.com\/canadamotorjobs\/","article_published_time":"2024-03-28T17:54:48+00:00","article_modified_time":"2024-03-28T17:58:58+00:00","og_image":[{"width":1024,"height":768,"url":"https:\/\/news.canadamotorjobs.com\/wp-content\/uploads\/2024\/03\/DSC01398-1024x768-1.jpg","type":"image\/jpeg"}],"author":"Benoit Charette","twitter_card":"summary_large_image","twitter_creator":"@canadamotorjobs","twitter_site":"@canadamotorjobs","twitter_misc":{"\u00c9crit par":"Benoit Charette","Estimation du temps de lecture":"2 minutes"},"schema":{"@context":"https:\/\/schema.org","@graph":[{"@type":"Article","@id":"https:\/\/news.canadamotorjobs.com\/fr\/ford-reduit-du-deux-tiers-sa-production-de-f-150-lightning-en-raison-de-la-faible-demande\/#article","isPartOf":{"@id":"https:\/\/news.canadamotorjobs.com\/fr\/ford-reduit-du-deux-tiers-sa-production-de-f-150-lightning-en-raison-de-la-faible-demande\/"},"author":{"name":"Benoit Charette","@id":"https:\/\/news.canadamotorjobs.com\/#\/schema\/person\/51793d1f87d44011d7bcc2ed99269a90"},"headline":"Ford r\u00e9duit du deux tiers sa production de F-150 Lightning en raison de la faible demande","datePublished":"2024-03-28T17:54:48+00:00","dateModified":"2024-03-28T17:58:58+00:00","mainEntityOfPage":{"@id":"https:\/\/news.canadamotorjobs.com\/fr\/ford-reduit-du-deux-tiers-sa-production-de-f-150-lightning-en-raison-de-la-faible-demande\/"},"wordCount":379,"publisher":{"@id":"https:\/\/news.canadamotorjobs.com\/#organization"},"image":{"@id":"https:\/\/news.canadamotorjobs.com\/fr\/ford-reduit-du-deux-tiers-sa-production-de-f-150-lightning-en-raison-de-la-faible-demande\/#primaryimage"},"thumbnailUrl":"https:\/\/news.canadamotorjobs.com\/wp-content\/uploads\/2024\/03\/DSC01398-1024x768-1.jpg","articleSection":["Annuel automobile"],"inLanguage":"fr-CA"},{"@type":"WebPage","@id":"https:\/\/news.canadamotorjobs.com\/fr\/ford-reduit-du-deux-tiers-sa-production-de-f-150-lightning-en-raison-de-la-faible-demande\/","url":"https:\/\/news.canadamotorjobs.com\/fr\/ford-reduit-du-deux-tiers-sa-production-de-f-150-lightning-en-raison-de-la-faible-demande\/","name":"Ford r\u00e9duit du deux tiers sa production de F-150 Lightning en raison de la faible demande - CanadaMotorJobs.com","isPartOf":{"@id":"https:\/\/news.canadamotorjobs.com\/#website"},"primaryImageOfPage":{"@id":"https:\/\/news.canadamotorjobs.com\/fr\/ford-reduit-du-deux-tiers-sa-production-de-f-150-lightning-en-raison-de-la-faible-demande\/#primaryimage"},"image":{"@id":"https:\/\/news.canadamotorjobs.com\/fr\/ford-reduit-du-deux-tiers-sa-production-de-f-150-lightning-en-raison-de-la-faible-demande\/#primaryimage"},"thumbnailUrl":"https:\/\/news.canadamotorjobs.com\/wp-content\/uploads\/2024\/03\/DSC01398-1024x768-1.jpg","datePublished":"2024-03-28T17:54:48+00:00","dateModified":"2024-03-28T17:58:58+00:00","description":"Ford r\u00e9duit du deux tiers sa production de F-150 Lightning en raison de la faible demande - Benoit Charette - Annuel automobile - CanadaMotorJobs.com.","breadcrumb":{"@id":"https:\/\/news.canadamotorjobs.com\/fr\/ford-reduit-du-deux-tiers-sa-production-de-f-150-lightning-en-raison-de-la-faible-demande\/#breadcrumb"},"inLanguage":"fr-CA","potentialAction":[{"@type":"ReadAction","target":["https:\/\/news.canadamotorjobs.com\/fr\/ford-reduit-du-deux-tiers-sa-production-de-f-150-lightning-en-raison-de-la-faible-demande\/"]}]},{"@type":"ImageObject","inLanguage":"fr-CA","@id":"https:\/\/news.canadamotorjobs.com\/fr\/ford-reduit-du-deux-tiers-sa-production-de-f-150-lightning-en-raison-de-la-faible-demande\/#primaryimage","url":"https:\/\/news.canadamotorjobs.com\/wp-content\/uploads\/2024\/03\/DSC01398-1024x768-1.jpg","contentUrl":"https:\/\/news.canadamotorjobs.com\/wp-content\/uploads\/2024\/03\/DSC01398-1024x768-1.jpg","width":1024,"height":768},{"@type":"BreadcrumbList","@id":"https:\/\/news.canadamotorjobs.com\/fr\/ford-reduit-du-deux-tiers-sa-production-de-f-150-lightning-en-raison-de-la-faible-demande\/#breadcrumb","itemListElement":[{"@type":"ListItem","position":1,"name":"Home","item":"https:\/\/news.canadamotorjobs.com\/fr\/blog\/"},{"@type":"ListItem","position":2,"name":"Ford r\u00e9duit du deux tiers sa production de F-150 Lightning en raison de la faible demande"}]},{"@type":"WebSite","@id":"https:\/\/news.canadamotorjobs.com\/#website","url":"https:\/\/news.canadamotorjobs.com\/","name":"CanadaMotorJobs.com","description":"Automotive Jobs","publisher":{"@id":"https:\/\/news.canadamotorjobs.com\/#organization"},"potentialAction":[{"@type":"SearchAction","target":{"@type":"EntryPoint","urlTemplate":"https:\/\/news.canadamotorjobs.com\/?s={search_term_string}"},"query-input":"required name=search_term_string"}],"inLanguage":"fr-CA"},{"@type":"Organization","@id":"https:\/\/news.canadamotorjobs.com\/#organization","name":"Canada Motor Jobs","url":"https:\/\/news.canadamotorjobs.com\/","logo":{"@type":"ImageObject","inLanguage":"fr-CA","@id":"https:\/\/news.canadamotorjobs.com\/#\/schema\/logo\/image\/","url":"https:\/\/news.canadamotorjobs.com\/wp-content\/uploads\/2022\/10\/logo-canada-motor-jobs-1.png","contentUrl":"https:\/\/news.canadamotorjobs.com\/wp-content\/uploads\/2022\/10\/logo-canada-motor-jobs-1.png","width":800,"height":400,"caption":"Canada Motor Jobs"},"image":{"@id":"https:\/\/news.canadamotorjobs.com\/#\/schema\/logo\/image\/"},"sameAs":["https:\/\/www.facebook.com\/canadamotorjobs\/","https:\/\/x.com\/canadamotorjobs","https:\/\/www.instagram.com\/canadamotorjobs\/","https:\/\/www.linkedin.com\/company\/canadamotorjobs"]},{"@type":"Person","@id":"https:\/\/news.canadamotorjobs.com\/#\/schema\/person\/51793d1f87d44011d7bcc2ed99269a90","name":"Benoit Charette","image":{"@type":"ImageObject","inLanguage":"fr-CA","@id":"https:\/\/news.canadamotorjobs.com\/#\/schema\/person\/image\/","url":"https:\/\/secure.gravatar.com\/avatar\/45f3d2eebcccd909668d7ce7ea7267b6?s=96&d=mm&r=g","contentUrl":"https:\/\/secure.gravatar.com\/avatar\/45f3d2eebcccd909668d7ce7ea7267b6?s=96&d=mm&r=g","caption":"Benoit Charette"},"description":"Benoit Charette \/ Propri\u00e9taire et r\u00e9dacteur en chef Benoit Charette pratique le journalisme automobile depuis bient\u00f4t 30 ans. Il a fait ses classes au c\u00f4t\u00e9 de Daniel H\u00e9raud et au Carnet de route de 1992 \u00e0 2001. Il est fondateur, copropri\u00e9taire et r\u00e9dacteur en chef de L\u2019Annuel de l\u2019automobile, qu\u2019il publie depuis 2001. Il a anim\u00e9 les \u00e9missions RPM et RPM+ sur V et les L\u00e9gendes de la route sur Historia. \u00c0 la radio depuis 1986, il reprend l\u2019antenne cette ann\u00e9e sur les ondes de Cogeco et participe pour la deuxi\u00e8me ann\u00e9e \u00e0 l\u2019\u00e9mission Passion Auto sur RDS en plus de mettre en ligne le site Web officiel de L\u2019Annuel de l\u2019automobile sur annuelauto.ca.","sameAs":["https:\/\/annuelauto.ca\/"],"url":"https:\/\/news.canadamotorjobs.com\/fr\/author\/benoit-charette\/"}]}},"_links":{"self":[{"href":"https:\/\/news.canadamotorjobs.com\/fr\/wp-json\/wp\/v2\/posts\/161832"}],"collection":[{"href":"https:\/\/news.canadamotorjobs.com\/fr\/wp-json\/wp\/v2\/posts"}],"about":[{"href":"https:\/\/news.canadamotorjobs.com\/fr\/wp-json\/wp\/v2\/types\/post"}],"author":[{"embeddable":true,"href":"https:\/\/news.canadamotorjobs.com\/fr\/wp-json\/wp\/v2\/users\/8"}],"replies":[{"embeddable":true,"href":"https:\/\/news.canadamotorjobs.com\/fr\/wp-json\/wp\/v2\/comments?post=161832"}],"version-history":[{"count":2,"href":"https:\/\/news.canadamotorjobs.com\/fr\/wp-json\/wp\/v2\/posts\/161832\/revisions"}],"predecessor-version":[{"id":161836,"href":"https:\/\/news.canadamotorjobs.com\/fr\/wp-json\/wp\/v2\/posts\/161832\/revisions\/161836"}],"wp:featuredmedia":[{"embeddable":true,"href":"https:\/\/news.canadamotorjobs.com\/fr\/wp-json\/wp\/v2\/media\/161834"}],"wp:attachment":[{"href":"https:\/\/news.canadamotorjobs.com\/fr\/wp-json\/wp\/v2\/media?parent=161832"}],"wp:term":[{"taxonomy":"category","embeddable":true,"href":"https:\/\/news.canadamotorjobs.com\/fr\/wp-json\/wp\/v2\/categories?post=161832"},{"taxonomy":"post_tag","embeddable":true,"href":"https:\/\/news.canadamotorjobs.com\/fr\/wp-json\/wp\/v2\/tags?post=161832"}],"curies":[{"name":"wp","href":"https:\/\/api.w.org\/{rel}","templated":true}]}}