{"id":161813,"date":"2024-03-28T10:00:55","date_gmt":"2024-03-28T14:00:55","guid":{"rendered":"https:\/\/news.canadamotorjobs.com\/?p=161813"},"modified":"2024-03-28T10:14:31","modified_gmt":"2024-03-28T14:14:31","slug":"porsche-annonce-que-ses-moteurs-v8-vont-survivre-apres-2030","status":"publish","type":"post","link":"https:\/\/news.canadamotorjobs.com\/fr\/porsche-annonce-que-ses-moteurs-v8-vont-survivre-apres-2030\/","title":{"rendered":"Porsche annonce que ses moteurs V8 vont survivre apr\u00e8s 2030"},"content":{"rendered":"<\/p>\n<p>Alors que la mode est au plus petits moteurs, Porsche n&#8217;est pas encore pr\u00eat \u00e0 mettre son V8 au rancart. Malgr\u00e9 des normes d&#8217;\u00e9missions de plus en plus strictes, les ing\u00e9nieurs de Zuffenhausen ont toujours une longueur d&#8217;avance. Le moteur huit cylindres est d\u00e9j\u00e0 en cours d&#8217;adaptation pour r\u00e9pondre \u00e0 la norme Euro 7, m\u00eame si son entr\u00e9e en vigueur a \u00e9t\u00e9 repouss\u00e9e. Elle devait entrer en vigueur en 2025, mais elle a \u00e9t\u00e9 repouss\u00e9e \u00e0 2030.<\/p>\n<h3>Se conformer sans le recours \u00e0 l\u2019hybridation<\/h3>\n<p>\nPorsche a r\u00e9v\u00e9l\u00e9 que de nouveaux composants \u00e9taient en cours de d\u00e9veloppement pour rendre le moteur conforme aux plus strictes restrictions environnementales sans n\u00e9cessairement compter sur une configuration hybride pour maintenir le V-8 en vie, europ\u00e9enne et nord-am\u00e9ricaine seront moins strictes que pr\u00e9vues. En revanche, d&#8217;autres r\u00e9glementations obligeront les ing\u00e9nieurs \u00e0 proc\u00e9der \u00e0 des changements non souhait\u00e9s. Par exemple, \u00a0le niveau sonore maximal autoris\u00e9 \u00e0 l&#8217;\u00e9chappement continuera \u00e0 baisser au fil des ans. Le durcissement de la l\u00e9gislation concernant les niveaux de bruit &#8220;complique l&#8217;obtention d&#8217;une bonne \u00e9motion des moteur s V8 comme la Panamera.<\/p>\n<h3>La quantit\u00e9 va diminuer<\/h3>\n<p>\nM\u00eame si le V-8 vivra jusque dans les ann\u00e9es 2030, nous pensons que Porsche ne produira plus autant de voitures \u00e9quip\u00e9es du moteur biturbo de 4,0 litres d&#8217;ici \u00e0 la fin de la d\u00e9cennie. Dans le rapport annuel et de d\u00e9veloppement durable 2023 publi\u00e9 ce mois-ci, le constructeur automobile allemand a r\u00e9it\u00e9r\u00e9 sa projection de voir les VE repr\u00e9senter plus de 80 % des livraisons annuelles d&#8217;ici 2030. Il a toutefois pr\u00e9cis\u00e9 que la r\u00e9alisation de cet objectif d\u00e9pendait &#8220;de la demande de nos clients et du d\u00e9veloppement de l&#8217;\u00e9lectromobilit\u00e9 dans les diff\u00e9rentes r\u00e9gions du monde&#8221;.<\/p>\n<h3>Les \u00e9lectriques vont de l\u2019avant<\/h3>\n<p>\nL&#8217;assaut des V\u00c9S a commenc\u00e9 qui a commenc\u00e9 avec la Taycan en 2019 se poursuit cette ann\u00e9e avec le Macan uniquement \u00e9lectrique. Les 718 Boxster\/Cayman EV devraient sortir en 2025, probablement avec le cabriolet en premier et le coup\u00e9 peu apr\u00e8s. Le successeur du Cayenne actuel a d\u00e9j\u00e0 \u00e9t\u00e9 confirm\u00e9 comme \u00e9tant un V\u00c9, en renoncant aux moteurs \u00e0 essence.<\/p>\n<p>\u00a0<\/p>\n<p>Et la 911<\/p>\n<p>\u00a0<\/p>\n<p>La 911 ne sera pas enti\u00e8rement \u00e9lectrique au cours de cette d\u00e9cennie, mais une configuration hybride fera son apparition au d\u00e9but de l&#8217;\u00e9t\u00e9 avec le rafra\u00eechissement de la 992.2. Porsche esp\u00e8re maintenir le moteur \u00e0 combustion interne en vie gr\u00e2ce \u00e0 un carburant synth\u00e9tique presque neutre en carbone, qu&#8217;elle produit actuellement au Chili. L&#8217;objectif est d&#8217;augmenter la production annuelle \u00e0 145 millions de gallons d&#8217;ici 2030.<\/p>\n<p>\u00a0<\/p>\n<p>Avec des renseignements de Motor 1<\/p>\n<p>\u00a0<\/p>\n<p>Le texte <a rel=\"nofollow\" href=\"https:\/\/annuelauto.ca\/porsche-annonce-que-ses-moteurs-v8-vont-survivre-apres-2030\/\">Porsche annonce que ses moteurs V8 vont survivre apr\u00e8s 2030<\/a> provient de <a rel=\"nofollow\" href=\"https:\/\/annuelauto.ca\">L&#8217;annuel de l&#8217;automobile &#8211; Actualit\u00e9 automobile<\/a><\/p>\n<p><\/p>\n","protected":false},"excerpt":{"rendered":"<p>Alors que la mode est au plus petits moteurs, Porsche n&#8217;est pas encore pr\u00eat \u00e0 mettre son V8 au rancart. Malgr\u00e9 des normes d&#8217;\u00e9missions de plus en plus strictes, les ing\u00e9nieurs de Zuffenhausen ont toujours une longueur d&#8217;avance. Le moteur huit cylindres est d\u00e9j\u00e0 en cours d&#8217;adaptation pour r\u00e9pondre \u00e0 la norme Euro 7, m\u00eame [&hellip;]<\/p>\n","protected":false},"author":8,"featured_media":161815,"comment_status":"close","ping_status":"closed","sticky":false,"template":"","format":"standard","meta":{"_monsterinsights_skip_tracking":false,"_monsterinsights_sitenote_active":false,"_monsterinsights_sitenote_note":"","_monsterinsights_sitenote_category":0,"footnotes":""},"categories":[101],"tags":[],"yoast_head":"<!-- This site is optimized with the Yoast SEO plugin v23.2 - https:\/\/yoast.com\/wordpress\/plugins\/seo\/ -->\n<title>Porsche annonce que ses moteurs V8 vont survivre apr\u00e8s 2030 - CanadaMotorJobs.com<\/title>\n<meta name=\"description\" content=\"Porsche annonce que ses moteurs V8 vont survivre apr\u00e8s 2030 - Benoit Charette - Annuel automobile - CanadaMotorJobs.com.\" \/>\n<meta name=\"robots\" content=\"index, follow, max-snippet:-1, max-image-preview:large, max-video-preview:-1\" \/>\n<meta property=\"og:locale\" content=\"fr_CA\" \/>\n<meta property=\"og:type\" content=\"article\" \/>\n<meta property=\"og:title\" content=\"Porsche annonce que ses moteurs V8 vont survivre apr\u00e8s 2030 - CanadaMotorJobs.com\" \/>\n<meta property=\"og:description\" content=\"Porsche annonce que ses moteurs V8 vont survivre apr\u00e8s 2030 - Benoit Charette - Annuel automobile - CanadaMotorJobs.com.\" \/>\n<meta property=\"og:url\" content=\"https:\/\/news.canadamotorjobs.com\/fr\/porsche-annonce-que-ses-moteurs-v8-vont-survivre-apres-2030\/\" \/>\n<meta property=\"og:site_name\" content=\"CanadaMotorJobs.com\" \/>\n<meta property=\"article:publisher\" content=\"https:\/\/www.facebook.com\/canadamotorjobs\/\" \/>\n<meta property=\"article:published_time\" content=\"2024-03-28T14:00:55+00:00\" \/>\n<meta property=\"article:modified_time\" content=\"2024-03-28T14:14:31+00:00\" \/>\n<meta property=\"og:image\" content=\"https:\/\/news.canadamotorjobs.com\/wp-content\/uploads\/2024\/03\/porsche-panamera-sport-turismo-turbo-s.png\" \/>\n\t<meta property=\"og:image:width\" content=\"940\" \/>\n\t<meta property=\"og:image:height\" content=\"528\" \/>\n\t<meta property=\"og:image:type\" content=\"image\/png\" \/>\n<meta name=\"author\" content=\"Benoit Charette\" \/>\n<meta name=\"twitter:card\" content=\"summary_large_image\" \/>\n<meta name=\"twitter:creator\" content=\"@canadamotorjobs\" \/>\n<meta name=\"twitter:site\" content=\"@canadamotorjobs\" \/>\n<meta name=\"twitter:label1\" content=\"\u00c9crit par\" \/>\n\t<meta name=\"twitter:data1\" content=\"Benoit Charette\" \/>\n\t<meta name=\"twitter:label2\" content=\"Estimation du temps de lecture\" \/>\n\t<meta name=\"twitter:data2\" content=\"2 minutes\" \/>\n<!-- \/ Yoast SEO plugin. -->","yoast_head_json":{"title":"Porsche annonce que ses moteurs V8 vont survivre apr\u00e8s 2030 - CanadaMotorJobs.com","description":"Porsche annonce que ses moteurs V8 vont survivre apr\u00e8s 2030 - Benoit Charette - Annuel automobile - CanadaMotorJobs.com.","robots":{"index":"index","follow":"follow","max-snippet":"max-snippet:-1","max-image-preview":"max-image-preview:large","max-video-preview":"max-video-preview:-1"},"og_locale":"fr_CA","og_type":"article","og_title":"Porsche annonce que ses moteurs V8 vont survivre apr\u00e8s 2030 - CanadaMotorJobs.com","og_description":"Porsche annonce que ses moteurs V8 vont survivre apr\u00e8s 2030 - Benoit Charette - Annuel automobile - CanadaMotorJobs.com.","og_url":"https:\/\/news.canadamotorjobs.com\/fr\/porsche-annonce-que-ses-moteurs-v8-vont-survivre-apres-2030\/","og_site_name":"CanadaMotorJobs.com","article_publisher":"https:\/\/www.facebook.com\/canadamotorjobs\/","article_published_time":"2024-03-28T14:00:55+00:00","article_modified_time":"2024-03-28T14:14:31+00:00","og_image":[{"width":940,"height":528,"url":"https:\/\/news.canadamotorjobs.com\/wp-content\/uploads\/2024\/03\/porsche-panamera-sport-turismo-turbo-s.png","type":"image\/png"}],"author":"Benoit Charette","twitter_card":"summary_large_image","twitter_creator":"@canadamotorjobs","twitter_site":"@canadamotorjobs","twitter_misc":{"\u00c9crit par":"Benoit Charette","Estimation du temps de lecture":"2 minutes"},"schema":{"@context":"https:\/\/schema.org","@graph":[{"@type":"Article","@id":"https:\/\/news.canadamotorjobs.com\/fr\/porsche-annonce-que-ses-moteurs-v8-vont-survivre-apres-2030\/#article","isPartOf":{"@id":"https:\/\/news.canadamotorjobs.com\/fr\/porsche-annonce-que-ses-moteurs-v8-vont-survivre-apres-2030\/"},"author":{"name":"Benoit Charette","@id":"https:\/\/news.canadamotorjobs.com\/#\/schema\/person\/51793d1f87d44011d7bcc2ed99269a90"},"headline":"Porsche annonce que ses moteurs V8 vont survivre apr\u00e8s 2030","datePublished":"2024-03-28T14:00:55+00:00","dateModified":"2024-03-28T14:14:31+00:00","mainEntityOfPage":{"@id":"https:\/\/news.canadamotorjobs.com\/fr\/porsche-annonce-que-ses-moteurs-v8-vont-survivre-apres-2030\/"},"wordCount":485,"publisher":{"@id":"https:\/\/news.canadamotorjobs.com\/#organization"},"image":{"@id":"https:\/\/news.canadamotorjobs.com\/fr\/porsche-annonce-que-ses-moteurs-v8-vont-survivre-apres-2030\/#primaryimage"},"thumbnailUrl":"https:\/\/news.canadamotorjobs.com\/wp-content\/uploads\/2024\/03\/porsche-panamera-sport-turismo-turbo-s.png","articleSection":["Annuel automobile"],"inLanguage":"fr-CA"},{"@type":"WebPage","@id":"https:\/\/news.canadamotorjobs.com\/fr\/porsche-annonce-que-ses-moteurs-v8-vont-survivre-apres-2030\/","url":"https:\/\/news.canadamotorjobs.com\/fr\/porsche-annonce-que-ses-moteurs-v8-vont-survivre-apres-2030\/","name":"Porsche annonce que ses moteurs V8 vont survivre apr\u00e8s 2030 - CanadaMotorJobs.com","isPartOf":{"@id":"https:\/\/news.canadamotorjobs.com\/#website"},"primaryImageOfPage":{"@id":"https:\/\/news.canadamotorjobs.com\/fr\/porsche-annonce-que-ses-moteurs-v8-vont-survivre-apres-2030\/#primaryimage"},"image":{"@id":"https:\/\/news.canadamotorjobs.com\/fr\/porsche-annonce-que-ses-moteurs-v8-vont-survivre-apres-2030\/#primaryimage"},"thumbnailUrl":"https:\/\/news.canadamotorjobs.com\/wp-content\/uploads\/2024\/03\/porsche-panamera-sport-turismo-turbo-s.png","datePublished":"2024-03-28T14:00:55+00:00","dateModified":"2024-03-28T14:14:31+00:00","description":"Porsche annonce que ses moteurs V8 vont survivre apr\u00e8s 2030 - Benoit Charette - Annuel automobile - CanadaMotorJobs.com.","breadcrumb":{"@id":"https:\/\/news.canadamotorjobs.com\/fr\/porsche-annonce-que-ses-moteurs-v8-vont-survivre-apres-2030\/#breadcrumb"},"inLanguage":"fr-CA","potentialAction":[{"@type":"ReadAction","target":["https:\/\/news.canadamotorjobs.com\/fr\/porsche-annonce-que-ses-moteurs-v8-vont-survivre-apres-2030\/"]}]},{"@type":"ImageObject","inLanguage":"fr-CA","@id":"https:\/\/news.canadamotorjobs.com\/fr\/porsche-annonce-que-ses-moteurs-v8-vont-survivre-apres-2030\/#primaryimage","url":"https:\/\/news.canadamotorjobs.com\/wp-content\/uploads\/2024\/03\/porsche-panamera-sport-turismo-turbo-s.png","contentUrl":"https:\/\/news.canadamotorjobs.com\/wp-content\/uploads\/2024\/03\/porsche-panamera-sport-turismo-turbo-s.png","width":940,"height":528},{"@type":"BreadcrumbList","@id":"https:\/\/news.canadamotorjobs.com\/fr\/porsche-annonce-que-ses-moteurs-v8-vont-survivre-apres-2030\/#breadcrumb","itemListElement":[{"@type":"ListItem","position":1,"name":"Home","item":"https:\/\/news.canadamotorjobs.com\/fr\/blog\/"},{"@type":"ListItem","position":2,"name":"Porsche annonce que ses moteurs V8 vont survivre apr\u00e8s 2030"}]},{"@type":"WebSite","@id":"https:\/\/news.canadamotorjobs.com\/#website","url":"https:\/\/news.canadamotorjobs.com\/","name":"CanadaMotorJobs.com","description":"Automotive Jobs","publisher":{"@id":"https:\/\/news.canadamotorjobs.com\/#organization"},"potentialAction":[{"@type":"SearchAction","target":{"@type":"EntryPoint","urlTemplate":"https:\/\/news.canadamotorjobs.com\/?s={search_term_string}"},"query-input":"required name=search_term_string"}],"inLanguage":"fr-CA"},{"@type":"Organization","@id":"https:\/\/news.canadamotorjobs.com\/#organization","name":"Canada Motor Jobs","url":"https:\/\/news.canadamotorjobs.com\/","logo":{"@type":"ImageObject","inLanguage":"fr-CA","@id":"https:\/\/news.canadamotorjobs.com\/#\/schema\/logo\/image\/","url":"https:\/\/news.canadamotorjobs.com\/wp-content\/uploads\/2022\/10\/logo-canada-motor-jobs-1.png","contentUrl":"https:\/\/news.canadamotorjobs.com\/wp-content\/uploads\/2022\/10\/logo-canada-motor-jobs-1.png","width":800,"height":400,"caption":"Canada Motor Jobs"},"image":{"@id":"https:\/\/news.canadamotorjobs.com\/#\/schema\/logo\/image\/"},"sameAs":["https:\/\/www.facebook.com\/canadamotorjobs\/","https:\/\/x.com\/canadamotorjobs","https:\/\/www.instagram.com\/canadamotorjobs\/","https:\/\/www.linkedin.com\/company\/canadamotorjobs"]},{"@type":"Person","@id":"https:\/\/news.canadamotorjobs.com\/#\/schema\/person\/51793d1f87d44011d7bcc2ed99269a90","name":"Benoit Charette","image":{"@type":"ImageObject","inLanguage":"fr-CA","@id":"https:\/\/news.canadamotorjobs.com\/#\/schema\/person\/image\/","url":"https:\/\/secure.gravatar.com\/avatar\/45f3d2eebcccd909668d7ce7ea7267b6?s=96&d=mm&r=g","contentUrl":"https:\/\/secure.gravatar.com\/avatar\/45f3d2eebcccd909668d7ce7ea7267b6?s=96&d=mm&r=g","caption":"Benoit Charette"},"description":"Benoit Charette \/ Propri\u00e9taire et r\u00e9dacteur en chef Benoit Charette pratique le journalisme automobile depuis bient\u00f4t 30 ans. Il a fait ses classes au c\u00f4t\u00e9 de Daniel H\u00e9raud et au Carnet de route de 1992 \u00e0 2001. Il est fondateur, copropri\u00e9taire et r\u00e9dacteur en chef de L\u2019Annuel de l\u2019automobile, qu\u2019il publie depuis 2001. Il a anim\u00e9 les \u00e9missions RPM et RPM+ sur V et les L\u00e9gendes de la route sur Historia. \u00c0 la radio depuis 1986, il reprend l\u2019antenne cette ann\u00e9e sur les ondes de Cogeco et participe pour la deuxi\u00e8me ann\u00e9e \u00e0 l\u2019\u00e9mission Passion Auto sur RDS en plus de mettre en ligne le site Web officiel de L\u2019Annuel de l\u2019automobile sur annuelauto.ca.","sameAs":["https:\/\/annuelauto.ca\/"],"url":"https:\/\/news.canadamotorjobs.com\/fr\/author\/benoit-charette\/"}]}},"_links":{"self":[{"href":"https:\/\/news.canadamotorjobs.com\/fr\/wp-json\/wp\/v2\/posts\/161813"}],"collection":[{"href":"https:\/\/news.canadamotorjobs.com\/fr\/wp-json\/wp\/v2\/posts"}],"about":[{"href":"https:\/\/news.canadamotorjobs.com\/fr\/wp-json\/wp\/v2\/types\/post"}],"author":[{"embeddable":true,"href":"https:\/\/news.canadamotorjobs.com\/fr\/wp-json\/wp\/v2\/users\/8"}],"replies":[{"embeddable":true,"href":"https:\/\/news.canadamotorjobs.com\/fr\/wp-json\/wp\/v2\/comments?post=161813"}],"version-history":[{"count":2,"href":"https:\/\/news.canadamotorjobs.com\/fr\/wp-json\/wp\/v2\/posts\/161813\/revisions"}],"predecessor-version":[{"id":161817,"href":"https:\/\/news.canadamotorjobs.com\/fr\/wp-json\/wp\/v2\/posts\/161813\/revisions\/161817"}],"wp:featuredmedia":[{"embeddable":true,"href":"https:\/\/news.canadamotorjobs.com\/fr\/wp-json\/wp\/v2\/media\/161815"}],"wp:attachment":[{"href":"https:\/\/news.canadamotorjobs.com\/fr\/wp-json\/wp\/v2\/media?parent=161813"}],"wp:term":[{"taxonomy":"category","embeddable":true,"href":"https:\/\/news.canadamotorjobs.com\/fr\/wp-json\/wp\/v2\/categories?post=161813"},{"taxonomy":"post_tag","embeddable":true,"href":"https:\/\/news.canadamotorjobs.com\/fr\/wp-json\/wp\/v2\/tags?post=161813"}],"curies":[{"name":"wp","href":"https:\/\/api.w.org\/{rel}","templated":true}]}}