{"id":161766,"date":"2024-03-27T11:59:41","date_gmt":"2024-03-27T15:59:41","guid":{"rendered":"https:\/\/news.canadamotorjobs.com\/?p=161766"},"modified":"2024-03-27T12:04:47","modified_gmt":"2024-03-27T16:04:47","slug":"lamerique-du-nord-aura-droit-a-une-kia-k4-familiale","status":"publish","type":"post","link":"https:\/\/news.canadamotorjobs.com\/fr\/lamerique-du-nord-aura-droit-a-une-kia-k4-familiale\/","title":{"rendered":"L\u2019Am\u00e9rique du Nord aura droit \u00e0 une Kia K4 familiale"},"content":{"rendered":"<\/p>\n<p>Voici une bonne nouvelle pour les amateurs de familiale. Kia a pr\u00e9sent\u00e9 au Salon de l\u2019auto de New York, la Kia K4 qui va remplacer pour 2025 la Forte. Et voil\u00e0 que, Oh surprise, une version familiale va s\u2019ajouter \u00e0 la berline.<\/p>\n<h3>Une grande \u00e9volution dans le style<\/h3>\n<p>\nNous n\u2019avions pas vu de familiale dans la Forte depuis 2018. Kia a confirm\u00e9 sa pr\u00e9sence qui va arriver plus tard sur le march\u00e9 canadien et am\u00e9ricain. \u00c0 l&#8217;instar de la berline, le mod\u00e8le \u00e0 hayon est tr\u00e8s \u00e9l\u00e9gant. La K4 cinq portes est &#8220;un v\u00e9hicule pratique qui s&#8217;adresse \u00e0 un style de vie dynamique et urbain&#8221;, a indiqu\u00e9 la soci\u00e9t\u00e9 lors de sa conf\u00e9rence de presse. &#8220;La cinq portes partage le m\u00eame design \u00e0 l&#8217;avant et \u00e0 l&#8217;arri\u00e8re, ainsi que l&#8217;\u00e9l\u00e9gance fluide de la berline.<\/p>\n<h3>Sans doute la m\u00eame m\u00e9canique<\/h3>\n<p>\nCela signifie qu&#8217;elle dispose probablement des m\u00eames options de motorisation que la berline. Le moteur de base est un quatre cylindres de 2,0 litres d\u00e9veloppant 147 chevaux et 132 livres-pieds. Il existe \u00e9galement un moteur turbocompress\u00e9 plus puissant de 1,6 litre d\u00e9veloppant 190 ch et 195 lb-pi. Nous en saurons plus sur la K4 \u00e0 l&#8217;approche de la date de mise en vente de la berline, qui devrait intervenir dans le courant de l&#8217;ann\u00e9e.<\/p>\n<p>\u00a0<\/p>\n<p>Avec des renseignements de Motor 1<\/p>\n<p>\u00a0<\/p>\n<p>Le texte <a rel=\"nofollow\" href=\"https:\/\/annuelauto.ca\/lamerique-du-nord-aura-droit-a-une-kia-k4-familiale\/\">L\u2019Am\u00e9rique du Nord aura droit \u00e0 une Kia K4 familiale<\/a> provient de <a rel=\"nofollow\" href=\"https:\/\/annuelauto.ca\">L&#8217;annuel de l&#8217;automobile &#8211; Actualit\u00e9 automobile<\/a><\/p>\n<p><\/p>\n","protected":false},"excerpt":{"rendered":"<p>Voici une bonne nouvelle pour les amateurs de familiale. Kia a pr\u00e9sent\u00e9 au Salon de l\u2019auto de New York, la Kia K4 qui va remplacer pour 2025 la Forte. Et voil\u00e0 que, Oh surprise, une version familiale va s\u2019ajouter \u00e0 la berline. Une grande \u00e9volution dans le style Nous n\u2019avions pas vu de familiale dans [&hellip;]<\/p>\n","protected":false},"author":8,"featured_media":161768,"comment_status":"close","ping_status":"closed","sticky":false,"template":"","format":"standard","meta":{"_monsterinsights_skip_tracking":false,"_monsterinsights_sitenote_active":false,"_monsterinsights_sitenote_note":"","_monsterinsights_sitenote_category":0,"footnotes":""},"categories":[101],"tags":[],"yoast_head":"<!-- This site is optimized with the Yoast SEO plugin v23.2 - https:\/\/yoast.com\/wordpress\/plugins\/seo\/ -->\n<title>L\u2019Am\u00e9rique du Nord aura droit \u00e0 une Kia K4 familiale - CanadaMotorJobs.com<\/title>\n<meta name=\"description\" content=\"L\u2019Am\u00e9rique du Nord aura droit \u00e0 une Kia K4 familiale - Benoit Charette - Annuel automobile - CanadaMotorJobs.com.\" \/>\n<meta name=\"robots\" content=\"index, follow, max-snippet:-1, max-image-preview:large, max-video-preview:-1\" \/>\n<meta property=\"og:locale\" content=\"fr_CA\" \/>\n<meta property=\"og:type\" content=\"article\" \/>\n<meta property=\"og:title\" content=\"L\u2019Am\u00e9rique du Nord aura droit \u00e0 une Kia K4 familiale - CanadaMotorJobs.com\" \/>\n<meta property=\"og:description\" content=\"L\u2019Am\u00e9rique du Nord aura droit \u00e0 une Kia K4 familiale - Benoit Charette - Annuel automobile - CanadaMotorJobs.com.\" \/>\n<meta property=\"og:url\" content=\"https:\/\/news.canadamotorjobs.com\/fr\/lamerique-du-nord-aura-droit-a-une-kia-k4-familiale\/\" \/>\n<meta property=\"og:site_name\" content=\"CanadaMotorJobs.com\" \/>\n<meta property=\"article:publisher\" content=\"https:\/\/www.facebook.com\/canadamotorjobs\/\" \/>\n<meta property=\"article:published_time\" content=\"2024-03-27T15:59:41+00:00\" \/>\n<meta property=\"article:modified_time\" content=\"2024-03-27T16:04:47+00:00\" \/>\n<meta property=\"og:image\" content=\"https:\/\/news.canadamotorjobs.com\/wp-content\/uploads\/2024\/03\/k4-gallery-5door-gt-line-04.jpg\" \/>\n\t<meta property=\"og:image:width\" content=\"1920\" \/>\n\t<meta property=\"og:image:height\" content=\"1080\" \/>\n\t<meta property=\"og:image:type\" content=\"image\/jpeg\" \/>\n<meta name=\"author\" content=\"Benoit Charette\" \/>\n<meta name=\"twitter:card\" content=\"summary_large_image\" \/>\n<meta name=\"twitter:creator\" content=\"@canadamotorjobs\" \/>\n<meta name=\"twitter:site\" content=\"@canadamotorjobs\" \/>\n<meta name=\"twitter:label1\" content=\"\u00c9crit par\" \/>\n\t<meta name=\"twitter:data1\" content=\"Benoit Charette\" \/>\n\t<meta name=\"twitter:label2\" content=\"Estimation du temps de lecture\" \/>\n\t<meta name=\"twitter:data2\" content=\"1 minute\" \/>\n<!-- \/ Yoast SEO plugin. -->","yoast_head_json":{"title":"L\u2019Am\u00e9rique du Nord aura droit \u00e0 une Kia K4 familiale - CanadaMotorJobs.com","description":"L\u2019Am\u00e9rique du Nord aura droit \u00e0 une Kia K4 familiale - Benoit Charette - Annuel automobile - CanadaMotorJobs.com.","robots":{"index":"index","follow":"follow","max-snippet":"max-snippet:-1","max-image-preview":"max-image-preview:large","max-video-preview":"max-video-preview:-1"},"og_locale":"fr_CA","og_type":"article","og_title":"L\u2019Am\u00e9rique du Nord aura droit \u00e0 une Kia K4 familiale - CanadaMotorJobs.com","og_description":"L\u2019Am\u00e9rique du Nord aura droit \u00e0 une Kia K4 familiale - Benoit Charette - Annuel automobile - CanadaMotorJobs.com.","og_url":"https:\/\/news.canadamotorjobs.com\/fr\/lamerique-du-nord-aura-droit-a-une-kia-k4-familiale\/","og_site_name":"CanadaMotorJobs.com","article_publisher":"https:\/\/www.facebook.com\/canadamotorjobs\/","article_published_time":"2024-03-27T15:59:41+00:00","article_modified_time":"2024-03-27T16:04:47+00:00","og_image":[{"width":1920,"height":1080,"url":"https:\/\/news.canadamotorjobs.com\/wp-content\/uploads\/2024\/03\/k4-gallery-5door-gt-line-04.jpg","type":"image\/jpeg"}],"author":"Benoit Charette","twitter_card":"summary_large_image","twitter_creator":"@canadamotorjobs","twitter_site":"@canadamotorjobs","twitter_misc":{"\u00c9crit par":"Benoit Charette","Estimation du temps de lecture":"1 minute"},"schema":{"@context":"https:\/\/schema.org","@graph":[{"@type":"Article","@id":"https:\/\/news.canadamotorjobs.com\/fr\/lamerique-du-nord-aura-droit-a-une-kia-k4-familiale\/#article","isPartOf":{"@id":"https:\/\/news.canadamotorjobs.com\/fr\/lamerique-du-nord-aura-droit-a-une-kia-k4-familiale\/"},"author":{"name":"Benoit Charette","@id":"https:\/\/news.canadamotorjobs.com\/#\/schema\/person\/51793d1f87d44011d7bcc2ed99269a90"},"headline":"L\u2019Am\u00e9rique du Nord aura droit \u00e0 une Kia K4 familiale","datePublished":"2024-03-27T15:59:41+00:00","dateModified":"2024-03-27T16:04:47+00:00","mainEntityOfPage":{"@id":"https:\/\/news.canadamotorjobs.com\/fr\/lamerique-du-nord-aura-droit-a-une-kia-k4-familiale\/"},"wordCount":266,"publisher":{"@id":"https:\/\/news.canadamotorjobs.com\/#organization"},"image":{"@id":"https:\/\/news.canadamotorjobs.com\/fr\/lamerique-du-nord-aura-droit-a-une-kia-k4-familiale\/#primaryimage"},"thumbnailUrl":"https:\/\/news.canadamotorjobs.com\/wp-content\/uploads\/2024\/03\/k4-gallery-5door-gt-line-04.jpg","articleSection":["Annuel automobile"],"inLanguage":"fr-CA"},{"@type":"WebPage","@id":"https:\/\/news.canadamotorjobs.com\/fr\/lamerique-du-nord-aura-droit-a-une-kia-k4-familiale\/","url":"https:\/\/news.canadamotorjobs.com\/fr\/lamerique-du-nord-aura-droit-a-une-kia-k4-familiale\/","name":"L\u2019Am\u00e9rique du Nord aura droit \u00e0 une Kia K4 familiale - CanadaMotorJobs.com","isPartOf":{"@id":"https:\/\/news.canadamotorjobs.com\/#website"},"primaryImageOfPage":{"@id":"https:\/\/news.canadamotorjobs.com\/fr\/lamerique-du-nord-aura-droit-a-une-kia-k4-familiale\/#primaryimage"},"image":{"@id":"https:\/\/news.canadamotorjobs.com\/fr\/lamerique-du-nord-aura-droit-a-une-kia-k4-familiale\/#primaryimage"},"thumbnailUrl":"https:\/\/news.canadamotorjobs.com\/wp-content\/uploads\/2024\/03\/k4-gallery-5door-gt-line-04.jpg","datePublished":"2024-03-27T15:59:41+00:00","dateModified":"2024-03-27T16:04:47+00:00","description":"L\u2019Am\u00e9rique du Nord aura droit \u00e0 une Kia K4 familiale - Benoit Charette - Annuel automobile - CanadaMotorJobs.com.","breadcrumb":{"@id":"https:\/\/news.canadamotorjobs.com\/fr\/lamerique-du-nord-aura-droit-a-une-kia-k4-familiale\/#breadcrumb"},"inLanguage":"fr-CA","potentialAction":[{"@type":"ReadAction","target":["https:\/\/news.canadamotorjobs.com\/fr\/lamerique-du-nord-aura-droit-a-une-kia-k4-familiale\/"]}]},{"@type":"ImageObject","inLanguage":"fr-CA","@id":"https:\/\/news.canadamotorjobs.com\/fr\/lamerique-du-nord-aura-droit-a-une-kia-k4-familiale\/#primaryimage","url":"https:\/\/news.canadamotorjobs.com\/wp-content\/uploads\/2024\/03\/k4-gallery-5door-gt-line-04.jpg","contentUrl":"https:\/\/news.canadamotorjobs.com\/wp-content\/uploads\/2024\/03\/k4-gallery-5door-gt-line-04.jpg","width":1920,"height":1080},{"@type":"BreadcrumbList","@id":"https:\/\/news.canadamotorjobs.com\/fr\/lamerique-du-nord-aura-droit-a-une-kia-k4-familiale\/#breadcrumb","itemListElement":[{"@type":"ListItem","position":1,"name":"Home","item":"https:\/\/news.canadamotorjobs.com\/fr\/blog\/"},{"@type":"ListItem","position":2,"name":"L\u2019Am\u00e9rique du Nord aura droit \u00e0 une Kia K4 familiale"}]},{"@type":"WebSite","@id":"https:\/\/news.canadamotorjobs.com\/#website","url":"https:\/\/news.canadamotorjobs.com\/","name":"CanadaMotorJobs.com","description":"Automotive Jobs","publisher":{"@id":"https:\/\/news.canadamotorjobs.com\/#organization"},"potentialAction":[{"@type":"SearchAction","target":{"@type":"EntryPoint","urlTemplate":"https:\/\/news.canadamotorjobs.com\/?s={search_term_string}"},"query-input":"required name=search_term_string"}],"inLanguage":"fr-CA"},{"@type":"Organization","@id":"https:\/\/news.canadamotorjobs.com\/#organization","name":"Canada Motor Jobs","url":"https:\/\/news.canadamotorjobs.com\/","logo":{"@type":"ImageObject","inLanguage":"fr-CA","@id":"https:\/\/news.canadamotorjobs.com\/#\/schema\/logo\/image\/","url":"https:\/\/news.canadamotorjobs.com\/wp-content\/uploads\/2022\/10\/logo-canada-motor-jobs-1.png","contentUrl":"https:\/\/news.canadamotorjobs.com\/wp-content\/uploads\/2022\/10\/logo-canada-motor-jobs-1.png","width":800,"height":400,"caption":"Canada Motor Jobs"},"image":{"@id":"https:\/\/news.canadamotorjobs.com\/#\/schema\/logo\/image\/"},"sameAs":["https:\/\/www.facebook.com\/canadamotorjobs\/","https:\/\/x.com\/canadamotorjobs","https:\/\/www.instagram.com\/canadamotorjobs\/","https:\/\/www.linkedin.com\/company\/canadamotorjobs"]},{"@type":"Person","@id":"https:\/\/news.canadamotorjobs.com\/#\/schema\/person\/51793d1f87d44011d7bcc2ed99269a90","name":"Benoit Charette","image":{"@type":"ImageObject","inLanguage":"fr-CA","@id":"https:\/\/news.canadamotorjobs.com\/#\/schema\/person\/image\/","url":"https:\/\/secure.gravatar.com\/avatar\/45f3d2eebcccd909668d7ce7ea7267b6?s=96&d=mm&r=g","contentUrl":"https:\/\/secure.gravatar.com\/avatar\/45f3d2eebcccd909668d7ce7ea7267b6?s=96&d=mm&r=g","caption":"Benoit Charette"},"description":"Benoit Charette \/ Propri\u00e9taire et r\u00e9dacteur en chef Benoit Charette pratique le journalisme automobile depuis bient\u00f4t 30 ans. Il a fait ses classes au c\u00f4t\u00e9 de Daniel H\u00e9raud et au Carnet de route de 1992 \u00e0 2001. Il est fondateur, copropri\u00e9taire et r\u00e9dacteur en chef de L\u2019Annuel de l\u2019automobile, qu\u2019il publie depuis 2001. Il a anim\u00e9 les \u00e9missions RPM et RPM+ sur V et les L\u00e9gendes de la route sur Historia. \u00c0 la radio depuis 1986, il reprend l\u2019antenne cette ann\u00e9e sur les ondes de Cogeco et participe pour la deuxi\u00e8me ann\u00e9e \u00e0 l\u2019\u00e9mission Passion Auto sur RDS en plus de mettre en ligne le site Web officiel de L\u2019Annuel de l\u2019automobile sur annuelauto.ca.","sameAs":["https:\/\/annuelauto.ca\/"],"url":"https:\/\/news.canadamotorjobs.com\/fr\/author\/benoit-charette\/"}]}},"_links":{"self":[{"href":"https:\/\/news.canadamotorjobs.com\/fr\/wp-json\/wp\/v2\/posts\/161766"}],"collection":[{"href":"https:\/\/news.canadamotorjobs.com\/fr\/wp-json\/wp\/v2\/posts"}],"about":[{"href":"https:\/\/news.canadamotorjobs.com\/fr\/wp-json\/wp\/v2\/types\/post"}],"author":[{"embeddable":true,"href":"https:\/\/news.canadamotorjobs.com\/fr\/wp-json\/wp\/v2\/users\/8"}],"replies":[{"embeddable":true,"href":"https:\/\/news.canadamotorjobs.com\/fr\/wp-json\/wp\/v2\/comments?post=161766"}],"version-history":[{"count":2,"href":"https:\/\/news.canadamotorjobs.com\/fr\/wp-json\/wp\/v2\/posts\/161766\/revisions"}],"predecessor-version":[{"id":161770,"href":"https:\/\/news.canadamotorjobs.com\/fr\/wp-json\/wp\/v2\/posts\/161766\/revisions\/161770"}],"wp:featuredmedia":[{"embeddable":true,"href":"https:\/\/news.canadamotorjobs.com\/fr\/wp-json\/wp\/v2\/media\/161768"}],"wp:attachment":[{"href":"https:\/\/news.canadamotorjobs.com\/fr\/wp-json\/wp\/v2\/media?parent=161766"}],"wp:term":[{"taxonomy":"category","embeddable":true,"href":"https:\/\/news.canadamotorjobs.com\/fr\/wp-json\/wp\/v2\/categories?post=161766"},{"taxonomy":"post_tag","embeddable":true,"href":"https:\/\/news.canadamotorjobs.com\/fr\/wp-json\/wp\/v2\/tags?post=161766"}],"curies":[{"name":"wp","href":"https:\/\/api.w.org\/{rel}","templated":true}]}}