{"id":161719,"date":"2024-03-26T17:10:36","date_gmt":"2024-03-26T21:10:36","guid":{"rendered":"https:\/\/news.canadamotorjobs.com\/?p=161719"},"modified":"2024-03-26T17:45:23","modified_gmt":"2024-03-26T21:45:23","slug":"six-voitures-qui-font-rever-sont-en-vedette-au-musee-petersen-de-los-angeles","status":"publish","type":"post","link":"https:\/\/news.canadamotorjobs.com\/fr\/six-voitures-qui-font-rever-sont-en-vedette-au-musee-petersen-de-los-angeles\/","title":{"rendered":"Six voitures qui font r\u00eaver sont en vedette au Mus\u00e9e Petersen de Los Angeles"},"content":{"rendered":"<\/p>\n<p>Un \u00e9v\u00e9nement tr\u00e8s rare a lieu actuellement au Mus\u00e9e automobile Petersen. Dans le cadre de l\u2019exposition intitul\u00e9e <em>GM\u2019s Marvelous Motorama: Dream Cars from the Joe Bortz Collection<\/em>, six voitures de r\u00eaves cr\u00e9\u00e9es pour les <a href=\"https:\/\/annuelauto.ca\/saviez-vous-que-oldsmobile-a-failli-avoir-sa-corvette\/\" target=\"_blank\" rel=\"noopener noreferrer\">Motorama<\/a> de General Motors sont r\u00e9unies au m\u00eame endroit pour la premi\u00e8re fois de leur existence.<\/p>\n<p>Cette exposition qui a commenc\u00e9 le 16 mars pr\u00e9sente l&#8217;h\u00e9ritage des Motorama, ces salons itin\u00e9rants que GM a pr\u00e9sent\u00e9s aux \u00c9tats-Unis de 1950 \u00e0 1961, mais aussi au Qu\u00e9bec, de 1953 \u00e0 1961. On pouvait y voir l\u2019ensemble des produits des diff\u00e9rentes marques du constructeur. Dans les plus grandes villes, l\u2019exposition pouvait aussi inclure des poids lourds et autres v\u00e9hicules commerciaux, des autocars GM\u00a0Coach, des v\u00e9hicules de chantiers Euclid, les derni\u00e8res nouveaut\u00e9s de filiales comme Delco et AC Spark Plug, sans oublier les \u00e9lectrom\u00e9nagers Frigidaire.<\/p>\n<p>Chaque ann\u00e9e, le clou de ces expositions \u00e9tait naturellement une collection de voitures de r\u00eaves, des autos qu\u2019on qualifierait aujourd\u2019hui de prototypes ou encore de voitures-concepts.<\/p>\n<p>L\u2019exposition du Mus\u00e9e Petersen r\u00e9unit pour la premi\u00e8re fois de l\u2019histoire six de ces voitures de r\u00eave. Ces pi\u00e8ces uniques qui \u00e9taient des vedettes des Motorama de 1953, 1954 et 1955 appartiennent \u00e0 Joe\u00a0Bortz, un collectionneur de l\u2019Illinois.<\/p>\n<p>Il s\u2019agit de deux LaSalle\u00a0II 1955, un roadster et une berline, de la berline Chevrolet Biscayne 1955, de la Buick Wildcat 1953 d\u00e9capotable, du landau Pontiac Parisienne 1953 (un coup\u00e9 de ville, si vous pr\u00e9f\u00e9rez) et d\u2019une rutilante Pontiac Bonneville Special, un des deux exemplaires construits pour le Motorama de 1954.<\/p>\n<p>Par le biais de ces voitures et d\u2019autres artefacts, cette exposition met en lumi\u00e8re l\u2019histoire de ces expositions itin\u00e9rantes utilis\u00e9es par Harley Earl, le chef du design de GM \u00e0 l\u2019\u00e9poque, pour exposer au grand public des \u00e9l\u00e9ments de design, des am\u00e9nagements int\u00e9rieurs et des technologies en devenir. Dans bien des cas, on pourrait croire que ces concepts servaient avant tout \u00e0 faire saliver les visiteurs, avouons-le.<\/p>\n<p>Durant un peu plus d\u2019une d\u00e9cennie, GM a r\u00e9alis\u00e9 une quarantaine de ces prototypes pour ses Motorama, certains \u00e9tant fabriqu\u00e9s \u00e0 plus d\u2019un exemplaire. Cependant, tr\u00e8s peu ont abouti au stade de la production. La <a href=\"https:\/\/annuelauto.ca\/22-decembre-1952-le-prototype-de-la-corvette-se-devoile-a-new-york\/\" target=\"_blank\" rel=\"noopener noreferrer\">Chevrolet Corvette<\/a> d\u00e9capotable d\u00e9voil\u00e9e au Motorama de 1953 constitue une de ces rares exceptions.<\/p>\n<p>Ces spectacles grandioses cachaient, par ailleurs, le sort ingrat r\u00e9serv\u00e9 \u00e0 plusieurs de ces cr\u00e9ations. Car, apr\u00e8s avoir suscit\u00e9 l\u2019envie des consommateurs durant une deux ou trois saisons, GM s\u2019en d\u00e9barrassait b\u00eatement en les vendant ou, pire, en les envoyant \u00e0 la casse\u00a0!<\/p>\n<p>Quelques-unes de ces cr\u00e9ations ont heureusement \u00e9vit\u00e9 ce sort. C\u2019est le cas de quatre des autos expos\u00e9es au Petersen\u00a0: les deux LaSalle, la Biscayne et Bonneville Special. Elles avaient \u00e9t\u00e9 envoy\u00e9es chez Warhoops Auto and Truck Parts, un ferrailleur de Sterling Heights au Michigan\u00a0!<\/p>\n<p>C\u2019est l\u00e0 que Joe\u00a0Bortz les a sauv\u00e9s in extremis au milieu des ann\u00e9es\u00a080. Il a ensuite minutieusement restaur\u00e9 le roadster LaSalle et la Chevrolet Biscayne, bien que l\u2019une et l\u2019autre avaient \u00e9t\u00e9 coup\u00e9es en deux par le ferrailleur en pr\u00e9vision de leur destruction. Le roadster se retrouve aujourd\u2019hui dans un \u00e9tat remarquable, alors que la berline a \u00e9t\u00e9 laiss\u00e9e \u00ab\u00a0dans son jus\u00a0\u00bb, telle que Bortz a \u00e9t\u00e9 retrouv\u00e9e. Jamais restaur\u00e9e, sa Pontiac Bonneville Special bronze est \u00e9galement dans un \u00e9tat original.<\/p>\n<p>\u00ab\u00a0Ces voitures sont les Picasso et les Rembrandt de cette g\u00e9n\u00e9ration automobile\u00a0\u00bb, estime Joe Bortz. \u00ab\u00a0Pr\u00e9senter six de ces voitures de r\u00eave des ann\u00e9es\u00a050 ensemble dans l\u2019\u00e9tat o\u00f9 elles sont, c\u2019est pour les visiteurs une occasion unique\u00a0\u00bb, ajoute-t-il.<\/p>\n<p>D\u2019ailleurs, jamais une collection pareille n\u2019avait \u00e9t\u00e9 pr\u00e9sent\u00e9e dans ce grand mus\u00e9e californien. \u00ab\u00a0Nous sommes ravis de montrer ces voitures embl\u00e9matiques et d&#8217;illustrer le r\u00f4le important jou\u00e9 par les Motorama dans l&#8217;histoire de l\u2019automobile\u00a0\u00bb, a d\u00e9clar\u00e9 Terry L. Karges, directeur ex\u00e9cutif du Mus\u00e9e automobile Petersen.<\/p>\n<p>Aujourd\u2019hui encore, ces voitures de r\u00eaves font saliver tout le monde, \u00e0 commencer par les visiteurs du Petersen. C\u2019est aussi le cas parmi les collectionneurs chez qui on en retrouve qui n\u2019h\u00e9site pas \u00e0 d\u00e9bourser de grosses sommes pour en poss\u00e9der une. Pour preuve, l\u2019autre Pontiac Bonneville Special 1954, qui est vert \u00e9meraude, a \u00e9t\u00e9 vendue pour la somme de 3,3\u00a0millions de dollars US en 2015\u00a0!<\/p>\n<p><em>Photos : Mus\u00e9e automobile Petersen<\/em><\/p>\n<p>Le texte <a rel=\"nofollow\" href=\"https:\/\/annuelauto.ca\/six-voitures-qui-font-rever-sont-en-vedette-au-musee-petersen-de-los-angeles\/\">Six voitures qui font r\u00eaver sont en vedette au Mus\u00e9e Petersen de Los Angeles<\/a> provient de <a rel=\"nofollow\" href=\"https:\/\/annuelauto.ca\">L&#8217;annuel de l&#8217;automobile &#8211; Actualit\u00e9 automobile<\/a><\/p>\n<p><\/p>\n","protected":false},"excerpt":{"rendered":"<p>Un \u00e9v\u00e9nement tr\u00e8s rare a lieu actuellement au Mus\u00e9e automobile Petersen. Dans le cadre de l\u2019exposition intitul\u00e9e GM\u2019s Marvelous Motorama: Dream Cars from the Joe Bortz Collection, six voitures de r\u00eaves cr\u00e9\u00e9es pour les Motorama de General Motors sont r\u00e9unies au m\u00eame endroit pour la premi\u00e8re fois de leur existence. Cette exposition qui a commenc\u00e9 [&hellip;]<\/p>\n","protected":false},"author":8,"featured_media":161721,"comment_status":"close","ping_status":"closed","sticky":false,"template":"","format":"standard","meta":{"_monsterinsights_skip_tracking":false,"_monsterinsights_sitenote_active":false,"_monsterinsights_sitenote_note":"","_monsterinsights_sitenote_category":0,"footnotes":""},"categories":[101],"tags":[],"yoast_head":"<!-- This site is optimized with the Yoast SEO plugin v23.2 - https:\/\/yoast.com\/wordpress\/plugins\/seo\/ -->\n<title>Six voitures qui font r\u00eaver sont en vedette au Mus\u00e9e Petersen de Los Angeles - CanadaMotorJobs.com<\/title>\n<meta name=\"description\" content=\"Six voitures qui font r\u00eaver sont en vedette au Mus\u00e9e Petersen de Los Angeles - Benoit Charette - Annuel automobile - CanadaMotorJobs.com.\" \/>\n<meta name=\"robots\" content=\"index, follow, max-snippet:-1, max-image-preview:large, max-video-preview:-1\" \/>\n<meta property=\"og:locale\" content=\"fr_CA\" \/>\n<meta property=\"og:type\" content=\"article\" \/>\n<meta property=\"og:title\" content=\"Six voitures qui font r\u00eaver sont en vedette au Mus\u00e9e Petersen de Los Angeles - CanadaMotorJobs.com\" \/>\n<meta property=\"og:description\" content=\"Six voitures qui font r\u00eaver sont en vedette au Mus\u00e9e Petersen de Los Angeles - Benoit Charette - Annuel automobile - CanadaMotorJobs.com.\" \/>\n<meta property=\"og:url\" content=\"https:\/\/news.canadamotorjobs.com\/fr\/six-voitures-qui-font-rever-sont-en-vedette-au-musee-petersen-de-los-angeles\/\" \/>\n<meta property=\"og:site_name\" content=\"CanadaMotorJobs.com\" \/>\n<meta property=\"article:publisher\" content=\"https:\/\/www.facebook.com\/canadamotorjobs\/\" \/>\n<meta property=\"article:published_time\" content=\"2024-03-26T21:10:36+00:00\" \/>\n<meta property=\"article:modified_time\" content=\"2024-03-26T21:45:23+00:00\" \/>\n<meta property=\"og:image\" content=\"https:\/\/news.canadamotorjobs.com\/wp-content\/uploads\/2024\/03\/Musee-Petersen-Expo-Bortz_2.jpg\" \/>\n\t<meta property=\"og:image:width\" content=\"1024\" \/>\n\t<meta property=\"og:image:height\" content=\"640\" \/>\n\t<meta property=\"og:image:type\" content=\"image\/jpeg\" \/>\n<meta name=\"author\" content=\"Benoit Charette\" \/>\n<meta name=\"twitter:card\" content=\"summary_large_image\" \/>\n<meta name=\"twitter:creator\" content=\"@canadamotorjobs\" \/>\n<meta name=\"twitter:site\" content=\"@canadamotorjobs\" \/>\n<meta name=\"twitter:label1\" content=\"\u00c9crit par\" \/>\n\t<meta name=\"twitter:data1\" content=\"Benoit Charette\" \/>\n\t<meta name=\"twitter:label2\" content=\"Estimation du temps de lecture\" \/>\n\t<meta name=\"twitter:data2\" content=\"4 minutes\" \/>\n<!-- \/ Yoast SEO plugin. -->","yoast_head_json":{"title":"Six voitures qui font r\u00eaver sont en vedette au Mus\u00e9e Petersen de Los Angeles - CanadaMotorJobs.com","description":"Six voitures qui font r\u00eaver sont en vedette au Mus\u00e9e Petersen de Los Angeles - Benoit Charette - Annuel automobile - CanadaMotorJobs.com.","robots":{"index":"index","follow":"follow","max-snippet":"max-snippet:-1","max-image-preview":"max-image-preview:large","max-video-preview":"max-video-preview:-1"},"og_locale":"fr_CA","og_type":"article","og_title":"Six voitures qui font r\u00eaver sont en vedette au Mus\u00e9e Petersen de Los Angeles - CanadaMotorJobs.com","og_description":"Six voitures qui font r\u00eaver sont en vedette au Mus\u00e9e Petersen de Los Angeles - Benoit Charette - Annuel automobile - CanadaMotorJobs.com.","og_url":"https:\/\/news.canadamotorjobs.com\/fr\/six-voitures-qui-font-rever-sont-en-vedette-au-musee-petersen-de-los-angeles\/","og_site_name":"CanadaMotorJobs.com","article_publisher":"https:\/\/www.facebook.com\/canadamotorjobs\/","article_published_time":"2024-03-26T21:10:36+00:00","article_modified_time":"2024-03-26T21:45:23+00:00","og_image":[{"width":1024,"height":640,"url":"https:\/\/news.canadamotorjobs.com\/wp-content\/uploads\/2024\/03\/Musee-Petersen-Expo-Bortz_2.jpg","type":"image\/jpeg"}],"author":"Benoit Charette","twitter_card":"summary_large_image","twitter_creator":"@canadamotorjobs","twitter_site":"@canadamotorjobs","twitter_misc":{"\u00c9crit par":"Benoit Charette","Estimation du temps de lecture":"4 minutes"},"schema":{"@context":"https:\/\/schema.org","@graph":[{"@type":"Article","@id":"https:\/\/news.canadamotorjobs.com\/fr\/six-voitures-qui-font-rever-sont-en-vedette-au-musee-petersen-de-los-angeles\/#article","isPartOf":{"@id":"https:\/\/news.canadamotorjobs.com\/fr\/six-voitures-qui-font-rever-sont-en-vedette-au-musee-petersen-de-los-angeles\/"},"author":{"name":"Benoit Charette","@id":"https:\/\/news.canadamotorjobs.com\/#\/schema\/person\/51793d1f87d44011d7bcc2ed99269a90"},"headline":"Six voitures qui font r\u00eaver sont en vedette au Mus\u00e9e Petersen de Los Angeles","datePublished":"2024-03-26T21:10:36+00:00","dateModified":"2024-03-26T21:45:23+00:00","mainEntityOfPage":{"@id":"https:\/\/news.canadamotorjobs.com\/fr\/six-voitures-qui-font-rever-sont-en-vedette-au-musee-petersen-de-los-angeles\/"},"wordCount":821,"publisher":{"@id":"https:\/\/news.canadamotorjobs.com\/#organization"},"image":{"@id":"https:\/\/news.canadamotorjobs.com\/fr\/six-voitures-qui-font-rever-sont-en-vedette-au-musee-petersen-de-los-angeles\/#primaryimage"},"thumbnailUrl":"https:\/\/news.canadamotorjobs.com\/wp-content\/uploads\/2024\/03\/Musee-Petersen-Expo-Bortz_2.jpg","articleSection":["Annuel automobile"],"inLanguage":"fr-CA"},{"@type":"WebPage","@id":"https:\/\/news.canadamotorjobs.com\/fr\/six-voitures-qui-font-rever-sont-en-vedette-au-musee-petersen-de-los-angeles\/","url":"https:\/\/news.canadamotorjobs.com\/fr\/six-voitures-qui-font-rever-sont-en-vedette-au-musee-petersen-de-los-angeles\/","name":"Six voitures qui font r\u00eaver sont en vedette au Mus\u00e9e Petersen de Los Angeles - CanadaMotorJobs.com","isPartOf":{"@id":"https:\/\/news.canadamotorjobs.com\/#website"},"primaryImageOfPage":{"@id":"https:\/\/news.canadamotorjobs.com\/fr\/six-voitures-qui-font-rever-sont-en-vedette-au-musee-petersen-de-los-angeles\/#primaryimage"},"image":{"@id":"https:\/\/news.canadamotorjobs.com\/fr\/six-voitures-qui-font-rever-sont-en-vedette-au-musee-petersen-de-los-angeles\/#primaryimage"},"thumbnailUrl":"https:\/\/news.canadamotorjobs.com\/wp-content\/uploads\/2024\/03\/Musee-Petersen-Expo-Bortz_2.jpg","datePublished":"2024-03-26T21:10:36+00:00","dateModified":"2024-03-26T21:45:23+00:00","description":"Six voitures qui font r\u00eaver sont en vedette au Mus\u00e9e Petersen de Los Angeles - Benoit Charette - Annuel automobile - CanadaMotorJobs.com.","breadcrumb":{"@id":"https:\/\/news.canadamotorjobs.com\/fr\/six-voitures-qui-font-rever-sont-en-vedette-au-musee-petersen-de-los-angeles\/#breadcrumb"},"inLanguage":"fr-CA","potentialAction":[{"@type":"ReadAction","target":["https:\/\/news.canadamotorjobs.com\/fr\/six-voitures-qui-font-rever-sont-en-vedette-au-musee-petersen-de-los-angeles\/"]}]},{"@type":"ImageObject","inLanguage":"fr-CA","@id":"https:\/\/news.canadamotorjobs.com\/fr\/six-voitures-qui-font-rever-sont-en-vedette-au-musee-petersen-de-los-angeles\/#primaryimage","url":"https:\/\/news.canadamotorjobs.com\/wp-content\/uploads\/2024\/03\/Musee-Petersen-Expo-Bortz_2.jpg","contentUrl":"https:\/\/news.canadamotorjobs.com\/wp-content\/uploads\/2024\/03\/Musee-Petersen-Expo-Bortz_2.jpg","width":1024,"height":640},{"@type":"BreadcrumbList","@id":"https:\/\/news.canadamotorjobs.com\/fr\/six-voitures-qui-font-rever-sont-en-vedette-au-musee-petersen-de-los-angeles\/#breadcrumb","itemListElement":[{"@type":"ListItem","position":1,"name":"Home","item":"https:\/\/news.canadamotorjobs.com\/fr\/blog\/"},{"@type":"ListItem","position":2,"name":"Six voitures qui font r\u00eaver sont en vedette au Mus\u00e9e Petersen de Los Angeles"}]},{"@type":"WebSite","@id":"https:\/\/news.canadamotorjobs.com\/#website","url":"https:\/\/news.canadamotorjobs.com\/","name":"CanadaMotorJobs.com","description":"Automotive Jobs","publisher":{"@id":"https:\/\/news.canadamotorjobs.com\/#organization"},"potentialAction":[{"@type":"SearchAction","target":{"@type":"EntryPoint","urlTemplate":"https:\/\/news.canadamotorjobs.com\/?s={search_term_string}"},"query-input":"required name=search_term_string"}],"inLanguage":"fr-CA"},{"@type":"Organization","@id":"https:\/\/news.canadamotorjobs.com\/#organization","name":"Canada Motor Jobs","url":"https:\/\/news.canadamotorjobs.com\/","logo":{"@type":"ImageObject","inLanguage":"fr-CA","@id":"https:\/\/news.canadamotorjobs.com\/#\/schema\/logo\/image\/","url":"https:\/\/news.canadamotorjobs.com\/wp-content\/uploads\/2022\/10\/logo-canada-motor-jobs-1.png","contentUrl":"https:\/\/news.canadamotorjobs.com\/wp-content\/uploads\/2022\/10\/logo-canada-motor-jobs-1.png","width":800,"height":400,"caption":"Canada Motor Jobs"},"image":{"@id":"https:\/\/news.canadamotorjobs.com\/#\/schema\/logo\/image\/"},"sameAs":["https:\/\/www.facebook.com\/canadamotorjobs\/","https:\/\/x.com\/canadamotorjobs","https:\/\/www.instagram.com\/canadamotorjobs\/","https:\/\/www.linkedin.com\/company\/canadamotorjobs"]},{"@type":"Person","@id":"https:\/\/news.canadamotorjobs.com\/#\/schema\/person\/51793d1f87d44011d7bcc2ed99269a90","name":"Benoit Charette","image":{"@type":"ImageObject","inLanguage":"fr-CA","@id":"https:\/\/news.canadamotorjobs.com\/#\/schema\/person\/image\/","url":"https:\/\/secure.gravatar.com\/avatar\/45f3d2eebcccd909668d7ce7ea7267b6?s=96&d=mm&r=g","contentUrl":"https:\/\/secure.gravatar.com\/avatar\/45f3d2eebcccd909668d7ce7ea7267b6?s=96&d=mm&r=g","caption":"Benoit Charette"},"description":"Benoit Charette \/ Propri\u00e9taire et r\u00e9dacteur en chef Benoit Charette pratique le journalisme automobile depuis bient\u00f4t 30 ans. Il a fait ses classes au c\u00f4t\u00e9 de Daniel H\u00e9raud et au Carnet de route de 1992 \u00e0 2001. Il est fondateur, copropri\u00e9taire et r\u00e9dacteur en chef de L\u2019Annuel de l\u2019automobile, qu\u2019il publie depuis 2001. Il a anim\u00e9 les \u00e9missions RPM et RPM+ sur V et les L\u00e9gendes de la route sur Historia. \u00c0 la radio depuis 1986, il reprend l\u2019antenne cette ann\u00e9e sur les ondes de Cogeco et participe pour la deuxi\u00e8me ann\u00e9e \u00e0 l\u2019\u00e9mission Passion Auto sur RDS en plus de mettre en ligne le site Web officiel de L\u2019Annuel de l\u2019automobile sur annuelauto.ca.","sameAs":["https:\/\/annuelauto.ca\/"],"url":"https:\/\/news.canadamotorjobs.com\/fr\/author\/benoit-charette\/"}]}},"_links":{"self":[{"href":"https:\/\/news.canadamotorjobs.com\/fr\/wp-json\/wp\/v2\/posts\/161719"}],"collection":[{"href":"https:\/\/news.canadamotorjobs.com\/fr\/wp-json\/wp\/v2\/posts"}],"about":[{"href":"https:\/\/news.canadamotorjobs.com\/fr\/wp-json\/wp\/v2\/types\/post"}],"author":[{"embeddable":true,"href":"https:\/\/news.canadamotorjobs.com\/fr\/wp-json\/wp\/v2\/users\/8"}],"replies":[{"embeddable":true,"href":"https:\/\/news.canadamotorjobs.com\/fr\/wp-json\/wp\/v2\/comments?post=161719"}],"version-history":[{"count":2,"href":"https:\/\/news.canadamotorjobs.com\/fr\/wp-json\/wp\/v2\/posts\/161719\/revisions"}],"predecessor-version":[{"id":161723,"href":"https:\/\/news.canadamotorjobs.com\/fr\/wp-json\/wp\/v2\/posts\/161719\/revisions\/161723"}],"wp:featuredmedia":[{"embeddable":true,"href":"https:\/\/news.canadamotorjobs.com\/fr\/wp-json\/wp\/v2\/media\/161721"}],"wp:attachment":[{"href":"https:\/\/news.canadamotorjobs.com\/fr\/wp-json\/wp\/v2\/media?parent=161719"}],"wp:term":[{"taxonomy":"category","embeddable":true,"href":"https:\/\/news.canadamotorjobs.com\/fr\/wp-json\/wp\/v2\/categories?post=161719"},{"taxonomy":"post_tag","embeddable":true,"href":"https:\/\/news.canadamotorjobs.com\/fr\/wp-json\/wp\/v2\/tags?post=161719"}],"curies":[{"name":"wp","href":"https:\/\/api.w.org\/{rel}","templated":true}]}}