{"id":161677,"date":"2024-03-26T08:00:19","date_gmt":"2024-03-26T12:00:19","guid":{"rendered":"https:\/\/news.canadamotorjobs.com\/?p=161677"},"modified":"2024-03-26T08:11:33","modified_gmt":"2024-03-26T12:11:33","slug":"mercedes-benz-devoile-le-classe-g-2025","status":"publish","type":"post","link":"https:\/\/news.canadamotorjobs.com\/fr\/mercedes-benz-devoile-le-classe-g-2025\/","title":{"rendered":"Mercedes-Benz d\u00e9voile le Classe G 2025"},"content":{"rendered":"<\/p>\n<p>On l\u2019a vu faire des beignes sur la Strip \u00e0 Las Vegas en janvier dernier, mais c\u2019est officiellement cette semaine que Mercedes-Benz l\u00e8ve le voile sur ce qu&#8217;il convient d&#8217;appeler la cinqui\u00e8me g\u00e9n\u00e9ration de son Gel\u00e4ndewagen, le Classe G 2025, un 4&#215;4 qui change beaucoup, mais en m\u00eame temps, qui change aussi tr\u00e8s peu.<\/p>\n<p>Parce que c\u2019est assez apparent au premier coup d\u2019\u0153il : Mercedes-Benz n\u2019a pas voulu trop changer sa silhouette, tr\u00e8s carr\u00e9e, tr\u00e8s classique. Certains diront tr\u00e8s intemporelle. On reconna\u00eet le Classe G original, qui date de 1979, mais le capot, la calandre et les pare-chocs ont quand m\u00eame une forme plus moderne.<\/p>\n<p>En tout cas, ce camion-l\u00e0 a une allure unique. Et pourtant, il sera offert en quatre variantes par la marque allemande. Une de ces versions serait <a href=\"https:\/\/annuelauto.ca\/une-mercedes-classe-g-electrique-confirmee-pour-2024\/\">une \u00e9dition \u00e9lectrique<\/a>, dont on reparlera sans doute dans un futur proche.<\/p>\n<h3>Trois cylindr\u00e9es<\/h3>\n<p>\nLes trois versions \u00e0 moteur thermique du Classe G 2025 sont le G550, de base, et deux versions du G63 AMG, dont une version Offroad Edition qui, vous l\u2019avez compris, est faite sur-mesure pour faire l\u2019ascension d\u2019un volcan en pleine \u00e9ruption. Sa suspension est hydraulique, on trouve trois diff\u00e9rentiels \u00e0 blocage manuel, les roues et les garde-boue sont exclusifs, et on a des modes de conduite expr\u00e8s pour ne jamais tomber en bas de la falaise.<\/p>\n<p>Tout \u00e7a repose sur la m\u00e9canique du G63 AMG, lui-m\u00eame un monstre, d\u00e9j\u00e0. Il est propuls\u00e9 par un V8 biturbo, parce que pourquoi pas, qui lui permet de boucler le 0-100 km\/h en 4,3 secondes, ce qui est compl\u00e8tement d\u00e9jant\u00e9\u2026 Il repose sur des roues de 22 pouces, et son \u00e9chappement a \u00e9t\u00e9 devanc\u00e9 devant les roues arri\u00e8re. On trouve beaucoup de fibre de carbone, pour l\u2019all\u00e9ger un peu, et une suspension variable ajustable \u00e9lectroniquement qui assure une conduite irr\u00e9prochable peu importe o\u00f9 vous roulez.<\/p>\n<p>De base, le G550 est anim\u00e9 par un 6 cylindres aid\u00e9 par un petit moteur \u00e9lectrique de 48 volts. On dit que sa consommation moyenne est r\u00e9duire de 3 litres aux 100 kilom\u00e8tres. \u00c0 voir.<\/p>\n<h3>Classe G 2025.. avec MB.OS<\/h3>\n<p>\n\u00c0 bord, c\u2019est aussi la totale. On trouve le nouveau syst\u00e8me MBUX avec MB.OS, et une sono Burmeister qui propose du son 3D spatialis\u00e9. Mercedes-Benz a aussi cr\u00e9\u00e9 un syst\u00e8me de cam\u00e9ras qui offre une vue \u00e0 360 degr\u00e9s tr\u00e8s pratique, surtout en hors-route.<\/p>\n<p>En tout cas, on a bien h\u00e2te de conduire \u00e7a dans la boue. Surtout qu\u2019on n\u2019aura pas besoin de l\u2019acheter, parce que, honn\u00eatement, on n\u2019a pas h\u00e2te d\u2019en conna\u00eetre le prix\u2026<\/p>\n<p>Le texte <a rel=\"nofollow\" href=\"https:\/\/annuelauto.ca\/mercedes-benz-classe-g-de-5e-generation\/\">Mercedes-Benz d\u00e9voile le Classe G 2025<\/a> provient de <a rel=\"nofollow\" href=\"https:\/\/annuelauto.ca\">L&#8217;annuel de l&#8217;automobile &#8211; Actualit\u00e9 automobile<\/a><\/p>\n<p><\/p>\n","protected":false},"excerpt":{"rendered":"<p>On l\u2019a vu faire des beignes sur la Strip \u00e0 Las Vegas en janvier dernier, mais c\u2019est officiellement cette semaine que Mercedes-Benz l\u00e8ve le voile sur ce qu&#8217;il convient d&#8217;appeler la cinqui\u00e8me g\u00e9n\u00e9ration de son Gel\u00e4ndewagen, le Classe G 2025, un 4&#215;4 qui change beaucoup, mais en m\u00eame temps, qui change aussi tr\u00e8s peu. Parce [&hellip;]<\/p>\n","protected":false},"author":8,"featured_media":161679,"comment_status":"close","ping_status":"closed","sticky":false,"template":"","format":"standard","meta":{"_monsterinsights_skip_tracking":false,"_monsterinsights_sitenote_active":false,"_monsterinsights_sitenote_note":"","_monsterinsights_sitenote_category":0,"footnotes":""},"categories":[101],"tags":[],"yoast_head":"<!-- This site is optimized with the Yoast SEO plugin v23.2 - https:\/\/yoast.com\/wordpress\/plugins\/seo\/ -->\n<title>Mercedes-Benz d\u00e9voile le Classe G 2025 - CanadaMotorJobs.com<\/title>\n<meta name=\"description\" content=\"Mercedes-Benz d\u00e9voile le Classe G 2025 - Benoit Charette - Annuel automobile - CanadaMotorJobs.com.\" \/>\n<meta name=\"robots\" content=\"index, follow, max-snippet:-1, max-image-preview:large, max-video-preview:-1\" \/>\n<meta property=\"og:locale\" content=\"fr_CA\" \/>\n<meta property=\"og:type\" content=\"article\" \/>\n<meta property=\"og:title\" content=\"Mercedes-Benz d\u00e9voile le Classe G 2025 - CanadaMotorJobs.com\" \/>\n<meta property=\"og:description\" content=\"Mercedes-Benz d\u00e9voile le Classe G 2025 - Benoit Charette - Annuel automobile - CanadaMotorJobs.com.\" \/>\n<meta property=\"og:url\" content=\"https:\/\/news.canadamotorjobs.com\/fr\/mercedes-benz-devoile-le-classe-g-2025\/\" \/>\n<meta property=\"og:site_name\" content=\"CanadaMotorJobs.com\" \/>\n<meta property=\"article:publisher\" content=\"https:\/\/www.facebook.com\/canadamotorjobs\/\" \/>\n<meta property=\"article:published_time\" content=\"2024-03-26T12:00:19+00:00\" \/>\n<meta property=\"article:modified_time\" content=\"2024-03-26T12:11:33+00:00\" \/>\n<meta property=\"og:image\" content=\"https:\/\/news.canadamotorjobs.com\/wp-content\/uploads\/2024\/03\/24C0078_009.jpg\" \/>\n\t<meta property=\"og:image:width\" content=\"1280\" \/>\n\t<meta property=\"og:image:height\" content=\"853\" \/>\n\t<meta property=\"og:image:type\" content=\"image\/jpeg\" \/>\n<meta name=\"author\" content=\"Benoit Charette\" \/>\n<meta name=\"twitter:card\" content=\"summary_large_image\" \/>\n<meta name=\"twitter:creator\" content=\"@canadamotorjobs\" \/>\n<meta name=\"twitter:site\" content=\"@canadamotorjobs\" \/>\n<meta name=\"twitter:label1\" content=\"\u00c9crit par\" \/>\n\t<meta name=\"twitter:data1\" content=\"Benoit Charette\" \/>\n\t<meta name=\"twitter:label2\" content=\"Estimation du temps de lecture\" \/>\n\t<meta name=\"twitter:data2\" content=\"2 minutes\" \/>\n<!-- \/ Yoast SEO plugin. -->","yoast_head_json":{"title":"Mercedes-Benz d\u00e9voile le Classe G 2025 - CanadaMotorJobs.com","description":"Mercedes-Benz d\u00e9voile le Classe G 2025 - Benoit Charette - Annuel automobile - CanadaMotorJobs.com.","robots":{"index":"index","follow":"follow","max-snippet":"max-snippet:-1","max-image-preview":"max-image-preview:large","max-video-preview":"max-video-preview:-1"},"og_locale":"fr_CA","og_type":"article","og_title":"Mercedes-Benz d\u00e9voile le Classe G 2025 - CanadaMotorJobs.com","og_description":"Mercedes-Benz d\u00e9voile le Classe G 2025 - Benoit Charette - Annuel automobile - CanadaMotorJobs.com.","og_url":"https:\/\/news.canadamotorjobs.com\/fr\/mercedes-benz-devoile-le-classe-g-2025\/","og_site_name":"CanadaMotorJobs.com","article_publisher":"https:\/\/www.facebook.com\/canadamotorjobs\/","article_published_time":"2024-03-26T12:00:19+00:00","article_modified_time":"2024-03-26T12:11:33+00:00","og_image":[{"width":1280,"height":853,"url":"https:\/\/news.canadamotorjobs.com\/wp-content\/uploads\/2024\/03\/24C0078_009.jpg","type":"image\/jpeg"}],"author":"Benoit Charette","twitter_card":"summary_large_image","twitter_creator":"@canadamotorjobs","twitter_site":"@canadamotorjobs","twitter_misc":{"\u00c9crit par":"Benoit Charette","Estimation du temps de lecture":"2 minutes"},"schema":{"@context":"https:\/\/schema.org","@graph":[{"@type":"Article","@id":"https:\/\/news.canadamotorjobs.com\/fr\/mercedes-benz-devoile-le-classe-g-2025\/#article","isPartOf":{"@id":"https:\/\/news.canadamotorjobs.com\/fr\/mercedes-benz-devoile-le-classe-g-2025\/"},"author":{"name":"Benoit Charette","@id":"https:\/\/news.canadamotorjobs.com\/#\/schema\/person\/51793d1f87d44011d7bcc2ed99269a90"},"headline":"Mercedes-Benz d\u00e9voile le Classe G 2025","datePublished":"2024-03-26T12:00:19+00:00","dateModified":"2024-03-26T12:11:33+00:00","mainEntityOfPage":{"@id":"https:\/\/news.canadamotorjobs.com\/fr\/mercedes-benz-devoile-le-classe-g-2025\/"},"wordCount":482,"publisher":{"@id":"https:\/\/news.canadamotorjobs.com\/#organization"},"image":{"@id":"https:\/\/news.canadamotorjobs.com\/fr\/mercedes-benz-devoile-le-classe-g-2025\/#primaryimage"},"thumbnailUrl":"https:\/\/news.canadamotorjobs.com\/wp-content\/uploads\/2024\/03\/24C0078_009.jpg","articleSection":["Annuel automobile"],"inLanguage":"fr-CA"},{"@type":"WebPage","@id":"https:\/\/news.canadamotorjobs.com\/fr\/mercedes-benz-devoile-le-classe-g-2025\/","url":"https:\/\/news.canadamotorjobs.com\/fr\/mercedes-benz-devoile-le-classe-g-2025\/","name":"Mercedes-Benz d\u00e9voile le Classe G 2025 - CanadaMotorJobs.com","isPartOf":{"@id":"https:\/\/news.canadamotorjobs.com\/#website"},"primaryImageOfPage":{"@id":"https:\/\/news.canadamotorjobs.com\/fr\/mercedes-benz-devoile-le-classe-g-2025\/#primaryimage"},"image":{"@id":"https:\/\/news.canadamotorjobs.com\/fr\/mercedes-benz-devoile-le-classe-g-2025\/#primaryimage"},"thumbnailUrl":"https:\/\/news.canadamotorjobs.com\/wp-content\/uploads\/2024\/03\/24C0078_009.jpg","datePublished":"2024-03-26T12:00:19+00:00","dateModified":"2024-03-26T12:11:33+00:00","description":"Mercedes-Benz d\u00e9voile le Classe G 2025 - Benoit Charette - Annuel automobile - CanadaMotorJobs.com.","breadcrumb":{"@id":"https:\/\/news.canadamotorjobs.com\/fr\/mercedes-benz-devoile-le-classe-g-2025\/#breadcrumb"},"inLanguage":"fr-CA","potentialAction":[{"@type":"ReadAction","target":["https:\/\/news.canadamotorjobs.com\/fr\/mercedes-benz-devoile-le-classe-g-2025\/"]}]},{"@type":"ImageObject","inLanguage":"fr-CA","@id":"https:\/\/news.canadamotorjobs.com\/fr\/mercedes-benz-devoile-le-classe-g-2025\/#primaryimage","url":"https:\/\/news.canadamotorjobs.com\/wp-content\/uploads\/2024\/03\/24C0078_009.jpg","contentUrl":"https:\/\/news.canadamotorjobs.com\/wp-content\/uploads\/2024\/03\/24C0078_009.jpg","width":1280,"height":853},{"@type":"BreadcrumbList","@id":"https:\/\/news.canadamotorjobs.com\/fr\/mercedes-benz-devoile-le-classe-g-2025\/#breadcrumb","itemListElement":[{"@type":"ListItem","position":1,"name":"Home","item":"https:\/\/news.canadamotorjobs.com\/fr\/blog\/"},{"@type":"ListItem","position":2,"name":"Mercedes-Benz d\u00e9voile le Classe G 2025"}]},{"@type":"WebSite","@id":"https:\/\/news.canadamotorjobs.com\/#website","url":"https:\/\/news.canadamotorjobs.com\/","name":"CanadaMotorJobs.com","description":"Automotive Jobs","publisher":{"@id":"https:\/\/news.canadamotorjobs.com\/#organization"},"potentialAction":[{"@type":"SearchAction","target":{"@type":"EntryPoint","urlTemplate":"https:\/\/news.canadamotorjobs.com\/?s={search_term_string}"},"query-input":"required name=search_term_string"}],"inLanguage":"fr-CA"},{"@type":"Organization","@id":"https:\/\/news.canadamotorjobs.com\/#organization","name":"Canada Motor Jobs","url":"https:\/\/news.canadamotorjobs.com\/","logo":{"@type":"ImageObject","inLanguage":"fr-CA","@id":"https:\/\/news.canadamotorjobs.com\/#\/schema\/logo\/image\/","url":"https:\/\/news.canadamotorjobs.com\/wp-content\/uploads\/2022\/10\/logo-canada-motor-jobs-1.png","contentUrl":"https:\/\/news.canadamotorjobs.com\/wp-content\/uploads\/2022\/10\/logo-canada-motor-jobs-1.png","width":800,"height":400,"caption":"Canada Motor Jobs"},"image":{"@id":"https:\/\/news.canadamotorjobs.com\/#\/schema\/logo\/image\/"},"sameAs":["https:\/\/www.facebook.com\/canadamotorjobs\/","https:\/\/x.com\/canadamotorjobs","https:\/\/www.instagram.com\/canadamotorjobs\/","https:\/\/www.linkedin.com\/company\/canadamotorjobs"]},{"@type":"Person","@id":"https:\/\/news.canadamotorjobs.com\/#\/schema\/person\/51793d1f87d44011d7bcc2ed99269a90","name":"Benoit Charette","image":{"@type":"ImageObject","inLanguage":"fr-CA","@id":"https:\/\/news.canadamotorjobs.com\/#\/schema\/person\/image\/","url":"https:\/\/secure.gravatar.com\/avatar\/45f3d2eebcccd909668d7ce7ea7267b6?s=96&d=mm&r=g","contentUrl":"https:\/\/secure.gravatar.com\/avatar\/45f3d2eebcccd909668d7ce7ea7267b6?s=96&d=mm&r=g","caption":"Benoit Charette"},"description":"Benoit Charette \/ Propri\u00e9taire et r\u00e9dacteur en chef Benoit Charette pratique le journalisme automobile depuis bient\u00f4t 30 ans. Il a fait ses classes au c\u00f4t\u00e9 de Daniel H\u00e9raud et au Carnet de route de 1992 \u00e0 2001. Il est fondateur, copropri\u00e9taire et r\u00e9dacteur en chef de L\u2019Annuel de l\u2019automobile, qu\u2019il publie depuis 2001. Il a anim\u00e9 les \u00e9missions RPM et RPM+ sur V et les L\u00e9gendes de la route sur Historia. \u00c0 la radio depuis 1986, il reprend l\u2019antenne cette ann\u00e9e sur les ondes de Cogeco et participe pour la deuxi\u00e8me ann\u00e9e \u00e0 l\u2019\u00e9mission Passion Auto sur RDS en plus de mettre en ligne le site Web officiel de L\u2019Annuel de l\u2019automobile sur annuelauto.ca.","sameAs":["https:\/\/annuelauto.ca\/"],"url":"https:\/\/news.canadamotorjobs.com\/fr\/author\/benoit-charette\/"}]}},"_links":{"self":[{"href":"https:\/\/news.canadamotorjobs.com\/fr\/wp-json\/wp\/v2\/posts\/161677"}],"collection":[{"href":"https:\/\/news.canadamotorjobs.com\/fr\/wp-json\/wp\/v2\/posts"}],"about":[{"href":"https:\/\/news.canadamotorjobs.com\/fr\/wp-json\/wp\/v2\/types\/post"}],"author":[{"embeddable":true,"href":"https:\/\/news.canadamotorjobs.com\/fr\/wp-json\/wp\/v2\/users\/8"}],"replies":[{"embeddable":true,"href":"https:\/\/news.canadamotorjobs.com\/fr\/wp-json\/wp\/v2\/comments?post=161677"}],"version-history":[{"count":2,"href":"https:\/\/news.canadamotorjobs.com\/fr\/wp-json\/wp\/v2\/posts\/161677\/revisions"}],"predecessor-version":[{"id":161681,"href":"https:\/\/news.canadamotorjobs.com\/fr\/wp-json\/wp\/v2\/posts\/161677\/revisions\/161681"}],"wp:featuredmedia":[{"embeddable":true,"href":"https:\/\/news.canadamotorjobs.com\/fr\/wp-json\/wp\/v2\/media\/161679"}],"wp:attachment":[{"href":"https:\/\/news.canadamotorjobs.com\/fr\/wp-json\/wp\/v2\/media?parent=161677"}],"wp:term":[{"taxonomy":"category","embeddable":true,"href":"https:\/\/news.canadamotorjobs.com\/fr\/wp-json\/wp\/v2\/categories?post=161677"},{"taxonomy":"post_tag","embeddable":true,"href":"https:\/\/news.canadamotorjobs.com\/fr\/wp-json\/wp\/v2\/tags?post=161677"}],"curies":[{"name":"wp","href":"https:\/\/api.w.org\/{rel}","templated":true}]}}