{"id":161616,"date":"2024-03-25T06:59:15","date_gmt":"2024-03-25T10:59:15","guid":{"rendered":"https:\/\/news.canadamotorjobs.com\/?p=161616"},"modified":"2024-03-25T07:01:31","modified_gmt":"2024-03-25T11:01:31","slug":"un-canadien-base-en-chine-a-vole-des-secrets-de-tesla-selon-des-procureurs-americains","status":"publish","type":"post","link":"https:\/\/news.canadamotorjobs.com\/fr\/un-canadien-base-en-chine-a-vole-des-secrets-de-tesla-selon-des-procureurs-americains\/","title":{"rendered":"Un Canadien bas\u00e9 en Chine a vol\u00e9 des secrets de Tesla, selon des procureurs am\u00e9ricains"},"content":{"rendered":"<\/p>\n<p>Un Canadien r\u00e9sidant en Chine a \u00e9t\u00e9 arr\u00eat\u00e9 aux \u00c9tats-Unis pour avoir pr\u00e9tendument vol\u00e9 des secrets commerciaux du constructeur de voitures \u00e9lectriques Tesla et conspir\u00e9 pour les vendre \u00e0 des agents infiltr\u00e9s des forces de l&#8217;ordre.<\/p>\n<h3>Vol de technologie<\/h3>\n<p>\nKlaus Pflugbeil, l&#8217;exploitant d&#8217;une entreprise bas\u00e9e en Chine qui vend des technologies utilis\u00e9es dans les v\u00e9hicules \u00e9lectriques, a \u00e9t\u00e9 arr\u00eat\u00e9 mardi \u00e0 New York, ont d\u00e9clar\u00e9 les procureurs f\u00e9d\u00e9raux de Brooklyn. Il s&#8217;\u00e9tait rendu \u00e0 un rendez-vous avec des agents infiltr\u00e9s qu&#8217;il croyait \u00eatre des hommes d&#8217;affaires de Long Island, ont indiqu\u00e9 les procureurs.<\/p>\n<h3>Un associ\u00e9 chinois<\/h3>\n<p>\nPflugbeil et son associ\u00e9 Yilong Shao ont cr\u00e9\u00e9 leur entreprise en utilisant des secrets commerciaux appartenant \u00e0 &#8220;une grande entreprise am\u00e9ricaine de v\u00e9hicules \u00e9lectriques&#8221;, ont d\u00e9clar\u00e9 les procureurs. M. Shao a \u00e9galement \u00e9t\u00e9 inculp\u00e9, mais il est toujours en fuite.<\/p>\n<h3>Revente \u00e0 une soci\u00e9t\u00e9 canadienne<\/h3>\n<p>\nLes procureurs n&#8217;ont pas nomm\u00e9 la soci\u00e9t\u00e9 am\u00e9ricaine, mais ont d\u00e9clar\u00e9 qu&#8217;elle avait acquis un fabricant de lignes d&#8217;assemblage de batteries bas\u00e9 au Canada en 2019. Cela correspond \u00e0 la description de l&#8217;acquisition par Tesla d&#8217;une entreprise canadienne nomm\u00e9e Hibar. Pflugbeil et Shao sont tous deux d&#8217;anciens employ\u00e9s de la soci\u00e9t\u00e9 canadienne, selon les procureurs.<\/p>\n<h3>Devant la cour cette semaine<\/h3>\n<p>\nPflugbeil devrait compara\u00eetre pour la premi\u00e8re fois devant le tribunal f\u00e9d\u00e9ral de Brooklyn mardi apr\u00e8s-midi, ont indiqu\u00e9 les procureurs. Son avocat n&#8217;a pas r\u00e9pondu imm\u00e9diatement \u00e0 une demande de commentaire. Shao n&#8217;a pas pu \u00eatre joint pour un commentaire.<\/p>\n<p>\u00a0<\/p>\n<p>Avec des renseignements d\u2019Autoblog<\/p>\n<p>Le texte <a rel=\"nofollow\" href=\"https:\/\/annuelauto.ca\/un-canadien-base-en-chine-a-vole-des-secrets-de-tesla-selon-des-procureurs-americains\/\">Un Canadien bas\u00e9 en Chine a vol\u00e9 des secrets de Tesla, selon des procureurs am\u00e9ricains<\/a> provient de <a rel=\"nofollow\" href=\"https:\/\/annuelauto.ca\">L&#8217;annuel de l&#8217;automobile &#8211; Actualit\u00e9 automobile<\/a><\/p>\n<p><\/p>\n","protected":false},"excerpt":{"rendered":"<p>Un Canadien r\u00e9sidant en Chine a \u00e9t\u00e9 arr\u00eat\u00e9 aux \u00c9tats-Unis pour avoir pr\u00e9tendument vol\u00e9 des secrets commerciaux du constructeur de voitures \u00e9lectriques Tesla et conspir\u00e9 pour les vendre \u00e0 des agents infiltr\u00e9s des forces de l&#8217;ordre. Vol de technologie Klaus Pflugbeil, l&#8217;exploitant d&#8217;une entreprise bas\u00e9e en Chine qui vend des technologies utilis\u00e9es dans les v\u00e9hicules [&hellip;]<\/p>\n","protected":false},"author":8,"featured_media":161618,"comment_status":"close","ping_status":"closed","sticky":false,"template":"","format":"standard","meta":{"_monsterinsights_skip_tracking":false,"_monsterinsights_sitenote_active":false,"_monsterinsights_sitenote_note":"","_monsterinsights_sitenote_category":0,"footnotes":""},"categories":[101],"tags":[],"yoast_head":"<!-- This site is optimized with the Yoast SEO plugin v23.2 - https:\/\/yoast.com\/wordpress\/plugins\/seo\/ -->\n<title>Un Canadien bas\u00e9 en Chine a vol\u00e9 des secrets de Tesla, selon des procureurs am\u00e9ricains - CanadaMotorJobs.com<\/title>\n<meta name=\"description\" content=\"Un Canadien bas\u00e9 en Chine a vol\u00e9 des secrets de Tesla, selon des procureurs am\u00e9ricains - Benoit Charette - Annuel automobile - CanadaMotorJobs.com.\" \/>\n<meta name=\"robots\" content=\"index, follow, max-snippet:-1, max-image-preview:large, max-video-preview:-1\" \/>\n<meta property=\"og:locale\" content=\"fr_CA\" \/>\n<meta property=\"og:type\" content=\"article\" \/>\n<meta property=\"og:title\" content=\"Un Canadien bas\u00e9 en Chine a vol\u00e9 des secrets de Tesla, selon des procureurs am\u00e9ricains - CanadaMotorJobs.com\" \/>\n<meta property=\"og:description\" content=\"Un Canadien bas\u00e9 en Chine a vol\u00e9 des secrets de Tesla, selon des procureurs am\u00e9ricains - Benoit Charette - Annuel automobile - CanadaMotorJobs.com.\" \/>\n<meta property=\"og:url\" content=\"https:\/\/news.canadamotorjobs.com\/fr\/un-canadien-base-en-chine-a-vole-des-secrets-de-tesla-selon-des-procureurs-americains\/\" \/>\n<meta property=\"og:site_name\" content=\"CanadaMotorJobs.com\" \/>\n<meta property=\"article:publisher\" content=\"https:\/\/www.facebook.com\/canadamotorjobs\/\" \/>\n<meta property=\"article:published_time\" content=\"2024-03-25T10:59:15+00:00\" \/>\n<meta property=\"article:modified_time\" content=\"2024-03-25T11:01:31+00:00\" \/>\n<meta property=\"og:image\" content=\"https:\/\/news.canadamotorjobs.com\/wp-content\/uploads\/2024\/03\/775163be-21da-4c26-a411-68e598514c1e.jpeg\" \/>\n\t<meta property=\"og:image:width\" content=\"1200\" \/>\n\t<meta property=\"og:image:height\" content=\"720\" \/>\n\t<meta property=\"og:image:type\" content=\"image\/jpeg\" \/>\n<meta name=\"author\" content=\"Benoit Charette\" \/>\n<meta name=\"twitter:card\" content=\"summary_large_image\" \/>\n<meta name=\"twitter:creator\" content=\"@canadamotorjobs\" \/>\n<meta name=\"twitter:site\" content=\"@canadamotorjobs\" \/>\n<meta name=\"twitter:label1\" content=\"\u00c9crit par\" \/>\n\t<meta name=\"twitter:data1\" content=\"Benoit Charette\" \/>\n\t<meta name=\"twitter:label2\" content=\"Estimation du temps de lecture\" \/>\n\t<meta name=\"twitter:data2\" content=\"1 minute\" \/>\n<!-- \/ Yoast SEO plugin. -->","yoast_head_json":{"title":"Un Canadien bas\u00e9 en Chine a vol\u00e9 des secrets de Tesla, selon des procureurs am\u00e9ricains - CanadaMotorJobs.com","description":"Un Canadien bas\u00e9 en Chine a vol\u00e9 des secrets de Tesla, selon des procureurs am\u00e9ricains - Benoit Charette - Annuel automobile - CanadaMotorJobs.com.","robots":{"index":"index","follow":"follow","max-snippet":"max-snippet:-1","max-image-preview":"max-image-preview:large","max-video-preview":"max-video-preview:-1"},"og_locale":"fr_CA","og_type":"article","og_title":"Un Canadien bas\u00e9 en Chine a vol\u00e9 des secrets de Tesla, selon des procureurs am\u00e9ricains - CanadaMotorJobs.com","og_description":"Un Canadien bas\u00e9 en Chine a vol\u00e9 des secrets de Tesla, selon des procureurs am\u00e9ricains - Benoit Charette - Annuel automobile - CanadaMotorJobs.com.","og_url":"https:\/\/news.canadamotorjobs.com\/fr\/un-canadien-base-en-chine-a-vole-des-secrets-de-tesla-selon-des-procureurs-americains\/","og_site_name":"CanadaMotorJobs.com","article_publisher":"https:\/\/www.facebook.com\/canadamotorjobs\/","article_published_time":"2024-03-25T10:59:15+00:00","article_modified_time":"2024-03-25T11:01:31+00:00","og_image":[{"width":1200,"height":720,"url":"https:\/\/news.canadamotorjobs.com\/wp-content\/uploads\/2024\/03\/775163be-21da-4c26-a411-68e598514c1e.jpeg","type":"image\/jpeg"}],"author":"Benoit Charette","twitter_card":"summary_large_image","twitter_creator":"@canadamotorjobs","twitter_site":"@canadamotorjobs","twitter_misc":{"\u00c9crit par":"Benoit Charette","Estimation du temps de lecture":"1 minute"},"schema":{"@context":"https:\/\/schema.org","@graph":[{"@type":"Article","@id":"https:\/\/news.canadamotorjobs.com\/fr\/un-canadien-base-en-chine-a-vole-des-secrets-de-tesla-selon-des-procureurs-americains\/#article","isPartOf":{"@id":"https:\/\/news.canadamotorjobs.com\/fr\/un-canadien-base-en-chine-a-vole-des-secrets-de-tesla-selon-des-procureurs-americains\/"},"author":{"name":"Benoit Charette","@id":"https:\/\/news.canadamotorjobs.com\/#\/schema\/person\/51793d1f87d44011d7bcc2ed99269a90"},"headline":"Un Canadien bas\u00e9 en Chine a vol\u00e9 des secrets de Tesla, selon des procureurs am\u00e9ricains","datePublished":"2024-03-25T10:59:15+00:00","dateModified":"2024-03-25T11:01:31+00:00","mainEntityOfPage":{"@id":"https:\/\/news.canadamotorjobs.com\/fr\/un-canadien-base-en-chine-a-vole-des-secrets-de-tesla-selon-des-procureurs-americains\/"},"wordCount":323,"publisher":{"@id":"https:\/\/news.canadamotorjobs.com\/#organization"},"image":{"@id":"https:\/\/news.canadamotorjobs.com\/fr\/un-canadien-base-en-chine-a-vole-des-secrets-de-tesla-selon-des-procureurs-americains\/#primaryimage"},"thumbnailUrl":"https:\/\/news.canadamotorjobs.com\/wp-content\/uploads\/2024\/03\/775163be-21da-4c26-a411-68e598514c1e.jpeg","articleSection":["Annuel automobile"],"inLanguage":"fr-CA"},{"@type":"WebPage","@id":"https:\/\/news.canadamotorjobs.com\/fr\/un-canadien-base-en-chine-a-vole-des-secrets-de-tesla-selon-des-procureurs-americains\/","url":"https:\/\/news.canadamotorjobs.com\/fr\/un-canadien-base-en-chine-a-vole-des-secrets-de-tesla-selon-des-procureurs-americains\/","name":"Un Canadien bas\u00e9 en Chine a vol\u00e9 des secrets de Tesla, selon des procureurs am\u00e9ricains - CanadaMotorJobs.com","isPartOf":{"@id":"https:\/\/news.canadamotorjobs.com\/#website"},"primaryImageOfPage":{"@id":"https:\/\/news.canadamotorjobs.com\/fr\/un-canadien-base-en-chine-a-vole-des-secrets-de-tesla-selon-des-procureurs-americains\/#primaryimage"},"image":{"@id":"https:\/\/news.canadamotorjobs.com\/fr\/un-canadien-base-en-chine-a-vole-des-secrets-de-tesla-selon-des-procureurs-americains\/#primaryimage"},"thumbnailUrl":"https:\/\/news.canadamotorjobs.com\/wp-content\/uploads\/2024\/03\/775163be-21da-4c26-a411-68e598514c1e.jpeg","datePublished":"2024-03-25T10:59:15+00:00","dateModified":"2024-03-25T11:01:31+00:00","description":"Un Canadien bas\u00e9 en Chine a vol\u00e9 des secrets de Tesla, selon des procureurs am\u00e9ricains - Benoit Charette - Annuel automobile - CanadaMotorJobs.com.","breadcrumb":{"@id":"https:\/\/news.canadamotorjobs.com\/fr\/un-canadien-base-en-chine-a-vole-des-secrets-de-tesla-selon-des-procureurs-americains\/#breadcrumb"},"inLanguage":"fr-CA","potentialAction":[{"@type":"ReadAction","target":["https:\/\/news.canadamotorjobs.com\/fr\/un-canadien-base-en-chine-a-vole-des-secrets-de-tesla-selon-des-procureurs-americains\/"]}]},{"@type":"ImageObject","inLanguage":"fr-CA","@id":"https:\/\/news.canadamotorjobs.com\/fr\/un-canadien-base-en-chine-a-vole-des-secrets-de-tesla-selon-des-procureurs-americains\/#primaryimage","url":"https:\/\/news.canadamotorjobs.com\/wp-content\/uploads\/2024\/03\/775163be-21da-4c26-a411-68e598514c1e.jpeg","contentUrl":"https:\/\/news.canadamotorjobs.com\/wp-content\/uploads\/2024\/03\/775163be-21da-4c26-a411-68e598514c1e.jpeg","width":1200,"height":720},{"@type":"BreadcrumbList","@id":"https:\/\/news.canadamotorjobs.com\/fr\/un-canadien-base-en-chine-a-vole-des-secrets-de-tesla-selon-des-procureurs-americains\/#breadcrumb","itemListElement":[{"@type":"ListItem","position":1,"name":"Home","item":"https:\/\/news.canadamotorjobs.com\/fr\/blog\/"},{"@type":"ListItem","position":2,"name":"Un Canadien bas\u00e9 en Chine a vol\u00e9 des secrets de Tesla, selon des procureurs am\u00e9ricains"}]},{"@type":"WebSite","@id":"https:\/\/news.canadamotorjobs.com\/#website","url":"https:\/\/news.canadamotorjobs.com\/","name":"CanadaMotorJobs.com","description":"Automotive Jobs","publisher":{"@id":"https:\/\/news.canadamotorjobs.com\/#organization"},"potentialAction":[{"@type":"SearchAction","target":{"@type":"EntryPoint","urlTemplate":"https:\/\/news.canadamotorjobs.com\/?s={search_term_string}"},"query-input":"required name=search_term_string"}],"inLanguage":"fr-CA"},{"@type":"Organization","@id":"https:\/\/news.canadamotorjobs.com\/#organization","name":"Canada Motor Jobs","url":"https:\/\/news.canadamotorjobs.com\/","logo":{"@type":"ImageObject","inLanguage":"fr-CA","@id":"https:\/\/news.canadamotorjobs.com\/#\/schema\/logo\/image\/","url":"https:\/\/news.canadamotorjobs.com\/wp-content\/uploads\/2022\/10\/logo-canada-motor-jobs-1.png","contentUrl":"https:\/\/news.canadamotorjobs.com\/wp-content\/uploads\/2022\/10\/logo-canada-motor-jobs-1.png","width":800,"height":400,"caption":"Canada Motor Jobs"},"image":{"@id":"https:\/\/news.canadamotorjobs.com\/#\/schema\/logo\/image\/"},"sameAs":["https:\/\/www.facebook.com\/canadamotorjobs\/","https:\/\/x.com\/canadamotorjobs","https:\/\/www.instagram.com\/canadamotorjobs\/","https:\/\/www.linkedin.com\/company\/canadamotorjobs"]},{"@type":"Person","@id":"https:\/\/news.canadamotorjobs.com\/#\/schema\/person\/51793d1f87d44011d7bcc2ed99269a90","name":"Benoit Charette","image":{"@type":"ImageObject","inLanguage":"fr-CA","@id":"https:\/\/news.canadamotorjobs.com\/#\/schema\/person\/image\/","url":"https:\/\/secure.gravatar.com\/avatar\/45f3d2eebcccd909668d7ce7ea7267b6?s=96&d=mm&r=g","contentUrl":"https:\/\/secure.gravatar.com\/avatar\/45f3d2eebcccd909668d7ce7ea7267b6?s=96&d=mm&r=g","caption":"Benoit Charette"},"description":"Benoit Charette \/ Propri\u00e9taire et r\u00e9dacteur en chef Benoit Charette pratique le journalisme automobile depuis bient\u00f4t 30 ans. Il a fait ses classes au c\u00f4t\u00e9 de Daniel H\u00e9raud et au Carnet de route de 1992 \u00e0 2001. Il est fondateur, copropri\u00e9taire et r\u00e9dacteur en chef de L\u2019Annuel de l\u2019automobile, qu\u2019il publie depuis 2001. Il a anim\u00e9 les \u00e9missions RPM et RPM+ sur V et les L\u00e9gendes de la route sur Historia. \u00c0 la radio depuis 1986, il reprend l\u2019antenne cette ann\u00e9e sur les ondes de Cogeco et participe pour la deuxi\u00e8me ann\u00e9e \u00e0 l\u2019\u00e9mission Passion Auto sur RDS en plus de mettre en ligne le site Web officiel de L\u2019Annuel de l\u2019automobile sur annuelauto.ca.","sameAs":["https:\/\/annuelauto.ca\/"],"url":"https:\/\/news.canadamotorjobs.com\/fr\/author\/benoit-charette\/"}]}},"_links":{"self":[{"href":"https:\/\/news.canadamotorjobs.com\/fr\/wp-json\/wp\/v2\/posts\/161616"}],"collection":[{"href":"https:\/\/news.canadamotorjobs.com\/fr\/wp-json\/wp\/v2\/posts"}],"about":[{"href":"https:\/\/news.canadamotorjobs.com\/fr\/wp-json\/wp\/v2\/types\/post"}],"author":[{"embeddable":true,"href":"https:\/\/news.canadamotorjobs.com\/fr\/wp-json\/wp\/v2\/users\/8"}],"replies":[{"embeddable":true,"href":"https:\/\/news.canadamotorjobs.com\/fr\/wp-json\/wp\/v2\/comments?post=161616"}],"version-history":[{"count":2,"href":"https:\/\/news.canadamotorjobs.com\/fr\/wp-json\/wp\/v2\/posts\/161616\/revisions"}],"predecessor-version":[{"id":161620,"href":"https:\/\/news.canadamotorjobs.com\/fr\/wp-json\/wp\/v2\/posts\/161616\/revisions\/161620"}],"wp:featuredmedia":[{"embeddable":true,"href":"https:\/\/news.canadamotorjobs.com\/fr\/wp-json\/wp\/v2\/media\/161618"}],"wp:attachment":[{"href":"https:\/\/news.canadamotorjobs.com\/fr\/wp-json\/wp\/v2\/media?parent=161616"}],"wp:term":[{"taxonomy":"category","embeddable":true,"href":"https:\/\/news.canadamotorjobs.com\/fr\/wp-json\/wp\/v2\/categories?post=161616"},{"taxonomy":"post_tag","embeddable":true,"href":"https:\/\/news.canadamotorjobs.com\/fr\/wp-json\/wp\/v2\/tags?post=161616"}],"curies":[{"name":"wp","href":"https:\/\/api.w.org\/{rel}","templated":true}]}}