{"id":161547,"date":"2024-03-23T11:26:09","date_gmt":"2024-03-23T15:26:09","guid":{"rendered":"https:\/\/news.canadamotorjobs.com\/?p=161547"},"modified":"2024-03-23T11:29:59","modified_gmt":"2024-03-23T15:29:59","slug":"hyundai-ioniq-5-2024-attendez-lessuie-glace-arriere","status":"publish","type":"post","link":"https:\/\/news.canadamotorjobs.com\/fr\/hyundai-ioniq-5-2024-attendez-lessuie-glace-arriere\/","title":{"rendered":"Hyundai Ioniq\u00a05 2024\u00a0: attendez l\u2019essuie-glace arri\u00e8re"},"content":{"rendered":"<\/p>\n<p>Le VUS Ioniq\u00a05 s\u2019est point\u00e9 sur le march\u00e9 en 2022 et il s\u2019est av\u00e9r\u00e9 populaire d\u00e8s le d\u00e9part, principalement en raison de son style accrocheur, mais aussi parce que dans l\u2019ensemble, on parle d\u2019un mod\u00e8le efficace au format attrayant.<\/p>\n<p>Cependant, on a rapidement r\u00e9alis\u00e9 qu\u2019il avait une \u00e9norme tache \u00e0 son dossier\u2009; la lunette arri\u00e8re ne proposait pas d\u2019essuie-glace. Or, si ce d\u00e9tail est vite oubli\u00e9 lorsqu\u2019on roule en Californie, au Qu\u00e9bec, c\u2019est une autre paire de manches.<\/p>\n<p>Lors de la semaine du 26\u00a0f\u00e9vrier au 4\u00a0mars dernier, j\u2019\u00e9tais au volant d\u2019une version\u00a02024 et j\u2019ai v\u00e9cu une situation \u00e0 laquelle ont certainement \u00e9t\u00e9 confront\u00e9s quantit\u00e9 de propri\u00e9taires, soit une sortie o\u00f9 la lunette arri\u00e8re s\u2019est transform\u00e9e en porte de douche. Vous savez, celle recouverte d\u2019un enduit opaque o\u00f9 l\u2019on ne voit que des formes qu\u2019on n\u2019arrive jamais \u00e0 distinguer.<\/p>\n<p>Il fallait que je vous raconte mon aventure et que j\u2019en profite pour y aller d\u2019une recommandation toute simple\u2009; attendez donc avant d\u2019acheter ce mod\u00e8le, surtout que l\u2019essuie-glace sera de la partie en 2025.<\/p>\n<h3>Une question de s\u00e9curit\u00e9<\/h3>\n<p>\nEt la raison est bien simple\u2009; c\u2019est une question de s\u00e9curit\u00e9. Lors de ma balade d\u2019environ 170\u00a0km, alors qu\u2019une fine bruine s\u2019abattait, la lunette s\u2019est rapidement obstru\u00e9e. Il n\u2019y a rien de pire qu\u2019une douche de millions de gouttelettes qui viennent litt\u00e9ralement se coller aux vitres.<\/p>\n<p>Avec les glaces lat\u00e9rales, \u00e7a va\u2009; il suffit de les baisser et de les remonter de temps en temps et le tour est jou\u00e9. \u00c0 l\u2019arri\u00e8re, apr\u00e8s une dizaine de kilom\u00e8tres, je n\u2019y voyais plus rien, comme vous pouvez le constater sur la photo. Oh, il \u00e9tait bien s\u00fbr possible de distinguer des phares ici et l\u00e0, mais pour la pr\u00e9cision, on repassera.<\/p>\n<p>Sur l\u2019autoroute, l\u2019exp\u00e9rience n\u2019avait rien d\u2019agr\u00e9able. Lorsqu\u2019un v\u00e9hicule se pointait derri\u00e8re, je savais qu\u2019il \u00e9tait l\u00e0, mais il m\u2019\u00e9tait impossible de juger \u00e0 quelle distance. On doit alors constamment avoir les yeux dans les r\u00e9troviseurs lat\u00e9raux. Vous me direz que c\u2019est exactement la r\u00e9alit\u00e9 de tous ceux qui conduisent un fourgon muni de portes pleines \u00e0 l\u2019arri\u00e8re. Vous avez raison. Cependant, ce type de v\u00e9hicule est \u00e9quip\u00e9 de r\u00e9troviseurs lat\u00e9raux beaucoup plus larges. De plus, on sait dans quoi l\u2019on s\u2019embarque avec ce genre de mod\u00e8le alors qu\u2019on n\u2019ach\u00e8te pas un Ioniq\u00a05 pour avoir la sensation de conduire un fourgon.<\/p>\n<p>Comme \u00ab\u2009faux pas\u2009\u00bb, l\u2019id\u00e9e de commercialiser ce genre de v\u00e9hicule sans essuie-glace arri\u00e8re en est tout un. Heureusement, la chose sera corrig\u00e9e en 2025.<\/p>\n<h3>Le reste<\/h3>\n<p>\nPour le reste, on passe un bon moment au volant du Ioniq 5. Ce qui marque le plus l\u2019exp\u00e9rience, c\u2019est le niveau de confort, vraiment excellent. J\u2019avais \u00e0 l\u2019essai le Kona \u00e9lectrique lors de la semaine pr\u00e9c\u00e9dente et la diff\u00e9rence est notable entre les deux. Pour ce qui est du poids, c\u2019est lourd \u00e0 quelque 2000 kg pour la version \u00e0 quatre roues motrices. On a vu pire. C\u2019est environ le poids du nouveau Santa Fe, un v\u00e9hicule bien plus gros. Cons\u00e9quemment, on ne tente pas trop de man\u0153uvres sportives au volant du Ioniq 5. Quant \u00e0 l\u2019autonomie, \u00e7a varie bien s\u00fbr d\u2019une version \u00e0 une autre, avec une libert\u00e9 annonc\u00e9e de 488 km avec les mod\u00e8les \u00e0 deux roues motrices (propulsion) et 414 avec ceux dot\u00e9s du rouage int\u00e9gral. Notez que ce sera bonifi\u00e9 pour 2025, une autre raison d\u2019attendre la prochaine cuv\u00e9e<\/p>\n<p>Une fois charg\u00e9, le tableau de bord de mon mod\u00e8le d\u2019essai m\u2019indiquait la possibilit\u00e9 de franchir 350-355\u00a0km, une r\u00e9alit\u00e9 qui devenait rapidement 330-340\u00a0km en faisant grimper la temp\u00e9rature de l\u2019habitacle. Les produits cor\u00e9ens sont plut\u00f4t sensibles \u00e0 tous ces petits changements. \u00c7a a le d\u00e9savantage d\u2019\u00eatre un peu plus stressant, mais parall\u00e8lement, on sait exactement \u00e0 quoi s\u2019en tenir lorsqu\u2019on fait fonctionner des appareils.<\/p>\n<p>Pour ce qui est de l\u2019autonomie annonc\u00e9e, elle s\u2019est av\u00e9r\u00e9e assez pr\u00e9cise, malgr\u00e9 un trajet r\u00e9alis\u00e9 majoritairement sur autoroutes. La temp\u00e9rature \u00e9tait cl\u00e9mente (5 \u00e0 10\u00a0degr\u00e9s Celsius), ce qui fait que je n\u2019ai pas \u00e9t\u00e9 trop inquiet de ce c\u00f4t\u00e9. Historiquement, avec l\u2019essai d\u2019autres produits Hyundai par temps froid, j\u2019ai trouv\u00e9 que l\u2019autonomie avait tendance \u00e0 fondre un peu trop rapidement sur l\u2019autoroute, comparativement \u00e0 la r\u00e9alit\u00e9 v\u00e9cue avec des mod\u00e8les concurrents. L\u00e0, c\u2019\u00e9tait tout \u00e0 fait correct.<\/p>\n<h3>Conclusion<\/h3>\n<p>\nSi le Hyundai Ioniq\u00a05 est sur votre liste d\u2019achats, sachez qu\u2019on recommande ce mod\u00e8le \u00e0 l\u2019Annuel de l\u2019automobile. Cependant, je le r\u00e9p\u00e8te, puisqu\u2019un essuie-glace sera pr\u00e9sent avec les versions\u00a02025, patientez\u2009; vous allez vous f\u00e9liciter de l\u2019avoir fait.<\/p>\n<p>\u00a0<\/p>\n<p>\u00a0<\/p>\n<p>\u00a0<\/p>\n<p>Le texte <a rel=\"nofollow\" href=\"https:\/\/annuelauto.ca\/hyundai-ioniq-5-2024-attendez-lessuie-glace-arriere\/\">Hyundai Ioniq\u00a05 2024\u00a0: attendez l\u2019essuie-glace arri\u00e8re<\/a> provient de <a rel=\"nofollow\" href=\"https:\/\/annuelauto.ca\">L&#8217;annuel de l&#8217;automobile &#8211; Actualit\u00e9 automobile<\/a><\/p>\n<p><\/p>\n","protected":false},"excerpt":{"rendered":"<p>Le VUS Ioniq\u00a05 s\u2019est point\u00e9 sur le march\u00e9 en 2022 et il s\u2019est av\u00e9r\u00e9 populaire d\u00e8s le d\u00e9part, principalement en raison de son style accrocheur, mais aussi parce que dans l\u2019ensemble, on parle d\u2019un mod\u00e8le efficace au format attrayant. Cependant, on a rapidement r\u00e9alis\u00e9 qu\u2019il avait une \u00e9norme tache \u00e0 son dossier\u2009; la lunette arri\u00e8re [&hellip;]<\/p>\n","protected":false},"author":8,"featured_media":161549,"comment_status":"close","ping_status":"closed","sticky":false,"template":"","format":"standard","meta":{"_monsterinsights_skip_tracking":false,"_monsterinsights_sitenote_active":false,"_monsterinsights_sitenote_note":"","_monsterinsights_sitenote_category":0,"footnotes":""},"categories":[101],"tags":[],"yoast_head":"<!-- This site is optimized with the Yoast SEO plugin v23.2 - https:\/\/yoast.com\/wordpress\/plugins\/seo\/ -->\n<title>Hyundai Ioniq\u00a05 2024\u00a0: attendez l\u2019essuie-glace arri\u00e8re - CanadaMotorJobs.com<\/title>\n<meta name=\"description\" content=\"Hyundai Ioniq\u00a05 2024\u00a0: attendez l\u2019essuie-glace arri\u00e8re - Benoit Charette - Annuel automobile - CanadaMotorJobs.com.\" \/>\n<meta name=\"robots\" content=\"index, follow, max-snippet:-1, max-image-preview:large, max-video-preview:-1\" \/>\n<meta property=\"og:locale\" content=\"fr_CA\" \/>\n<meta property=\"og:type\" content=\"article\" \/>\n<meta property=\"og:title\" content=\"Hyundai Ioniq\u00a05 2024\u00a0: attendez l\u2019essuie-glace arri\u00e8re - CanadaMotorJobs.com\" \/>\n<meta property=\"og:description\" content=\"Hyundai Ioniq\u00a05 2024\u00a0: attendez l\u2019essuie-glace arri\u00e8re - Benoit Charette - Annuel automobile - CanadaMotorJobs.com.\" \/>\n<meta property=\"og:url\" content=\"https:\/\/news.canadamotorjobs.com\/fr\/hyundai-ioniq-5-2024-attendez-lessuie-glace-arriere\/\" \/>\n<meta property=\"og:site_name\" content=\"CanadaMotorJobs.com\" \/>\n<meta property=\"article:publisher\" content=\"https:\/\/www.facebook.com\/canadamotorjobs\/\" \/>\n<meta property=\"article:published_time\" content=\"2024-03-23T15:26:09+00:00\" \/>\n<meta property=\"article:modified_time\" content=\"2024-03-23T15:29:59+00:00\" \/>\n<meta property=\"og:image\" content=\"https:\/\/news.canadamotorjobs.com\/wp-content\/uploads\/2024\/03\/2025-hyundai-ioniq-5-rear-shot-65e5de6678319.jpg\" \/>\n\t<meta property=\"og:image:width\" content=\"1920\" \/>\n\t<meta property=\"og:image:height\" content=\"1280\" \/>\n\t<meta property=\"og:image:type\" content=\"image\/jpeg\" \/>\n<meta name=\"author\" content=\"Benoit Charette\" \/>\n<meta name=\"twitter:card\" content=\"summary_large_image\" \/>\n<meta name=\"twitter:creator\" content=\"@canadamotorjobs\" \/>\n<meta name=\"twitter:site\" content=\"@canadamotorjobs\" \/>\n<meta name=\"twitter:label1\" content=\"\u00c9crit par\" \/>\n\t<meta name=\"twitter:data1\" content=\"Benoit Charette\" \/>\n\t<meta name=\"twitter:label2\" content=\"Estimation du temps de lecture\" \/>\n\t<meta name=\"twitter:data2\" content=\"4 minutes\" \/>\n<!-- \/ Yoast SEO plugin. -->","yoast_head_json":{"title":"Hyundai Ioniq\u00a05 2024\u00a0: attendez l\u2019essuie-glace arri\u00e8re - CanadaMotorJobs.com","description":"Hyundai Ioniq\u00a05 2024\u00a0: attendez l\u2019essuie-glace arri\u00e8re - Benoit Charette - Annuel automobile - CanadaMotorJobs.com.","robots":{"index":"index","follow":"follow","max-snippet":"max-snippet:-1","max-image-preview":"max-image-preview:large","max-video-preview":"max-video-preview:-1"},"og_locale":"fr_CA","og_type":"article","og_title":"Hyundai Ioniq\u00a05 2024\u00a0: attendez l\u2019essuie-glace arri\u00e8re - CanadaMotorJobs.com","og_description":"Hyundai Ioniq\u00a05 2024\u00a0: attendez l\u2019essuie-glace arri\u00e8re - Benoit Charette - Annuel automobile - CanadaMotorJobs.com.","og_url":"https:\/\/news.canadamotorjobs.com\/fr\/hyundai-ioniq-5-2024-attendez-lessuie-glace-arriere\/","og_site_name":"CanadaMotorJobs.com","article_publisher":"https:\/\/www.facebook.com\/canadamotorjobs\/","article_published_time":"2024-03-23T15:26:09+00:00","article_modified_time":"2024-03-23T15:29:59+00:00","og_image":[{"width":1920,"height":1280,"url":"https:\/\/news.canadamotorjobs.com\/wp-content\/uploads\/2024\/03\/2025-hyundai-ioniq-5-rear-shot-65e5de6678319.jpg","type":"image\/jpeg"}],"author":"Benoit Charette","twitter_card":"summary_large_image","twitter_creator":"@canadamotorjobs","twitter_site":"@canadamotorjobs","twitter_misc":{"\u00c9crit par":"Benoit Charette","Estimation du temps de lecture":"4 minutes"},"schema":{"@context":"https:\/\/schema.org","@graph":[{"@type":"Article","@id":"https:\/\/news.canadamotorjobs.com\/fr\/hyundai-ioniq-5-2024-attendez-lessuie-glace-arriere\/#article","isPartOf":{"@id":"https:\/\/news.canadamotorjobs.com\/fr\/hyundai-ioniq-5-2024-attendez-lessuie-glace-arriere\/"},"author":{"name":"Benoit Charette","@id":"https:\/\/news.canadamotorjobs.com\/#\/schema\/person\/51793d1f87d44011d7bcc2ed99269a90"},"headline":"Hyundai Ioniq\u00a05 2024\u00a0: attendez l\u2019essuie-glace arri\u00e8re","datePublished":"2024-03-23T15:26:09+00:00","dateModified":"2024-03-23T15:29:59+00:00","mainEntityOfPage":{"@id":"https:\/\/news.canadamotorjobs.com\/fr\/hyundai-ioniq-5-2024-attendez-lessuie-glace-arriere\/"},"wordCount":886,"publisher":{"@id":"https:\/\/news.canadamotorjobs.com\/#organization"},"image":{"@id":"https:\/\/news.canadamotorjobs.com\/fr\/hyundai-ioniq-5-2024-attendez-lessuie-glace-arriere\/#primaryimage"},"thumbnailUrl":"https:\/\/news.canadamotorjobs.com\/wp-content\/uploads\/2024\/03\/2025-hyundai-ioniq-5-rear-shot-65e5de6678319.jpg","articleSection":["Annuel automobile"],"inLanguage":"fr-CA"},{"@type":"WebPage","@id":"https:\/\/news.canadamotorjobs.com\/fr\/hyundai-ioniq-5-2024-attendez-lessuie-glace-arriere\/","url":"https:\/\/news.canadamotorjobs.com\/fr\/hyundai-ioniq-5-2024-attendez-lessuie-glace-arriere\/","name":"Hyundai Ioniq\u00a05 2024\u00a0: attendez l\u2019essuie-glace arri\u00e8re - CanadaMotorJobs.com","isPartOf":{"@id":"https:\/\/news.canadamotorjobs.com\/#website"},"primaryImageOfPage":{"@id":"https:\/\/news.canadamotorjobs.com\/fr\/hyundai-ioniq-5-2024-attendez-lessuie-glace-arriere\/#primaryimage"},"image":{"@id":"https:\/\/news.canadamotorjobs.com\/fr\/hyundai-ioniq-5-2024-attendez-lessuie-glace-arriere\/#primaryimage"},"thumbnailUrl":"https:\/\/news.canadamotorjobs.com\/wp-content\/uploads\/2024\/03\/2025-hyundai-ioniq-5-rear-shot-65e5de6678319.jpg","datePublished":"2024-03-23T15:26:09+00:00","dateModified":"2024-03-23T15:29:59+00:00","description":"Hyundai Ioniq\u00a05 2024\u00a0: attendez l\u2019essuie-glace arri\u00e8re - Benoit Charette - Annuel automobile - CanadaMotorJobs.com.","breadcrumb":{"@id":"https:\/\/news.canadamotorjobs.com\/fr\/hyundai-ioniq-5-2024-attendez-lessuie-glace-arriere\/#breadcrumb"},"inLanguage":"fr-CA","potentialAction":[{"@type":"ReadAction","target":["https:\/\/news.canadamotorjobs.com\/fr\/hyundai-ioniq-5-2024-attendez-lessuie-glace-arriere\/"]}]},{"@type":"ImageObject","inLanguage":"fr-CA","@id":"https:\/\/news.canadamotorjobs.com\/fr\/hyundai-ioniq-5-2024-attendez-lessuie-glace-arriere\/#primaryimage","url":"https:\/\/news.canadamotorjobs.com\/wp-content\/uploads\/2024\/03\/2025-hyundai-ioniq-5-rear-shot-65e5de6678319.jpg","contentUrl":"https:\/\/news.canadamotorjobs.com\/wp-content\/uploads\/2024\/03\/2025-hyundai-ioniq-5-rear-shot-65e5de6678319.jpg","width":1920,"height":1280},{"@type":"BreadcrumbList","@id":"https:\/\/news.canadamotorjobs.com\/fr\/hyundai-ioniq-5-2024-attendez-lessuie-glace-arriere\/#breadcrumb","itemListElement":[{"@type":"ListItem","position":1,"name":"Home","item":"https:\/\/news.canadamotorjobs.com\/fr\/blog\/"},{"@type":"ListItem","position":2,"name":"Hyundai Ioniq\u00a05 2024\u00a0: attendez l\u2019essuie-glace arri\u00e8re"}]},{"@type":"WebSite","@id":"https:\/\/news.canadamotorjobs.com\/#website","url":"https:\/\/news.canadamotorjobs.com\/","name":"CanadaMotorJobs.com","description":"Automotive Jobs","publisher":{"@id":"https:\/\/news.canadamotorjobs.com\/#organization"},"potentialAction":[{"@type":"SearchAction","target":{"@type":"EntryPoint","urlTemplate":"https:\/\/news.canadamotorjobs.com\/?s={search_term_string}"},"query-input":"required name=search_term_string"}],"inLanguage":"fr-CA"},{"@type":"Organization","@id":"https:\/\/news.canadamotorjobs.com\/#organization","name":"Canada Motor Jobs","url":"https:\/\/news.canadamotorjobs.com\/","logo":{"@type":"ImageObject","inLanguage":"fr-CA","@id":"https:\/\/news.canadamotorjobs.com\/#\/schema\/logo\/image\/","url":"https:\/\/news.canadamotorjobs.com\/wp-content\/uploads\/2022\/10\/logo-canada-motor-jobs-1.png","contentUrl":"https:\/\/news.canadamotorjobs.com\/wp-content\/uploads\/2022\/10\/logo-canada-motor-jobs-1.png","width":800,"height":400,"caption":"Canada Motor Jobs"},"image":{"@id":"https:\/\/news.canadamotorjobs.com\/#\/schema\/logo\/image\/"},"sameAs":["https:\/\/www.facebook.com\/canadamotorjobs\/","https:\/\/x.com\/canadamotorjobs","https:\/\/www.instagram.com\/canadamotorjobs\/","https:\/\/www.linkedin.com\/company\/canadamotorjobs"]},{"@type":"Person","@id":"https:\/\/news.canadamotorjobs.com\/#\/schema\/person\/51793d1f87d44011d7bcc2ed99269a90","name":"Benoit Charette","image":{"@type":"ImageObject","inLanguage":"fr-CA","@id":"https:\/\/news.canadamotorjobs.com\/#\/schema\/person\/image\/","url":"https:\/\/secure.gravatar.com\/avatar\/45f3d2eebcccd909668d7ce7ea7267b6?s=96&d=mm&r=g","contentUrl":"https:\/\/secure.gravatar.com\/avatar\/45f3d2eebcccd909668d7ce7ea7267b6?s=96&d=mm&r=g","caption":"Benoit Charette"},"description":"Benoit Charette \/ Propri\u00e9taire et r\u00e9dacteur en chef Benoit Charette pratique le journalisme automobile depuis bient\u00f4t 30 ans. Il a fait ses classes au c\u00f4t\u00e9 de Daniel H\u00e9raud et au Carnet de route de 1992 \u00e0 2001. Il est fondateur, copropri\u00e9taire et r\u00e9dacteur en chef de L\u2019Annuel de l\u2019automobile, qu\u2019il publie depuis 2001. Il a anim\u00e9 les \u00e9missions RPM et RPM+ sur V et les L\u00e9gendes de la route sur Historia. \u00c0 la radio depuis 1986, il reprend l\u2019antenne cette ann\u00e9e sur les ondes de Cogeco et participe pour la deuxi\u00e8me ann\u00e9e \u00e0 l\u2019\u00e9mission Passion Auto sur RDS en plus de mettre en ligne le site Web officiel de L\u2019Annuel de l\u2019automobile sur annuelauto.ca.","sameAs":["https:\/\/annuelauto.ca\/"],"url":"https:\/\/news.canadamotorjobs.com\/fr\/author\/benoit-charette\/"}]}},"_links":{"self":[{"href":"https:\/\/news.canadamotorjobs.com\/fr\/wp-json\/wp\/v2\/posts\/161547"}],"collection":[{"href":"https:\/\/news.canadamotorjobs.com\/fr\/wp-json\/wp\/v2\/posts"}],"about":[{"href":"https:\/\/news.canadamotorjobs.com\/fr\/wp-json\/wp\/v2\/types\/post"}],"author":[{"embeddable":true,"href":"https:\/\/news.canadamotorjobs.com\/fr\/wp-json\/wp\/v2\/users\/8"}],"replies":[{"embeddable":true,"href":"https:\/\/news.canadamotorjobs.com\/fr\/wp-json\/wp\/v2\/comments?post=161547"}],"version-history":[{"count":2,"href":"https:\/\/news.canadamotorjobs.com\/fr\/wp-json\/wp\/v2\/posts\/161547\/revisions"}],"predecessor-version":[{"id":161551,"href":"https:\/\/news.canadamotorjobs.com\/fr\/wp-json\/wp\/v2\/posts\/161547\/revisions\/161551"}],"wp:featuredmedia":[{"embeddable":true,"href":"https:\/\/news.canadamotorjobs.com\/fr\/wp-json\/wp\/v2\/media\/161549"}],"wp:attachment":[{"href":"https:\/\/news.canadamotorjobs.com\/fr\/wp-json\/wp\/v2\/media?parent=161547"}],"wp:term":[{"taxonomy":"category","embeddable":true,"href":"https:\/\/news.canadamotorjobs.com\/fr\/wp-json\/wp\/v2\/categories?post=161547"},{"taxonomy":"post_tag","embeddable":true,"href":"https:\/\/news.canadamotorjobs.com\/fr\/wp-json\/wp\/v2\/tags?post=161547"}],"curies":[{"name":"wp","href":"https:\/\/api.w.org\/{rel}","templated":true}]}}