{"id":161524,"date":"2024-03-22T12:02:04","date_gmt":"2024-03-22T16:02:04","guid":{"rendered":"https:\/\/news.canadamotorjobs.com\/?p=161524"},"modified":"2024-03-22T12:02:14","modified_gmt":"2024-03-22T16:02:14","slug":"un-nissan-kicks-completement-repense-pour-2025","status":"publish","type":"post","link":"https:\/\/news.canadamotorjobs.com\/fr\/un-nissan-kicks-completement-repense-pour-2025\/","title":{"rendered":"Un Nissan Kicks compl\u00e8tement repens\u00e9 pour 2025"},"content":{"rendered":"<\/p>\n<p>Nissan a d\u00e9voil\u00e9 aujourd\u2019hui le tout nouveau Kicks\u00a02025 . Le tout nouveau Kicks pr\u00e9sente plusieurs technologies in\u00e9dites pour ce mod\u00e8le, ainsi qu\u2019une augmentation notable de l\u2019espace int\u00e9rieur pour les passagers et le chargement. L\u2019ajout de la traction int\u00e9grale intelligente en option, une premi\u00e8re pour Kicks, offre aux clients une confiance accrue sur la route,. Kicks est \u00e9galement dot\u00e9 d\u2019un nouveau moteur de 2,0\u00a0litres \u00e0 quatre cylindres qui offre 141 chevaux et 140 lb-pi de couple, associ\u00e9 \u00e0 une transmission Xtronic plus r\u00e9active.<\/p>\n<h3><strong>Style expressif <\/strong><\/h3>\n<p>\nCompar\u00e9 \u00e0 son pr\u00e9d\u00e9cesseur, le Kicks\u00a02025 est plus imposant \u00e0 l\u2019ext\u00e9rieur et offre un int\u00e9rieur plus spacieux, avec un espace de chargement g\u00e9n\u00e9reux. De plus, un nouveau toit ouvrant panoramique \u00e9lectrique en option laisse entrer abondamment la lumi\u00e8re du soleil, am\u00e9liorant la sensation int\u00e9rieure spacieuse.<\/p>\n<h3><strong>Conduite en toute confiance <\/strong><\/h3>\n<p>\nChaque Kicks comprend le \u00a0Nissan Safety Shield de s\u00e9rie pour offrir plus de r\u00e9confort au conducteur. Pour rester connect\u00e9, il offre la commodit\u00e9 d\u2019Apple CarPlay et d\u2019Android Auto de s\u00e9rie, ainsi que jusqu\u2019\u00e0 quatre ports\u00a0USB Type-C et la recharge sans fil en option. Le syst\u00e8me Pro Pilot est offerte en option et combine l\u2019assistance \u00e0 la direction avec le r\u00e9gulateur de vitesse intelligent pour aider les conducteurs \u00e0 rester centr\u00e9s dans leur voie.<\/p>\n<p>Les sp\u00e9cifications, les caract\u00e9ristiques et les options compl\u00e8tes se trouvent dans le dossier de presse Nissan Kicks\u00a02025. Les prix seront annonc\u00e9s \u00e0 l\u2019approche de la date de mise en vente.<\/p>\n<p>\u00a0<\/p>\n<p>Le texte <a rel=\"nofollow\" href=\"https:\/\/annuelauto.ca\/un-nissan-kicks-completement-repense-pour-2025\/\">Un Nissan Kicks compl\u00e8tement repens\u00e9 pour 2025<\/a> provient de <a rel=\"nofollow\" href=\"https:\/\/annuelauto.ca\">L&#8217;annuel de l&#8217;automobile &#8211; Actualit\u00e9 automobile<\/a><\/p>\n<p><\/p>\n","protected":false},"excerpt":{"rendered":"<p>Nissan a d\u00e9voil\u00e9 aujourd\u2019hui le tout nouveau Kicks\u00a02025 . Le tout nouveau Kicks pr\u00e9sente plusieurs technologies in\u00e9dites pour ce mod\u00e8le, ainsi qu\u2019une augmentation notable de l\u2019espace int\u00e9rieur pour les passagers et le chargement. L\u2019ajout de la traction int\u00e9grale intelligente en option, une premi\u00e8re pour Kicks, offre aux clients une confiance accrue sur la route,. Kicks [&hellip;]<\/p>\n","protected":false},"author":8,"featured_media":161526,"comment_status":"close","ping_status":"closed","sticky":false,"template":"","format":"standard","meta":{"_monsterinsights_skip_tracking":false,"_monsterinsights_sitenote_active":false,"_monsterinsights_sitenote_note":"","_monsterinsights_sitenote_category":0,"footnotes":""},"categories":[101],"tags":[],"yoast_head":"<!-- This site is optimized with the Yoast SEO plugin v23.2 - https:\/\/yoast.com\/wordpress\/plugins\/seo\/ -->\n<title>Un Nissan Kicks compl\u00e8tement repens\u00e9 pour 2025 - CanadaMotorJobs.com<\/title>\n<meta name=\"description\" content=\"Un Nissan Kicks compl\u00e8tement repens\u00e9 pour 2025 - Benoit Charette - Annuel automobile - CanadaMotorJobs.com.\" \/>\n<meta name=\"robots\" content=\"index, follow, max-snippet:-1, max-image-preview:large, max-video-preview:-1\" \/>\n<meta property=\"og:locale\" content=\"fr_CA\" \/>\n<meta property=\"og:type\" content=\"article\" \/>\n<meta property=\"og:title\" content=\"Un Nissan Kicks compl\u00e8tement repens\u00e9 pour 2025 - CanadaMotorJobs.com\" \/>\n<meta property=\"og:description\" content=\"Un Nissan Kicks compl\u00e8tement repens\u00e9 pour 2025 - Benoit Charette - Annuel automobile - CanadaMotorJobs.com.\" \/>\n<meta property=\"og:url\" content=\"https:\/\/news.canadamotorjobs.com\/fr\/un-nissan-kicks-completement-repense-pour-2025\/\" \/>\n<meta property=\"og:site_name\" content=\"CanadaMotorJobs.com\" \/>\n<meta property=\"article:publisher\" content=\"https:\/\/www.facebook.com\/canadamotorjobs\/\" \/>\n<meta property=\"article:published_time\" content=\"2024-03-22T16:02:04+00:00\" \/>\n<meta property=\"article:modified_time\" content=\"2024-03-22T16:02:14+00:00\" \/>\n<meta property=\"og:image\" content=\"https:\/\/news.canadamotorjobs.com\/wp-content\/uploads\/2024\/03\/2025-Nissan-Kicks-37.jpg\" \/>\n\t<meta property=\"og:image:width\" content=\"1224\" \/>\n\t<meta property=\"og:image:height\" content=\"800\" \/>\n\t<meta property=\"og:image:type\" content=\"image\/jpeg\" \/>\n<meta name=\"author\" content=\"Benoit Charette\" \/>\n<meta name=\"twitter:card\" content=\"summary_large_image\" \/>\n<meta name=\"twitter:creator\" content=\"@canadamotorjobs\" \/>\n<meta name=\"twitter:site\" content=\"@canadamotorjobs\" \/>\n<meta name=\"twitter:label1\" content=\"\u00c9crit par\" \/>\n\t<meta name=\"twitter:data1\" content=\"Benoit Charette\" \/>\n\t<meta name=\"twitter:label2\" content=\"Estimation du temps de lecture\" \/>\n\t<meta name=\"twitter:data2\" content=\"1 minute\" \/>\n<!-- \/ Yoast SEO plugin. -->","yoast_head_json":{"title":"Un Nissan Kicks compl\u00e8tement repens\u00e9 pour 2025 - CanadaMotorJobs.com","description":"Un Nissan Kicks compl\u00e8tement repens\u00e9 pour 2025 - Benoit Charette - Annuel automobile - CanadaMotorJobs.com.","robots":{"index":"index","follow":"follow","max-snippet":"max-snippet:-1","max-image-preview":"max-image-preview:large","max-video-preview":"max-video-preview:-1"},"og_locale":"fr_CA","og_type":"article","og_title":"Un Nissan Kicks compl\u00e8tement repens\u00e9 pour 2025 - CanadaMotorJobs.com","og_description":"Un Nissan Kicks compl\u00e8tement repens\u00e9 pour 2025 - Benoit Charette - Annuel automobile - CanadaMotorJobs.com.","og_url":"https:\/\/news.canadamotorjobs.com\/fr\/un-nissan-kicks-completement-repense-pour-2025\/","og_site_name":"CanadaMotorJobs.com","article_publisher":"https:\/\/www.facebook.com\/canadamotorjobs\/","article_published_time":"2024-03-22T16:02:04+00:00","article_modified_time":"2024-03-22T16:02:14+00:00","og_image":[{"width":1224,"height":800,"url":"https:\/\/news.canadamotorjobs.com\/wp-content\/uploads\/2024\/03\/2025-Nissan-Kicks-37.jpg","type":"image\/jpeg"}],"author":"Benoit Charette","twitter_card":"summary_large_image","twitter_creator":"@canadamotorjobs","twitter_site":"@canadamotorjobs","twitter_misc":{"\u00c9crit par":"Benoit Charette","Estimation du temps de lecture":"1 minute"},"schema":{"@context":"https:\/\/schema.org","@graph":[{"@type":"Article","@id":"https:\/\/news.canadamotorjobs.com\/fr\/un-nissan-kicks-completement-repense-pour-2025\/#article","isPartOf":{"@id":"https:\/\/news.canadamotorjobs.com\/fr\/un-nissan-kicks-completement-repense-pour-2025\/"},"author":{"name":"Benoit Charette","@id":"https:\/\/news.canadamotorjobs.com\/#\/schema\/person\/51793d1f87d44011d7bcc2ed99269a90"},"headline":"Un Nissan Kicks compl\u00e8tement repens\u00e9 pour 2025","datePublished":"2024-03-22T16:02:04+00:00","dateModified":"2024-03-22T16:02:14+00:00","mainEntityOfPage":{"@id":"https:\/\/news.canadamotorjobs.com\/fr\/un-nissan-kicks-completement-repense-pour-2025\/"},"wordCount":290,"publisher":{"@id":"https:\/\/news.canadamotorjobs.com\/#organization"},"image":{"@id":"https:\/\/news.canadamotorjobs.com\/fr\/un-nissan-kicks-completement-repense-pour-2025\/#primaryimage"},"thumbnailUrl":"https:\/\/news.canadamotorjobs.com\/wp-content\/uploads\/2024\/03\/2025-Nissan-Kicks-37.jpg","articleSection":["Annuel automobile"],"inLanguage":"fr-CA"},{"@type":"WebPage","@id":"https:\/\/news.canadamotorjobs.com\/fr\/un-nissan-kicks-completement-repense-pour-2025\/","url":"https:\/\/news.canadamotorjobs.com\/fr\/un-nissan-kicks-completement-repense-pour-2025\/","name":"Un Nissan Kicks compl\u00e8tement repens\u00e9 pour 2025 - CanadaMotorJobs.com","isPartOf":{"@id":"https:\/\/news.canadamotorjobs.com\/#website"},"primaryImageOfPage":{"@id":"https:\/\/news.canadamotorjobs.com\/fr\/un-nissan-kicks-completement-repense-pour-2025\/#primaryimage"},"image":{"@id":"https:\/\/news.canadamotorjobs.com\/fr\/un-nissan-kicks-completement-repense-pour-2025\/#primaryimage"},"thumbnailUrl":"https:\/\/news.canadamotorjobs.com\/wp-content\/uploads\/2024\/03\/2025-Nissan-Kicks-37.jpg","datePublished":"2024-03-22T16:02:04+00:00","dateModified":"2024-03-22T16:02:14+00:00","description":"Un Nissan Kicks compl\u00e8tement repens\u00e9 pour 2025 - Benoit Charette - Annuel automobile - CanadaMotorJobs.com.","breadcrumb":{"@id":"https:\/\/news.canadamotorjobs.com\/fr\/un-nissan-kicks-completement-repense-pour-2025\/#breadcrumb"},"inLanguage":"fr-CA","potentialAction":[{"@type":"ReadAction","target":["https:\/\/news.canadamotorjobs.com\/fr\/un-nissan-kicks-completement-repense-pour-2025\/"]}]},{"@type":"ImageObject","inLanguage":"fr-CA","@id":"https:\/\/news.canadamotorjobs.com\/fr\/un-nissan-kicks-completement-repense-pour-2025\/#primaryimage","url":"https:\/\/news.canadamotorjobs.com\/wp-content\/uploads\/2024\/03\/2025-Nissan-Kicks-37.jpg","contentUrl":"https:\/\/news.canadamotorjobs.com\/wp-content\/uploads\/2024\/03\/2025-Nissan-Kicks-37.jpg","width":1224,"height":800},{"@type":"BreadcrumbList","@id":"https:\/\/news.canadamotorjobs.com\/fr\/un-nissan-kicks-completement-repense-pour-2025\/#breadcrumb","itemListElement":[{"@type":"ListItem","position":1,"name":"Home","item":"https:\/\/news.canadamotorjobs.com\/fr\/blog\/"},{"@type":"ListItem","position":2,"name":"Un Nissan Kicks compl\u00e8tement repens\u00e9 pour 2025"}]},{"@type":"WebSite","@id":"https:\/\/news.canadamotorjobs.com\/#website","url":"https:\/\/news.canadamotorjobs.com\/","name":"CanadaMotorJobs.com","description":"Automotive Jobs","publisher":{"@id":"https:\/\/news.canadamotorjobs.com\/#organization"},"potentialAction":[{"@type":"SearchAction","target":{"@type":"EntryPoint","urlTemplate":"https:\/\/news.canadamotorjobs.com\/?s={search_term_string}"},"query-input":"required name=search_term_string"}],"inLanguage":"fr-CA"},{"@type":"Organization","@id":"https:\/\/news.canadamotorjobs.com\/#organization","name":"Canada Motor Jobs","url":"https:\/\/news.canadamotorjobs.com\/","logo":{"@type":"ImageObject","inLanguage":"fr-CA","@id":"https:\/\/news.canadamotorjobs.com\/#\/schema\/logo\/image\/","url":"https:\/\/news.canadamotorjobs.com\/wp-content\/uploads\/2022\/10\/logo-canada-motor-jobs-1.png","contentUrl":"https:\/\/news.canadamotorjobs.com\/wp-content\/uploads\/2022\/10\/logo-canada-motor-jobs-1.png","width":800,"height":400,"caption":"Canada Motor Jobs"},"image":{"@id":"https:\/\/news.canadamotorjobs.com\/#\/schema\/logo\/image\/"},"sameAs":["https:\/\/www.facebook.com\/canadamotorjobs\/","https:\/\/x.com\/canadamotorjobs","https:\/\/www.instagram.com\/canadamotorjobs\/","https:\/\/www.linkedin.com\/company\/canadamotorjobs"]},{"@type":"Person","@id":"https:\/\/news.canadamotorjobs.com\/#\/schema\/person\/51793d1f87d44011d7bcc2ed99269a90","name":"Benoit Charette","image":{"@type":"ImageObject","inLanguage":"fr-CA","@id":"https:\/\/news.canadamotorjobs.com\/#\/schema\/person\/image\/","url":"https:\/\/secure.gravatar.com\/avatar\/45f3d2eebcccd909668d7ce7ea7267b6?s=96&d=mm&r=g","contentUrl":"https:\/\/secure.gravatar.com\/avatar\/45f3d2eebcccd909668d7ce7ea7267b6?s=96&d=mm&r=g","caption":"Benoit Charette"},"description":"Benoit Charette \/ Propri\u00e9taire et r\u00e9dacteur en chef Benoit Charette pratique le journalisme automobile depuis bient\u00f4t 30 ans. Il a fait ses classes au c\u00f4t\u00e9 de Daniel H\u00e9raud et au Carnet de route de 1992 \u00e0 2001. Il est fondateur, copropri\u00e9taire et r\u00e9dacteur en chef de L\u2019Annuel de l\u2019automobile, qu\u2019il publie depuis 2001. Il a anim\u00e9 les \u00e9missions RPM et RPM+ sur V et les L\u00e9gendes de la route sur Historia. \u00c0 la radio depuis 1986, il reprend l\u2019antenne cette ann\u00e9e sur les ondes de Cogeco et participe pour la deuxi\u00e8me ann\u00e9e \u00e0 l\u2019\u00e9mission Passion Auto sur RDS en plus de mettre en ligne le site Web officiel de L\u2019Annuel de l\u2019automobile sur annuelauto.ca.","sameAs":["https:\/\/annuelauto.ca\/"],"url":"https:\/\/news.canadamotorjobs.com\/fr\/author\/benoit-charette\/"}]}},"_links":{"self":[{"href":"https:\/\/news.canadamotorjobs.com\/fr\/wp-json\/wp\/v2\/posts\/161524"}],"collection":[{"href":"https:\/\/news.canadamotorjobs.com\/fr\/wp-json\/wp\/v2\/posts"}],"about":[{"href":"https:\/\/news.canadamotorjobs.com\/fr\/wp-json\/wp\/v2\/types\/post"}],"author":[{"embeddable":true,"href":"https:\/\/news.canadamotorjobs.com\/fr\/wp-json\/wp\/v2\/users\/8"}],"replies":[{"embeddable":true,"href":"https:\/\/news.canadamotorjobs.com\/fr\/wp-json\/wp\/v2\/comments?post=161524"}],"version-history":[{"count":2,"href":"https:\/\/news.canadamotorjobs.com\/fr\/wp-json\/wp\/v2\/posts\/161524\/revisions"}],"predecessor-version":[{"id":161528,"href":"https:\/\/news.canadamotorjobs.com\/fr\/wp-json\/wp\/v2\/posts\/161524\/revisions\/161528"}],"wp:featuredmedia":[{"embeddable":true,"href":"https:\/\/news.canadamotorjobs.com\/fr\/wp-json\/wp\/v2\/media\/161526"}],"wp:attachment":[{"href":"https:\/\/news.canadamotorjobs.com\/fr\/wp-json\/wp\/v2\/media?parent=161524"}],"wp:term":[{"taxonomy":"category","embeddable":true,"href":"https:\/\/news.canadamotorjobs.com\/fr\/wp-json\/wp\/v2\/categories?post=161524"},{"taxonomy":"post_tag","embeddable":true,"href":"https:\/\/news.canadamotorjobs.com\/fr\/wp-json\/wp\/v2\/tags?post=161524"}],"curies":[{"name":"wp","href":"https:\/\/api.w.org\/{rel}","templated":true}]}}