{"id":161505,"date":"2024-03-22T10:21:40","date_gmt":"2024-03-22T14:21:40","guid":{"rendered":"https:\/\/news.canadamotorjobs.com\/?p=161505"},"modified":"2024-03-22T11:02:06","modified_gmt":"2024-03-22T15:02:06","slug":"lusine-ford-de-lavenue-piquette-celebre-ses-120-ans","status":"publish","type":"post","link":"https:\/\/news.canadamotorjobs.com\/fr\/lusine-ford-de-lavenue-piquette-celebre-ses-120-ans\/","title":{"rendered":"L\u2019usine Ford de l\u2019avenue Piquette c\u00e9l\u00e8bre ses 120\u00a0ans"},"content":{"rendered":"<\/p>\n<p>Berceau du <a href=\"https:\/\/annuelauto.ca\/une-autocaravane-ford-modele-t-1914-pour-les-nostalgiques-des-voyages-dantan\/\" target=\"_blank\" rel=\"noopener noreferrer\">mod\u00e8le\u00a0T<\/a>, l\u2019usine Ford de l\u2019avenue Piquette \u00e0 D\u00e9troit, au Michigan, est l\u2019une des plus anciennes usines d\u2019assemblage automobiles toujours en existence dans le monde. Et cette ann\u00e9e, on c\u00e9l\u00e8bre ses 120\u00a0ans.<\/p>\n<p>Cette usine est devenue un monument historique national des \u00c9tats-Unis. En 2000, elle a \u00e9t\u00e9 sauv\u00e9e in extremis par des b\u00e9n\u00e9voles de la communaut\u00e9 et le b\u00e2timent, pr\u00e9serv\u00e9 miraculeusement, est devenu une attraction touristique embl\u00e9matique de sa ville. Chaque ann\u00e9e, des milliers de personnes s\u2019y rendent pour en apprendre davantage sur l\u2019aube de l&#8217;histoire de l\u2019automobile en Am\u00e9rique du Nord.<\/p>\n<p>Devenu aujourd\u2019hui le <a href=\"https:\/\/www.fordpiquetteplant.org\/\" target=\"_blank\" rel=\"noopener noreferrer\">Mus\u00e9e de l\u2019usine Ford de l\u2019avenue Piquette<\/a>, cet \u00e9tablissement \u00e0 but non lucratif est ouvert \u00e0 l\u2019ann\u00e9e. \u00c0 travers des expositions de photographies, des visionnements de films, des \u00e9v\u00e9nements th\u00e9matiques, des expositions d\u2019artefacts anciens et une collection r\u00e9unissant plus de 65 v\u00e9hicules anciens, ce mus\u00e9e fait revivre l&#8217;histoire industrielle, culturelle et sociale de la ville de D\u00e9troit apr\u00e8s le tournant du 20e si\u00e8cle.<\/p>\n<p>Dans la foul\u00e9e du 115e anniversaire du lancement du mod\u00e8le\u00a0T en 1908, cette ann\u00e9e, le mus\u00e9e a re\u00e7u une subvention de 500\u00a0000\u00a0$\u00a0US du National Endowment for the Humanities. Cela permettra de r\u00e9aliser certains travaux de restauration et de modernisation destin\u00e9s \u00e0 prot\u00e9ger ses installations et ses collections pour les g\u00e9n\u00e9rations \u00e0 venir.<\/p>\n<p>On estime cependant qu\u2019une restauration majeure n\u00e9cessiterait un investissement de 10\u00a0millions de dollars am\u00e9ricains. En effet, il faudrait remplacer le c\u00e2blage recouvert de tissu datant de 1926, un syst\u00e8me d&#8217;extinction d\u2019incendie d\u00e9suet, un ascenseur et une plomberie qui sont respectivement vieux de 98 et 120\u00a0ans, sans compter qu\u2019il n\u2019y a ni chauffage ni climatisation dans plusieurs salles de l\u2019\u00e9difice.<\/p>\n<h3><strong>La naissance du mod\u00e8le T<\/strong><\/h3>\n<p>\nCette usine, <a href=\"https:\/\/annuelauto.ca\/henry-ford\/\" target=\"_blank\" rel=\"noopener noreferrer\">Henry Ford<\/a> l\u2019a fait construire en 1904. Ce b\u00e2timent \u00e0 trois \u00e9tages en bois et en brique, long et \u00e9troit (120\u00a0m X 17\u00a0m), est dot\u00e9 d\u2019un vitrage g\u00e9n\u00e9reux (355\u00a0fen\u00eatres) qui devait donner aux ouvriers un maximum de luminosit\u00e9 et de ventilation.<\/p>\n<p>\u00c0 partir de 1906, Henry Ford y a assembl\u00e9 ses mod\u00e8les B, C et F, de m\u00eame que le mod\u00e8le K, qui \u00e9tait une voiture de luxe. Suivront rapidement les mod\u00e8les N, R et S.<\/p>\n<p>En juin 1908, cette usine sera d\u2019ailleurs qualifi\u00e9e de \u00ab\u00a0plus grande usine au monde\u00a0\u00bb, ses employ\u00e9s ayant r\u00e9ussi \u00e0 assembler 101 Ford N, R et S en dix heures, un record \u00e0 l\u2019\u00e9poque\u00a0!<\/p>\n<p>Mais d\u00e8s 1907, le travail de conception du mod\u00e8le T avait commenc\u00e9. C\u2019est dans la \u00ab\u00a0Salle exp\u00e9rimentale\u00a0\u00bb que durant neuf mois, jusqu\u2019en 1908, <a href=\"https:\/\/annuelauto.ca\/la-maison-de-henry-ford-est-a-vendre\/\" target=\"_blank\" rel=\"noopener noreferrer\">Henry Ford<\/a>, Harold Wills et Joseph Galamb se sont consacr\u00e9 jour et nuit \u00e0 cr\u00e9er cette c\u00e9l\u00e8bre automobile; un mod\u00e8le destin\u00e9 \u00e0 une grande diffusion dont la production commencera en octobre 1908.<\/p>\n<p>Pressentant le succ\u00e8s de cette nouveaut\u00e9, la m\u00eame ann\u00e9e, Ford demande \u00e0 l\u2019architecte Albert Kahn et \u00e0 son \u00e9quipe de construire une nouvelle usine plus moderne et plus grande \u00e0 Highland Park, \u00e0 quelques kilom\u00e8tres de celle de l\u2019avenue Piquette. C\u2019est l\u00e0 o\u00f9 Ford adoptera le principe de l\u2019assemblage sur cha\u00eene de montage, en octobre 1913, une premi\u00e8re dans l\u2019histoire de l\u2019automobile.<\/p>\n<p>Mais d\u00e9j\u00e0, en 1911, il avait cess\u00e9 de produire des autos dans les installations de l\u2019avenue Piquette. Jusque-l\u00e0, on y avait produit les 12\u00a0000 premiers v\u00e9hicules arborant la signature de Ford.<\/p>\n<p>Peu apr\u00e8s, l\u2019usine sera vendue \u00e0 Studebaker, qui y annexera une imposante rallonge \u00e0 quatre \u00e9tages d\u2019allure plus moderne. Ce constructeur y produira des v\u00e9hicules jusqu\u2019en 1933, avant de se d\u00e9partir de l\u2019usine. Elle servira ensuite \u00e0 la 3M\u00a0Corporation, la Cadillac Overall Company, puis la General Linen &amp; Uniform Service avant d\u2019\u00eatre d\u00e9laiss\u00e9e, puis menac\u00e9e de d\u00e9molition dans les ann\u00e9es 90.<\/p>\n<p>Les f\u00e9rus d\u2019histoire et de g\u00e9n\u00e9alogie seront heureux d\u2019apprendre que l\u2019avenue Piquette reprend le nom d\u2019un r\u00e9sident de D\u00e9troit qui avait des origines qu\u00e9b\u00e9coises. Il s\u2019agit de John-Baptist Piquette n\u00e9 en septembre 1809. Il \u00e9tait le fils Jean-Baptiste Piquette, un Montr\u00e9alais qui avait \u00e9migr\u00e9 aux \u00c9tats-Unis comme plusieurs autres Canadiens-fran\u00e7ais.<\/p>\n<p><em>Photos : Michael Barera, Mus\u00e9e de l\u2019usine Ford de l\u2019avenue Piquette et Ford Motor Company<\/em><\/p>\n<p>Le texte <a rel=\"nofollow\" href=\"https:\/\/annuelauto.ca\/lusine-ford-de-lavenue-piquette-celebre-ses-120-ans\/\">L\u2019usine Ford de l\u2019avenue Piquette c\u00e9l\u00e8bre ses 120\u00a0ans<\/a> provient de <a rel=\"nofollow\" href=\"https:\/\/annuelauto.ca\">L&#8217;annuel de l&#8217;automobile &#8211; Actualit\u00e9 automobile<\/a><\/p>\n<p><\/p>\n","protected":false},"excerpt":{"rendered":"<p>Berceau du mod\u00e8le\u00a0T, l\u2019usine Ford de l\u2019avenue Piquette \u00e0 D\u00e9troit, au Michigan, est l\u2019une des plus anciennes usines d\u2019assemblage automobiles toujours en existence dans le monde. Et cette ann\u00e9e, on c\u00e9l\u00e8bre ses 120\u00a0ans. Cette usine est devenue un monument historique national des \u00c9tats-Unis. En 2000, elle a \u00e9t\u00e9 sauv\u00e9e in extremis par des b\u00e9n\u00e9voles de [&hellip;]<\/p>\n","protected":false},"author":8,"featured_media":161507,"comment_status":"close","ping_status":"closed","sticky":false,"template":"","format":"standard","meta":{"_monsterinsights_skip_tracking":false,"_monsterinsights_sitenote_active":false,"_monsterinsights_sitenote_note":"","_monsterinsights_sitenote_category":0,"footnotes":""},"categories":[101],"tags":[],"yoast_head":"<!-- This site is optimized with the Yoast SEO plugin v23.2 - https:\/\/yoast.com\/wordpress\/plugins\/seo\/ -->\n<title>L\u2019usine Ford de l\u2019avenue Piquette c\u00e9l\u00e8bre ses 120\u00a0ans - CanadaMotorJobs.com<\/title>\n<meta name=\"description\" content=\"L\u2019usine Ford de l\u2019avenue Piquette c\u00e9l\u00e8bre ses 120\u00a0ans - Benoit Charette - Annuel automobile - CanadaMotorJobs.com.\" \/>\n<meta name=\"robots\" content=\"index, follow, max-snippet:-1, max-image-preview:large, max-video-preview:-1\" \/>\n<meta property=\"og:locale\" content=\"fr_CA\" \/>\n<meta property=\"og:type\" content=\"article\" \/>\n<meta property=\"og:title\" content=\"L\u2019usine Ford de l\u2019avenue Piquette c\u00e9l\u00e8bre ses 120\u00a0ans - CanadaMotorJobs.com\" \/>\n<meta property=\"og:description\" content=\"L\u2019usine Ford de l\u2019avenue Piquette c\u00e9l\u00e8bre ses 120\u00a0ans - Benoit Charette - Annuel automobile - CanadaMotorJobs.com.\" \/>\n<meta property=\"og:url\" content=\"https:\/\/news.canadamotorjobs.com\/fr\/lusine-ford-de-lavenue-piquette-celebre-ses-120-ans\/\" \/>\n<meta property=\"og:site_name\" content=\"CanadaMotorJobs.com\" \/>\n<meta property=\"article:publisher\" content=\"https:\/\/www.facebook.com\/canadamotorjobs\/\" \/>\n<meta property=\"article:published_time\" content=\"2024-03-22T14:21:40+00:00\" \/>\n<meta property=\"article:modified_time\" content=\"2024-03-22T15:02:06+00:00\" \/>\n<meta property=\"og:image\" content=\"https:\/\/news.canadamotorjobs.com\/wp-content\/uploads\/2024\/03\/Ford-usine-Piquette_1.jpg\" \/>\n\t<meta property=\"og:image:width\" content=\"1024\" \/>\n\t<meta property=\"og:image:height\" content=\"683\" \/>\n\t<meta property=\"og:image:type\" content=\"image\/jpeg\" \/>\n<meta name=\"author\" content=\"Benoit Charette\" \/>\n<meta name=\"twitter:card\" content=\"summary_large_image\" \/>\n<meta name=\"twitter:creator\" content=\"@canadamotorjobs\" \/>\n<meta name=\"twitter:site\" content=\"@canadamotorjobs\" \/>\n<meta name=\"twitter:label1\" content=\"\u00c9crit par\" \/>\n\t<meta name=\"twitter:data1\" content=\"Benoit Charette\" \/>\n\t<meta name=\"twitter:label2\" content=\"Estimation du temps de lecture\" \/>\n\t<meta name=\"twitter:data2\" content=\"4 minutes\" \/>\n<!-- \/ Yoast SEO plugin. -->","yoast_head_json":{"title":"L\u2019usine Ford de l\u2019avenue Piquette c\u00e9l\u00e8bre ses 120\u00a0ans - CanadaMotorJobs.com","description":"L\u2019usine Ford de l\u2019avenue Piquette c\u00e9l\u00e8bre ses 120\u00a0ans - Benoit Charette - Annuel automobile - CanadaMotorJobs.com.","robots":{"index":"index","follow":"follow","max-snippet":"max-snippet:-1","max-image-preview":"max-image-preview:large","max-video-preview":"max-video-preview:-1"},"og_locale":"fr_CA","og_type":"article","og_title":"L\u2019usine Ford de l\u2019avenue Piquette c\u00e9l\u00e8bre ses 120\u00a0ans - CanadaMotorJobs.com","og_description":"L\u2019usine Ford de l\u2019avenue Piquette c\u00e9l\u00e8bre ses 120\u00a0ans - Benoit Charette - Annuel automobile - CanadaMotorJobs.com.","og_url":"https:\/\/news.canadamotorjobs.com\/fr\/lusine-ford-de-lavenue-piquette-celebre-ses-120-ans\/","og_site_name":"CanadaMotorJobs.com","article_publisher":"https:\/\/www.facebook.com\/canadamotorjobs\/","article_published_time":"2024-03-22T14:21:40+00:00","article_modified_time":"2024-03-22T15:02:06+00:00","og_image":[{"width":1024,"height":683,"url":"https:\/\/news.canadamotorjobs.com\/wp-content\/uploads\/2024\/03\/Ford-usine-Piquette_1.jpg","type":"image\/jpeg"}],"author":"Benoit Charette","twitter_card":"summary_large_image","twitter_creator":"@canadamotorjobs","twitter_site":"@canadamotorjobs","twitter_misc":{"\u00c9crit par":"Benoit Charette","Estimation du temps de lecture":"4 minutes"},"schema":{"@context":"https:\/\/schema.org","@graph":[{"@type":"Article","@id":"https:\/\/news.canadamotorjobs.com\/fr\/lusine-ford-de-lavenue-piquette-celebre-ses-120-ans\/#article","isPartOf":{"@id":"https:\/\/news.canadamotorjobs.com\/fr\/lusine-ford-de-lavenue-piquette-celebre-ses-120-ans\/"},"author":{"name":"Benoit Charette","@id":"https:\/\/news.canadamotorjobs.com\/#\/schema\/person\/51793d1f87d44011d7bcc2ed99269a90"},"headline":"L\u2019usine Ford de l\u2019avenue Piquette c\u00e9l\u00e8bre ses 120\u00a0ans","datePublished":"2024-03-22T14:21:40+00:00","dateModified":"2024-03-22T15:02:06+00:00","mainEntityOfPage":{"@id":"https:\/\/news.canadamotorjobs.com\/fr\/lusine-ford-de-lavenue-piquette-celebre-ses-120-ans\/"},"wordCount":789,"publisher":{"@id":"https:\/\/news.canadamotorjobs.com\/#organization"},"image":{"@id":"https:\/\/news.canadamotorjobs.com\/fr\/lusine-ford-de-lavenue-piquette-celebre-ses-120-ans\/#primaryimage"},"thumbnailUrl":"https:\/\/news.canadamotorjobs.com\/wp-content\/uploads\/2024\/03\/Ford-usine-Piquette_1.jpg","articleSection":["Annuel automobile"],"inLanguage":"fr-CA"},{"@type":"WebPage","@id":"https:\/\/news.canadamotorjobs.com\/fr\/lusine-ford-de-lavenue-piquette-celebre-ses-120-ans\/","url":"https:\/\/news.canadamotorjobs.com\/fr\/lusine-ford-de-lavenue-piquette-celebre-ses-120-ans\/","name":"L\u2019usine Ford de l\u2019avenue Piquette c\u00e9l\u00e8bre ses 120\u00a0ans - CanadaMotorJobs.com","isPartOf":{"@id":"https:\/\/news.canadamotorjobs.com\/#website"},"primaryImageOfPage":{"@id":"https:\/\/news.canadamotorjobs.com\/fr\/lusine-ford-de-lavenue-piquette-celebre-ses-120-ans\/#primaryimage"},"image":{"@id":"https:\/\/news.canadamotorjobs.com\/fr\/lusine-ford-de-lavenue-piquette-celebre-ses-120-ans\/#primaryimage"},"thumbnailUrl":"https:\/\/news.canadamotorjobs.com\/wp-content\/uploads\/2024\/03\/Ford-usine-Piquette_1.jpg","datePublished":"2024-03-22T14:21:40+00:00","dateModified":"2024-03-22T15:02:06+00:00","description":"L\u2019usine Ford de l\u2019avenue Piquette c\u00e9l\u00e8bre ses 120\u00a0ans - Benoit Charette - Annuel automobile - CanadaMotorJobs.com.","breadcrumb":{"@id":"https:\/\/news.canadamotorjobs.com\/fr\/lusine-ford-de-lavenue-piquette-celebre-ses-120-ans\/#breadcrumb"},"inLanguage":"fr-CA","potentialAction":[{"@type":"ReadAction","target":["https:\/\/news.canadamotorjobs.com\/fr\/lusine-ford-de-lavenue-piquette-celebre-ses-120-ans\/"]}]},{"@type":"ImageObject","inLanguage":"fr-CA","@id":"https:\/\/news.canadamotorjobs.com\/fr\/lusine-ford-de-lavenue-piquette-celebre-ses-120-ans\/#primaryimage","url":"https:\/\/news.canadamotorjobs.com\/wp-content\/uploads\/2024\/03\/Ford-usine-Piquette_1.jpg","contentUrl":"https:\/\/news.canadamotorjobs.com\/wp-content\/uploads\/2024\/03\/Ford-usine-Piquette_1.jpg","width":1024,"height":683},{"@type":"BreadcrumbList","@id":"https:\/\/news.canadamotorjobs.com\/fr\/lusine-ford-de-lavenue-piquette-celebre-ses-120-ans\/#breadcrumb","itemListElement":[{"@type":"ListItem","position":1,"name":"Home","item":"https:\/\/news.canadamotorjobs.com\/fr\/blog\/"},{"@type":"ListItem","position":2,"name":"L\u2019usine Ford de l\u2019avenue Piquette c\u00e9l\u00e8bre ses 120\u00a0ans"}]},{"@type":"WebSite","@id":"https:\/\/news.canadamotorjobs.com\/#website","url":"https:\/\/news.canadamotorjobs.com\/","name":"CanadaMotorJobs.com","description":"Automotive Jobs","publisher":{"@id":"https:\/\/news.canadamotorjobs.com\/#organization"},"potentialAction":[{"@type":"SearchAction","target":{"@type":"EntryPoint","urlTemplate":"https:\/\/news.canadamotorjobs.com\/?s={search_term_string}"},"query-input":"required name=search_term_string"}],"inLanguage":"fr-CA"},{"@type":"Organization","@id":"https:\/\/news.canadamotorjobs.com\/#organization","name":"Canada Motor Jobs","url":"https:\/\/news.canadamotorjobs.com\/","logo":{"@type":"ImageObject","inLanguage":"fr-CA","@id":"https:\/\/news.canadamotorjobs.com\/#\/schema\/logo\/image\/","url":"https:\/\/news.canadamotorjobs.com\/wp-content\/uploads\/2022\/10\/logo-canada-motor-jobs-1.png","contentUrl":"https:\/\/news.canadamotorjobs.com\/wp-content\/uploads\/2022\/10\/logo-canada-motor-jobs-1.png","width":800,"height":400,"caption":"Canada Motor Jobs"},"image":{"@id":"https:\/\/news.canadamotorjobs.com\/#\/schema\/logo\/image\/"},"sameAs":["https:\/\/www.facebook.com\/canadamotorjobs\/","https:\/\/x.com\/canadamotorjobs","https:\/\/www.instagram.com\/canadamotorjobs\/","https:\/\/www.linkedin.com\/company\/canadamotorjobs"]},{"@type":"Person","@id":"https:\/\/news.canadamotorjobs.com\/#\/schema\/person\/51793d1f87d44011d7bcc2ed99269a90","name":"Benoit Charette","image":{"@type":"ImageObject","inLanguage":"fr-CA","@id":"https:\/\/news.canadamotorjobs.com\/#\/schema\/person\/image\/","url":"https:\/\/secure.gravatar.com\/avatar\/45f3d2eebcccd909668d7ce7ea7267b6?s=96&d=mm&r=g","contentUrl":"https:\/\/secure.gravatar.com\/avatar\/45f3d2eebcccd909668d7ce7ea7267b6?s=96&d=mm&r=g","caption":"Benoit Charette"},"description":"Benoit Charette \/ Propri\u00e9taire et r\u00e9dacteur en chef Benoit Charette pratique le journalisme automobile depuis bient\u00f4t 30 ans. Il a fait ses classes au c\u00f4t\u00e9 de Daniel H\u00e9raud et au Carnet de route de 1992 \u00e0 2001. Il est fondateur, copropri\u00e9taire et r\u00e9dacteur en chef de L\u2019Annuel de l\u2019automobile, qu\u2019il publie depuis 2001. Il a anim\u00e9 les \u00e9missions RPM et RPM+ sur V et les L\u00e9gendes de la route sur Historia. \u00c0 la radio depuis 1986, il reprend l\u2019antenne cette ann\u00e9e sur les ondes de Cogeco et participe pour la deuxi\u00e8me ann\u00e9e \u00e0 l\u2019\u00e9mission Passion Auto sur RDS en plus de mettre en ligne le site Web officiel de L\u2019Annuel de l\u2019automobile sur annuelauto.ca.","sameAs":["https:\/\/annuelauto.ca\/"],"url":"https:\/\/news.canadamotorjobs.com\/fr\/author\/benoit-charette\/"}]}},"_links":{"self":[{"href":"https:\/\/news.canadamotorjobs.com\/fr\/wp-json\/wp\/v2\/posts\/161505"}],"collection":[{"href":"https:\/\/news.canadamotorjobs.com\/fr\/wp-json\/wp\/v2\/posts"}],"about":[{"href":"https:\/\/news.canadamotorjobs.com\/fr\/wp-json\/wp\/v2\/types\/post"}],"author":[{"embeddable":true,"href":"https:\/\/news.canadamotorjobs.com\/fr\/wp-json\/wp\/v2\/users\/8"}],"replies":[{"embeddable":true,"href":"https:\/\/news.canadamotorjobs.com\/fr\/wp-json\/wp\/v2\/comments?post=161505"}],"version-history":[{"count":2,"href":"https:\/\/news.canadamotorjobs.com\/fr\/wp-json\/wp\/v2\/posts\/161505\/revisions"}],"predecessor-version":[{"id":161509,"href":"https:\/\/news.canadamotorjobs.com\/fr\/wp-json\/wp\/v2\/posts\/161505\/revisions\/161509"}],"wp:featuredmedia":[{"embeddable":true,"href":"https:\/\/news.canadamotorjobs.com\/fr\/wp-json\/wp\/v2\/media\/161507"}],"wp:attachment":[{"href":"https:\/\/news.canadamotorjobs.com\/fr\/wp-json\/wp\/v2\/media?parent=161505"}],"wp:term":[{"taxonomy":"category","embeddable":true,"href":"https:\/\/news.canadamotorjobs.com\/fr\/wp-json\/wp\/v2\/categories?post=161505"},{"taxonomy":"post_tag","embeddable":true,"href":"https:\/\/news.canadamotorjobs.com\/fr\/wp-json\/wp\/v2\/tags?post=161505"}],"curies":[{"name":"wp","href":"https:\/\/api.w.org\/{rel}","templated":true}]}}